{"id":94,"date":"2025-10-14T19:39:59","date_gmt":"2025-10-14T17:39:59","guid":{"rendered":"https:\/\/worldpoint.eu\/hu\/frizura-divat-40-felett\/"},"modified":"2025-10-14T19:39:59","modified_gmt":"2025-10-14T17:39:59","slug":"frizura-divat-40-felett","status":"publish","type":"post","link":"https:\/\/worldpoint.eu\/hu\/frizura-divat-40-felett\/","title":{"rendered":"Frizura divat 40 felett &#8211; \u00datmutat\u00f3 a T\u00f6k\u00e9letes St\u00edlushoz"},"content":{"rendered":"<p>A negyvenedik \u00e9let\u00e9v egy m\u00e9rf\u00f6ldk\u0151. Sokan f\u00e9lnek t\u0151le, \u00e9n viszont azt mondom, ez az igazi kezdet. V\u00e9gre tudod, ki vagy, mit akarsz az \u00e9lett\u0151l, \u00e9s ami a legfontosabb, m\u00e1r nem akarsz m\u00e1soknak megfelelni. Ez a magabiztoss\u00e1g pedig a k\u00fcls\u0151d\u00f6n is meg kell, hogy l\u00e1tsz\u00f3djon. \u00c9s hol kezd\u0151dne a meg\u00fajul\u00e1s, ha nem a frizur\u00e1nkn\u00e1l? A <strong>Frizura divat 40 felett<\/strong> nemcsak a v\u00e1g\u00e1sokr\u00f3l \u00e9s sz\u00ednekr\u0151l sz\u00f3l, hanem arr\u00f3l a szabads\u00e1gr\u00f3l, hogy v\u00e9gre azt a st\u00edlust viselheted, ami t\u00e9nyleg te vagy. Elfelejtheted a k\u00f6telez\u0151 elv\u00e1r\u00e1sokat \u00e9s a \u201ekorodhoz ill\u0151\u201d szab\u00e1lyokat. Elj\u00f6tt a te id\u0151d.<\/p>\n<h2>Bevezet\u00e9s: A St\u00edlus Kora \u2013 Frizura divat 40 felett<\/h2>\n<p>Amikor a <strong>Frizura divat 40 felett<\/strong> t\u00e9m\u00e1j\u00e1r\u00f3l besz\u00e9l\u00fcnk, hajlamosak vagyunk azonnal a praktikumra \u00e9s a \u201efiatal\u00edt\u00f3\u201d hat\u00e1sra gondolni. Pedig ez sokkal t\u00f6bb enn\u00e9l. Ez az a korszak, amikor a st\u00edlusod letisztul, \u00e9s az egy\u00e9nis\u00e9ged ker\u00fcl el\u0151t\u00e9rbe. A negyvenes \u00e9veidben m\u00e1r rengeteg frizur\u00e1t kipr\u00f3b\u00e1lt\u00e1l, tudod, mi \u00e1ll j\u00f3l, \u00e9s mi az, ami csak egy m\u00fal\u00f3 h\u00f3bort volt. Most van itt az ideje, hogy mindezt a tapasztalatot kamatoztasd. A st\u00edlus nem \u00e1ll meg negyvenn\u00e9l, s\u0151t, ekkor teljesedik ki igaz\u00e1n. Egy j\u00f3l megv\u00e1lasztott frizura nemcsak az arcodat keretezi, hanem a szem\u00e9lyis\u00e9gedet is t\u00fckr\u00f6zi. A modern <strong>Frizura divat 40 felett<\/strong> arr\u00f3l sz\u00f3l, hogy merj \u00f6nmagad lenni: eleg\u00e1ns, vag\u00e1ny, term\u00e9szetes vagy \u00e9ppen dr\u00e1mai. A d\u00f6nt\u00e9s a ti\u00e9d, \u00e9s ez a szabads\u00e1g teszi ezt a korszakot olyan izgalmass\u00e1. A legfrissebb <a href=\"https:\/\/worldpoint.eu\/hu\/noi-divat-trendek-es-stilus-tippek\/\">n\u0151i divat trendek<\/a> is ezt a soksz\u00edn\u0171s\u00e9get hangs\u00falyozz\u00e1k.<\/p>\n<h2>Mi\u00e9rt Van Itt az Ideje a Haj\u00e1talak\u00edt\u00e1snak 40 Felett?<\/h2>\n<p>Sokan egy \u00faj \u00e9vtized kezdet\u00e9n \u00e9rzik sz\u00fcks\u00e9g\u00e9t a v\u00e1ltoz\u00e1snak. Ez egy term\u00e9szetes bels\u0151 ig\u00e9ny. Egy \u00faj frizura nemcsak egy egyszer\u0171 hajv\u00e1g\u00e1s, hanem egyfajta ritu\u00e1l\u00e9, egy \u00faj fejezet kezdete. Olyan, mint egy vizu\u00e1lis kijelent\u00e9s a vil\u00e1gnak: \u201eItt vagyok, meg\u00fajultam, \u00e9s tele vagyok energi\u00e1val.\u201d A v\u00e1ltoz\u00e1s lehet apr\u00f3, mondjuk egy \u00faj \u00e1rnyalat, vagy drasztikus, mint egy mer\u00e9sz, r\u00f6vid v\u00e1g\u00e1s. A l\u00e9nyeg a sz\u00e1nd\u00e9k m\u00f6g\u00f6tte. A <strong>Frizura divat 40 felett<\/strong> pontosan err\u0151l a tudatos d\u00f6nt\u00e9sr\u0151l sz\u00f3l.<\/p>\n<h3>Az \u00d6nbizalom \u00e9s Meg\u00fajul\u00e1s Jelent\u0151s\u00e9ge<\/h3>\n<p>Eml\u00e9kszem, az egyik bar\u00e1tn\u0151m a negyvenedik sz\u00fclet\u00e9snapja ut\u00e1n d\u00f6nt\u00f6tt \u00fagy, hogy a der\u00e9kig \u00e9r\u0151 haj\u00e1t egy vag\u00e1ny pixie-re v\u00e1gatja. Mindenki le akarta besz\u00e9lni. Mi lett a v\u00e9ge? Sosem l\u00e1ttam m\u00e9g olyan magabiztosnak, mint az \u00faj frizur\u00e1j\u00e1val. \u00dagy \u00e9rezte, levetk\u0151zte a r\u00e9gi \u00e9nj\u00e9t, \u00e9s a haja t\u00f6k\u00e9letesen t\u00fckr\u00f6zte a bels\u0151 erej\u00e9t. Ez a fajta meg\u00fajul\u00e1s hatalmas \u00f6nbizalom-l\u00f6ketet ad. A <strong>fiatal\u00edt\u00f3 frizur\u00e1k 40 \u00e9v felett<\/strong> nemcsak \u00e9veket tagadhatnak le, hanem lelki energi\u00e1val is felt\u00f6ltenek. Amikor j\u00f3l \u00e9rzed magad a b\u0151r\u00f6dben, \u00e9s a t\u00fck\u00f6rb\u0151l egy olyan n\u0151 n\u00e9z vissza, akit szeretsz, az mindenn\u00e9l t\u00f6bbet \u00e9r. Ez a <strong>Frizura divat 40 felett<\/strong> val\u00f3di c\u00e9lja.<\/p>\n<h3>A St\u00edlus \u00c9retts\u00e9g\u00e9nek El\u0151nyei<\/h3>\n<p>Fiatalabb korunkban hajlamosak vagyunk minden trendet kipr\u00f3b\u00e1lni, ami szembej\u00f6n vel\u00fcnk. Mostanra azonban kialakult az \u00edzl\u00e9sed. Tudod, mely sz\u00ednek \u00e1llnak j\u00f3l a b\u0151rt\u00f3nusodhoz, milyen form\u00e1k emelik ki az arcodat. Ez az \u00e9retts\u00e9g \u00f3ri\u00e1si el\u0151ny. M\u00e1r nem kell k\u00eds\u00e9rletezned vakt\u00e1ban. A <strong>Frizura divat 40 felett<\/strong> a min\u0151s\u00e9gr\u0151l \u00e9s a tudatoss\u00e1gr\u00f3l sz\u00f3l, nem a mennyis\u00e9gr\u0151l. Egy j\u00f3l megv\u00e1lasztott, min\u0151s\u00e9gi v\u00e1g\u00e1s \u00e9s sz\u00edn sokkal t\u00f6bbet mond r\u00f3lad, mint b\u00e1rmilyen hars\u00e1ny, m\u00fal\u00f3 trend. Ez az elegancia.<\/p>\n<h2>Alapvet\u0151 Szempontok a Frizurav\u00e1laszt\u00e1shoz 40 \u00c9v Felett<\/h2>\n<p>Miel\u0151tt oll\u00f3 al\u00e1 fek\u00fcdn\u00e9l, van n\u00e9h\u00e1ny dolog, amit \u00e9rdemes \u00e1tgondolni. A t\u00f6k\u00e9letes frizura nemcsak divatos, hanem hozz\u00e1d is illik. Figyelembe veszi az adotts\u00e1gaidat, az \u00e9letm\u00f3dodat \u00e9s a szem\u00e9lyis\u00e9gedet. A <strong>Frizura divat 40 felett<\/strong> nem egyenmegold\u00e1sokat k\u00edn\u00e1l, hanem szem\u00e9lyre szabott lehet\u0151s\u00e9geket.<\/p>\n<h3>Arcvorma \u00e9s Hajt\u00edpus Megegyez\u00e9s<\/h3>\n<p>Ez a legfontosabb. Hi\u00e1ba tetszik egy frizura egy modellen, ha a te arcform\u00e1dhoz vagy hajt\u00edpusodhoz egy\u00e1ltal\u00e1n nem passzol. Ov\u00e1lis archoz szinte minden j\u00f3l \u00e1ll. Kerek archoz az \u00e1llvonalig \u00e9r\u0151, t\u00e9pett v\u00e1g\u00e1sok el\u0151ny\u00f6sek, mert ny\u00fajtj\u00e1k az arcot. Sz\u00f6gletes archoz a l\u00e1gy, hull\u00e1mos text\u00far\u00e1k illenek. V\u00e9konysz\u00e1l\u00fa a hajad? Akkor egy r\u00e9teges v\u00e1g\u00e1s, mint a <strong>l\u00e9pcs\u0151zetes frizur\u00e1k 40 felett<\/strong>, volument adhat neki. S\u0171r\u0171, vastag sz\u00e1l\u00fa hajad van? Akkor egy ritk\u00edt\u00f3 v\u00e1g\u00e1s seg\u00edthet kezelhet\u0151bb\u00e9 tenni. A k\u00e9rd\u00e9s, hogy <strong>milyen frizura illik 40 felett<\/strong>, mindig az egy\u00e9ni adotts\u00e1gokn\u00e1l kezd\u0151dik.<\/p>\n<h3>Az Eg\u00e9szs\u00e9ges Haj Titkai<\/h3>\n<p>Negyven felett a haj szerkezete megv\u00e1ltozhat. V\u00e9konyabb\u00e1, sz\u00e1razabb\u00e1 v\u00e1lhat a hormon\u00e1lis v\u00e1ltoz\u00e1sok miatt. Ez\u00e9rt a <strong>Frizura divat 40 felett<\/strong> szorosan \u00f6sszekapcsol\u00f3dik a tudatos haj\u00e1pol\u00e1ssal. Az eg\u00e9szs\u00e9ges, f\u00e9nyes haj minden v\u00e1g\u00e1st szebb\u00e9 tesz. Fektess be min\u0151s\u00e9gi, hidrat\u00e1l\u00f3 term\u00e9kekbe, haszn\u00e1lj rendszeresen hajpakol\u00e1st, \u00e9s figyelj a t\u00e1pl\u00e1lkoz\u00e1sodra. Az omega-3 zs\u00edrsavak, a biotin \u00e9s a vas csod\u00e1kra k\u00e9pesek. N\u00e9h\u00e1ny alapvet\u0151 <strong>haj\u00e1pol\u00e1s 40 felett tippek<\/strong> betart\u00e1sa elengedhetetlen.<\/p>\n<h3>A Frizura Karbantart\u00e1sa \u00e9s St\u00edluslehet\u0151s\u00e9gek<\/h3>\n<p>Legy\u00e9l \u0151szinte magadhoz: mennyi id\u0151t sz\u00e1nsz reggelente a hajadra? Ha rohan\u00f3sak a h\u00e9tk\u00f6znapjaid, ne v\u00e1lassz olyan frizur\u00e1t, ami mindennap bonyolult form\u00e1z\u00e1st ig\u00e9nyel. Vannak fantasztikus, k\u00f6nnyen kezelhet\u0151 v\u00e1g\u00e1sok. Egy j\u00f3 v\u00e1g\u00e1s szinte mag\u00e1t\u00f3l form\u00e1z\u00f3dik. Besz\u00e9lj a fodr\u00e1szoddal az \u00e9letviteledr\u0151l, \u00e9s k\u00e9rj t\u0151le tan\u00e1csot. A c\u00e9l egy olyan frizura, ami nemcsak a szalonb\u00f3l kil\u00e9pve n\u00e9z ki j\u00f3l, hanem otthon is k\u00f6nnyed\u00e9n el tudod k\u00e9sz\u00edteni. A <strong>modern frizur\u00e1k 40 feletti n\u0151knek<\/strong> pont a sokoldal\u00fas\u00e1gukr\u00f3l h\u00edresek.<\/p>\n<h2>A Legkedveltebb Frizurat\u00edpusok \u00e9s V\u00e1g\u00e1sok 40 \u00c9v Felett<\/h2>\n<p>L\u00e1ssuk a konkr\u00e9tumokat! A <strong>Frizura divat 40 felett<\/strong> rengeteg lehet\u0151s\u00e9get rejt, a szuperr\u00f6vidt\u0151l a hossz\u00fa, lobog\u00f3 f\u00fcrt\u00f6kig. T\u00e9vhit, hogy egy bizonyos kor ut\u00e1n le kell v\u00e1gatni a hajunkat. A l\u00e9nyeg a st\u00edlus \u00e9s az \u00e1polts\u00e1g. A mai <strong>divatos frizur\u00e1k 40 \u00e9v ut\u00e1n<\/strong> \u00e9ppen ezt a szabads\u00e1got \u00fcnneplik.<\/p>\n<h3>R\u00f6vid \u00e9s Mer\u00e9sz Frizur\u00e1k<\/h3>\n<p>A r\u00f6vid haj hihetetlen\u00fcl sikkes \u00e9s n\u0151ies tud lenni. Gondolj egy modern pixie-re vagy egy \u00e1llig \u00e9r\u0151, t\u00e9pett bobra. Ezek a v\u00e1g\u00e1sok kiemelik az arccsontot, a szemeket, \u00e9s nagyon magabiztos kisug\u00e1rz\u00e1st adnak. A <strong>r\u00f6vid frizur\u00e1k 40 felett n\u0151knek<\/strong> egy\u00e1ltal\u00e1n nem f\u00e9rfiasak, s\u0151t! Rengeteg vari\u00e1ci\u00f3 l\u00e9tezik, a l\u00e1gyabbt\u00f3l a punkosabbig. A <strong>bob frizura 40 felett fiatal\u00edt\u00f3<\/strong> hat\u00e1sa k\u00f6zismert, k\u00fcl\u00f6n\u00f6sen, ha egy kis aszimmetri\u00e1t is csemp\u00e9sz\u00fcnk bele. Kev\u00e9s karbantart\u00e1st ig\u00e9nyelnek, \u00e9s mindig st\u00edlusosak. Ez a t\u00f6k\u00e9letes <strong>Frizura divat 40 felett<\/strong> azoknak, akik mernek bev\u00e1llal\u00f3sak lenni.<\/p>\n<h3>K\u00f6z\u00e9phossz\u00fa Elegancia \u00e9s Sokoldal\u00fas\u00e1g<\/h3>\n<p>A v\u00e1llig vagy kulcscsontig \u00e9r\u0151 haj, azaz a lob (long bob) az abszol\u00fat jolly joker. Tal\u00e1n ez a legn\u00e9pszer\u0171bb v\u00e1laszt\u00e1s, \u00e9s nem v\u00e9letlen\u00fcl. A <strong>k\u00f6z\u00e9phossz\u00fa frizur\u00e1k 40 felett<\/strong> rendk\u00edv\u00fcl sokoldal\u00faak: viselheted egyenesen, hull\u00e1mosan, felt\u0171zve vagy kiengedve. Egy j\u00f3l eltal\u00e1lt v\u00e1g\u00e1s keretet ad az arcnak, \u00e9s a r\u00e9tegekkel vagy egy finom frufruval csod\u00e1san lehet j\u00e1tszani a form\u00e1kkal. Ezek a <strong>modern frizur\u00e1k 40 feletti n\u0151knek<\/strong> eleg\u00e1nsak, de m\u00e9gis laz\u00e1k. A <strong>Frizura divat 40 felett<\/strong> egyik alappill\u00e9re ez a hossz. A leg\u00fajabb <a href=\"https:\/\/worldpoint.eu\/hu\/haj-divat-trendek\/\">haj divat trendek<\/a> is a textur\u00e1lt, k\u00f6z\u00e9phossz\u00fa v\u00e1g\u00e1sokat r\u00e9szes\u00edtik el\u0151nyben.<\/p>\n<h3>Hossz\u00fa Haj \u2013 Id\u0151tlen B\u00e1j<\/h3>\n<p>Ki mondta, hogy negyven felett nem lehet hossz\u00fa hajad? Butas\u00e1g. Felejtsd el ezt a r\u00e9gi, poros szab\u00e1lyt. A l\u00e9nyeg az \u00e1polts\u00e1gon van. A <strong>hossz\u00fa haj 40 felett visel\u00e9se<\/strong> akkor m\u0171k\u00f6dik, ha a haj eg\u00e9szs\u00e9ges, f\u00e9nyes \u00e9s nincsenek t\u00f6redezett v\u00e9gei. A rendszeres v\u00e1g\u00e1s elengedhetetlen. A titok a r\u00e9tegez\u00e9sben rejlik: a finom, arc k\u00f6r\u00fcli tincsek l\u00e1gys\u00e1got adnak, \u00e9s megakad\u00e1lyozz\u00e1k, hogy a haj elnehez\u00edtse az arcvon\u00e1sokat. A <strong>Frizura divat 40 felett<\/strong> teret enged a hossz\u00fa hajnak is, felt\u00e9ve, hogy az st\u00edlusos \u00e9s gondozott. Az <strong>eleg\u00e1ns frizur\u00e1k 40 feletti h\u00f6lgyeknek<\/strong> gyakran \u00e9p\u00fclnek egy gy\u00f6ny\u00f6r\u0171, hossz\u00fa alapra.<\/p>\n<h2>Hajsz\u00edn Trendek \u00e9s Sz\u00ednez\u00e9si Technik\u00e1k \u00c9rett B\u0151rh\u00f6z<\/h2>\n<p>A hajsz\u00edn legal\u00e1bb annyira fontos, mint a v\u00e1g\u00e1s. Egy rosszul megv\u00e1lasztott \u00e1rnyalat f\u00e1radtt\u00e1, s\u00e1paddt\u00e1 tehet, m\u00edg egy j\u00f3 sz\u00edn \u00e9lettel t\u00f6lti meg az arcodat. A <strong>Frizura divat 40 felett<\/strong> a term\u00e9szetess\u00e9get \u00e9s a finom \u00e1tmeneteket helyezi el\u0151t\u00e9rbe.<\/p>\n<h3>Term\u00e9szetes \u00c1rnyalatok \u00e9s Ragyog\u00e1s<\/h3>\n<p>Felejtsd el a maszkszer\u0171, egysz\u00edn\u0171 fest\u00e9st. A modern technik\u00e1k, mint a balayage vagy a babylights, sokkal term\u00e9szetesebb hat\u00e1st keltenek. L\u00e1gyabb\u00e1 teszik a len\u00f6v\u00e9st, \u00e9s gy\u00f6ny\u00f6r\u0171, napcs\u00f3kolta hat\u00e1st eredm\u00e9nyeznek. A <strong>hajsz\u00edn v\u00e1laszt\u00e1s 40 \u00e9v felett<\/strong> sor\u00e1n \u00e9rdemes a b\u0151rt\u00f3nusodhoz k\u00f6zeli, meleg \u00e1rnyalatokat v\u00e1lasztani. Egy m\u00e9zsz\u0151ke, egy karamellbarna vagy egy meleg gesztenye csod\u00e1kat tehet. A c\u00e9l a ragyog\u00e1s, nem a dr\u00e1mai v\u00e1ltoz\u00e1s. A <strong>Frizura divat 40 felett<\/strong> a finom eleganci\u00e1t d\u00edjazza.<\/p>\n<h3>Az \u0150sz Haj Eszt\u00e9tikus Kezel\u00e9se<\/h3>\n<p>Egyre t\u00f6bb n\u0151 d\u00f6nt \u00fagy, hogy felv\u00e1llalja az \u0151sz haj\u00e1t. \u00c9s milyen j\u00f3l teszik! Az \u0151sz haj lehet elk\u00e9peszt\u0151en st\u00edlusos \u00e9s men\u0151. A l\u00e9nyeg a megfelel\u0151 \u00e1pol\u00e1s \u00e9s tonalit\u00e1s. Az <strong>\u0151szes haj \u00e1pol\u00e1sa 40 felett<\/strong> speci\u00e1lis term\u00e9keket ig\u00e9nyel, p\u00e9ld\u00e1ul hamvas\u00edt\u00f3 samponokat, amelyek megakad\u00e1lyozz\u00e1k a s\u00e1rg\u00e1s elsz\u00ednez\u0151d\u00e9st. Az <strong>\u0151sz haj befest\u00e9se 40 felett<\/strong> helyett v\u00e1laszthatod a mel\u00edroz\u00e1st is, ami gy\u00f6ny\u00f6r\u0171en egybeolvad a term\u00e9szetes \u0151sz hajsz\u00e1lakkal. A <strong>Frizura divat 40 felett<\/strong> egyre ink\u00e1bb az elfogad\u00e1sr\u00f3l \u00e9s a term\u00e9szetes sz\u00e9ps\u00e9g \u00fcnnepl\u00e9s\u00e9r\u0151l sz\u00f3l.<\/p>\n<h2>Haj\u00e1pol\u00e1si Tippek a 40 Feletti Haj Eg\u00e9szs\u00e9g\u00e9\u00e9rt<\/h2>\n<p>Ahogy eml\u00edtett\u00fck, az eg\u00e9szs\u00e9ges hajkorona a legszebb \u00e9kszer. A <strong>Frizura divat 40 felett<\/strong> alapja a megfelel\u0151 gondoskod\u00e1s. N\u00e9h\u00e1ny egyszer\u0171 tr\u00fckkel sokat tehetsz a hajad eg\u00e9szs\u00e9g\u00e9\u00e9rt.<\/p>\n<h3>Megfelel\u0151 Term\u00e9kek Kiv\u00e1laszt\u00e1sa<\/h3>\n<p>Ne sajn\u00e1ld a p\u00e9nzt a j\u00f3 min\u0151s\u00e9g\u0171 samponra, balzsamra \u00e9s pakol\u00e1sra. Keresd a kifejezetten \u00e9rett, sz\u00e1raz vagy v\u00e9konysz\u00e1l\u00fa hajra kifejlesztett term\u00e9keket. A szulf\u00e1tmentes samponok k\u00edm\u00e9letesebbek, a hidrat\u00e1l\u00f3 \u00f6sszetev\u0151k, mint a hialuronsav vagy a keratin, pedig elengedhetetlenek. Ha a hajad lelapul, a <strong>haj volumen n\u00f6vel\u00e9se 40 felett<\/strong> a f\u0151 c\u00e9l, ehhez haszn\u00e1lj volumenn\u00f6vel\u0151 spray-ket vagy habokat. A helyes <strong>haj\u00e1pol\u00e1s 40 felett tippek<\/strong> alkalmaz\u00e1sa l\u00e1tv\u00e1nyos eredm\u00e9nyt hozhat.<\/p>\n<h3>A Fejb\u0151r Eg\u00e9szs\u00e9g\u00e9nek Fontoss\u00e1ga<\/h3>\n<p>Hajlamosak vagyunk elfeledkezni r\u00f3la, pedig minden a fejb\u0151rn\u00e9l kezd\u0151dik. Az eg\u00e9szs\u00e9ges fejb\u0151r az eg\u00e9szs\u00e9ges haj alapja. Id\u0151nk\u00e9nt haszn\u00e1lj fejb\u0151rrad\u00edrt, ami elt\u00e1vol\u00edtja az elhalt h\u00e1msejteket \u00e9s a term\u00e9kmaradv\u00e1nyokat. A rendszeres fejb\u0151rmassz\u00e1zs serkenti a v\u00e9rkering\u00e9st, ami el\u0151seg\u00edti a hajn\u00f6veked\u00e9st. Ez a <strong>Frizura divat 40 felett<\/strong> egy gyakran elhanyagolt, de kulcsfontoss\u00e1g\u00fa eleme.<\/p>\n<h2>Gyakori Frizura Hib\u00e1k Elker\u00fcl\u00e9se \u00e9s St\u00edlustippek<\/h2>\n<p>Vannak tipikus buktat\u00f3k, amikbe sokan beles\u00e9t\u00e1lnak. Az egyik ilyen, hogy g\u00f6rcs\u00f6sen ragaszkodnak a h\u00fasz\u00e9vesen bev\u00e1lt frizur\u00e1jukhoz. A st\u00edlusunknak vel\u00fcnk egy\u00fctt kell fejl\u0151dnie. Egy m\u00e1sik hiba a t\u00fal merev, \u201esisakszer\u0171\u201d frizura, ami rengeteget \u00f6reg\u00edthet. A modern <strong>Frizura divat 40 felett<\/strong> a mozg\u00e1son, a text\u00far\u00e1n \u00e9s a l\u00e1gys\u00e1gon alapul. Ne f\u00e9lj tan\u00e1csot k\u00e9rni a fodr\u00e1szodt\u00f3l, \u00e9s n\u00e9zz k\u00f6r\u00fcl, milyen <strong>hajv\u00e1g\u00e1s \u00f6tletek 40 feletti n\u0151knek<\/strong> l\u00e9teznek. A legjobb inspir\u00e1ci\u00f3kat gyakran m\u00e1s, st\u00edlusos negyvenes n\u0151k\u00f6n l\u00e1tjuk. Ha bizonytalan vagy, \u00e9rdemes \u00e1tfog\u00f3 <a href=\"https:\/\/worldpoint.eu\/hu\/divat-tippek-es-trendek-utmutato\/\">divat tippek \u00e9s trendek \u00fatmutat\u00f3<\/a> ut\u00e1n n\u00e9zni.<\/p>\n<h2>Z\u00e1r\u00f3 Gondolatok: A St\u00edlus \u00e9s Magabiztoss\u00e1g Utaz\u00e1sa<\/h2>\n<p>A <strong>Frizura divat 40 felett<\/strong> egy izgalmas utaz\u00e1s \u00f6nmagad fel\u00e9. Ez a kor nem a lemond\u00e1sr\u00f3l, hanem a tudatos v\u00e1laszt\u00e1sr\u00f3l \u00e9s a magabiztoss\u00e1gr\u00f3l sz\u00f3l. Merj k\u00eds\u00e9rletezni, tal\u00e1ld meg azt a v\u00e1g\u00e1st \u00e9s sz\u00ednt, amit\u0151l ragyogsz, \u00e9s ami a legjobban kifejezi a szem\u00e9lyis\u00e9gedet. Legyen sz\u00f3 r\u00f6vid, k\u00f6z\u00e9phossz\u00fa vagy hossz\u00fa viseletr\u0151l, a l\u00e9nyeg, hogy te j\u00f3l \u00e9rezd magad benne. Ne feledd, a st\u00edlus kortalan. A <strong>fiatal\u00edt\u00f3 frizur\u00e1k 40 \u00e9v felett<\/strong> titka nem a g\u00f6rcs\u00f6s akar\u00e1sban, hanem a harm\u00f3ni\u00e1ban rejlik. A <strong>Frizura divat 40 felett<\/strong> nem \u00e9r v\u00e9get itt; az \u00e1ltal\u00e1nos <a href=\"https:\/\/worldpoint.eu\/hu\/frizura-divat-trendek\/\">frizura divat trendek<\/a> folyamatosan \u00faj inspir\u00e1ci\u00f3t ny\u00fajtanak. S\u0151t, ez az utaz\u00e1s folytat\u00f3dik, ahogy a st\u00edlusunk tov\u00e1bb \u00e9rik, amit a <a href=\"https:\/\/worldpoint.eu\/hu\/frizura-divat-50-felett\/\">frizura divat 50 felett<\/a> is bizony\u00edt. A legfontosabb, hogy a frizur\u00e1d \u00f6r\u00f6met okozzon minden alkalommal, amikor a t\u00fck\u00f6rbe n\u00e9zel. Mert meg\u00e9rdemled.<\/p>\n","protected":false},"excerpt":{"rendered":"<p>A negyvenedik \u00e9let\u00e9v egy m\u00e9rf\u00f6ldk\u0151. Sokan f\u00e9lnek t\u0151le, \u00e9n viszont azt mondom, ez az igazi kezdet. V\u00e9gre tudod, ki vagy, mit akarsz az \u00e9lett\u0151l, \u00e9s ami a legfontosabb, m\u00e1r nem akarsz m\u00e1soknak megfelelni. Ez a magabiztoss\u00e1g pedig a k\u00fcls\u0151d\u00f6n is meg kell, hogy l\u00e1tsz\u00f3djon. \u00c9s hol kezd\u0151dne a meg\u00fajul\u00e1s, ha nem a frizur\u00e1nkn\u00e1l? A Frizura [&hellip;]<\/p>\n","protected":false},"author":2,"featured_media":0,"comment_status":"","ping_status":"","sticky":false,"template":"","format":"standard","meta":{"footnotes":""},"categories":[1],"tags":[],"class_list":["post-94","post","type-post","status-publish","format-standard","hentry","category-uzlet"],"_links":{"self":[{"href":"https:\/\/worldpoint.eu\/hu\/wp-json\/wp\/v2\/posts\/94","targetHints":{"allow":["GET"]}}],"collection":[{"href":"https:\/\/worldpoint.eu\/hu\/wp-json\/wp\/v2\/posts"}],"about":[{"href":"https:\/\/worldpoint.eu\/hu\/wp-json\/wp\/v2\/types\/post"}],"author":[{"embeddable":true,"href":"https:\/\/worldpoint.eu\/hu\/wp-json\/wp\/v2\/users\/2"}],"replies":[{"embeddable":true,"href":"https:\/\/worldpoint.eu\/hu\/wp-json\/wp\/v2\/comments?post=94"}],"version-history":[{"count":0,"href":"https:\/\/worldpoint.eu\/hu\/wp-json\/wp\/v2\/posts\/94\/revisions"}],"wp:attachment":[{"href":"https:\/\/worldpoint.eu\/hu\/wp-json\/wp\/v2\/media?parent=94"}],"wp:term":[{"taxonomy":"category","embeddable":true,"href":"https:\/\/worldpoint.eu\/hu\/wp-json\/wp\/v2\/categories?post=94"},{"taxonomy":"post_tag","embeddable":true,"href":"https:\/\/worldpoint.eu\/hu\/wp-json\/wp\/v2\/tags?post=94"}],"curies":[{"name":"wp","href":"https:\/\/api.w.org\/{rel}","templated":true}]}}