{"id":65,"date":"2025-10-14T17:42:32","date_gmt":"2025-10-14T15:42:32","guid":{"rendered":"https:\/\/worldpoint.eu\/hu\/il-divo-koncertek-szegeden\/"},"modified":"2025-10-14T17:42:32","modified_gmt":"2025-10-14T15:42:32","slug":"il-divo-koncertek-szegeden","status":"publish","type":"post","link":"https:\/\/worldpoint.eu\/hu\/il-divo-koncertek-szegeden\/","title":{"rendered":"Il Divo koncertek Szegeden &#8211; Felejthetetlen Zenei \u00c9lm\u00e9ny a D\u00f3m t\u00e9ren"},"content":{"rendered":"<p>Amikor el\u0151sz\u00f6r hallottam, hogy lesznek <b>Il Divo koncertek Szegeden<\/b>, bevallom, egy pillanatra meg\u00e1llt a leveg\u0151. Szeged \u00e9s az Il Divo. Ez a p\u00e1ros\u00edt\u00e1s egyszer\u0171en t\u00fal j\u00f3nak hangzott ahhoz, hogy igaz legyen. A napf\u00e9ny v\u00e1rosa, a maga mediterr\u00e1n hangulat\u00e1val, \u00e9s a n\u00e9gy opera\u00e9nekes, akiknek hangja k\u00e9pes megremegtetni a lelket. Micsoda este lesz ez! R\u00f6gt\u00f6n elkezdtem kutakodni, mert minden apr\u00f3 r\u00e9szlet \u00e9rdekelt. \u00c9s most itt vagyok, hogy megosszam veled mindazt, amit kider\u00edtettem, mert egy ilyen esem\u00e9nyr\u0151l nem maradhat le senki, aki egy kicsit is szereti a min\u0151s\u00e9gi zen\u00e9t.<\/p>\n<h2>Bevezet\u00e9s: Il Divo \u00e9s a szegedi zenei \u00e9let<\/h2>\n<p>Szeged zenei \u00e9lete mindig is pezsg\u0151 volt, de az <b>Il Divo koncertek Szegeden<\/b> egy teljesen \u00faj szintet k\u00e9pviselnek. Nem csup\u00e1n egy fell\u00e9p\u00e9s a sok k\u00f6z\u00fcl; ez egy igazi kultur\u00e1lis m\u00e9rf\u00f6ldk\u0151. Gondoljunk csak bele, a v\u00e1ros, amely otthont ad a h\u00edres Szegedi Szabadt\u00e9ri J\u00e1t\u00e9koknak, most a vil\u00e1g egyik legelismertebb crossover egy\u00fcttes\u00e9t l\u00e1tja vend\u00e9g\u00fcl. Ez a tal\u00e1lkoz\u00e1s a klasszikus \u00e9s a modern zene t\u00f6k\u00e9letes f\u00fazi\u00f3j\u00e1t \u00edg\u00e9ri, egy olyan helysz\u00ednen, amely m\u00e1r \u00f6nmag\u00e1ban is garancia a var\u00e1zslatra. Az <b>Il Divo szegedi fell\u00e9p\u00e9s inform\u00e1ci\u00f3k<\/b> ir\u00e1nti hatalmas \u00e9rdekl\u0151d\u00e9s is mutatja, hogy a v\u00e1ros \u00e9s a r\u00e9gi\u00f3 lak\u00f3i ki vannak \u00e9hezve az ehhez hasonl\u00f3, vil\u00e1gsz\u00ednvonal\u00fa produkci\u00f3kra. Az esem\u00e9ny nemcsak a helyi rajong\u00f3knak sz\u00f3l, hanem az eg\u00e9sz orsz\u00e1gb\u00f3l vonzza majd a zenebar\u00e1tokat, akik egy felejthetetlen \u00e9lm\u00e9ny r\u00e9szesei szeretn\u00e9nek lenni. Az, hogy az <b>Il Divo koncertek Szegeden<\/b> megval\u00f3sulnak, egy\u00e9rtelm\u0171en jelzi, hogy Szeged felker\u00fclt a nemzetk\u00f6zi zenei t\u00e9rk\u00e9pre.<\/p>\n<h2>Az Il Divo t\u00f6rt\u00e9nete \u00e9s hat\u00e1sa a vil\u00e1gra<\/h2>\n<p>Az Il Divo nem csak egy zenekar. \u0150k egy jelens\u00e9g. Simon Cowell, az a fick\u00f3, akinek a f\u00e9l popipart k\u00f6sz\u00f6nhetj\u00fck, \u00e1lmodta meg \u0151ket, \u00e9s micsoda \u00e1lom volt! N\u00e9gy, k\u00fcl\u00f6nb\u00f6z\u0151 nemzetis\u00e9g\u0171, klasszikusan k\u00e9pzett \u00e9nekes, akik a popzene legnagyobb sl\u00e1gereit operai hangon adj\u00e1k el\u0151. Zseni\u00e1lis. Vagy \u0151r\u00fclts\u00e9g. Tal\u00e1n mindkett\u0151. A siker\u00fck pedig megk\u00e9rd\u0151jelezhetetlen. T\u00f6bb t\u00edzmilli\u00f3 eladott lemez, telth\u00e1zas ar\u00e9n\u00e1k vil\u00e1gszerte. De vajon <b>mi\u00e9rt n\u00e9pszer\u0171 Il Divo a vil\u00e1gon<\/b> ennyire? A v\u00e1lasz tal\u00e1n az egyedis\u00e9g\u00fckben rejlik. Abban, ahogy k\u00e9pesek voltak hidat \u00e9p\u00edteni a komolyzene \u00e9s a k\u00f6nny\u0171zene k\u00f6z\u00f6tt, megsz\u00f3l\u00edtva egy olyan k\u00f6z\u00f6ns\u00e9get, amelyet kor\u00e1bban senki m\u00e1s. Az \u0151 zen\u00e9j\u00fck univerz\u00e1lis, \u00e9rzelmekkel teli, \u00e9s nem ismer nyelvi korl\u00e1tokat. \u00c9ppen ez\u00e9rt lesz az <b>Il Divo egy\u00fcttes koncert Szeged<\/b> v\u00e1ros\u00e1ban is egy katartikus \u00e9lm\u00e9ny.<\/p>\n<h3>A kezdetekt\u0151l napjainkig: Egy egyedi zenei jelens\u00e9g<\/h3>\n<p>A csapat \u00fatja tele volt kih\u00edv\u00e1sokkal, k\u00f6zt\u00fck a tragikus vesztes\u00e9ggel, amikor Carlos Mar\u00edn elhunyt. M\u00e9gis, a zene ir\u00e1nti szenved\u00e9ly\u00fck \u00e9s az egym\u00e1s ir\u00e1nti tisztelet\u00fck \u00e1tseg\u00edtette \u0151ket a neh\u00e9zs\u00e9geken. \u00daj taggal kieg\u00e9sz\u00fclve folytatt\u00e1k, \u00e9s tal\u00e1n er\u0151sebbek lettek, mint valaha. A t\u00f6rt\u00e9net\u00fck egy igazi inspir\u00e1ci\u00f3. Ha m\u00e9lyebben bele\u00e1sn\u00e1d magad a karrierj\u00fckbe \u00e9s a tagok \u00e9let\u00e9be, van egy remek \u00f6sszefoglal\u00f3nk, ami r\u00e9szletesen bemutatja az <a href=\"https:\/\/worldpoint.eu\/hu\/il-divo-zenekar-tortenete-tagok-dalok\/\">Il Divo zenekar t\u00f6rt\u00e9net\u00e9t<\/a>. A folyamatos meg\u00fajul\u00e1s k\u00e9pess\u00e9ge az, ami miatt az <b>Il Divo koncertek Szegeden<\/b> esem\u00e9nye is k\u00fcl\u00f6n\u00f6sen izgalmasnak \u00edg\u00e9rkezik, hiszen a klasszikus sl\u00e1gerek mellett mindig sz\u00e1m\u00edthatunk valami \u00fajra, valami meglep\u0151re t\u0151l\u00fck.<\/p>\n<h2>Mi\u00e9rt \u00e9ppen Szeged? Az ide\u00e1lis helysz\u00edn v\u00e1laszt\u00e1sa<\/h2>\n<p>Amikor egy vil\u00e1gszt\u00e1r turn\u00e9helysz\u00ednt v\u00e1laszt, sok t\u00e9nyez\u0151t figyelembe vesz. Akusztika, logisztika, hangulat. Szeged pedig minden rubrik\u00e1t kipip\u00e1l. A v\u00e1ros t\u00f6rt\u00e9nelmi belv\u00e1rosa, a Tisza k\u00f6zels\u00e9ge, a ny\u00e1ri est\u00e9k semmihez sem foghat\u00f3 atmoszf\u00e9r\u00e1ja&#8230; mind hozz\u00e1j\u00e1rulnak ahhoz, hogy egy koncert t\u00f6bb legyen, mint dalok egym\u00e1sut\u00e1nja. Egy \u00e9lm\u00e9ny. Az <b>Il Divo koncertek Szegeden<\/b> pontosan ezt az \u00e9lm\u00e9nyt \u00edg\u00e9rik, egy olyan k\u00f6rnyezetben, ami m\u00e9lt\u00f3 a zen\u00e9j\u00fckh\u00f6z. Az <b>Il Divo koncert Szeged D\u00f3m t\u00e9r<\/b> helysz\u00edne pedig egyszer\u0171en telital\u00e1lat. Nem egy steril ar\u00e9n\u00e1ban, hanem a csillagos \u00e9g alatt, a fens\u00e9ges Fogadalmi templom \u00e1rny\u00e9k\u00e1ban hallgatni \u0151ket&#8230; h\u00e1tborzongat\u00f3 lesz. Eg\u00e9szen biztos vagyok benne, hogy a zenekar is \u00e9rezni fogja ezt a k\u00fcl\u00f6nleges energi\u00e1t.<\/p>\n<h3>A D\u00f3m t\u00e9r var\u00e1zsa \u00e9s a Szegedi Szabadt\u00e9ri J\u00e1t\u00e9kok<\/h3>\n<p>A D\u00f3m t\u00e9r nem csak egy t\u00e9r. Ez Szeged sz\u00edve. Nyaranta pedig a kult\u00fara fellegv\u00e1r\u00e1v\u00e1 v\u00e1ltozik a Szegedi Szabadt\u00e9ri J\u00e1t\u00e9kok j\u00f3volt\u00e1b\u00f3l. Eml\u00e9kszem, \u00e9vekkel ezel\u0151tt egy m\u00e1sik koncerten \u00fcltem itt, \u00e9s ahogy a zene bet\u00f6lt\u00f6tte a teret, a hatalmas templomtornyok szinte visszhangozt\u00e1k a dallamot. Felejthetetlen volt. Na, pontosan ez\u00e9rt lesz az <b>Il Divo Szegedi Szabadt\u00e9ri J\u00e1t\u00e9kok koncert<\/b> egyed\u00fcl\u00e1ll\u00f3. A helysz\u00edn akusztik\u00e1ja, a t\u00f6rt\u00e9nelmi falak k\u00f6zels\u00e9ge egy olyan intimit\u00e1st \u00e9s monumentalit\u00e1st ad az esem\u00e9nynek, amit egyetlen modern stadion sem k\u00e9pes ut\u00e1nozni. Az <b>Il Divo fell\u00e9p\u00e9s D\u00f3m t\u00e9r Szeged<\/b> helysz\u00ednen nem csup\u00e1n egy koncert lesz, hanem egy zar\u00e1ndoklat a zene szerelmeseinek. Sokan keresik a <b>legjobb helyek Il Divo koncertre Szegeden<\/b> opci\u00f3t, de \u0151szint\u00e9n? Ezen a t\u00e9ren minden hely j\u00f3 hely lesz. Az energia az eg\u00e9sz teret \u00e1tj\u00e1rja. A k\u00f6zelg\u0151 <b>Il Divo koncertek Szegeden<\/b> esem\u00e9nye m\u00e1r most l\u00e1zban tartja a v\u00e1rost.<\/p>\n<h2>Felk\u00e9sz\u00fcl\u00e9s a felejthetetlen est\u00e9re: Amit tudni \u00e9rdemes<\/h2>\n<p>Rendben, a lelkesed\u00e9s a tet\u0151fok\u00e1n, de j\u00f6jjenek a praktikus dolgok. Mert egy j\u00f3 koncert\u00e9lm\u00e9nyhez a felk\u00e9sz\u00fcl\u00e9s is hozz\u00e1tartozik. \u00c9s hidd el, nem akarsz az utols\u00f3 pillanatban kapkodni, mik\u00f6zben a t\u00f6bbiek m\u00e1r a kezd\u00e9st v\u00e1rj\u00e1k. Az <b>Il Divo koncertek Szegeden<\/b> egy olyan esem\u00e9ny, amire \u00e9rdemes r\u00e1sz\u00e1nni egy kis id\u0151t a tervez\u00e9s f\u00e1zis\u00e1ban, hogy azt\u00e1n a helysz\u00ednen m\u00e1r t\u00e9nyleg csak az \u00e9lvezettel kelljen t\u00f6r\u0151dn\u00f6d. N\u00e9zz\u00fck sorra, mire kell figyelni.<\/p>\n<h3>Jegyinform\u00e1ci\u00f3k \u00e9s v\u00e1s\u00e1rl\u00e1si tippek<\/h3>\n<p>Kezdj\u00fck a legfontosabbal: a jegyekkel. Az <b>Il Divo koncertjegy v\u00e1s\u00e1rl\u00e1s Szeged<\/b> v\u00e1ros\u00e1ba t\u00f6bb csatorn\u00e1n is lehets\u00e9ges. A legfontosabb tan\u00e1csom: mindig a hivatalos partnereket keresd! A <b>hivatalos Il Divo jegy\u00e9rt\u00e9kes\u00edt\u00e9s Szeged<\/b> eset\u00e9ben garant\u00e1lja, hogy val\u00f3di jegyet kapsz, m\u00e9lt\u00e1nyos \u00e1ron. Ugye te sem akarsz a sokszoros\u00e1t fizetni egy jegy\u00fcz\u00e9rnek? Frusztr\u00e1l\u00f3. Sokan k\u00e9rdezik, <b>hol lehet Il Divo jegyet venni Szegedre<\/b>, \u00e9s a v\u00e1lasz egyszer\u0171: a hivatalos jegyirod\u00e1k weboldalain \u00e9s a koncertszervez\u0151 \u00e1ltal megjel\u00f6lt platformokon. De <b>mennyibe ker\u00fcl egy Il Divo koncertjegy<\/b>? Az \u00e1rak a szektorokt\u00f3l f\u00fcgg\u0151en v\u00e1ltoznak, de \u00e9rdemes gyorsnak lenni, mert a legjobb helyek hamar elkelnek. N\u00e9ha felbukkannak <b>kedvezm\u00e9nyes Il Divo jegyek Szegedre<\/b>, p\u00e9ld\u00e1ul csoportos v\u00e1s\u00e1rl\u00e1s eset\u00e9n, de erre ne alapozz. \u00c9s mi a helyzet a luxussal? Igen, l\u00e9teznek <b>Il Divo VIP jegyek Szeged<\/b> opci\u00f3k is, amelyek \u00e1ltal\u00e1ban jobb helyet, n\u00e9ha m\u00e9g extra szolg\u00e1ltat\u00e1sokat is tartalmaznak. Ha pedig lemaradt\u00e1l, ne add fel, az <b>utols\u00f3 pillanatos Il Divo jegyek Szeged<\/b> piac\u00e1n is szerencs\u00e9d lehet, de ez m\u00e1r a szerencsej\u00e1t\u00e9k kateg\u00f3ria. A k\u00f6zelg\u0151 <b>Il Divo koncertek Szegeden<\/b> esem\u00e9ny\u00e9re a jegy a bel\u00e9p\u0151d a var\u00e1zslatba.<\/p>\n<h3>Helysz\u00edn megk\u00f6zel\u00edt\u00e9se \u00e9s praktikus tan\u00e1csok<\/h3>\n<p>Megvan a jegy? Szuper! Most j\u00f6n a logisztika. A k\u00e9rd\u00e9s, ami sokakat foglalkoztat: <b>hogyan jutok el D\u00f3m t\u00e9rre Il Divo koncertre<\/b>? Szeged belv\u00e1rosa szerencs\u00e9re el\u00e9g kompakt. Ha vonattal vagy busszal \u00e9rkezel, a p\u00e1lyaudvarokr\u00f3l villamossal vagy egy kellemes s\u00e9t\u00e1val k\u00f6nnyed\u00e9n el\u00e9rhet\u0151 a D\u00f3m t\u00e9r. Aut\u00f3val m\u00e1r tr\u00fckk\u00f6sebb a helyzet. Parkolni a belv\u00e1rosban, egy ekkora esem\u00e9ny napj\u00e1n? Mondjuk \u00fagy, kih\u00edv\u00e1s. \u00c9n azt javaslom, hagyd az aut\u00f3t egy t\u00e1volabbi parkol\u00f3h\u00e1zban, \u00e9s s\u00e9t\u00e1lj be, vagy haszn\u00e1ld a t\u00f6megk\u00f6zleked\u00e9st. Sokkal, de sokkal kevesebb stressz. Ha pedig messzebbr\u0151l \u00e9rkezel, a <b>sz\u00e1ll\u00e1s lehet\u0151s\u00e9gek Il Divo koncert idej\u00e9n Szegeden<\/b> el\u00e9g b\u0151s\u00e9gesek, de \u00e9rdemes id\u0151ben foglalni, mert a sz\u00e1llod\u00e1k \u00e9s apartmanok hamar megtelnek. A hivatalos <b>Il Divo Szegedi koncert id\u0151pontja<\/b> el\u0151tt \u00e9rkezz a helysz\u00ednre legal\u00e1bb egy \u00f3r\u00e1val, hogy k\u00e9nyelmesen megtal\u00e1ld a helyed \u00e9s r\u00e1hangol\u00f3dj az est\u00e9re. Ez a nap az <b>Il Divo koncertek Szegeden<\/b> \u00fcnnepe lesz.<\/p>\n<h2>Il Divo a sz\u00ednpadon: Zenei \u00e9lm\u00e9ny, ami mag\u00e1val ragad<\/h2>\n<p>\u00c9s akkor el\u00e9rkezik a pillanat. A f\u00e9nyek lekapcsol\u00f3dnak, a t\u00f6meg elhalkul, \u00e9s felcsend\u00fclnek az els\u0151 hangok. Aki volt m\u00e1r Il Divo koncerten, tudja, hogy ez nem csup\u00e1n zenehallgat\u00e1s. Ez egy \u00e9rzelmi utaz\u00e1s. A n\u00e9gy \u00e9nekes hangj\u00e1nak harm\u00f3ni\u00e1ja, a dr\u00e1mai hangszerel\u00e9s, a dalok ereje&#8230; egyszer\u0171en mag\u00e1val ragad \u00e9s nem enged. Az <b>Il Divo koncert\u00e9lm\u00e9ny besz\u00e1mol\u00f3k<\/b> rendre arr\u00f3l sz\u00f3lnak, hogy az emberek s\u00edrnak \u00e9s nevetnek egyszerre, mert a zene olyan m\u00e9lyen \u00e9rinti meg \u0151ket. A szegedi fell\u00e9p\u00e9s sem lesz m\u00e1s. Az a fajta este lesz, amir\u0151l m\u00e9g hetekig, h\u00f3napokig besz\u00e9lni fogsz. Egy eml\u00e9k, ami \u00f6r\u00f6kre veled marad. Az <b>Il Divo koncertek Szegeden<\/b> garant\u00e1ltan felteszik a koron\u00e1t a szegedi ny\u00e1rra.<\/p>\n<h3>Reperto\u00e1r \u00e9s v\u00e1rhat\u00f3 dalok a szegedi koncerten<\/h3>\n<p>A nagy k\u00e9rd\u00e9s, ami minden rajong\u00f3t izgat: <b>milyen dalokat j\u00e1tszik Il Divo Szegeden<\/b>? A pontos <b>Il Divo koncert program Szeged<\/b> v\u00e1ros\u00e1ban term\u00e9szetesen az utols\u00f3 pillanatig titok, de az\u00e9rt lehet sejteni. A legnagyobb sl\u00e1gereik, mint az &#8220;Unbreak My Heart (Regresa a M\u00ed)&#8221; vagy a &#8220;My Way (A Mi Manera)&#8221; szinte biztosan elhangzanak. Emellett val\u00f3sz\u00edn\u0171leg hallhatunk dalokat az \u00fajabb albumaikr\u00f3l is, \u00e9s tal\u00e1n egy-k\u00e9t meglepet\u00e9ssel is k\u00e9sz\u00fclnek a magyar k\u00f6z\u00f6ns\u00e9gnek. B\u00e1rmi is legyen a v\u00e9gleges lista, egy dolog biztos: a zenei min\u0151s\u00e9g kifog\u00e1stalan lesz. Az <b>Il Divo koncertek Szegeden<\/b> a t\u00f6k\u00e9letess\u00e9gr\u0151l fognak sz\u00f3lni. Elk\u00e9pzelhet\u0151, hogy egy esetleges <b>Il Divo rajong\u00f3i tal\u00e1lkoz\u00f3 Szeged<\/b> v\u00e1ros\u00e1ban is megszervez\u00e9sre ker\u00fcl, b\u00e1r err\u0151l m\u00e9g nincsenek hivatalos inform\u00e1ci\u00f3k. Az biztos, hogy az <b>Il Divo koncertek Szegeden<\/b> \u00e9lm\u00e9nye minden v\u00e1rakoz\u00e1st fel\u00fclm\u00fal majd. Az <b>Il Divo koncertek Szegeden<\/b> zenei reperto\u00e1rja garant\u00e1ltan felejthetetlen lesz.<\/p>\n<h2>\u00d6sszegz\u00e9s: Egy kultur\u00e1lis esem\u00e9ny, amit nem szabad kihagyni<\/h2>\n<p>\u00d6sszefoglalva, az <b>Il Divo koncertek Szegeden<\/b> sokkal t\u00f6bbet jelentenek egy egyszer\u0171 koncertn\u00e9l. Ez egy \u00fcnnep. A zene, a kult\u00fara \u00e9s a k\u00f6z\u00f6ss\u00e9g \u00fcnnepe egy var\u00e1zslatos helysz\u00ednen. Egy esem\u00e9ny, amely \u00f6sszehozza az embereket, \u00e9s egy olyan k\u00f6z\u00f6s \u00e9lm\u00e9nyt ad nekik, ami felt\u00f6lti a lelk\u00fcket. Ha teheted, ne hagyd ki. Legyen sz\u00f3 a zenekar r\u00e9gi rajong\u00f3j\u00e1r\u00f3l vagy valakir\u0151l, aki csak most ismerkedik vel\u00fck, az \u00e9lm\u00e9ny garant\u00e1lt. Az <b>Il Divo koncert Szeged D\u00f3m t\u00e9r<\/b> esem\u00e9nye egy olyan este lesz, ami be\u00edrja mag\u00e1t a v\u00e1ros t\u00f6rt\u00e9nelemk\u00f6nyv\u00e9be. Sz\u00f3val, szerezd be a jegyed, k\u00e9sz\u00fclj fel, \u00e9s add \u00e1t magad a zen\u00e9nek. Mert az <b>Il Divo koncertek Szegeden<\/b> egy olyan kaland, amire \u00e9rdemes elindulni. Tal\u00e1lkozunk a D\u00f3m t\u00e9ren, a csillagok alatt, ahol a csoda megt\u00f6rt\u00e9nik. Az <b>Il Divo koncertek Szegeden<\/b> v\u00e1rnak r\u00e1d.<\/p>\n","protected":false},"excerpt":{"rendered":"<p>Amikor el\u0151sz\u00f6r hallottam, hogy lesznek Il Divo koncertek Szegeden, bevallom, egy pillanatra meg\u00e1llt a leveg\u0151. Szeged \u00e9s az Il Divo. Ez a p\u00e1ros\u00edt\u00e1s egyszer\u0171en t\u00fal j\u00f3nak hangzott ahhoz, hogy igaz legyen. A napf\u00e9ny v\u00e1rosa, a maga mediterr\u00e1n hangulat\u00e1val, \u00e9s a n\u00e9gy opera\u00e9nekes, akiknek hangja k\u00e9pes megremegtetni a lelket. Micsoda este lesz ez! R\u00f6gt\u00f6n elkezdtem kutakodni, [&hellip;]<\/p>\n","protected":false},"author":2,"featured_media":0,"comment_status":"","ping_status":"","sticky":false,"template":"","format":"standard","meta":{"footnotes":""},"categories":[1],"tags":[],"class_list":["post-65","post","type-post","status-publish","format-standard","hentry","category-uzlet"],"_links":{"self":[{"href":"https:\/\/worldpoint.eu\/hu\/wp-json\/wp\/v2\/posts\/65","targetHints":{"allow":["GET"]}}],"collection":[{"href":"https:\/\/worldpoint.eu\/hu\/wp-json\/wp\/v2\/posts"}],"about":[{"href":"https:\/\/worldpoint.eu\/hu\/wp-json\/wp\/v2\/types\/post"}],"author":[{"embeddable":true,"href":"https:\/\/worldpoint.eu\/hu\/wp-json\/wp\/v2\/users\/2"}],"replies":[{"embeddable":true,"href":"https:\/\/worldpoint.eu\/hu\/wp-json\/wp\/v2\/comments?post=65"}],"version-history":[{"count":0,"href":"https:\/\/worldpoint.eu\/hu\/wp-json\/wp\/v2\/posts\/65\/revisions"}],"wp:attachment":[{"href":"https:\/\/worldpoint.eu\/hu\/wp-json\/wp\/v2\/media?parent=65"}],"wp:term":[{"taxonomy":"category","embeddable":true,"href":"https:\/\/worldpoint.eu\/hu\/wp-json\/wp\/v2\/categories?post=65"},{"taxonomy":"post_tag","embeddable":true,"href":"https:\/\/worldpoint.eu\/hu\/wp-json\/wp\/v2\/tags?post=65"}],"curies":[{"name":"wp","href":"https:\/\/api.w.org\/{rel}","templated":true}]}}