{"id":56,"date":"2025-10-14T16:53:13","date_gmt":"2025-10-14T14:53:13","guid":{"rendered":"https:\/\/worldpoint.eu\/hu\/fekete-szepsegapolasi-tippek\/"},"modified":"2025-10-14T16:53:13","modified_gmt":"2025-10-14T14:53:13","slug":"fekete-szepsegapolasi-tippek","status":"publish","type":"post","link":"https:\/\/worldpoint.eu\/hu\/fekete-szepsegapolasi-tippek\/","title":{"rendered":"Fekete sz\u00e9ps\u00e9g\u00e1pol\u00e1si tippek &#8211; \u00datmutat\u00f3 a Ragyog\u00f3 B\u0151r\u00e9rt \u00e9s Haj\u00e9rt"},"content":{"rendered":"<p>Eml\u00e9kszem, nagymam\u00e1m mindig azt mondta, a b\u0151r\u00fcnk \u00e9s a hajunk a mi koron\u00e1nk. De tin\u00e9dzserk\u00e9nt, amikor a hamusz\u00fcrke t\u00e9rdemmel \u00e9s a kezelhetetlennek t\u0171n\u0151 hajammal k\u00fczd\u00f6ttem, ezt ink\u00e1bb \u00e9reztem \u00e1toknak, mint \u00e1ld\u00e1snak. \u00c9vekbe telt, mire r\u00e1j\u00f6ttem, hogy nem a term\u00e9kekkel van a baj. Hanem azzal, hogy rossz tan\u00e1csokat k\u00f6vettem. Olyanokat, amik nem nek\u00fcnk sz\u00f3ltak. Ez a cikk az\u00e9rt sz\u00fcletett, hogy megossza azokat a bev\u00e1lt, kifejezetten nek\u00fcnk sz\u00f3l\u00f3 praktik\u00e1kat, azokat a <b>fekete sz\u00e9ps\u00e9g\u00e1pol\u00e1si tippek<\/b> gy\u0171jtem\u00e9ny\u00e9t, amik t\u00e9nyleg m\u0171k\u00f6dnek.<\/p>\n<h2>Bevezet\u00e9s a Fekete Sz\u00e9ps\u00e9g\u00e1pol\u00e1s Vil\u00e1g\u00e1ba: Egyedi Ig\u00e9nyek \u00e9s Megold\u00e1sok<\/h2>\n<p>A fekete sz\u00e9ps\u00e9g\u00e1pol\u00e1s nem csak egy trend. Ez egy k\u00fcl\u00f6n tudom\u00e1ny\u00e1g. A b\u0151r\u00fcnk \u00e9s a hajunk annyira egyedi, hogy \u00e1ltal\u00e1nos tan\u00e1csokkal egyszer\u0171en nem megy\u00fcnk semmire. El kell m\u00e9lyedn\u00fcnk a saj\u00e1toss\u00e1gainkban, hogy meg\u00e9rts\u00fck, mire van sz\u00fcks\u00e9g\u00fck val\u00f3j\u00e1ban. Mert ami egy vil\u00e1gosabb b\u0151rt\u00edpusnak csodaszer, az n\u00e1lunk ak\u00e1r katasztr\u00f3f\u00e1t is okozhat. \u00c9s ez ford\u00edtva is igaz.<\/p>\n<h3>Mi\u00e9rt K\u00fcl\u00f6nleges a Fekete B\u0151r \u00e9s Haj \u00c1pol\u00e1sa?<\/h3>\n<p>K\u00e9t sz\u00f3: melanin \u00e9s text\u00fara. A b\u0151r\u00fcnk magasabb melanintartalma fantasztikus v\u00e9delmet ny\u00fajt a nap egyes k\u00e1ros sugarai ellen, de egyben hajlamoss\u00e1 is tesz minket a hiperpigment\u00e1ci\u00f3ra. Egy apr\u00f3 pattan\u00e1s hely\u00e9n is k\u00e9pes hetekig, s\u0151t, h\u00f3napokig s\u00f6t\u00e9t folt \u00e9ktelenkedni. A hajunk szerkezete pedig\u2026 nos, az egy csoda. A g\u00f6nd\u00f6r, spir\u00e1los hajsz\u00e1lak gy\u00f6ny\u00f6r\u0171ek, de sokkal s\u00e9r\u00fcl\u00e9kenyebbek \u00e9s hajlamosabbak a kisz\u00e1rad\u00e1sra, mivel a fejb\u0151r \u00e1ltal termelt term\u00e9szetes olajok nehezebben jutnak el a hajv\u00e9gekig. Pontosan ez\u00e9rt elengedhetetlen, hogy olyan <b>fekete sz\u00e9ps\u00e9g\u00e1pol\u00e1si tippek<\/b> birtok\u00e1ban legy\u00fcnk, amelyek ezekre a kih\u00edv\u00e1sokra adnak v\u00e1laszt. Az egyik legfontosabb k\u00e9rd\u00e9s, amit fel kell tenn\u00fcnk, hogy <b>hogyan \u00e1poljuk a fekete b\u0151rt otthon<\/b> hat\u00e9konyan.<\/p>\n<h2>B\u0151r\u00e1pol\u00e1si Tippek Fekete B\u0151rre: Ragyog\u00e1s \u00e9s Eg\u00e9szs\u00e9g Meg\u0151rz\u00e9se<\/h2>\n<p>A ragyog\u00f3, egys\u00e9ges t\u00f3nus\u00fa b\u0151r el\u00e9r\u00e9se nem lehetetlen k\u00fcldet\u00e9s. S\u0151t. N\u00e9h\u00e1ny alapszab\u00e1ly betart\u00e1s\u00e1val \u00e9s a megfelel\u0151 term\u00e9kek haszn\u00e1lat\u00e1val a b\u0151r\u00fcnk megh\u00e1l\u00e1lja a t\u00f6r\u0151d\u00e9st. El kell felejteni a durva, sz\u00e1r\u00edt\u00f3 hat\u00e1s\u00fa k\u00e9sz\u00edtm\u00e9nyeket. A mi b\u0151r\u00fcnknek gyeng\u00e9ds\u00e9gre \u00e9s rengeteg nedvess\u00e9gre van sz\u00fcks\u00e9ge.<\/p>\n<h3>Hidrat\u00e1l\u00e1s \u00e9s T\u00e1pl\u00e1l\u00e1s: A Fekete B\u0151r Alapja<\/h3>\n<p>A hamusz\u00fcrkes\u00e9g (ashiness) mindannyiunk esk\u00fcdt ellens\u00e9ge. A b\u0151r\u00fcnk hajlamos a dehidrat\u00e1ci\u00f3ra, ami fak\u00f3, \u00e9lettelen megjelen\u00e9st k\u00f6lcs\u00f6n\u00f6z neki. A megold\u00e1s a r\u00e9tegzett hidrat\u00e1l\u00e1s. Reggel \u00e9s este, tiszt\u00edt\u00e1s ut\u00e1n haszn\u00e1lj egy hidrat\u00e1l\u00f3 sz\u00e9rumot (p\u00e9ld\u00e1ul hialuronsavval), majd z\u00e1rd le a nedvess\u00e9get egy gazdagabb kr\u00e9mmel vagy olajjal. A sheavaj, kaka\u00f3vaj, \u00e9s a jojobaolaj a legjobb bar\u00e1taink. Ezek a term\u00e9szetes zs\u00edrok m\u00e9lyen t\u00e1pl\u00e1lnak an\u00e9lk\u00fcl, hogy elnehez\u00edten\u00e9k a b\u0151rt. A <b>legjobb hidrat\u00e1l\u00f3 fekete b\u0151rre<\/b> az, ami egyszerre p\u00f3tolja a vizet \u00e9s a lipideket. Sokan k\u00e9rdezik, mi a helyzet a <b>sz\u00e1raz fekete b\u0151r kezel\u00e9se t\u00e9len<\/b>; a v\u00e1lasz egyszer\u0171: m\u00e9g t\u00f6bb olaj \u00e9s s\u0171r\u0171bb kr\u00e9mek.<\/p>\n<h3>Pigment\u00e1ci\u00f3s Probl\u00e1m\u00e1k Kezel\u00e9se: Hiperpigment\u00e1ci\u00f3 Elleni Strat\u00e9gi\u00e1k<\/h3>\n<p>Itt van a kutya el\u00e1sva. A hiperpigment\u00e1ci\u00f3, vagyis a s\u00f6t\u00e9t foltok megjelen\u00e9se a leggyakoribb b\u0151rprobl\u00e9ma, amivel szembes\u00fcl\u00fcnk. Ezeket okozhatja pattan\u00e1s, gyullad\u00e1s, vagy ak\u00e1r egy sz\u00fanyogcs\u00edp\u00e9s is. A hat\u00e9kony <b>fekete b\u0151r hiperpigment\u00e1ci\u00f3 kezel\u00e9se<\/b> kulcsa a t\u00fcrelem \u00e9s a k\u00f6vetkezetess\u00e9g. Keress olyan \u00f6sszetev\u0151ket, mint a C-vitamin, a niacinamid, az azelainsav vagy a kojiksav. Ezek seg\u00edtenek halv\u00e1ny\u00edtani a megl\u00e9v\u0151 foltokat \u00e9s megel\u0151zni \u00fajak kialakul\u00e1s\u00e1t. De \u00f3vatosan! A t\u00fal agressz\u00edv kezel\u00e9s ronthat a helyzeten. A <b>pigmentfoltok elt\u00fcntet\u00e9se fekete b\u0151r\u00f6n<\/b> egy maraton, nem sprint. A megfelel\u0151 <b>fekete sz\u00e9ps\u00e9g\u00e1pol\u00e1si tippek<\/b> seg\u00edtenek ebben a harcban.<\/p>\n<h3>Napv\u00e9delem Fontoss\u00e1ga: M\u00edtoszok \u00e9s T\u00e9nyek<\/h3>\n<p>R\u00f6gz\u00edts\u00fck egyszer \u00e9s mindenkorra: a fekete b\u0151rnek IGENIS sz\u00fcks\u00e9ge van napv\u00e9delemre. Mindennap. M\u00e9g akkor is, ha felh\u0151s az \u00e9g. A &#8220;nek\u00fcnk nem \u00e1rt a nap&#8221; m\u00edtosza nem csak t\u00e9ves, de vesz\u00e9lyes is. B\u00e1r a melanin ny\u00fajt n\u00e9mi term\u00e9szetes v\u00e9delmet a le\u00e9g\u00e9s ellen, a k\u00e1ros UVA sugarak ellen nem v\u00e9d, amelyek a b\u0151r\u00f6reged\u00e9s\u00e9rt \u00e9s \u2013 ami a legfontosabb \u2013 a hiperpigment\u00e1ci\u00f3 s\u00falyosbod\u00e1s\u00e1\u00e9rt felel\u0151sek. Egy j\u00f3 min\u0151s\u00e9g\u0171, legal\u00e1bb SPF 30-as, sz\u00e9les spektrum\u00fa <b>fekete b\u0151r napv\u00e9d\u0151 kr\u00e9m<\/b> haszn\u00e1lata a leghat\u00e9konyabb anti-aging \u00e9s folthalv\u00e1ny\u00edt\u00f3 l\u00e9p\u00e9s, amit tehetsz. Ez az egyik legfontosabb a <b>fekete sz\u00e9ps\u00e9g\u00e1pol\u00e1si tippek<\/b> k\u00f6z\u00fcl.<\/p>\n<h3>Fekete B\u0151rre Val\u00f3 Term\u00e9kek Kiv\u00e1laszt\u00e1sa<\/h3>\n<p>Amikor term\u00e9ket v\u00e1lasztasz, a &#8220;kevesebb t\u00f6bb&#8221; elv\u00e9t k\u00f6vesd. Ker\u00fcld az er\u0151s illatanyagokat \u00e9s a sz\u00e1r\u00edt\u00f3 alkoholokat tartalmaz\u00f3 k\u00e9sz\u00edtm\u00e9nyeket. F\u00f3kusz\u00e1lj a hidrat\u00e1l\u00f3 \u00e9s nyugtat\u00f3 \u00f6sszetev\u0151kre. Az olyan <b>fekete b\u0151r elleni b\u0151r\u00e1pol\u00f3 szerek<\/b>, amelyek gyeng\u00e9dek, de hat\u00e9konyak, a legjobbak. Az <b>arc\u00e1pol\u00e1s \u00e9rz\u00e9keny fekete b\u0151rre<\/b> k\u00fcl\u00f6n\u00f6s figyelmet ig\u00e9nyel, a patch teszt (amikor egy kis b\u0151rfel\u00fcleten pr\u00f3b\u00e1lod ki a term\u00e9ket) k\u00f6telez\u0151 elem kell, hogy legyen a rutinodban.<\/p>\n<h2>Haj\u00e1pol\u00e1si Fort\u00e9lyok Fekete Hajra: Er\u0151s, Eg\u00e9szs\u00e9ges F\u00fcrt\u00f6k Titkai<\/h2>\n<p>A hajunk \u00e1pol\u00e1sa egy \u00e9letforma. Egy ritu\u00e1l\u00e9. Meg kell tanulnunk szeretni a text\u00far\u00e1j\u00e1t, \u00e9s megadni neki azt a t\u00f6r\u0151d\u00e9st, amire v\u00e1gyik. A sz\u00e1razs\u00e1g \u00e9s a t\u00f6redez\u00e9s a k\u00e9t legnagyobb ellens\u00e9g\u00fcnk, de a megfelel\u0151 <b>fekete sz\u00e9ps\u00e9g\u00e1pol\u00e1si tippek<\/b> alkalmaz\u00e1s\u00e1val ezek is legy\u0151zhet\u0151k.<\/p>\n<h3>Nedvess\u00e9gtartalom Meg\u0151rz\u00e9se: Milyen Term\u00e9keket Haszn\u00e1ljunk?<\/h3>\n<p>Nedvess\u00e9g, nedvess\u00e9g, nedvess\u00e9g. Ez a mantra. A hajunk por\u00f3zus szerkezete miatt k\u00f6nnyen elvesz\u00edti a vizet. A LOC (Liquid-Oil-Cream) vagy LCO (Liquid-Cream-Oil) met\u00f3dus forradalmi lehet. A l\u00e9nyege, hogy vizes alap\u00fa term\u00e9kkel (leave-in kondicion\u00e1l\u00f3) kezdesz, majd egy olajjal z\u00e1rod le a nedvess\u00e9get, v\u00e9g\u00fcl egy kr\u00e9mmel defini\u00e1lod a f\u00fcrt\u00f6ket. A k\u00e9rd\u00e9sre, hogy <b>milyen term\u00e9kek j\u00f3k fekete hajra<\/b>, a v\u00e1lasz: azok, amik tele vannak term\u00e9szetes vajakkal \u00e9s olajokkal. A k\u00f3kuszolaj, ricinusolaj, avok\u00e1d\u00f3olaj mind csod\u00e1t tesznek. A legnagyobb kih\u00edv\u00e1s, hogy <b>mit tegy\u00fcnk sz\u00e1raz fekete hajjal<\/b>, de a r\u00e9tegzett hidrat\u00e1l\u00e1s a megold\u00e1s. A <b>term\u00e9szetes olajok fekete hajra<\/b> elengedhetetlenek.<\/p>\n<h3>V\u00e9d\u0151 Frizur\u00e1k \u00e9s St\u00edlusok: A Haj T\u00f6r\u00e9s\u00e9nek Elker\u00fcl\u00e9se<\/h3>\n<p>A <b>v\u00e9d\u0151 frizur\u00e1k fekete hajra<\/b> nem csak divatosak, de hihetetlen\u00fcl hasznosak is. A fon\u00e1sok (braids), csavar\u00e1sok (twists) vagy a kontyok megv\u00e9dik a hajv\u00e9geket a mindennapi mechanikai s\u00e9r\u00fcl\u00e9sekt\u0151l, a d\u00f6rzs\u00f6l\u0151d\u00e9st\u0151l. Ez\u00e1ltal a haj kevesebbet t\u00f6rik, \u00e9s k\u00f6nnyebben el\u00e9red a k\u00edv\u00e1nt hossz\u00fas\u00e1got. Fontos, hogy a frizura ne legyen t\u00fal szoros, mert az hajhull\u00e1shoz vezethet. N\u00e9ha \u00e9rdemes ellesni p\u00e1r tr\u00fckk\u00f6t, hiszen az aktu\u00e1lis <a href=\"https:\/\/worldpoint.eu\/hu\/amerikai-szepseg-trendek-utmutato\/\">amerikai sz\u00e9ps\u00e9g trendek \u00fatmutat\u00f3<\/a> is tele van inspir\u00e1ci\u00f3val. Ezek a st\u00edlusok igazi jolly joker <b>fekete sz\u00e9ps\u00e9g\u00e1pol\u00e1si tippek<\/b> a haj\u00e1pol\u00e1sban.<\/p>\n<h3>Hajhull\u00e1s \u00e9s Hajritkul\u00e1s Kezel\u00e9se: Term\u00e9szetes Megold\u00e1sok<\/h3>\n<p>A hajhull\u00e1s, k\u00fcl\u00f6n\u00f6sen a hajvonal ment\u00e9n (traction alopecia), komoly aggodalomra adhat okot. Ezt gyakran a t\u00fal szoros frizur\u00e1k okozz\u00e1k. Hagyd a hajad pihenni! A rendszeres fejb\u0151rmassz\u00e1zs serkenti a v\u00e9rkering\u00e9st \u00e9s el\u0151seg\u00edti a n\u00f6veked\u00e9st. A rozmaringolaj \u00e9s a borsmentaolaj h\u00edg\u00edtva, viv\u0151olajban (pl. jojoba) csod\u00e1kra k\u00e9pes. A <b>fekete haj n\u00f6veked\u00e9s gyors\u00edt\u00e1sa<\/b> t\u00fcrelmet ig\u00e9nyel, de a term\u00e9szetes m\u00f3dszerekkel sokat tehetsz \u00e9rte. A <b>hajhull\u00e1s megel\u0151z\u00e9se fekete haj eset\u00e9n<\/b> els\u0151sorban a megel\u0151z\u00e9sr\u0151l sz\u00f3l: ker\u00fcld a fesz\u00fcl\u0151, h\u00faz\u00f3 frizur\u00e1kat. Ezek a <b>fekete sz\u00e9ps\u00e9g\u00e1pol\u00e1si tippek<\/b> aranyat \u00e9rnek.<\/p>\n<h3>A Fejb\u0151r Eg\u00e9szs\u00e9ge: Gyakori Probl\u00e9m\u00e1k \u00e9s Megold\u00e1sok<\/h3>\n<p>Az eg\u00e9szs\u00e9ges haj az eg\u00e9szs\u00e9ges fejb\u0151rn\u00e9l kezd\u0151dik. A term\u00e9klerak\u00f3d\u00e1s, a korpa \u00e9s a sz\u00e1razs\u00e1g mind g\u00e1tolhatj\u00e1k a hajn\u00f6veked\u00e9st. Hetente egyszer haszn\u00e1lj egy gyeng\u00e9d tiszt\u00edt\u00f3 sampont, \u00e9s rendszeresen rad\u00edrozd le a fejb\u0151r\u00f6det (ak\u00e1r egy cukros-olajos h\u00e1zi rad\u00edrral). A <b>sz\u00e1raz fejb\u0151r kezel\u00e9se fekete hajon<\/b> teafaolajos \u00f6bl\u00edt\u00e9ssel vagy almaecetes v\u00edzzel is hat\u00e9kony lehet.<\/p>\n<h2>Sminktippek Fekete B\u0151rre: A T\u00f6k\u00e9letes Megjelen\u00e9s\u00e9rt<\/h2>\n<p>A sminkel\u00e9s a mi eset\u00fcnkben a sz\u00ednek \u00fcnnepl\u00e9se. A b\u0151r\u00fcnk gy\u00f6ny\u00f6r\u0171 v\u00e1szon a mer\u00e9sz \u00e9s ragyog\u00f3 \u00e1rnyalatokhoz. A kulcs a megfelel\u0151 alapoz\u00f3 megtal\u00e1l\u00e1sa \u00e9s a sz\u00ednekkel val\u00f3 b\u00e1tor j\u00e1t\u00e9k.<\/p>\n<h3>Alapoz\u00f3 \u00e9s Korrektor V\u00e1laszt\u00e1s: A Helyes \u00c1rnyalat Megtal\u00e1l\u00e1sa<\/h3>\n<p>Jaj, a nagy alapoz\u00f3-vad\u00e1szat. Mindannyian j\u00e1rtunk m\u00e1r \u00fagy, hogy a boltban t\u00f6k\u00e9letesnek t\u0171n\u0151 \u00e1rnyalat napf\u00e9nyben sz\u00fcrke vagy narancss\u00e1rga lett. A titok az alapt\u00f3nus (undertone) meg\u00e9rt\u00e9se. Lehetsz meleg (arany, v\u00f6r\u00f6ses), hideg (k\u00e9kes) vagy semleges t\u00f3nus\u00fa. Mindig a nyakadon vagy az \u00e1llkapcsodon tesztelj, \u00e9s ha lehet, term\u00e9szetes f\u00e9nyn\u00e9l n\u00e9zd meg az eredm\u00e9nyt. A <b>hogyan v\u00e1lasszunk alapoz\u00f3t fekete b\u0151rre<\/b> k\u00e9rd\u00e9sre a v\u00e1lasz a t\u00fcrelmes tesztel\u00e9s. Ne f\u00e9lj ak\u00e1r k\u00e9t \u00e1rnyalatot is \u00f6sszekeverni a t\u00f6k\u00e9letes eredm\u00e9ny\u00e9rt. A <b>hogyan v\u00e1lasszunk alapoz\u00f3t s\u00f6t\u00e9t b\u0151rh\u00f6z<\/b> nem \u00f6rd\u00f6ng\u00f6ss\u00e9g, csak odafigyel\u00e9st ig\u00e9nyel. Ezek a gyakorlatias <b>fekete sz\u00e9ps\u00e9g\u00e1pol\u00e1si tippek<\/b> megk\u00f6nny\u00edtik a dolgod.<\/p>\n<h3>Szem- \u00e9s Ajaksz\u00ednez\u00e9s: Milyen Sz\u00ednek Passzolnak a Fekete B\u0151rh\u00f6z?<\/h3>\n<p>R\u00f6viden: b\u00e1rmi! A m\u00e9ly, s\u00f6t\u00e9t b\u0151rt\u00f3nus csod\u00e1latosan kiemeli az \u00e9l\u00e9nk, pigment\u00e1lt sz\u00edneket. Az arany, a bronz, a m\u00e9ly lila, a smaragdz\u00f6ld \u00e9s a kobaltk\u00e9k szemh\u00e9jp\u00faderek l\u00e9legzetel\u00e1ll\u00edt\u00f3an mutatnak. Ne f\u00e9lj a mer\u00e9sz r\u00fazsokt\u00f3l sem! Egy \u00e9l\u00e9nk narancs, egy m\u00e9ly bord\u00f3 vagy egy klasszikus piros mind-mind nyer\u0151 v\u00e1laszt\u00e1s. A <b>fekete b\u0151rre val\u00f3 smink tippek<\/b> l\u00e9nyege a k\u00eds\u00e9rletez\u00e9s \u00e9s az \u00f6nkifejez\u00e9s.<\/p>\n<h2>Holisztikus Sz\u00e9ps\u00e9g: \u00c9letm\u00f3d \u00e9s Bels\u0151 Eg\u00e9szs\u00e9g Szerepe<\/h2>\n<p>A legdr\u00e1g\u00e1bb kr\u00e9mek \u00e9s sz\u00e9rumok sem \u00e9rnek semmit, ha bel\u00fclr\u0151l nem t\u00e1pl\u00e1ljuk a test\u00fcnket. A sz\u00e9ps\u00e9g t\u00e9nyleg bel\u00fclr\u0151l fakad. Ez nem csak egy \u00fcres k\u00f6zhely. N\u00e9ha a legegyszer\u0171bb, legink\u00e1bb <a href=\"https:\/\/worldpoint.eu\/hu\/a-termeszetes-beepitett-szepseg-utmutato\/\">a term\u00e9szetes, be\u00e9p\u00edtett sz\u00e9ps\u00e9g \u00fatmutat\u00f3<\/a> elvei hozz\u00e1k a legjobb eredm\u00e9nyt.<\/p>\n<h3>T\u00e1pl\u00e1lkoz\u00e1s \u00e9s Hidrat\u00e1ci\u00f3: A Sz\u00e9ps\u00e9g bel\u00fclr\u0151l Fakad<\/h3>\n<p>Igy\u00e1l sok vizet! Ezt nem lehet el\u00e9gszer hangs\u00falyozni. A hidrat\u00e1lt test hidrat\u00e1lt b\u0151rt \u00e9s hajat jelent. Fogyassz antioxid\u00e1nsokban gazdag \u00e9teleket: bogy\u00f3s gy\u00fcm\u00f6lcs\u00f6ket, z\u00f6ld leveles z\u00f6lds\u00e9geket. Az eg\u00e9szs\u00e9ges zs\u00edrok, mint az avok\u00e1d\u00f3, a di\u00f3f\u00e9l\u00e9k \u00e9s a lazac, szint\u00e9n elengedhetetlenek a b\u0151r rugalmass\u00e1g\u00e1hoz \u00e9s a haj f\u00e9ny\u00e9hez. A <b>fekete b\u0151r vitaminok \u00e9s kieg\u00e9sz\u00edt\u0151k<\/b> k\u00f6z\u00fcl a D-vitamin k\u00fcl\u00f6n\u00f6sen fontos lehet, mivel a magasabb melaninszint g\u00e1tolhatja a termel\u0151d\u00e9s\u00e9t. A j\u00f3 <b>fekete sz\u00e9ps\u00e9g\u00e1pol\u00e1si tippek<\/b> mindig kit\u00e9rnek az \u00e9trendre is.<\/p>\n<h3>Stresszkezel\u00e9s \u00e9s Alv\u00e1s: A B\u0151r \u00e9s Haj Regener\u00e1ci\u00f3ja<\/h3>\n<p>A kr\u00f3nikus stressz \u00e9s az alv\u00e1shi\u00e1ny megl\u00e1tszik rajtunk. Pattan\u00e1sokat, fak\u00f3 b\u0151rt \u00e9s ak\u00e1r hajhull\u00e1st is okozhat. Pr\u00f3b\u00e1lj meg minden este legal\u00e1bb 7-8 \u00f3r\u00e1t aludni. Ezalatt a tested regener\u00e1l\u00f3dik, a b\u0151rsejtek meg\u00fajulnak. Tal\u00e1lj egy stresszkezel\u00e9si technik\u00e1t, ami neked bev\u00e1lik: j\u00f3ga, medit\u00e1ci\u00f3, vagy egy hossz\u00fa s\u00e9ta a term\u00e9szetben.<\/p>\n<h2>Gyakori K\u00e9rd\u00e9sek \u00e9s T\u00e9vhitek a Fekete Sz\u00e9ps\u00e9g\u00e1pol\u00e1sr\u00f3l<\/h2>\n<p>Van n\u00e9h\u00e1ny k\u00e9rd\u00e9s, ami \u00fajra \u00e9s \u00fajra felmer\u00fcl. Tiszt\u00e1zzunk p\u00e1rat! &#8220;T\u00e9nyleg nem szabad minden nap hajat mosni?&#8221; Val\u00f3ban nem. A legt\u00f6bb fekete hajnak el\u00e9g a heti 1-2 mos\u00e1s, hogy ne sz\u00e1radjon ki. &#8220;A k\u00f3kuszolaj mindenkinek j\u00f3?&#8221; Nem felt\u00e9tlen\u00fcl. Van, akinek elt\u00f6m\u00edti a p\u00f3rusait, m\u00edg m\u00e1soknak csodaszer. Mindig figyelj a saj\u00e1t b\u0151r\u00f6d \u00e9s hajad jelz\u00e9seire. A <b>hiperpigment\u00e1ci\u00f3 kezel\u00e9se fekete b\u0151r\u00f6n<\/b> lehets\u00e9ges otthon? Igen, a fent eml\u00edtett hat\u00f3anyagokkal sokat lehet jav\u00edtani, de makacs esetekben \u00e9rdemes b\u0151rgy\u00f3gy\u00e1szhoz fordulni. N\u00e9ha a legmeglep\u0151bb dolgok m\u0171k\u00f6dnek, \u00e9rdemes elolvasni n\u00e9h\u00e1ny <a href=\"https:\/\/worldpoint.eu\/hu\/varatlan-szepseg-tippek\/\">v\u00e1ratlan sz\u00e9ps\u00e9g tippek<\/a> gy\u0171jtem\u00e9ny\u00e9t is. A <b>b\u0151rt\u00f3nus kiegyenl\u00edt\u00e9se fekete b\u0151r\u00f6n<\/b> is egy gyakori c\u00e9l, amihez a C-vitamin \u00e9s a niacinamid nagy seg\u00edts\u00e9g.<\/p>\n<h2>Z\u00e1r\u00f3 Gondolatok: \u00dcnnepeld Egyedi Sz\u00e9ps\u00e9gedet!<\/h2>\n<p>A fekete sz\u00e9ps\u00e9g\u00e1pol\u00e1s egy utaz\u00e1s. Egy folyamatos tanul\u00e1s \u00e9s k\u00eds\u00e9rletez\u00e9s. Ne frusztr\u00e1ljon, ha valami nem v\u00e1lik be azonnal. A legfontosabb, hogy szeresd \u00e9s \u00fcnnepeld azt, aki vagy. A b\u0151r\u00f6d m\u00e9ly t\u00f3nus\u00e1t, a hajad egyedi text\u00far\u00e1j\u00e1t. Ezek tesznek t\u00e9ged k\u00fcl\u00f6nlegess\u00e9. Rem\u00e9lem, ezek a <b>fekete sz\u00e9ps\u00e9g\u00e1pol\u00e1si tippek<\/b> seg\u00edtenek ezen az \u00faton, hogy magabiztosan viselhesd a koron\u00e1dat. A megfelel\u0151 rutinnal a <b>fekete b\u0151r fak\u00f3 t\u00f3nus\u00e1nak \u00e9l\u00e9nk\u00edt\u00e9se<\/b> gyerekj\u00e1t\u00e9k, \u00e9s hamar r\u00e1j\u00f6ssz, <b>mit\u0151l f\u00e9nyes a fekete haj<\/b>: a megfelel\u0151, szeretetteljes t\u00f6r\u0151d\u00e9st\u0151l. Haszn\u00e1ld ezeket a <b>fekete sz\u00e9ps\u00e9g\u00e1pol\u00e1si tippek<\/b> gy\u0171jtem\u00e9ny\u00e9t, \u00e9s ragyogj! Hiszen a legjobb <b>fekete sz\u00e9ps\u00e9g\u00e1pol\u00e1si tippek<\/b> mind egy dologr\u00f3l sz\u00f3lnak: az \u00f6nszeretetr\u0151l. Ez az alapja mindennek, \u00e9s ett\u0151l lesznek a gyakorlati <b>fekete sz\u00e9ps\u00e9g\u00e1pol\u00e1si tippek<\/b> igaz\u00e1n hat\u00e1sosak.<\/p>\n","protected":false},"excerpt":{"rendered":"<p>Eml\u00e9kszem, nagymam\u00e1m mindig azt mondta, a b\u0151r\u00fcnk \u00e9s a hajunk a mi koron\u00e1nk. De tin\u00e9dzserk\u00e9nt, amikor a hamusz\u00fcrke t\u00e9rdemmel \u00e9s a kezelhetetlennek t\u0171n\u0151 hajammal k\u00fczd\u00f6ttem, ezt ink\u00e1bb \u00e9reztem \u00e1toknak, mint \u00e1ld\u00e1snak. \u00c9vekbe telt, mire r\u00e1j\u00f6ttem, hogy nem a term\u00e9kekkel van a baj. Hanem azzal, hogy rossz tan\u00e1csokat k\u00f6vettem. Olyanokat, amik nem nek\u00fcnk sz\u00f3ltak. Ez a [&hellip;]<\/p>\n","protected":false},"author":2,"featured_media":0,"comment_status":"","ping_status":"","sticky":false,"template":"","format":"standard","meta":{"footnotes":""},"categories":[1],"tags":[],"class_list":["post-56","post","type-post","status-publish","format-standard","hentry","category-uzlet"],"_links":{"self":[{"href":"https:\/\/worldpoint.eu\/hu\/wp-json\/wp\/v2\/posts\/56","targetHints":{"allow":["GET"]}}],"collection":[{"href":"https:\/\/worldpoint.eu\/hu\/wp-json\/wp\/v2\/posts"}],"about":[{"href":"https:\/\/worldpoint.eu\/hu\/wp-json\/wp\/v2\/types\/post"}],"author":[{"embeddable":true,"href":"https:\/\/worldpoint.eu\/hu\/wp-json\/wp\/v2\/users\/2"}],"replies":[{"embeddable":true,"href":"https:\/\/worldpoint.eu\/hu\/wp-json\/wp\/v2\/comments?post=56"}],"version-history":[{"count":0,"href":"https:\/\/worldpoint.eu\/hu\/wp-json\/wp\/v2\/posts\/56\/revisions"}],"wp:attachment":[{"href":"https:\/\/worldpoint.eu\/hu\/wp-json\/wp\/v2\/media?parent=56"}],"wp:term":[{"taxonomy":"category","embeddable":true,"href":"https:\/\/worldpoint.eu\/hu\/wp-json\/wp\/v2\/categories?post=56"},{"taxonomy":"post_tag","embeddable":true,"href":"https:\/\/worldpoint.eu\/hu\/wp-json\/wp\/v2\/tags?post=56"}],"curies":[{"name":"wp","href":"https:\/\/api.w.org\/{rel}","templated":true}]}}