{"id":494,"date":"2025-10-21T13:36:10","date_gmt":"2025-10-21T11:36:10","guid":{"rendered":"https:\/\/worldpoint.eu\/hu\/kis-lakasok-praktikus-berendezese\/"},"modified":"2025-10-21T13:36:14","modified_gmt":"2025-10-21T11:36:14","slug":"kis-lakasok-praktikus-berendezese","status":"publish","type":"post","link":"https:\/\/worldpoint.eu\/hu\/kis-lakasok-praktikus-berendezese\/","title":{"rendered":"Kis lak\u00e1sok praktikus berendez\u00e9se &#8211; Tippek \u00e9s \u00d6tletek"},"content":{"rendered":"<p>Az els\u0151 alb\u00e9rletem egy 30 n\u00e9gyzetm\u00e9teres csoda volt. Vagy ink\u00e1bb katasztr\u00f3fa. Egyetlen szoba, aminek egyszerre kellett volna nappalinak, h\u00e1l\u00f3szob\u00e1nak, irod\u00e1nak \u00e9s n\u00e9ha m\u00e9g edz\u0151teremnek is lennie. Eml\u00e9kszem a frusztr\u00e1ci\u00f3ra, amikor minden reggel \u00e1t kellett l\u00e9pnem a doh\u00e1nyz\u00f3asztalt, hogy egy\u00e1ltal\u00e1n kinyissam a szekr\u00e9nyt. A <b>kis lak\u00e1sok praktikus berendez\u00e9se<\/b> akkoriban sz\u00e1momra egy megoldhatatlan rejtv\u00e9nynek t\u0171nt. De nem kell, hogy az legyen. S\u0151t! Ma m\u00e1r tudom, hogy egy kis t\u00e9r nem \u00e1tok, hanem egy fantasztikus lehet\u0151s\u00e9g a kreativit\u00e1sra. Egy lehet\u0151s\u00e9g arra, hogy megmutasd, a st\u00edlusnak \u00e9s a k\u00e9nyelemnek semmi k\u00f6ze a n\u00e9gyzetm\u00e9terekhez. Sz\u00f3val, ha te is \u00e9pp egy apr\u00f3 otthonban pr\u00f3b\u00e1lod megtal\u00e1lni a helyed, akkor j\u00f3 helyen j\u00e1rsz. Ez a cikk nem csak unalmas szab\u00e1lyokr\u00f3l sz\u00f3l, hanem val\u00f3di, \u00e9letszer\u0171 tr\u00fckk\u00f6kr\u0151l, amelyekkel a legkisebb zugb\u00f3l is otthonos birodalmat var\u00e1zsolhatsz. Ahogy a v\u00e1rosok egyre s\u0171r\u0171bben lakottak, az okos tervez\u00e9s elengedhetetlen. A modern urbanisztikai trendek, mint az <a href=\"https:\/\/worldpoint.eu\/hu\/innovativ-lakasprojektek-es-okos-varosfejlesztes\/\">innovat\u00edv lak\u00e1sprojektek \u00e9s okos v\u00e1rosfejleszt\u00e9s<\/a>, m\u00e1r a tervez\u0151asztalon sz\u00e1molnak a kis terekkel, de mit tehet\u00fcnk mi a m\u00e1r megl\u00e9v\u0151 otthonunkban? A v\u00e1lasz egyszer\u0171bb, mint gondoln\u00e1d: a <b>kis lak\u00e1sok praktikus berendez\u00e9se<\/b> nem rak\u00e9tatudom\u00e1ny, csak egy kis rafin\u00e9ria kell hozz\u00e1.<\/p>\n<h2>A kis lak\u00e1sok berendez\u00e9s\u00e9nek alapelvei: Hogyan hozd ki a legt\u00f6bbet a t\u00e9rb\u0151l?<\/h2>\n<p>Miel\u0151tt fejest ugran\u00e1l a b\u00fatorv\u00e1s\u00e1rl\u00e1sba, \u00e1llj meg egy pillanatra. A sikeres <b>kis lak\u00e1sok praktikus berendez\u00e9se<\/b> a tervez\u00e9sn\u00e9l kezd\u0151dik. Gondold v\u00e9gig a napi rutinodat, az ig\u00e9nyeidet \u00e9s a priorit\u00e1sokat. Mire haszn\u00e1lod legink\u00e1bb a lak\u00e1st? T\u00e9nyleg sz\u00fcks\u00e9ged van egy hatalmas \u00e9tkez\u0151asztalra, ha mindig a kanap\u00e9n eszel? Vagy tal\u00e1n egy k\u00e9nyelmes dolgoz\u00f3sarok sokkal fontosabb? A <b>hogyan rendezz\u00fcnk be kis lak\u00e1st<\/b> k\u00e9rd\u00e9sre az els\u0151 v\u00e1lasz: tudatosan. M\u00e9rj le mindent. K\u00e9sz\u00edts alaprajzot, ak\u00e1r csak egy kock\u00e1s pap\u00edrra. Hidd el, rengeteg fejf\u00e1j\u00e1st\u00f3l k\u00edm\u00e9led meg magad. A <b>kis lak\u00e1sok praktikus berendez\u00e9se<\/b> arr\u00f3l sz\u00f3l, hogy minden elemnek megvan a maga helye \u00e9s c\u00e9lja. Nincs felesleges holmi, nincs kihaszn\u00e1latlan sarok. Ez a minimalista szeml\u00e9let nemcsak helyet takar\u00edt meg, de a fejedben is rendet teremt. A <b>panel lak\u00e1s berendez\u00e9se praktikusan<\/b> is ugyanezeken az elveken nyugszik. A l\u00e9nyeg a funkcionalit\u00e1s \u00e9s a szem\u00e9lyre szabotts\u00e1g. A <b>kis lak\u00e1sok praktikus berendez\u00e9se<\/b> egy j\u00e1t\u00e9k, ahol te hozod a szab\u00e1lyokat.<\/p>\n<h3>A t\u00e9r\u00e9rzet n\u00f6vel\u00e9se sz\u00ednekkel \u00e9s f\u00e9nyekkel<\/h3>\n<p>A leggyakrabban hallott tan\u00e1cs, \u00e9s t\u00e9nyleg m\u0171k\u00f6dik: haszn\u00e1lj vil\u00e1gos sz\u00edneket! A feh\u00e9r, a pasztellsz\u00ednek, a b\u00e9zs \u00e9s a sz\u00fcrke \u00e1rnyalatai optikailag t\u00e1g\u00edtj\u00e1k a teret, visszaverik a f\u00e9nyt, \u00e9s egy l\u00e9gies, szell\u0151s \u00e9rzetet keltenek. De ez nem jelenti azt, hogy egy steril, feh\u00e9r dobozban kell \u00e9lned. Egy\u00e1ltal\u00e1n nem. V\u00e1lassz egy hangs\u00falyos falat, \u00e9s fesd le egy m\u00e9lyebb, dr\u00e1maibb sz\u00ednre! Vagy vigy\u00e9l be sz\u00edneket a kieg\u00e9sz\u00edt\u0151kkel: egy \u00e9l\u00e9nk d\u00edszp\u00e1rna, egy sz\u00ednes sz\u0151nyeg, egy vag\u00e1ny k\u00e9p a falon. A <b>kis lak\u00e1s t\u00e9r\u00e9rzet n\u00f6vel\u00e9se sz\u00ednekkel<\/b> egyens\u00falyoz\u00e1s a vil\u00e1gos alapok \u00e9s a karakteres foltok k\u00f6z\u00f6tt. A vil\u00e1g\u00edt\u00e1s pedig a titkos fegyvered. Felejtsd el az egyetlen, k\u00f6z\u00e9pen l\u00f3g\u00f3 csill\u00e1rt! A <b>kis lak\u00e1s vil\u00e1g\u00edt\u00e1s tervez\u00e9se<\/b> r\u00e9tegekb\u0151l \u00e1ll. Kell egy \u00e1ltal\u00e1nos f\u00e9nyforr\u00e1s, de emellett haszn\u00e1lj helyi vil\u00e1g\u00edt\u00e1st: olvas\u00f3l\u00e1mp\u00e1t a fotel mellett, pultmegvil\u00e1g\u00edt\u00e1st a konyh\u00e1ban, hangulatf\u00e9nyeket a polcokon. A t\u00fckr\u00f6k csod\u00e1kra k\u00e9pesek. Egy nagy t\u00fck\u00f6r egy eg\u00e9sz falat k\u00e9pes megdupl\u00e1zni, \u00e9s a legkisebb f\u00e9nysugarat is sz\u00e9tsz\u00f3rja a szob\u00e1ban. A <b>mik\u00e9nt tegy\u00fck t\u00e1gass\u00e1 kis lak\u00e1sunkat<\/b> k\u00e9rd\u00e9sre a f\u00e9ny \u00e9s a t\u00fckr\u00f6k adj\u00e1k meg a legegyszer\u0171bb v\u00e1laszt.<\/p>\n<h3>Okos elrendez\u00e9s \u00e9s funkcion\u00e1lis z\u00f3n\u00e1k kialak\u00edt\u00e1sa<\/h3>\n<p>Egy kis lak\u00e1sban gyakran egyetlen t\u00e9r t\u00f6lt be t\u00f6bb funkci\u00f3t. A nappali egyben dolgoz\u00f3szoba, az \u00e9tkez\u0151 pedig a konyha r\u00e9sze. A tr\u00fckk az, hogy vizu\u00e1lisan k\u00fcl\u00f6n\u00edtsd el ezeket a z\u00f3n\u00e1kat, an\u00e9lk\u00fcl, hogy falakat h\u00fazn\u00e1l fel. Ezt megteheted egy sz\u0151nyeggel, ami kijel\u00f6li a nappali &#8220;hat\u00e1rait&#8221;. Vagy egy nyitott polcrendszerrel, ami elv\u00e1lasztja az alv\u00f3- \u00e9s a lak\u00f3teret, mik\u00f6zben nem z\u00e1rja le a f\u00e9nyt. Gondolkodj b\u00fatorcsoportokban! A kanap\u00e9, a doh\u00e1nyz\u00f3asztal \u00e9s a fotel alkosson egy egys\u00e9get. Az \u00edr\u00f3asztal a sz\u00e9kkel \u00e9s egy fali polccal egy m\u00e1sikat. A <b>kis garzonlak\u00e1s berendez\u00e9si \u00f6tletek<\/b> l\u00e9nyege, hogy ezek a z\u00f3n\u00e1k logikusan kapcsol\u00f3djanak egym\u00e1shoz, de m\u00e9gis \u00e9rezhet\u0151 legyen a funkcion\u00e1lis elk\u00fcl\u00f6n\u00fcl\u00e9s. A <b>kis lak\u00e1sok praktikus berendez\u00e9se<\/b> azt is jelenti, hogy a k\u00f6zleked\u00e9si \u00fatvonalakat szabadon hagyod. Senki sem szeret b\u00fatorokat ker\u00fclgetni. Tervezz logikus \u00fatvonalakat az ajt\u00f3t\u00f3l az ablakig, a konyh\u00e1t\u00f3l a kanap\u00e9ig. \u00cdgy a t\u00e9r sokkal rendezettebbnek \u00e9s t\u00e1gasabbnak hat.<\/p>\n<h2>Multifunkcion\u00e1lis b\u00fatorok: A kis terek titkos fegyverei<\/h2>\n<p>Itt j\u00f6n a l\u00e9nyeg. Ha csak egy dolgot jegyzel meg ebb\u0151l a cikkb\u0151l, az ez legyen: a <b>multifunkcion\u00e1lis b\u00fatorok kis lak\u00e1sokba<\/b> jelenti a megv\u00e1lt\u00e1st. Ezek azok a zseni\u00e1lis darabok, amelyek t\u00f6bb szerepet is bet\u00f6ltenek, \u00edgy \u00e9rt\u00e9kes helyet sp\u00f3rolnak neked. A <b>helytakar\u00e9kos b\u00fatorok kis terekbe<\/b> nem jelentenek kompromisszumot a k\u00e9nyelem vagy a st\u00edlus ter\u00e9n; s\u0151t, gyakran a leginnovat\u00edvabb design megold\u00e1sokat k\u00e9pviselik. Az ilyen <b>ergonomikus b\u00fatorok kis terekre<\/b> val\u00f3 tervez\u00e9sekor a f\u00f3kusz a maxim\u00e1lis kihaszn\u00e1lhat\u00f3s\u00e1gon van. Egy j\u00f3 multifunkcion\u00e1lis b\u00fator a legjobb bar\u00e1tod lesz, amikor a <b>kis lak\u00e1sok praktikus berendez\u00e9se<\/b> a c\u00e9l.<\/p>\n<h3>Kanap\u00e9\u00e1gyak \u00e9s kih\u00fazhat\u00f3 asztalok: Dupla funkci\u00f3, dupla \u00e9rt\u00e9k<\/h3>\n<p>A kanap\u00e9\u00e1gy a kis lak\u00e1sok Szent Gr\u00e1lja. Napk\u00f6zben k\u00e9nyelmes \u00fcl\u0151hely, \u00e9jjel pedig teljes \u00e9rt\u00e9k\u0171 \u00e1gy. A mai modellek m\u00e1r k\u00f6sz\u00f6n\u0151viszonyban sincsenek a nyolcvanas \u00e9vek nyikorg\u00f3, k\u00e9nyelmetlen sz\u00f6rnyetegeivel. Modern, st\u00edlusos darabokat kaphatsz, amelyek \u00e1gynem\u0171tart\u00f3val is rendelkeznek. Zseni\u00e1lis. Azt\u00e1n ott van a <b>kih\u00fazhat\u00f3 asztal kis konyh\u00e1ba<\/b> vagy nappaliba. Alaphelyzetben egy kompakt, k\u00e9tf\u0151s asztal, de ha vend\u00e9gek j\u00f6nnek, pillanatok alatt egy hatf\u0151s vacsora helysz\u00edn\u00e9v\u00e9 alak\u00edthat\u00f3. Ezek a b\u00fatorok a <b>kis lak\u00e1sok praktikus berendez\u00e9se<\/b> alf\u00e1i \u00e9s omeg\u00e1i, mert lehet\u0151v\u00e9 teszik, hogy a teret az aktu\u00e1lis ig\u00e9nyeidhez igaz\u00edtsd. Manaps\u00e1g m\u00e1r nem kell kompromisszumot k\u00f6tn\u00f6d a diz\u00e1jn \u00e9s a funkcionalit\u00e1s k\u00f6z\u00f6tt. Sz\u00e1mos helyen tal\u00e1lsz gy\u00f6ny\u00f6r\u0171 \u00e9s okos b\u00fatorokat, \u00e9rdemes k\u00f6r\u00fcln\u00e9zni p\u00e9ld\u00e1ul egy olyan \u00fczletben, mint a <a href=\"https:\/\/worldpoint.eu\/hu\/beliani-butorbolt-budapest\/\">Beliani b\u00fatorbolt Budapest<\/a> sz\u00edv\u00e9ben, ahol a st\u00edlusos, multifunkcion\u00e1lis darabok sz\u00e9les v\u00e1laszt\u00e9k\u00e1t k\u00edn\u00e1lj\u00e1k.<\/p>\n<h3>Rejtett t\u00e1rol\u00f3k \u00e9s modul\u00e1ris rendszerek<\/h3>\n<p>A <b>t\u00e1rol\u00e1si megold\u00e1sok kis lak\u00e1sokba<\/b> kulcsfontoss\u00e1g\u00faak. Keress olyan b\u00fatorokat, amelyek rejtett t\u00e1rol\u00f3kat k\u00edn\u00e1lnak! Egy puff, aminek a tetej\u00e9t felnyitva takar\u00f3kat rejthetsz el. Egy doh\u00e1nyz\u00f3asztal, fi\u00f3kokkal a t\u00e1vir\u00e1ny\u00edt\u00f3knak \u00e9s magazinoknak. Egy \u00e1gykeret, hatalmas be\u00e9p\u00edtett t\u00e1rol\u00f3kkal. Minden ilyen megold\u00e1s aranyat \u00e9r. A modul\u00e1ris rendszerek szint\u00e9n nagyszer\u0171ek. Olyan polcokat \u00e9s szekr\u00e9nyeket vehetsz, amelyeket a saj\u00e1t ig\u00e9nyeid szerint vari\u00e1lhatsz \u00e9s b\u0151v\u00edthetsz. Ahogy v\u00e1ltozik az \u00e9leted, \u00fagy alak\u00edthatod a b\u00fatoraidat is. A <b>leg\u00fajabb trendek kis lak\u00e1sok berendez\u00e9s\u00e9ben<\/b> egyre ink\u00e1bb a rugalmass\u00e1g \u00e9s a szem\u00e9lyre szabhat\u00f3s\u00e1g fel\u00e9 mutatnak. A <b>kis lak\u00e1sok praktikus berendez\u00e9se<\/b> arr\u00f3l is sz\u00f3l, hogy a b\u00fatorok szolg\u00e1ljanak t\u00e9ged, \u00e9s ne ford\u00edtva.<\/p>\n<h2>T\u00e1rol\u00e1si megold\u00e1sok okosan: Minden n\u00e9gyzetm\u00e9ter sz\u00e1m\u00edt<\/h2>\n<p>Rend a lelke mindennek. \u00c9s egy kis lak\u00e1sban ez hatv\u00e1nyozottan igaz. Ha minden szanasz\u00e9t hever, a t\u00e9r azonnal sz\u0171k\u00f6snek \u00e9s kaotikusnak t\u0171nik. A <b>kis lak\u00e1sok praktikus berendez\u00e9se<\/b> teh\u00e1t egyet jelent a tudatos \u00e9s kreat\u00edv t\u00e1rol\u00e1ssal. A c\u00e9l, hogy mindennek legyen helye, de a lak\u00e1s m\u00e9gse n\u00e9zzen ki egy rakt\u00e1rnak.<\/p>\n<h3>F\u00fcgg\u0151leges terek kihaszn\u00e1l\u00e1sa: Polcok, falra szerelhet\u0151 egys\u00e9gek<\/h3>\n<p>Ne csak a padl\u00f3ban gondolkodj! A falak a legjobb bar\u00e1taid. Haszn\u00e1ld ki a f\u00fcgg\u0151leges teret! A padl\u00f3t\u00f3l a plafonig \u00e9r\u0151 polcrendszerek rengeteg t\u00e1rol\u00f3helyet biztos\u00edtanak, mik\u00f6zben felfel\u00e9 ny\u00fajtj\u00e1k a teret. Lebeg\u0151 polcok, falra szerelhet\u0151 szekr\u00e9nyek, fali rendszerez\u0151k \u2013 ezek mind felszabad\u00edtj\u00e1k a padl\u00f3t, \u00e9s szell\u0151sebb\u00e9 teszik a szob\u00e1t. A <b>kis lak\u00e1sok praktikus berendez\u00e9se<\/b> sor\u00e1n gondolj a magass\u00e1gra, mint egy kiakn\u00e1zatlan er\u0151forr\u00e1sra. Egy magas, keskeny szekr\u00e9ny sokkal kevesebb helyet foglal, mint egy alacsony, sz\u00e9les kom\u00f3d, m\u00e9gis ugyanannyi holmit elnyel.<\/p>\n<h3>Be\u00e9p\u00edtett szekr\u00e9nyek \u00e9s egyedi b\u00fatorok<\/h3>\n<p>Ha a k\u00f6lts\u00e9gvet\u00e9sed engedi, a <b>be\u00e9p\u00edtett szekr\u00e9nyek kis lak\u00e1sokba<\/b> jelentik a t\u00f6k\u00e9letes megold\u00e1st. Ezek millim\u00e9terre pontosan illeszkednek a rendelkez\u00e9sre \u00e1ll\u00f3 helyre, kihaszn\u00e1lva minden zegzugot. Egy be\u00e9p\u00edtett szekr\u00e9ny belesimul a falba, nem t\u00f6ri meg a teret, \u00e9s a bels\u0151 elrendez\u00e9s\u00e9t teljesen a te ig\u00e9nyeidre szabhatod. Az <b>egyedi b\u00fatorok gy\u00e1rt\u00e1sa kis lak\u00e1sokba<\/b> szint\u00e9n remek opci\u00f3, ha van egy furcsa alak\u00fa sarkod, vagy egy konkr\u00e9t elk\u00e9pzel\u00e9sed. Egy j\u00f3 asztalos csod\u00e1kra k\u00e9pes, \u00e9s olyan megold\u00e1sokat hozhat l\u00e9tre, amelyek maximaliz\u00e1lj\u00e1k a helykihaszn\u00e1l\u00e1st. A <b>kis lak\u00e1s fel\u00faj\u00edt\u00e1si tippek berendez\u00e9ssel<\/b> gyakran kezd\u0151dnek egy j\u00f3l megtervezett be\u00e9p\u00edtett b\u00fatorral.<\/p>\n<h3>Kreat\u00edv t\u00e1rol\u00f3 \u00f6tletek a mindennapokban<\/h3>\n<p>N\u00e9ha a legegyszer\u0171bb \u00f6tletek a legjobbak. Haszn\u00e1ld ki az \u00e1gy alatti helyet! Lapos, g\u00f6rg\u0151s t\u00e1rol\u00f3dobozokban tarthatsz itt szezon\u00e1lis ruh\u00e1kat vagy \u00e1gynem\u0171t. Szerelj f\u0171szertart\u00f3 polcot a konyhaszekr\u00e9ny ajtaj\u00e1nak bels\u0151 fel\u00e9re! Haszn\u00e1lj m\u00e1gneses k\u00e9start\u00f3t a falon! A <b>kis lak\u00e1sok praktikus berendez\u00e9se<\/b> a kreativit\u00e1sr\u00f3l is sz\u00f3l. A <b>kis lak\u00e1s praktikus berendez\u00e9se tippek<\/b> k\u00f6z\u00f6tt szerepelnek az ajt\u00f3ra akaszthat\u00f3 t\u00e1rol\u00f3k is, amelyek t\u00f6k\u00e9letesek cip\u0151knek, tiszt\u00edt\u00f3szereknek vagy f\u00fcrd\u0151szobai apr\u00f3s\u00e1goknak.<\/p>\n<h2>A berendez\u00e9s szob\u00e1r\u00f3l szob\u00e1ra: Inspir\u00e1ci\u00f3k \u00e9s tippek<\/h2>\n<p>Most, hogy \u00e1tvett\u00fck az alapokat, n\u00e9zz\u00fck meg, hogyan alkalmazhatod ezeket a tippeket a lak\u00e1s k\u00fcl\u00f6nb\u00f6z\u0151 helyis\u00e9geiben. A <b>kis lak\u00e1sok praktikus berendez\u00e9se<\/b> minden szob\u00e1ban m\u00e1s kih\u00edv\u00e1sokat tartogat, de a c\u00e9l ugyanaz: a funkcionalit\u00e1s \u00e9s a st\u00edlusos k\u00e9nyelem megteremt\u00e9se.<\/p>\n<h3>Nappali: K\u00e9nyelem \u00e9s funkcionalit\u00e1s kis helyen<\/h3>\n<p>A nappali a lak\u00e1s sz\u00edve. V\u00e1lassz &#8220;l\u00e1bakon \u00e1ll\u00f3&#8221; b\u00fatorokat, mint p\u00e9ld\u00e1ul egy kanap\u00e9t vagy egy kom\u00f3dot, amelyek alatt l\u00e1tszik a padl\u00f3. Ez a kis tr\u00fckk t\u00e1gasabbnak mutatja a teret. Egy \u00e1tl\u00e1tsz\u00f3 doh\u00e1nyz\u00f3asztal (\u00fcvegb\u0151l vagy akrilb\u00f3l) szinte \u00e9szrev\u00e9tlen, nem terheli a szemet. A <b>modern kis lak\u00e1s design \u00f6tletek<\/b> gyakran \u00e9p\u00edtenek a k\u00f6nnyed, l\u00e9gies b\u00fatorokra. Ha kell egy \u00edr\u00f3asztal is, v\u00e1lassz egy falra szerelhet\u0151, lehajthat\u00f3 modellt, amit haszn\u00e1laton k\u00edv\u00fcl egyszer\u0171en felcsukhatsz. A <b>kis lak\u00e1sok praktikus berendez\u00e9se<\/b> a nappaliban a t\u00f6bbfunkci\u00f3s k\u00f6zpont l\u00e9trehoz\u00e1s\u00e1r\u00f3l sz\u00f3l.<\/p>\n<h3>H\u00e1l\u00f3szoba: Nyugalom \u00e9s rendezetts\u00e9g kompakt m\u00e9retben<\/h3>\n<p>A <b>kis h\u00e1l\u00f3szoba maxim\u00e1lis kihaszn\u00e1l\u00e1sa<\/b> \u00e9rdek\u00e9ben gondolkodj vertik\u00e1lisan. Egy gal\u00e9ria\u00e1gy megdupl\u00e1zza a rendelkez\u00e9sre \u00e1ll\u00f3 teret: alatta elf\u00e9r egy \u00edr\u00f3asztal, egy gardr\u00f3b vagy ak\u00e1r egy kis kanap\u00e9. A <b>gal\u00e9ria\u00e1gy kis lak\u00e1sba el\u0151nyei<\/b> vitathatatlanok. Ha a gal\u00e9ria\u00e1gy nem opci\u00f3, v\u00e1lassz magas\u00edtott \u00e1gykeretet be\u00e9p\u00edtett t\u00e1rol\u00f3kkal. A hagyom\u00e1nyos \u00e9jjeliszekr\u00e9nyek helyett haszn\u00e1lj falra szerelt polcokat vagy lebeg\u0151 fi\u00f3kokat. Ez felszabad\u00edtja a padl\u00f3t \u00e9s megk\u00f6nny\u00edti a takar\u00edt\u00e1st. A <b>kis lak\u00e1sok praktikus berendez\u00e9se<\/b> a h\u00e1l\u00f3ban a nyugodt, zs\u00fafolts\u00e1gmentes k\u00f6rnyezet megteremt\u00e9s\u00e9t c\u00e9lozza.<\/p>\n<h3>Konyha \u00e9s \u00e9tkez\u0151: Praktikus megold\u00e1sok a f\u0151z\u00e9shez<\/h3>\n<p>A <b>kompakt konyha berendez\u00e9s inspir\u00e1ci\u00f3k<\/b> t\u00e1rh\u00e1za v\u00e9gtelen. Haszn\u00e1lj fali s\u00edneket \u00e9s kamp\u00f3kat a konyhai eszk\u00f6z\u00f6k t\u00e1rol\u00e1s\u00e1ra. Egy falra szerelhet\u0151, lehajthat\u00f3 asztal t\u00f6k\u00e9letes \u00e9tkez\u0151k\u00e9nt funkcion\u00e1lhat. A sarokszekr\u00e9nyekbe szerelj kih\u00fazhat\u00f3, &#8220;vese&#8221; alak\u00fa polcokat, hogy a h\u00e1ts\u00f3 r\u00e9szeket is k\u00f6nnyed\u00e9n el\u00e9rd. A <b>kis lak\u00e1sok praktikus berendez\u00e9se<\/b> a konyh\u00e1ban a munkafolyamatok optimaliz\u00e1l\u00e1s\u00e1r\u00f3l \u00e9s a hat\u00e9kony helykihaszn\u00e1l\u00e1sr\u00f3l sz\u00f3l. Ne feledd, az <b>olcs\u00f3 \u00e9s praktikus lakberendez\u00e9s<\/b> itt is lehets\u00e9ges: egy egyszer\u0171 fali r\u00e1cs akaszt\u00f3kkal csod\u00e1kra k\u00e9pes.<\/p>\n<h3>F\u00fcrd\u0151szoba \u00e9s el\u0151szoba: A rendszerez\u00e9s m\u0171v\u00e9szete<\/h3>\n<p>Az <b>okos t\u00e1rol\u00e1s kis f\u00fcrd\u0151szob\u00e1ban<\/b> elengedhetetlen. Haszn\u00e1ld ki a WC feletti falfel\u00fcletet egy polccal vagy egy keskeny szekr\u00e9nnyel. A t\u00fckr\u00f6s szekr\u00e9ny dupla hasznot hoz: t\u00fck\u00f6r \u00e9s t\u00e1rol\u00f3 egyben. A <b>kis el\u0151szoba berendez\u00e9si fort\u00e9lyok<\/b> k\u00f6z\u00e9 tartozik egy keskeny cip\u0151sszekr\u00e9ny, aminek a tetej\u00e9re lepakolhatod a kulcsaidat, \u00e9s egy nagy t\u00fck\u00f6r, ami indul\u00e1s el\u0151tt j\u00f3l j\u00f6n, \u00e9s m\u00e9g a teret is n\u00f6veli. A <b>kis lak\u00e1sok praktikus berendez\u00e9se<\/b> ezekben a gyakran elhanyagolt terekben is rendk\u00edv\u00fcl fontos.<\/p>\n<h2>A kis lak\u00e1s berendez\u00e9se \u00e9s a szem\u00e9lyes st\u00edlus<\/h2>\n<p>A praktikum fontos, de az otthonodnak r\u00f3lad kell sz\u00f3lnia. A <b>kis lak\u00e1sok praktikus berendez\u00e9se<\/b> nem jelenti azt, hogy le kell mondanod a szem\u00e9lyis\u00e9gedr\u0151l. S\u0151t! A tudatosan megv\u00e1lasztott darabok sokkal t\u00f6bbet el\u00e1rulnak r\u00f3lad, mint egy hatalmas, de jellegtelen t\u00e9r. Az <b>inspir\u00e1ci\u00f3k kis lak\u00e1sok otthonoss\u00e1 t\u00e9tel\u00e9hez<\/b> seg\u00edtenek megtal\u00e1lni a saj\u00e1t hangodat.<\/p>\n<h3>Dekor\u00e1ci\u00f3 \u00e9s kieg\u00e9sz\u00edt\u0151k: Hogyan ne terheld t\u00fal a teret?<\/h3>\n<p>A <b>dekor\u00e1ci\u00f3 kis lak\u00e1sokba tippek<\/b> kulcsszava a &#8220;kevesebb t\u00f6bb&#8221;. Ahelyett, hogy telezs\u00fafoln\u00e1d a polcokat apr\u00f3 csecsebecs\u00e9kkel, v\u00e1lassz n\u00e9h\u00e1ny nagyobb, hangs\u00falyos darabot. Egyetlen nagym\u00e9ret\u0171 festm\u00e9ny sokkal jobban mutat, mint t\u00edz kicsi. A d\u00edszp\u00e1rn\u00e1k, takar\u00f3k \u00e9s sz\u0151nyegek nagyszer\u0171en visznek be sz\u00ednt \u00e9s text\u00far\u00e1t a t\u00e9rbe an\u00e9lk\u00fcl, hogy helyet foglaln\u00e1nak. A <b>kis lak\u00e1sok praktikus berendez\u00e9se<\/b> a dekor\u00e1ci\u00f3 ter\u00e9n is a tudatoss\u00e1got ig\u00e9nyli. Minden t\u00e1rgynak legyen funkci\u00f3ja vagy er\u0151s eszt\u00e9tikai \u00e9rt\u00e9ke.<\/p>\n<h3>N\u00f6v\u00e9nyek \u00e9s term\u00e9szetes elemek be\u00e9p\u00edt\u00e9se<\/h3>\n<p>A n\u00f6v\u00e9nyek \u00e9letet \u00e9s frissess\u00e9get hoznak a legkisebb lak\u00e1sba is. V\u00e1lassz f\u00fcgg\u0151 n\u00f6v\u00e9nyeket, vagy helyezz cserepeket a magas polcokra, hogy ne a padl\u00f3n foglalj\u00e1k a helyet. A term\u00e9szetes anyagok, mint a fa, a len vagy a gyapj\u00fa, melegs\u00e9get \u00e9s otthonoss\u00e1got sug\u00e1roznak. A <b>kis lak\u00e1sok praktikus berendez\u00e9se<\/b> nem csak b\u00fatorokr\u00f3l sz\u00f3l, hanem a hangulatteremt\u00e9sr\u0151l is.<\/p>\n<h2>\u00d6sszefoglal\u00e1s: A kis lak\u00e1s nagy lehet\u0151s\u00e9gei<\/h2>\n<p>L\u00e1thatod, a <b>kis lak\u00e1sok praktikus berendez\u00e9se<\/b> nem egy lehetetlen k\u00fcldet\u00e9s. Ink\u00e1bb egy izgalmas kreat\u00edv kih\u00edv\u00e1s. A kulcs a tudatos tervez\u00e9s, a multifunkci\u00f3s b\u00fatorok okos haszn\u00e1lata \u00e9s a f\u00fcgg\u0151leges terek kiakn\u00e1z\u00e1sa. Ne f\u00e9lj k\u00eds\u00e9rletezni, \u00e9s ne feledd, hogy az otthonod a te szem\u00e9lyes szent\u00e9lyed, m\u00e9rett\u0151l f\u00fcggetlen\u00fcl. A megfelel\u0151 hozz\u00e1\u00e1ll\u00e1ssal \u00e9s n\u00e9h\u00e1ny okos tr\u00fckkel a legapr\u00f3bb garzon is lehet t\u00e1gas, st\u00edlusos \u00e9s v\u00e9gtelen\u00fcl k\u00e9nyelmes. A <b>kis lak\u00e1sok praktikus berendez\u00e9se<\/b> v\u00e9gs\u0151 soron arr\u00f3l sz\u00f3l, hogy olyan teret hozz l\u00e9tre, ahol igaz\u00e1n j\u00f3l \u00e9rzed magad. \u00c9s ez a legfontosabb.<\/p>\n","protected":false},"excerpt":{"rendered":"<p>Az els\u0151 alb\u00e9rletem egy 30 n\u00e9gyzetm\u00e9teres csoda volt. Vagy ink\u00e1bb katasztr\u00f3fa. Egyetlen szoba, aminek egyszerre kellett volna nappalinak, h\u00e1l\u00f3szob\u00e1nak, irod\u00e1nak \u00e9s n\u00e9ha m\u00e9g edz\u0151teremnek is lennie. Eml\u00e9kszem a frusztr\u00e1ci\u00f3ra, amikor minden reggel \u00e1t kellett l\u00e9pnem a doh\u00e1nyz\u00f3asztalt, hogy egy\u00e1ltal\u00e1n kinyissam a szekr\u00e9nyt. A kis lak\u00e1sok praktikus berendez\u00e9se akkoriban sz\u00e1momra egy megoldhatatlan rejtv\u00e9nynek t\u0171nt. De nem [&hellip;]<\/p>\n","protected":false},"author":2,"featured_media":495,"comment_status":"closed","ping_status":"","sticky":false,"template":"","format":"standard","meta":{"footnotes":""},"categories":[3,9],"tags":[],"class_list":["post-494","post","type-post","status-publish","format-standard","has-post-thumbnail","hentry","category-ingatlan","category-zzz"],"_links":{"self":[{"href":"https:\/\/worldpoint.eu\/hu\/wp-json\/wp\/v2\/posts\/494","targetHints":{"allow":["GET"]}}],"collection":[{"href":"https:\/\/worldpoint.eu\/hu\/wp-json\/wp\/v2\/posts"}],"about":[{"href":"https:\/\/worldpoint.eu\/hu\/wp-json\/wp\/v2\/types\/post"}],"author":[{"embeddable":true,"href":"https:\/\/worldpoint.eu\/hu\/wp-json\/wp\/v2\/users\/2"}],"replies":[{"embeddable":true,"href":"https:\/\/worldpoint.eu\/hu\/wp-json\/wp\/v2\/comments?post=494"}],"version-history":[{"count":1,"href":"https:\/\/worldpoint.eu\/hu\/wp-json\/wp\/v2\/posts\/494\/revisions"}],"predecessor-version":[{"id":496,"href":"https:\/\/worldpoint.eu\/hu\/wp-json\/wp\/v2\/posts\/494\/revisions\/496"}],"wp:featuredmedia":[{"embeddable":true,"href":"https:\/\/worldpoint.eu\/hu\/wp-json\/wp\/v2\/media\/495"}],"wp:attachment":[{"href":"https:\/\/worldpoint.eu\/hu\/wp-json\/wp\/v2\/media?parent=494"}],"wp:term":[{"taxonomy":"category","embeddable":true,"href":"https:\/\/worldpoint.eu\/hu\/wp-json\/wp\/v2\/categories?post=494"},{"taxonomy":"post_tag","embeddable":true,"href":"https:\/\/worldpoint.eu\/hu\/wp-json\/wp\/v2\/tags?post=494"}],"curies":[{"name":"wp","href":"https:\/\/api.w.org\/{rel}","templated":true}]}}