{"id":455,"date":"2025-10-21T13:29:16","date_gmt":"2025-10-21T11:29:16","guid":{"rendered":"https:\/\/worldpoint.eu\/hu\/autoipari-vezeto-kepzes-reformja\/"},"modified":"2025-10-21T13:29:20","modified_gmt":"2025-10-21T11:29:20","slug":"autoipari-vezeto-kepzes-reformja","status":"publish","type":"post","link":"https:\/\/worldpoint.eu\/hu\/autoipari-vezeto-kepzes-reformja\/","title":{"rendered":"Aut\u00f3ipari vezet\u0151i k\u00e9pz\u00e9s reformja &#8211; A J\u00f6v\u0151 Kompetenci\u00e1i"},"content":{"rendered":"<p>\u0150szint\u00e9n sz\u00f3lva, n\u00e9ha \u00fagy \u00e9rzem, az aut\u00f3ipar gyorsabban v\u00e1ltozik, mint ahogy egy Forma-1-es csapat kereket cser\u00e9l. P\u00e1r \u00e9ve m\u00e9g a hengerek sz\u00e1m\u00e1r\u00f3l \u00e9s a l\u00f3er\u0151r\u0151l folyt a vita a szakmai konferenci\u00e1kon, ma pedig m\u00e1r a szoftverfriss\u00edt\u00e9sekr\u0151l, a kiberbiztons\u00e1gr\u00f3l \u00e9s az ell\u00e1t\u00e1si l\u00e1ncok etikus m\u0171k\u00f6d\u00e9s\u00e9r\u0151l. Ez a brut\u00e1lis temp\u00f3 teszi elker\u00fclhetetlenn\u00e9 \u00e9s s\u00fcrget\u0151v\u00e9 az <strong>Aut\u00f3ipari vezet\u0151i k\u00e9pz\u00e9s reformja<\/strong> k\u00e9rd\u00e9sk\u00f6r\u00e9t. Nem csup\u00e1n egy finomhangol\u00e1sr\u00f3l van sz\u00f3, hanem egy teljes paradigmav\u00e1lt\u00e1sr\u00f3l. Egy olyan v\u00e1lt\u00e1sr\u00f3l, ami n\u00e9lk\u00fcl a legnagyobb, legpatin\u00e1sabb v\u00e1llalatok is k\u00f6nnyen a t\u00f6rt\u00e9nelem roncstelep\u00e9n v\u00e9gezhetik. A r\u00e9gi t\u00e9rk\u00e9pek m\u00e1r nem m\u0171k\u00f6dnek. \u00daj navig\u00e1ci\u00f3s rendszerre van sz\u00fcks\u00e9g, \u00e9s ennek az alapja a vezet\u0151k felk\u00e9sz\u00edt\u00e9se a holnap kih\u00edv\u00e1saira, amihez az <strong>Aut\u00f3ipari vezet\u0151i k\u00e9pz\u00e9s reformja<\/strong> adja a kulcsot.<\/p>\n<h2>Az Aut\u00f3ipar \u00c1talakul\u00e1sa: Mi\u00e9rt S\u00fcrget\u0151 a Vezet\u0151i K\u00e9pz\u00e9s Reformja?<\/h2>\n<p>A helyzet dr\u00e1mai. A bels\u0151 \u00e9g\u00e9s\u0171 motorok \u00e9vsz\u00e1zados egyeduralm\u00e1t felv\u00e1ltja az elektrifik\u00e1ci\u00f3, a j\u00e1rm\u0171vek gurul\u00f3 sz\u00e1m\u00edt\u00f3g\u00e9pekk\u00e9 v\u00e1lnak, a gy\u00e1rt\u00e1si folyamatokat pedig az Ipar 4.0 \u00e9s a mesters\u00e9ges intelligencia \u00edrja \u00fajra. Ebben a viharos k\u00f6rnyezetben egy vezet\u0151 m\u00e1r nem engedheti meg mag\u00e1nak, hogy csup\u00e1n a termel\u00e9si riportokat \u00e9s a negyed\u00e9ves p\u00e9nz\u00fcgyi adatokat b\u00f6ng\u00e9ssze. Ez\u00e9rt kritikus az <strong>Aut\u00f3ipari vezet\u0151i k\u00e9pz\u00e9s reformja<\/strong>. Sokkal t\u00f6bb kell. Strat\u00e9giai j\u00f6v\u0151k\u00e9p, technol\u00f3giai affinit\u00e1s \u00e9s emberk\u00f6zpont\u00fa vezet\u00e9s. A k\u00e9rd\u00e9s nem az, hogy sz\u00fcks\u00e9g van-e az \u00e1talak\u00edt\u00e1sra, hanem az, hogy ki lesz el\u00e9g b\u00e1tor \u00e9s gyors ahhoz, hogy megl\u00e9pje. Aki lemarad, az kimarad. Ilyen egyszer\u0171.<\/p>\n<h3>A Digit\u00e1lis Forradalom \u00e9s az \u00daj Kih\u00edv\u00e1sok<\/h3>\n<p>Gondoljunk csak bele: az aut\u00f3 ma m\u00e1r egy adatplatform. Adatokat gy\u0171jt, elemez, \u00e9s kommunik\u00e1l m\u00e1s eszk\u00f6z\u00f6kkel. Ez a <strong>digit\u00e1lis transzform\u00e1ci\u00f3 az aut\u00f3ipari vezet\u0151k\u00e9pz\u00e9sben<\/strong> is gy\u00f6keres v\u00e1ltoz\u00e1sokat k\u00f6vetel. A vezet\u0151knek \u00e9rteni\u00fck kell az adatvagyonban rejl\u0151 lehet\u0151s\u00e9geket, a szoftverfejleszt\u00e9si ciklusokat \u00e9s a felhaszn\u00e1l\u00f3i \u00e9lm\u00e9ny (UX) fontoss\u00e1g\u00e1t. Ez egy teljesen m\u00e1s vil\u00e1g, mint a hegeszt\u0151robotok programoz\u00e1sa. Olyan, mintha egy haj\u00f3skapit\u00e1nynak hirtelen egy \u0171rhaj\u00f3t kellene ir\u00e1ny\u00edtania. A fizikai t\u00f6rv\u00e9nyek egy r\u00e9sze hasonl\u00f3, de az eszk\u00f6z\u00f6k, a k\u00f6rnyezet \u00e9s a kock\u00e1zatok teljesen m\u00e1sok. Az <strong>Aut\u00f3ipari vezet\u0151i k\u00e9pz\u00e9s reformja<\/strong> seg\u00edt \u00e1thidalni ezt a szakad\u00e9kot. A digit\u00e1lis forradalom nem v\u00e1r senkire, \u00e9s a sikeres menedzsmenthez elengedhetetlen a folyamatos tanul\u00e1s. Ez a v\u00e1ltoz\u00e1s nem csup\u00e1n egy projekt, hanem egy \u00faj m\u0171k\u00f6d\u00e9si kult\u00fara, amelynek k\u00f6z\u00e9ppontj\u00e1ban az agilit\u00e1s \u00e9s az innov\u00e1ci\u00f3 \u00e1ll. Ez\u00e9rt az <strong>aut\u00f3ipari vezet\u0151i k\u00e9pz\u00e9s moderniz\u00e1l\u00e1sa<\/strong> nem egy opci\u00f3, hanem a t\u00fal\u00e9l\u00e9s z\u00e1loga.<\/p>\n<h3>A K\u00e9szs\u00e9gbeli Szakad\u00e9k: Hi\u00e1nyz\u00f3 Kompetenci\u00e1k<\/h3>\n<p>A legnagyobb probl\u00e9ma, amit szem\u00e9lyesen is l\u00e1tok, az a k\u00e9szs\u00e9gbeli szakad\u00e9k. Vannak a brili\u00e1ns, tapasztalt, &#8220;olajszag\u00fa&#8221; vezet\u0151k, akik minden porcik\u00e1j\u00e1t ismerik a gy\u00e1rt\u00f3soroknak, \u00e9s vannak a fiatal, digit\u00e1lis bennsz\u00fcl\u00f6tt tehets\u00e9gek, akik a k\u00f3dsorok k\u00f6z\u00f6tt \u00e9rzik magukat otthon. A kett\u0151 k\u00f6z\u00f6tt t\u00e1tong\u00f3 \u0171r pedig egyre csak n\u0151. Az <strong>Aut\u00f3ipari vezet\u0151i k\u00e9pz\u00e9s reformja<\/strong> pontosan ezt a szakad\u00e9kot hivatott bet\u00f6lteni. Sz\u00fcks\u00e9g van olyan vezet\u0151kre, akik mindk\u00e9t nyelven besz\u00e9lnek. Akik \u00e9rtik a szil\u00edcium-v\u00f6lgyi startupok gondolkod\u00e1sm\u00f3dj\u00e1t, de tiszt\u00e1ban vannak egy glob\u00e1lis gy\u00e1rt\u00f3h\u00e1l\u00f3zat komplexit\u00e1s\u00e1val is. Az <strong>ipar 4.0 kompetenci\u00e1k aut\u00f3ipari vezet\u0151k sz\u00e1m\u00e1ra<\/strong> ma m\u00e1r nem luxus, hanem alapk\u00f6vetelm\u00e9ny. A jelenlegi k\u00e9pz\u00e9si programok sajnos gyakran elavultak, \u00e9s nem k\u00e9sz\u00edtik fel a menedzsereket a val\u00f3s, mai kih\u00edv\u00e1sokra. Ez\u00e9rt kulcsfontoss\u00e1g\u00fa az <strong>Aut\u00f3ipari vezet\u0151i k\u00e9pz\u00e9s reformja<\/strong>.<\/p>\n<h2>Kulcsfontoss\u00e1g\u00fa Ter\u00fcletek az Aut\u00f3ipari Vezet\u0151i K\u00e9pz\u00e9s Meg\u00faj\u00edt\u00e1s\u00e1ban<\/h2>\n<p>Na de mir\u0151l is besz\u00e9l\u00fcnk, amikor azt mondjuk, reform? Nem el\u00e9g n\u00e9h\u00e1ny \u00faj di\u00e1t betenni a r\u00e9gi PowerPoint prezent\u00e1ci\u00f3ba. Teljesen \u00fajra kell gondolni a tartalmat, a m\u00f3dszertant \u00e9s a c\u00e9lt. Az <strong>Aut\u00f3ipari vezet\u0151i k\u00e9pz\u00e9s reformja<\/strong> egy t\u00f6bbl\u00e9pcs\u0151s folyamat, amelynek f\u00f3kusz\u00e1ban az \u00faj kompetenci\u00e1k \u00e1llnak. A c\u00e9l egy olyan vezet\u0151i g\u00e1rda kinevel\u00e9se, amely nemcsak reag\u00e1lni tud a v\u00e1ltoz\u00e1sokra, hanem proakt\u00edvan alak\u00edtja is azokat.<\/p>\n<h3>A Technol\u00f3giai Tudatoss\u00e1g Fejleszt\u00e9se<\/h3>\n<p>Nem, a vez\u00e9rigazgat\u00f3nak nem kell megtanulnia Pythonban programozni. Ezt felejts\u00fck el. De azt pontosan kell \u00e9rtenie, hogy a technol\u00f3gia hogyan alak\u00edtja \u00e1t a piacot, a term\u00e9ket \u00e9s a v\u00e1s\u00e1rl\u00f3i szok\u00e1sokat. Az <strong>Aut\u00f3ipari vezet\u0151i k\u00e9pz\u00e9s reformja<\/strong> egyik sarokk\u00f6ve a technol\u00f3giai j\u00e1rtass\u00e1g, nem a szak\u00e9rt\u0151i tud\u00e1s. Ismernie kell a kulcsfogalmakat, \u00e9rtenie kell a trendeket, \u00e9s k\u00e9pesnek kell lennie arra, hogy a technol\u00f3giai szakemberekkel \u00e9rdemi, strat\u00e9giai p\u00e1rbesz\u00e9det folytasson.<\/p>\n<h4>Mesters\u00e9ges Intelligencia \u00e9s Adatalap\u00fa D\u00f6nt\u00e9shozatal<\/h4>\n<p>A mesters\u00e9ges intelligencia (MI) m\u00e1r r\u00e9g nem sci-fi. Itt van vel\u00fcnk a mindennapokban, a gy\u00e1rt\u00f3sorokt\u00f3l a marketingig. Az adatalap\u00fa d\u00f6nt\u00e9shozatal pedig felv\u00e1ltja a hasra\u00fct\u00e9sszer\u0171, &#8220;\u00e9n \u00edgy \u00e9rzem&#8221; t\u00edpus\u00fa menedzsmentet. A vezet\u0151knek meg kell tanulniuk, hogyan tegyenek fel j\u00f3 k\u00e9rd\u00e9seket az adatelemz\u0151knek, \u00e9s hogyan \u00e9rtelmezz\u00e9k az eredm\u00e9nyeket a strat\u00e9giaalkot\u00e1s sor\u00e1n. A <strong>mesters\u00e9ges intelligencia hat\u00e1sa az aut\u00f3ipari vezet\u00e9sre<\/strong> megk\u00e9rd\u0151jelezhetetlen. Hasonl\u00f3an, ahogy a <a href=\"https:\/\/worldpoint.eu\/hu\/mesterseges-intelligencia-az-ugyfelszolgalatban\/\">mesters\u00e9ges intelligencia az \u00fcgyf\u00e9lszolg\u00e1latban<\/a> forradalmas\u00edtotta a kommunik\u00e1ci\u00f3t, \u00fagy alak\u00edtja \u00e1t a bels\u0151 m\u0171k\u00f6d\u00e9si folyamatokat is. Az <strong>Aut\u00f3ipari vezet\u0151i k\u00e9pz\u00e9s reformja<\/strong> n\u00e9lk\u00fcl a vezet\u0151k elvesznek az adatok tenger\u00e9ben.<\/p>\n<h4>Az Elektromos \u00e9s Auton\u00f3m J\u00e1rm\u0171vek Korszaka<\/h4>\n<p>Az elektromos \u00e1t\u00e1ll\u00e1s nem csak annyit jelent, hogy a motort egy akkumul\u00e1torra cser\u00e9lj\u00fck. \u00daj besz\u00e1ll\u00edt\u00f3i l\u00e1ncokat, \u00faj gy\u00e1rt\u00e1si technol\u00f3gi\u00e1kat, \u00faj \u00fczleti modelleket (pl. akkumul\u00e1tor-l\u00edzing, t\u00f6lt\u00e9si szolg\u00e1ltat\u00e1sok) \u00e9s teljesen \u00fajfajta gondolkod\u00e1st ig\u00e9nyel. Az <strong>elektromos j\u00e1rm\u0171vek kih\u00edv\u00e1sai a fels\u0151vezet\u00e9snek<\/strong> hatalmasak. Az <strong>Aut\u00f3ipari vezet\u0151i k\u00e9pz\u00e9s reformja<\/strong> feladata, hogy felk\u00e9sz\u00edtse a vezet\u0151ket ezekre a komplex, szerte\u00e1gaz\u00f3 feladatokra, amelyek messze t\u00falmutatnak a hagyom\u00e1nyos j\u00e1rm\u0171gy\u00e1rt\u00e1son.<\/p>\n<h3>Soft Skillek \u00e9s Adapt\u00edv Vezet\u00e9s<\/h3>\n<p>A technol\u00f3gia mellett legal\u00e1bb annyira, ha nem m\u00e9g fontosabb az emberi t\u00e9nyez\u0151. A parancsol\u00f3, hierarchikus vezet\u00e9si st\u00edlus a m\u00falt\u00e9. A mai, gyorsan v\u00e1ltoz\u00f3 k\u00f6rnyezetben az <strong>adapt\u00edv vezet\u0151i st\u00edlus az aut\u00f3iparban<\/strong> az egyetlen, ami m\u0171k\u00f6d\u0151k\u00e9pes. Olyan vezet\u0151kre van sz\u00fcks\u00e9g, akik inspir\u00e1lnak, motiv\u00e1lnak, \u00e9s teret adnak a kreativit\u00e1snak. Az <strong>Aut\u00f3ipari vezet\u0151i k\u00e9pz\u00e9s reformja<\/strong> ez\u00e9rt a soft skillekre is \u00f3ri\u00e1si hangs\u00falyt kell, hogy fektessen. A j\u00f6v\u0151 vezet\u0151je ink\u00e1bb egy karmester, mint egy t\u00e1bornok.<\/p>\n<h4>Kommunik\u00e1ci\u00f3, Egy\u00fcttm\u0171k\u00f6d\u00e9s \u00e9s Innov\u00e1ci\u00f3<\/h4>\n<p>A sil\u00f3k ideje lej\u00e1rt. A fejleszt\u00e9si, gy\u00e1rt\u00e1si, marketing \u00e9s IT-r\u00e9szlegeknek szorosabban kell egy\u00fcttm\u0171k\u00f6dni\u00fck, mint valaha. A vezet\u0151 feladata, hogy ezt a kult\u00far\u00e1t megteremtse \u00e9s fenntartsa. A hat\u00e9kony kommunik\u00e1ci\u00f3 elengedhetetlen, ez\u00e9rt a <strong>kommunik\u00e1ci\u00f3s tr\u00e9ning aut\u00f3ipari fels\u0151vezet\u0151knek<\/strong> kiemelt szerepet kap. A k\u00e9pz\u00e9snek arra kell f\u00f3kusz\u00e1lnia, hogyan lehet lebontani a bels\u0151 falakat \u00e9s \u00f6szt\u00f6n\u00f6zni a ny\u00edlt, \u0151szinte p\u00e1rbesz\u00e9det. Az <strong>innov\u00e1ci\u00f3s k\u00e9pess\u00e9g n\u00f6vel\u00e9se aut\u00f3ipari k\u00e9pz\u00e9ssel<\/strong> k\u00f6zvetlen \u00fczleti hasznot hoz.<\/p>\n<h4>V\u00e1ltoz\u00e1skezel\u00e9s \u00e9s Reziliencia<\/h4>\n<p>Az egyetlen \u00e1lland\u00f3 a v\u00e1ltoz\u00e1s. K\u00f6zhely, de az aut\u00f3iparban ez hatv\u00e1nyozottan igaz. A vezet\u0151knek nemcsak elviselni\u00fck kell a folyamatos bizonytalans\u00e1got, hanem a csapatukat is \u00e1t kell vezetni\u00fck rajta. A <strong>v\u00e1ls\u00e1gkezel\u00e9s \u00e9s reziliencia fejleszt\u00e9se aut\u00f3ipari vezet\u0151knek<\/strong> l\u00e9tfontoss\u00e1g\u00fa kompetencia. A stresszt\u0171r\u00e9s, a gyors d\u00f6nt\u00e9shozatali k\u00e9pess\u00e9g \u00e9s a pozit\u00edv hozz\u00e1\u00e1ll\u00e1s a legnehezebb helyzetekben is elengedhetetlen. Az <strong>Aut\u00f3ipari vezet\u0151i k\u00e9pz\u00e9s reformja<\/strong> seg\u00edt ezeket a ment\u00e1lis &#8220;izmokat&#8221; fejleszteni.<\/p>\n<h3>Fenntarthat\u00f3s\u00e1g \u00e9s Etikus Vezet\u00e9s<\/h3>\n<p>A v\u00e1s\u00e1rl\u00f3k, a befektet\u0151k \u00e9s a szab\u00e1lyoz\u00f3k egyre ink\u00e1bb elv\u00e1rj\u00e1k a fenntarthat\u00f3 m\u0171k\u00f6d\u00e9st. A k\u00f6rforg\u00e1sos gazdas\u00e1g, a karbonsemlegess\u00e9g \u00e9s az etikus ell\u00e1t\u00e1si l\u00e1ncok m\u00e1r nem csak marketingfog\u00e1sok, hanem k\u0151kem\u00e9ny \u00fczleti t\u00e9nyez\u0151k. A <strong>fenntarthat\u00f3 vezet\u0151i gyakorlatok az aut\u00f3iparban<\/strong> be\u00e9p\u00edt\u00e9se a v\u00e1llalati strat\u00e9gi\u00e1ba a fels\u0151vezet\u00e9s felel\u0151ss\u00e9ge. Az <strong>Aut\u00f3ipari vezet\u0151i k\u00e9pz\u00e9s reformja<\/strong> sor\u00e1n a vezet\u0151knek meg kell \u00e9rteni\u00fck a fenntarthat\u00f3s\u00e1g komplex rendszer\u00e9t \u00e9s annak \u00fczleti relevanci\u00e1j\u00e1t.<\/p>\n<h2>Modern K\u00e9pz\u00e9si M\u00f3dszerek az Aut\u00f3ipari Vezet\u0151k Sz\u00e1m\u00e1ra<\/h2>\n<p>Hogyan val\u00f3s\u00edthat\u00f3 meg mindez? A front\u00e1lis oktat\u00e1s, ahol valaki \u00f3r\u00e1kon \u00e1t besz\u00e9l egy teremnyi embernek, halott. Az <strong>aut\u00f3ipari vezet\u0151i k\u00e9pz\u00e9s moderniz\u00e1l\u00e1sa<\/strong> \u00faj, interakt\u00edv \u00e9s szem\u00e9lyre szabott m\u00f3dszereket ig\u00e9nyel. A tud\u00e1s \u00e1tad\u00e1sa mellett a k\u00e9szs\u00e9gfejleszt\u00e9sen \u00e9s a szeml\u00e9letform\u00e1l\u00e1son van a hangs\u00faly. Az <strong>Aut\u00f3ipari vezet\u0151i k\u00e9pz\u00e9s reformja<\/strong> a m\u00f3dszertan reformj\u00e1t is jelenti. A <strong>legjobb vezet\u0151i k\u00e9pz\u00e9sek aut\u00f3ipari szakembereknek<\/strong> m\u00e1r ma is ezekre az elvekre \u00e9p\u00fclnek.<\/p>\n<h3>Szem\u00e9lyre Szabott Programok \u00e9s Mentoring<\/h3>\n<p>Nincs k\u00e9t egyforma vezet\u0151, \u00e9s nincs k\u00e9t egyforma v\u00e1llalat. A sablonos megold\u00e1sok nem m\u0171k\u00f6dnek. Szem\u00e9lyre szabott fejleszt\u00e9si utakra van sz\u00fcks\u00e9g, amelyek figyelembe veszik az egy\u00e9ni er\u0151ss\u00e9geket, gyenges\u00e9geket \u00e9s a v\u00e1llalati c\u00e9lokat. Az <strong>aut\u00f3ipari vezet\u0151i mentoring programok el\u0151nyei<\/strong> felbecs\u00fclhetetlenek, hiszen egy tapasztalt mentor ir\u00e1nymutat\u00e1sa aranyat \u00e9r egy komplex, \u00faj helyzetben. Ez a szem\u00e9lyes figyelem az, ami igaz\u00e1n hat\u00e9konny\u00e1 teszi a fejleszt\u00e9st. Az <strong>Aut\u00f3ipari vezet\u0151i k\u00e9pz\u00e9s reformja<\/strong> ezt a szem\u00e9lyes dimenzi\u00f3t helyezi el\u0151t\u00e9rbe.<\/p>\n<h3>Digit\u00e1lis Tanul\u00e1si Platformok \u00e9s Szimul\u00e1ci\u00f3k<\/h3>\n<p>A technol\u00f3gia nemcsak a kih\u00edv\u00e1st jelenti, hanem a megold\u00e1s r\u00e9sz\u00e9t is. Az <strong>online k\u00e9pz\u00e9si platformok aut\u00f3ipari vezet\u0151knek<\/strong> lehet\u0151v\u00e9 teszik a rugalmas, id\u0151- \u00e9s helyf\u00fcggetlen tanul\u00e1st. A virtu\u00e1lis val\u00f3s\u00e1g (VR) alap\u00fa szimul\u00e1ci\u00f3kban a vezet\u0151k kock\u00e1zatmentes k\u00f6rnyezetben gyakorolhatj\u00e1k a kr\u00edziskezel\u00e9st vagy egy \u00faj gy\u00e1regys\u00e9g beind\u00edt\u00e1s\u00e1t. Ezek az eszk\u00f6z\u00f6k \u00e9lm\u00e9nyszer\u0171v\u00e9 \u00e9s sokkal hat\u00e9konyabb\u00e1 teszik a tanul\u00e1st. A <strong>digit\u00e1lis transzform\u00e1ci\u00f3 az aut\u00f3ipari vezet\u0151k\u00e9pz\u00e9sben<\/strong> teh\u00e1t a k\u00e9pz\u00e9si m\u00f3dszereket is moderniz\u00e1lja.<\/p>\n<h2>A Reform El\u0151nyei \u00e9s V\u00e1rhat\u00f3 Hat\u00e1sai az Aut\u00f3iparra<\/h2>\n<p>Ok\u00e9, de mi\u00e9rt \u00e9ri meg mindez? A befektet\u00e9s az <strong>Aut\u00f3ipari vezet\u0151i k\u00e9pz\u00e9s reformja<\/strong> ter\u00fclet\u00e9n nem kiad\u00e1s, hanem a j\u00f6v\u0151be val\u00f3 befektet\u00e9s legokosabb form\u00e1ja. A hat\u00e1sok pedig a v\u00e1llalat minden szintj\u00e9n \u00e9rezhet\u0151k lesznek, a p\u00e9nz\u00fcgyi eredm\u00e9nyekt\u0151l a v\u00e1llalati kult\u00far\u00e1ig.<\/p>\n<h3>Versenyk\u00e9pess\u00e9g \u00e9s Innov\u00e1ci\u00f3s K\u00e9pess\u00e9g N\u00f6vel\u00e9se<\/h3>\n<p>Egy felk\u00e9sz\u00fclt, j\u00f6v\u0151orient\u00e1lt vezet\u0151i csapat k\u00e9pes gyorsabban reag\u00e1lni a piaci v\u00e1ltoz\u00e1sokra, felismerni az \u00faj \u00fczleti lehet\u0151s\u00e9geket \u00e9s olyan innov\u00e1ci\u00f3s kult\u00far\u00e1t teremteni, amely vonzza a tehets\u00e9geket. A <strong>strat\u00e9giai gondolkod\u00e1s fejleszt\u00e9se aut\u00f3ipari k\u00f6rnyezetben<\/strong> k\u00f6zvetlen\u00fcl jav\u00edtja a v\u00e1llalat hossz\u00fa t\u00e1v\u00fa kil\u00e1t\u00e1sait. Az <strong>Aut\u00f3ipari vezet\u0151i k\u00e9pz\u00e9s reformja<\/strong> teh\u00e1t egyenes \u00fat a piaci poz\u00edci\u00f3k meger\u0151s\u00edt\u00e9s\u00e9hez. A vezet\u0151knek komplex gazdas\u00e1gi k\u00f6rnyezetben kell navig\u00e1lniuk, ahol minden t\u00e9nyez\u0151 sz\u00e1m\u00edt, m\u00e9g a l\u00e1tsz\u00f3lag t\u00e1voliak is, mint az <a href=\"https:\/\/worldpoint.eu\/hu\/adovaltozasok-hatasa-magyar-vallalatokra\/\">ad\u00f3v\u00e1ltoz\u00e1sok hat\u00e1sa a magyar v\u00e1llalatokra<\/a>, ami szint\u00e9n a strat\u00e9giai tervez\u00e9s r\u00e9sze.<\/p>\n<h3>Munkav\u00e1llal\u00f3i El\u00e9gedetts\u00e9g \u00e9s Tehets\u00e9gmegtart\u00e1s<\/h3>\n<p>Senki sem szeret egy olyan helyen dolgozni, ahol a vezet\u00e9s tan\u00e1cstalan \u00e9s a j\u00f6v\u0151 bizonytalan. Egy j\u00f3 vezet\u0151 biztons\u00e1got ad, inspir\u00e1l \u00e9s lehet\u0151s\u00e9get teremt a fejl\u0151d\u00e9sre. A <strong>tehets\u00e9gmegtart\u00e1s az aut\u00f3iparban k\u00e9pz\u00e9si strat\u00e9gi\u00e1val<\/strong> szorosan \u00f6sszef\u00fcgg. Ahol a munkav\u00e1llal\u00f3k \u00e9rzik, hogy a vezet\u00e9s kompetens \u00e9s t\u00f6r\u0151dik vel\u00fck, ott sz\u00edvesebben maradnak, \u00e9s jobban teljes\u00edtenek. A <strong>vezet\u0151i k\u00e9szs\u00e9gfejleszt\u00e9s aut\u00f3ipari v\u00e1llalatokn\u00e1l<\/strong> \u00edgy k\u00f6zvetve a fluktu\u00e1ci\u00f3t is cs\u00f6kkenti. Az <strong>Aut\u00f3ipari vezet\u0151i k\u00e9pz\u00e9s reformja<\/strong> teh\u00e1t a HR-strat\u00e9gia egyik legfontosabb eleme.<\/p>\n<h2>Hogyan Ind\u00edtsuk El a V\u00e1ltoz\u00e1st? Gyakorlati L\u00e9p\u00e9sek<\/h2>\n<p>A felismer\u00e9s az els\u0151 l\u00e9p\u00e9s, de a megval\u00f3s\u00edt\u00e1s a l\u00e9nyeg. Nem el\u00e9g besz\u00e9lni r\u00f3la, cselekedni kell. Az <strong>Aut\u00f3ipari vezet\u0151i k\u00e9pz\u00e9s reformja<\/strong> nem egy egynapos tr\u00e9ning, hanem egy folyamatos, strat\u00e9giai szint\u0171 program. De hol kezdj\u00fck? Nos, nem kell mindent egyszerre. Apr\u00f3, de tudatos l\u00e9p\u00e9sekkel is el lehet indulni.<\/p>\n<h3>K\u00e9pz\u00e9si Strat\u00e9gia Kidolgoz\u00e1sa<\/h3>\n<p>El\u0151sz\u00f6r is, fel kell m\u00e9rni a jelenlegi helyzetet. Hol vannak a legnagyobb hi\u00e1nyoss\u00e1gok? Melyek a leg\u00e9get\u0151bb fejleszt\u00e9si ter\u00fcletek? A &#8220;hogyan fejlessz\u00fck az aut\u00f3ipari vezet\u0151i k\u00e9szs\u00e9geket&#8221; k\u00e9rd\u00e9sre adott v\u00e1lasz minden c\u00e9gn\u00e9l egyedi lesz. Egy alapos diagn\u00f3zis ut\u00e1n lehet csak hat\u00e9kony k\u00e9pz\u00e9si strat\u00e9gi\u00e1t kidolgozni, amely \u00f6sszhangban van a v\u00e1llalat hossz\u00fa t\u00e1v\u00fa c\u00e9ljaival. Ennek a strat\u00e9gi\u00e1nak v\u00e1laszt kell adnia arra, hogy <strong>mi\u00e9rt fontos az aut\u00f3ipari vezet\u0151k \u00e1tk\u00e9pz\u00e9se<\/strong> az adott szervezet kontextus\u00e1ban.<\/p>\n<h3>Egy\u00fcttm\u0171k\u00f6d\u00e9s Oktat\u00e1si Int\u00e9zm\u00e9nyekkel<\/h3>\n<p>A v\u00e1llalatoknak nem kell egyed\u00fcl feltal\u00e1lniuk a spanyolviaszt. \u00c9rdemes egy\u00fcttm\u0171k\u00f6dni egyetemekkel, \u00fczleti iskol\u00e1kkal \u00e9s specializ\u00e1lt k\u00e9pz\u00e9si k\u00f6zpontokkal, amelyek m\u00e1r rendelkeznek a sz\u00fcks\u00e9ges tud\u00e1ssal \u00e9s m\u00f3dszertannal. A k\u00f6z\u00f6s programok, a vend\u00e9gel\u0151ad\u00f3k \u00e9s a kutat\u00e1si projektek mindk\u00e9t f\u00e9l sz\u00e1m\u00e1ra el\u0151ny\u00f6sek lehetnek. Az <strong>Aut\u00f3ipari vezet\u0151i k\u00e9pz\u00e9s reformja<\/strong> egy k\u00f6z\u00f6s \u00fcgy, amelyben az ipar\u00e1gi szerepl\u0151knek \u00e9s az oktat\u00e1si szektornak partnereknek kell lenni\u00fck.<\/p>\n<h2>Az Aut\u00f3ipari Vezet\u0151i K\u00e9pz\u00e9s J\u00f6v\u0151je: Trendek \u00e9s Perspekt\u00edv\u00e1k<\/h2>\n<p>Mi v\u00e1r r\u00e1nk a j\u00f6v\u0151ben? Az <strong>Aut\u00f3ipari vezet\u0151i k\u00e9pz\u00e9s reformja<\/strong> egy soha v\u00e9get nem \u00e9r\u0151 folyamat lesz. A lifelong learning, vagyis az \u00e9lethosszig tart\u00f3 tanul\u00e1s alapvet\u0151 elv\u00e1r\u00e1ss\u00e1 v\u00e1lik. A <strong>j\u00f6v\u0151\u00e1ll\u00f3 aut\u00f3ipari vezet\u0151i k\u00e9szs\u00e9gek<\/strong> folyamatosan v\u00e1ltoznak majd a technol\u00f3gia fejl\u0151d\u00e9s\u00e9vel \u00e9s a piaci trendek alakul\u00e1s\u00e1val. A k\u00e9pz\u00e9s egyre ink\u00e1bb adatalap\u00fav\u00e1 \u00e9s szem\u00e9lyre szabott\u00e1 v\u00e1lik, mikro-learning modulokkal \u00e9s just-in-time t\u00e1mogat\u00e1ssal. A <strong>munkaer\u0151piaci trendek aut\u00f3ipari vezet\u00e9sben<\/strong> azt mutatj\u00e1k, hogy a j\u00f6v\u0151 vezet\u0151je agilis, digit\u00e1lisan j\u00e1rtas, emberk\u00f6zpont\u00fa \u00e9s elk\u00f6telezett a fenntarthat\u00f3s\u00e1g mellett. A k\u00e9rd\u00e9s m\u00e1r nem az, hogy <strong>mi\u00e9rt fontos az aut\u00f3ipari vezet\u0151k \u00e1tk\u00e9pz\u00e9se<\/strong>, hanem az, hogy ki tudja ezt a leghat\u00e9konyabban megval\u00f3s\u00edtani. A verseny m\u00e1r most is \u00e9les, \u00e9s az <strong>Aut\u00f3ipari vezet\u0151i k\u00e9pz\u00e9s reformja<\/strong> az egyik legfontosabb csatat\u00e9rr\u00e9 v\u00e1lt. A p\u00e9nz\u00fcgyi szektorban a <a href=\"https:\/\/worldpoint.eu\/hu\/fintech-a-magyar-penzugyi-szektorban\/\">fintech t\u00e9rnyer\u00e9se<\/a> mutatta meg, milyen gyorsan k\u00e9pes a technol\u00f3gia felforgatni egy teljes ipar\u00e1gat; ugyanez a forradalom zajlik most az aut\u00f3iparban. A kih\u00edv\u00e1s komplexit\u00e1sa \u00f3ri\u00e1si. Hiszen m\u00e9g egy l\u00e1tsz\u00f3lag egyszer\u0171bb v\u00e1llalkoz\u00e1s, mint egy <a href=\"https:\/\/worldpoint.eu\/hu\/fodrasz-uzlet-nyitasa-utmutato\/\">fodr\u00e1sz \u00fczlet megnyit\u00e1sa<\/a> is alapos tervez\u00e9st ig\u00e9nyel, nem is besz\u00e9lve egy glob\u00e1lis aut\u00f3gy\u00e1rt\u00f3 ir\u00e1ny\u00edt\u00e1s\u00e1r\u00f3l. A vezet\u0151knek pedig minden r\u00e9szletre figyelni\u00fck kell, bele\u00e9rtve az olyan operat\u00edv, de kritikus elemeket is, mint egy \u00faj telephelyhez kapcsol\u00f3d\u00f3 <a href=\"https:\/\/worldpoint.eu\/hu\/uzlet-berleti-szerzodes-minta-2\/\">\u00fczlet b\u00e9rleti szerz\u0151d\u00e9s<\/a> felt\u00e9telei. A <strong>j\u00f6v\u0151\u00e1ll\u00f3 aut\u00f3ipari vezet\u0151i k\u00e9szs\u00e9gek<\/strong> megszerz\u00e9se teh\u00e1t nem csup\u00e1n egy tr\u00e9ning, hanem egy teljes szeml\u00e9letv\u00e1lt\u00e1s, amelynek k\u00f6z\u00e9ppontj\u00e1ban az <strong>Aut\u00f3ipari vezet\u0151i k\u00e9pz\u00e9s reformja<\/strong> \u00e1ll.<\/p>\n","protected":false},"excerpt":{"rendered":"<p>\u0150szint\u00e9n sz\u00f3lva, n\u00e9ha \u00fagy \u00e9rzem, az aut\u00f3ipar gyorsabban v\u00e1ltozik, mint ahogy egy Forma-1-es csapat kereket cser\u00e9l. P\u00e1r \u00e9ve m\u00e9g a hengerek sz\u00e1m\u00e1r\u00f3l \u00e9s a l\u00f3er\u0151r\u0151l folyt a vita a szakmai konferenci\u00e1kon, ma pedig m\u00e1r a szoftverfriss\u00edt\u00e9sekr\u0151l, a kiberbiztons\u00e1gr\u00f3l \u00e9s az ell\u00e1t\u00e1si l\u00e1ncok etikus m\u0171k\u00f6d\u00e9s\u00e9r\u0151l. Ez a brut\u00e1lis temp\u00f3 teszi elker\u00fclhetetlenn\u00e9 \u00e9s s\u00fcrget\u0151v\u00e9 az Aut\u00f3ipari vezet\u0151i [&hellip;]<\/p>\n","protected":false},"author":2,"featured_media":456,"comment_status":"closed","ping_status":"","sticky":false,"template":"","format":"standard","meta":{"footnotes":""},"categories":[2,9],"tags":[],"class_list":["post-455","post","type-post","status-publish","format-standard","has-post-thumbnail","hentry","category-autoipar","category-zzz"],"_links":{"self":[{"href":"https:\/\/worldpoint.eu\/hu\/wp-json\/wp\/v2\/posts\/455","targetHints":{"allow":["GET"]}}],"collection":[{"href":"https:\/\/worldpoint.eu\/hu\/wp-json\/wp\/v2\/posts"}],"about":[{"href":"https:\/\/worldpoint.eu\/hu\/wp-json\/wp\/v2\/types\/post"}],"author":[{"embeddable":true,"href":"https:\/\/worldpoint.eu\/hu\/wp-json\/wp\/v2\/users\/2"}],"replies":[{"embeddable":true,"href":"https:\/\/worldpoint.eu\/hu\/wp-json\/wp\/v2\/comments?post=455"}],"version-history":[{"count":1,"href":"https:\/\/worldpoint.eu\/hu\/wp-json\/wp\/v2\/posts\/455\/revisions"}],"predecessor-version":[{"id":460,"href":"https:\/\/worldpoint.eu\/hu\/wp-json\/wp\/v2\/posts\/455\/revisions\/460"}],"wp:featuredmedia":[{"embeddable":true,"href":"https:\/\/worldpoint.eu\/hu\/wp-json\/wp\/v2\/media\/456"}],"wp:attachment":[{"href":"https:\/\/worldpoint.eu\/hu\/wp-json\/wp\/v2\/media?parent=455"}],"wp:term":[{"taxonomy":"category","embeddable":true,"href":"https:\/\/worldpoint.eu\/hu\/wp-json\/wp\/v2\/categories?post=455"},{"taxonomy":"post_tag","embeddable":true,"href":"https:\/\/worldpoint.eu\/hu\/wp-json\/wp\/v2\/tags?post=455"}],"curies":[{"name":"wp","href":"https:\/\/api.w.org\/{rel}","templated":true}]}}