{"id":452,"date":"2025-10-21T13:27:39","date_gmt":"2025-10-21T11:27:39","guid":{"rendered":"https:\/\/worldpoint.eu\/hu\/elektromos-autok-eladasa-magyarorszagon\/"},"modified":"2025-10-21T13:27:45","modified_gmt":"2025-10-21T11:27:45","slug":"elektromos-autok-eladasa-magyarorszagon","status":"publish","type":"post","link":"https:\/\/worldpoint.eu\/hu\/elektromos-autok-eladasa-magyarorszagon\/","title":{"rendered":"elektromos aut\u00f3k elad\u00e1sa Magyarorsz\u00e1gon &#8211; \u00datmutat\u00f3 \u00e9s Trendek"},"content":{"rendered":"<p>Eml\u00e9kszem, amikor el\u0151sz\u00f6r l\u00e1ttam egy elektromos aut\u00f3t elsuhanni mellettem. Hangtalan volt. Szinte k\u00eds\u00e9rteties. Akkoriban ez m\u00e9g a j\u00f6v\u0151 zen\u00e9j\u00e9nek t\u0171nt, valami futurisztikus csod\u00e1nak a filmekb\u0151l. Ma? Ma m\u00e1r a sarki k\u00f6z\u00e9rtbe is egyre t\u00f6bben j\u00e1rnak ilyennel. Az <b>elektromos aut\u00f3k elad\u00e1sa Magyarorsz\u00e1gon<\/b> nem csup\u00e1n egy statisztikai adat, hanem egy folyamatosan zajl\u00f3 forradalom, ami \u00e1tform\u00e1lja az utakat, a v\u00e1rosokat \u00e9s a gondolkod\u00e1sunkat. De t\u00e9nyleg minden olyan r\u00f3zs\u00e1s, mint amilyennek l\u00e1tszik? Vagy vannak buktat\u00f3k, amikr\u0151l kevesebbet besz\u00e9l\u00fcnk? N\u00e9zz\u00fck meg k\u00f6zelebbr\u0151l.<\/p>\n<h2>Az elektromos aut\u00f3k t\u00e9rh\u00f3d\u00edt\u00e1sa Magyarorsz\u00e1gon: Jelent\u0151s\u00e9g \u00e9s kil\u00e1t\u00e1sok<\/h2>\n<p>Az elektromos \u00e1t\u00e1ll\u00e1s m\u00e1r nem kopogtat, hanem r\u00e1nk t\u00f6rte az ajt\u00f3t. Ez a technol\u00f3giai v\u00e1lt\u00e1s messze t\u00falmutat azon, hogy egyszer\u0171en lecser\u00e9lj\u00fck a benzin- \u00e9s d\u00edzelmotorokat egy akkumul\u00e1torra. T\u00e1rsadalmi \u00e9s gazdas\u00e1gi szinten is komoly v\u00e1ltoz\u00e1sokat hoz. Egy csendesebb, tiszt\u00e1bb leveg\u0151j\u0171 v\u00e1ros v\u00edzi\u00f3ja lebeg a szem\u00fcnk el\u0151tt, \u00e9s ez a v\u00edzi\u00f3 motorja az <b>elektromos aut\u00f3k elad\u00e1sa Magyarorsz\u00e1gon<\/b>. A fenntarthat\u00f3s\u00e1g ir\u00e1nti elk\u00f6telez\u0151d\u00e9s \u00e9s a technol\u00f3giai fejl\u0151d\u00e9s k\u00e9z a k\u00e9zben j\u00e1rnak. Az aut\u00f3ipar, amely a magyar gazdas\u00e1g egyik h\u00faz\u00f3\u00e1gazata, szint\u00e9n \u00f3ri\u00e1si \u00e1talakul\u00e1s el\u0151tt \u00e1ll. A t\u00e9t nem kicsi: aki lemarad, az kimarad. A k\u00e9rd\u00e9s m\u00e1r nem az, hogy bek\u00f6vetkezik-e a v\u00e1ltoz\u00e1s, hanem az, hogy Magyarorsz\u00e1g mennyire tudja akt\u00edvan alak\u00edtani ezt a folyamatot. Az <b>elektromos aut\u00f3k elad\u00e1sa Magyarorsz\u00e1gon<\/b> n\u00f6vekv\u0151 tendenci\u00e1ja biztat\u00f3 jel, de a sikerhez m\u00e9g rengeteg kih\u00edv\u00e1st kell lek\u00fczdeni.<\/p>\n<h2>A magyarorsz\u00e1gi elektromos aut\u00f3 piac aktu\u00e1lis helyzete<\/h2>\n<p>A helyzet, \u0151szint\u00e9n sz\u00f3lva, egyszerre biztat\u00f3 \u00e9s frusztr\u00e1l\u00f3. L\u00e1tjuk a n\u00f6veked\u00e9st, \u00e9rezz\u00fck a v\u00e1ltoz\u00e1s szel\u00e9t, de k\u00f6zben ott vannak a mindennapi bossz\u00fas\u00e1gok: a kev\u00e9s t\u00f6lt\u0151, a magas \u00e1rak, a bizonytalans\u00e1g. Az <b>elektromos aut\u00f3k elad\u00e1sa Magyarorsz\u00e1gon<\/b> egy dinamikusan v\u00e1ltoz\u00f3 piacot t\u00fckr\u00f6z, ahol a v\u00e1s\u00e1rl\u00f3k, a keresked\u0151k \u00e9s a korm\u00e1nyzat is keresi a hely\u00e9t. Nem egyszer\u0171 a k\u00e9plet.<\/p>\n<h3>Elad\u00e1si statisztik\u00e1k \u00e9s n\u00f6veked\u00e9si tendenci\u00e1k<\/h3>\n<p>A sz\u00e1mok nem hazudnak. \u00c9vr\u0151l \u00e9vre meredeken emelkedik az \u00faj elektromos aut\u00f3k forgalomba helyez\u00e9se. M\u00edg n\u00e9h\u00e1ny \u00e9ve m\u00e9g kuri\u00f3zumnak sz\u00e1m\u00edtott egy z\u00f6ld rendsz\u00e1mos j\u00e1rm\u0171, ma m\u00e1r a forgalom szerves r\u00e9sz\u00e9t k\u00e9pezik. Ez a trend egy\u00e9rtelm\u0171en jelzi, hogy a v\u00e1s\u00e1rl\u00f3i bizalom er\u0151s\u00f6dik. A h\u00e1tt\u00e9rben persze komoly gazdas\u00e1gi folyamatok h\u00faz\u00f3dnak meg, amelyek befoly\u00e1solj\u00e1k az <b>elektromos aut\u00f3k elad\u00e1sa Magyarorsz\u00e1gon<\/b> alakul\u00e1s\u00e1t. Ugyanakkor nem szabad elfelejteni, hogy a teljes hazai aut\u00f3\u00e1llom\u00e1nyhoz k\u00e9pest az ar\u00e1nyuk m\u00e9g mindig eleny\u00e9sz\u0151. Van hova fejl\u0151dni. Rengeteg a potenci\u00e1l, ami a piacot mozgatja, \u00e9s ez a n\u00f6veked\u00e9s motorja. A korm\u00e1nyzati \u00f6szt\u00f6nz\u0151k kulcsfontoss\u00e1g\u00faak abban, hogy az <b>elektromos aut\u00f3k elad\u00e1sa Magyarorsz\u00e1gon<\/b> tov\u00e1bbra is lend\u00fcletben maradjon, hiszen ezek n\u00e9lk\u00fcl sokak sz\u00e1m\u00e1ra m\u00e9g mindig el\u00e9rhetetlen \u00e1lom maradna a v\u00e1lt\u00e1s. A piac \u00e9retts\u00e9ge fel\u00e9 halad, de az \u00fat m\u00e9g hossz\u00fa \u00e9s tele van k\u00e9rd\u0151jelekkel.<\/p>\n<h3>A legn\u00e9pszer\u0171bb elektromos aut\u00f3k modellek Magyarorsz\u00e1gon<\/h3>\n<p>Melyik a befut\u00f3? A magyar v\u00e1s\u00e1rl\u00f3k \u00edzl\u00e9se el\u00e9g vegyes k\u00e9pet mutat. A pr\u00e9mium m\u00e1rk\u00e1k, mint a Tesla, tov\u00e1bbra is st\u00e1tuszszimb\u00f3lumnak sz\u00e1m\u00edtanak, de a megfizethet\u0151bb kateg\u00f3ri\u00e1ban is \u00f3ri\u00e1si a verseny. A d\u00e9l-koreai m\u00e1rk\u00e1k, mint a Hyundai \u00e9s a Kia, elk\u00e9peszt\u0151 formatervez\u00e9ssel \u00e9s megb\u00edzhat\u00f3 technol\u00f3gi\u00e1val t\u00f6rtek be a piacra. A szomsz\u00e9dom \u00e9pp egy Kia EV6-ot vett, \u00e9s bevallom, irigykedve n\u00e9zem minden reggel. Azt\u00e1n ott vannak az eur\u00f3pai gy\u00e1rt\u00f3k, a Volkswagen-csoport modelljei, vagy a franci\u00e1k, akik a kisebb, v\u00e1rosi aut\u00f3k szegmens\u00e9ben er\u0151sek. Az <b>elektromos aut\u00f3k elad\u00e1sa Magyarorsz\u00e1gon<\/b> szempontj\u00e1b\u00f3l kulcsfontoss\u00e1g\u00fa, hogy a gy\u00e1rt\u00f3k min\u00e9l sz\u00e9lesebb palett\u00e1t k\u00edn\u00e1ljanak. Az olcs\u00f3bb, kisebb hat\u00f3t\u00e1v\u00fa v\u00e1rosi cirk\u00e1l\u00f3kt\u00f3l a hossz\u00fa utakra is alkalmas csal\u00e1di SUV-kig mindenre van ig\u00e9ny. Ez a soksz\u00edn\u0171s\u00e9g elengedhetetlen a piac tov\u00e1bbi b\u0151v\u00fcl\u00e9s\u00e9hez.<\/p>\n<h2>Milyen t\u00e9nyez\u0151k befoly\u00e1solj\u00e1k az elektromos aut\u00f3k elad\u00e1s\u00e1t?<\/h2>\n<p>Ez egy rendk\u00edv\u00fcl \u00f6sszetett k\u00e9rd\u00e9s, ahol a p\u00e9nz, a k\u00e9nyelem \u00e9s a pszichol\u00f3gia furcsa elegyet alkot. Az <b>elektromos aut\u00f3k elad\u00e1sa Magyarorsz\u00e1gon<\/b> nem egy egyszer\u0171 piaci tranzakci\u00f3, hanem egy bonyolult d\u00f6nt\u00e9si folyamat eredm\u00e9nye, amit rengeteg t\u00e9nyez\u0151 befoly\u00e1sol. N\u00e9zz\u00fck a legfontosabbakat.<\/p>\n<h3>\u00c1llami t\u00e1mogat\u00e1sok \u00e9s ad\u00f3kedvezm\u00e9nyek<\/h3>\n<p>Ne kertelj\u00fcnk: a p\u00e9nz nagy \u00far. Az elektromos aut\u00f3k v\u00e9tel\u00e1ra m\u00e9g mindig borsos a hagyom\u00e1nyos modellek\u00e9hez k\u00e9pest. \u00c9ppen ez\u00e9rt az \u00e1llami szerepv\u00e1llal\u00e1s kulcsfontoss\u00e1g\u00fa. A kor\u00e1bbi sikeres t\u00e1mogat\u00e1si programok l\u00f6k\u00e9st adtak a piacnak, \u00e9s megmutatt\u00e1k, hogy van ig\u00e9ny a v\u00e1lt\u00e1sra. Amikor ezek a programok sz\u00fcnetelnek, az azonnal megl\u00e1tszik az elad\u00e1si sz\u00e1mokon. Az <b>elektromos aut\u00f3k elad\u00e1sa Magyarorsz\u00e1gon<\/b> nagyban f\u00fcgg att\u00f3l, hogy a korm\u00e1nyzat mennyire teszi vonz\u00f3v\u00e1 a v\u00e1s\u00e1rl\u00e1st a k\u00fcl\u00f6nb\u00f6z\u0151 kedvezm\u00e9nyekkel. Ez nem csak a v\u00e9tel\u00e1r-t\u00e1mogat\u00e1st jelenti, hanem a c\u00e9gaut\u00f3ad\u00f3t, a g\u00e9pj\u00e1rm\u0171ad\u00f3t vagy az illet\u00e9kmentess\u00e9get is. Ezek mind olyan t\u00e9nyez\u0151k, amelyek a m\u00e9rleg nyelv\u00e9t az elektromos meghajt\u00e1s fel\u00e9 billenthetik. Az <b>elektromos aut\u00f3k elad\u00e1sa Magyarorsz\u00e1gon<\/b> sikere szorosan \u00f6sszef\u00fcgg a kisz\u00e1m\u00edthat\u00f3 \u00e9s hossz\u00fa t\u00e1v\u00fa \u00e1llami strat\u00e9gi\u00e1val.<\/p>\n<h3>T\u00f6lt\u00e9si infrastrukt\u00fara fejl\u0151d\u00e9se<\/h3>\n<p>A klasszikus &#8220;ty\u00fak vagy a toj\u00e1s&#8221; esete. Az emberek nem vesznek aut\u00f3t, ha nincs hol t\u00f6lteni. De ki \u00e9p\u00edt t\u00f6lt\u0151t, ha nincs el\u00e9g aut\u00f3? Szerencs\u00e9re ez a gordiuszi csom\u00f3 lassan megold\u00f3dni l\u00e1tszik. A <b>t\u00f6lt\u0151pont h\u00e1l\u00f3zat fejl\u0151d\u00e9se Magyarorsz\u00e1gon<\/b> l\u00e1that\u00f3, de a temp\u00f3ja n\u00e9ha k\u00e9ts\u00e9gbeejt\u0151en lass\u00fa. Aut\u00f3p\u00e1ly\u00e1k ment\u00e9n m\u00e1r viszonylag j\u00f3 a helyzet, de egy kisebb v\u00e1rosban vagy egy vid\u00e9ki telep\u00fcl\u00e9sen t\u00f6lt\u0151t tal\u00e1lni m\u00e9g mindig kalandnak sz\u00e1m\u00edt. A legnagyobb kih\u00edv\u00e1st a t\u00e1rsash\u00e1zak jelentik, ahol egy otthoni t\u00f6lt\u0151 telep\u00edt\u00e9se k\u00e9sz r\u00e9m\u00e1lom tud lenni a b\u00fcrokr\u00e1cia \u00e9s a k\u00f6z\u00f6s k\u00e9pviselet ellen\u00e1ll\u00e1sa miatt. Az <b>elektromos aut\u00f3k elad\u00e1sa Magyarorsz\u00e1gon<\/b> akkor fog igaz\u00e1n sz\u00e1rnyalni, ha a t\u00f6lt\u00e9s olyan egyszer\u0171 \u00e9s mag\u00e1t\u00f3l \u00e9rtet\u0151d\u0151 lesz, mint ma a tankol\u00e1s. Az <b>elektromos aut\u00f3k elad\u00e1sa Magyarorsz\u00e1gon<\/b> szempontj\u00e1b\u00f3l ez az egyik legkritikusabb pont.<\/p>\n<h3>Az akkumul\u00e1tor technol\u00f3gia \u00e9s hat\u00f3t\u00e1v k\u00e9rd\u00e9se<\/h3>\n<p>A &#8220;range anxiety&#8221;, vagyis a hat\u00f3t\u00e1vpara val\u00f3s jelens\u00e9g. Senki sem akar az \u00fat sz\u00e9l\u00e9n vesztegelni egy lemer\u00fclt aut\u00f3val. B\u00e1r a modern elektromos aut\u00f3k m\u00e1r sim\u00e1n tudnak 400-500 kilom\u00e9tert egy t\u00f6lt\u00e9ssel, a t\u00e9li hideg vagy egy emelked\u0151 gyorsan lefaraghat ebb\u0151l. Az akkumul\u00e1tor-technol\u00f3gia folyamatosan fejl\u0151dik, egyre nagyobb a kapacit\u00e1s \u00e9s egyre r\u00f6videbb a t\u00f6lt\u00e9si id\u0151. Ez a fejl\u0151d\u00e9s alapjaiban hat\u00e1rozza meg, hogy az <b>elektromos aut\u00f3k elad\u00e1sa Magyarorsz\u00e1gon<\/b> milyen \u00fctemben halad. A v\u00e1s\u00e1rl\u00f3k bizalm\u00e1t akkor lehet elnyerni, ha a hat\u00f3t\u00e1v m\u00e1r nem napi kompromisszumot jelent. Az <b>elektromos aut\u00f3 akkumul\u00e1tor \u00e9lettartam garancia<\/b> k\u00e9rd\u00e9se is fontos, hiszen ez a j\u00e1rm\u0171 legdr\u00e1g\u00e1bb alkatr\u00e9sze.<\/p>\n<h3>A v\u00e1s\u00e1rl\u00f3i attit\u0171d \u00e9s tudatoss\u00e1g<\/h3>\n<p>V\u00e9g\u00fcl, de nem utols\u00f3sorban, ott vagyunk mi, a v\u00e1s\u00e1rl\u00f3k. A sztereot\u00edpi\u00e1k, a t\u00e9vhitek \u00e9s a megszok\u00e1s hatalmas er\u0151vel b\u00edrnak. Sokan m\u00e9g mindig idegenkednek az elektromos aut\u00f3kt\u00f3l, mert bonyolultnak, dr\u00e1g\u00e1nak vagy megb\u00edzhatatlannak tartj\u00e1k \u0151ket. A k\u00f6rnyezettudatoss\u00e1g egyre fontosabb szempont, de a legt\u00f6bb embert m\u00e9g mindig a p\u00e9nzt\u00e1rc\u00e1ja vez\u00e9rli. Az <b>elektromos aut\u00f3k elad\u00e1sa Magyarorsz\u00e1gon<\/b> akkor \u00e9rhet el kritikus t\u00f6meget, ha a v\u00e1s\u00e1rl\u00f3k meg\u00e9rtik a teljes birtokl\u00e1si k\u00f6lts\u00e9g (TCO) fogalm\u00e1t. Vagyis nem csak a v\u00e9tel\u00e1rat n\u00e9zik, hanem a j\u00f3val alacsonyabb \u00fczemanyag- \u00e9s szervizk\u00f6lts\u00e9geket is. Ez egy tanul\u00e1si folyamat, ami id\u0151t vesz ig\u00e9nybe, de az <b>elektromos aut\u00f3k elad\u00e1sa Magyarorsz\u00e1gon<\/b> szempontj\u00e1b\u00f3l elker\u00fclhetetlen.<\/p>\n<h2>Kih\u00edv\u00e1sok \u00e9s lehet\u0151s\u00e9gek az elektromos aut\u00f3 piacon<\/h2>\n<p>Minden \u00e9remnek k\u00e9t oldala van. Az elektromos \u00e1t\u00e1ll\u00e1s rengeteg lehet\u0151s\u00e9get rejt, de legal\u00e1bb annyi kih\u00edv\u00e1st is. Az <b>elektromos aut\u00f3k elad\u00e1sa Magyarorsz\u00e1gon<\/b> ezen a kett\u0151s m\u00e9rlegen egyens\u00falyoz.<\/p>\n<h3>A haszn\u00e1lt elektromos aut\u00f3k piaca<\/h3>\n<p>Ahogy egyre t\u00f6bb \u00faj elektromos aut\u00f3 ker\u00fcl az utakra, \u00fagy jelenik meg a m\u00e1sodlagos piac is. Ez \u00f3ri\u00e1si lehet\u0151s\u00e9g, hiszen a haszn\u00e1lt modellek sokkal sz\u00e9lesebb r\u00e9teg sz\u00e1m\u00e1ra teszik el\u00e9rhet\u0151v\u00e9 az elektromobilit\u00e1st. Ugyanakkor itt j\u00f6nnek a f\u00e9lelmek: mi van az akkumul\u00e1torral? Mennyit b\u00edr m\u00e9g? A <b>haszn\u00e1lt elektromos aut\u00f3k megb\u00edzhat\u00f3s\u00e1ga v\u00e1s\u00e1rl\u00e1s el\u0151tt<\/b> kulcsk\u00e9rd\u00e9s. Egy akkumul\u00e1tor \u00e1llapotfelm\u00e9r\u00e9s elengedhetetlen, en\u00e9lk\u00fcl senki ne vegyen haszn\u00e1lt villanyaut\u00f3t. A piac fejl\u0151d\u00e9s\u00e9vel a szervizh\u00e1tt\u00e9r \u00e9s a szak\u00e9rtelem is javulni fog, ami n\u00f6veli a bizalmat. Az <b>elektromos aut\u00f3k elad\u00e1sa Magyarorsz\u00e1gon<\/b> a haszn\u00e1ltpiacon is egyre jelent\u0151sebb lesz.<\/p>\n<h3>A szerviz \u00e9s karbantart\u00e1s saj\u00e1toss\u00e1gai<\/h3>\n<p>\u201eNincs benne olaj, nincs benne kipufog\u00f3, ezt nem kell szervizelni! \u2013 hallani gyakran. Ez persze nem teljesen igaz. B\u00e1r egy elektromos aut\u00f3 karbantart\u00e1sa val\u00f3ban egyszer\u0171bb \u00e9s olcs\u00f3bb, az\u00e9rt itt is vannak kop\u00f3 alkatr\u00e9szek (f\u00e9kek, fut\u00f3m\u0171) \u00e9s speci\u00e1lis ig\u00e9nyek, p\u00e9ld\u00e1ul az akkumul\u00e1tor-h\u0171t\u0151rendszer ellen\u0151rz\u00e9se. A probl\u00e9ma a szakemberhi\u00e1ny. Kev\u00e9s az a szerel\u0151, aki magabiztosan ny\u00fal egy nagyfesz\u00fclts\u00e9g\u0171 rendszerhez. Az <b>elektromos aut\u00f3k elad\u00e1sa Magyarorsz\u00e1gon<\/b> mellett a szervizh\u00e1l\u00f3zat fejleszt\u00e9s\u00e9re is \u00f3ri\u00e1si hangs\u00falyt kell fektetni, k\u00fcl\u00f6nben a tulajdonosok p\u00f3rul j\u00e1rhatnak.<\/p>\n<h3>Az EU-s szab\u00e1lyoz\u00e1sok hat\u00e1sa<\/h3>\n<p>Az Eur\u00f3pai Uni\u00f3 szigor\u00fa k\u00e1rosanyag-kibocs\u00e1t\u00e1si norm\u00e1i k\u00e9nyszerp\u00e1ly\u00e1ra \u00e1ll\u00edtott\u00e1k az aut\u00f3gy\u00e1rt\u00f3kat. Ezek a szab\u00e1lyoz\u00e1sok egy\u00e9rtelm\u0171en az elektromobilit\u00e1s fel\u00e9 terelik a piacot. A bels\u0151 \u00e9g\u00e9s\u0171 motorok fokozatos kivezet\u00e9se egy\u00e9rtelm\u0171v\u00e9 teszi az ir\u00e1nyt. Ez a nyom\u00e1s biztos\u00edtja, hogy az <b>elektromos aut\u00f3k elad\u00e1sa Magyarorsz\u00e1gon<\/b> \u00e9s eg\u00e9sz Eur\u00f3p\u00e1ban ne csak egy m\u00fal\u00f3 divat legyen, hanem egy visszaford\u00edthatatlan folyamat. Az <b>elektromos aut\u00f3k elad\u00e1sa Magyarorsz\u00e1gon<\/b> szempontj\u00e1b\u00f3l ez egy k\u00fcls\u0151, de nagyon er\u0151s hajt\u00f3er\u0151.<\/p>\n<h2>Elektromos aut\u00f3 v\u00e1s\u00e1rl\u00e1sa Magyarorsz\u00e1gon: Amit tudni \u00e9rdemes<\/h2>\n<p>Ha m\u00e1r eljutott\u00e1l a gondolatig, hogy belev\u00e1gj, van n\u00e9h\u00e1ny dolog, amit \u00e9rdemes alaposan v\u00e9giggondolni. Az <b>elektromos aut\u00f3k elad\u00e1sa Magyarorsz\u00e1gon<\/b> sz\u00e1modra is val\u00f3s\u00e1gg\u00e1 v\u00e1lhat, ha j\u00f3l k\u00e9sz\u00fclsz fel.<\/p>\n<h3>Hogyan v\u00e1lasszunk elektromos aut\u00f3t?<\/h3>\n<p>Az els\u0151 \u00e9s legfontosabb: \u0151szint\u00e9n gondold v\u00e9gig a haszn\u00e1lati szok\u00e1saidat. Mennyit m\u00e9sz egy nap? Milyen gyakran utazol hosszabb t\u00e1vra? Van csal\u00e1di h\u00e1zad, ahol tudsz t\u00f6lteni, vagy egy belv\u00e1rosi lak\u00e1sban \u00e9lsz? A <b>hogyan v\u00e1lasszunk elektromos aut\u00f3t csal\u00e1di haszn\u00e1latra<\/b> k\u00e9rd\u00e9sre teljesen m\u00e1s v\u00e1lasz adhat\u00f3, mint egy v\u00e1rosi ing\u00e1z\u00f3 eset\u00e9ben. D\u00f6nts el, hogy a <b>plug-in hibrid vagy tiszt\u00e1n elektromos aut\u00f3<\/b> felel meg jobban az ig\u00e9nyeidnek. Pr\u00f3b\u00e1lj ki t\u00f6bb modellt, \u00fclj bele, teszteld a hat\u00f3t\u00e1vot. Ne csak a sz\u00e1mokat n\u00e9zd, hanem az \u00e9rz\u00e9st is! Az <b>elektromos aut\u00f3k elad\u00e1sa Magyarorsz\u00e1gon<\/b> rengeteg lehet\u0151s\u00e9get k\u00edn\u00e1l, tal\u00e1ld meg a neked val\u00f3t.<\/p>\n<h3>T\u00f6lt\u00e9si megold\u00e1sok otthon \u00e9s \u00fatk\u00f6zben<\/h3>\n<p>Az otthoni t\u00f6lt\u00e9s a legk\u00e9nyelmesebb \u00e9s legolcs\u00f3bb megold\u00e1s. Mintha a saj\u00e1t benzinkutad lenne a gar\u00e1zsban. Egy fali t\u00f6lt\u0151 telep\u00edt\u00e9se befektet\u00e9s, de hossz\u00fa t\u00e1von megt\u00e9r\u00fcl. Ha nincs lehet\u0151s\u00e9ged otthoni t\u00f6lt\u00e9sre, akkor alaposan t\u00e9rk\u00e9pezd fel a k\u00f6rny\u00e9kbeli \u00e9s a munkahelyi lehet\u0151s\u00e9geket. Az <b>elektromos aut\u00f3 t\u00f6lt\u00e9si id\u0151 \u00e9s t\u00edpusok<\/b> megismer\u00e9se szint\u00e9n fontos; nem mindegy, hogy AC vagy DC t\u00f6lt\u0151r\u0151l van sz\u00f3, \u00e9s mekkora a t\u00f6lt\u00e9si sebess\u00e9g. Az <b>elektromos aut\u00f3k elad\u00e1sa Magyarorsz\u00e1gon<\/b> siker\u00e9nek z\u00e1loga a felhaszn\u00e1l\u00f3bar\u00e1t t\u00f6lt\u00e9si \u00f6kosziszt\u00e9ma. Az <b>elektromos aut\u00f3k elad\u00e1sa Magyarorsz\u00e1gon<\/b> kapcs\u00e1n ez egy alapvet\u0151 szempont.<\/p>\n<h3>Fenntart\u00e1si k\u00f6lts\u00e9gek \u00e9s megt\u00e9r\u00fcl\u00e9s<\/h3>\n<p>Itt j\u00f6n a matek. A v\u00e9tel\u00e1r magasabb, de az \u00fczemeltet\u00e9s j\u00f3val olcs\u00f3bb. Nincs olajcsere, vez\u00e9rm\u0171sz\u00edj, kuplung. Az \u201e\u00fczemanyag \u00e1ra t\u00f6red\u00e9ke a benzin\u00e9nek, f\u0151leg otthoni t\u00f6lt\u00e9ssel. A f\u00e9kbet\u00e9tek is lassabban kopnak a rekuper\u00e1ci\u00f3nak k\u00f6sz\u00f6nhet\u0151en. \u00c9rdemes kisz\u00e1molni, hogy a te haszn\u00e1lati szok\u00e1saiddal mikorra t\u00e9r\u00fcl meg a kezdeti befektet\u00e9s. Az <b>elektromos aut\u00f3k elad\u00e1sa Magyarorsz\u00e1gon<\/b> gazdas\u00e1gi oldala legal\u00e1bb olyan fontos, mint az \u00f6kol\u00f3giai. Az <b>elektromos aut\u00f3k elad\u00e1sa Magyarorsz\u00e1gon<\/b> nem csak a gazdagok kiv\u00e1lts\u00e1ga lehet, ha a teljes k\u00f6lts\u00e9get n\u00e9zz\u00fck.<\/p>\n<h2>Az elektromos mobilit\u00e1s j\u00f6v\u0151je Magyarorsz\u00e1gon<\/h2>\n<p>A j\u00f6v\u0151 m\u00e1r itt van. Az \u00f6nvezet\u0151 technol\u00f3gi\u00e1k, a j\u00e1rm\u0171-h\u00e1l\u00f3zat kommunik\u00e1ci\u00f3 (V2G), az okos t\u00f6lt\u00e9si megold\u00e1sok mind az elektromobilit\u00e1sra \u00e9p\u00fclnek. Az <b>elektromos aut\u00f3k elad\u00e1sa Magyarorsz\u00e1gon<\/b> csak az els\u0151 l\u00e9p\u00e9s egy sokkal komplexebb, intelligensebb \u00e9s fenntarthat\u00f3bb k\u00f6zleked\u00e9si rendszer fel\u00e9. Az <b>elektromos aut\u00f3k elad\u00e1sa Magyarorsz\u00e1gon<\/b> egy olyan j\u00f6v\u0151 \u00edg\u00e9ret\u00e9t hordozza, ahol a k\u00f6zleked\u00e9s nem a k\u00f6rnyezet ellens\u00e9ge, hanem annak szerves r\u00e9sze. A folyamatos innov\u00e1ci\u00f3 biztos\u00edtja, hogy az <b>elektromos aut\u00f3k elad\u00e1sa Magyarorsz\u00e1gon<\/b> egyre vonz\u00f3bb opci\u00f3 legyen. Az <b>elektromos aut\u00f3k elad\u00e1sa Magyarorsz\u00e1gon<\/b> teh\u00e1t a j\u00f6v\u0151be fektetett bizalomr\u00f3l is sz\u00f3l. Az <b>elektromos aut\u00f3k elad\u00e1sa Magyarorsz\u00e1gon<\/b> trendje meg\u00e1ll\u00edthatatlan.<\/p>\n<h2>Konkl\u00fazi\u00f3: Fenntarthat\u00f3 j\u00f6v\u0151 a magyar utakon<\/h2>\n<p>\u00d6sszefoglalva, az <b>elektromos aut\u00f3k elad\u00e1sa Magyarorsz\u00e1gon<\/b> egy izgalmas \u00e9s kih\u00edv\u00e1sokkal teli folyamat. Messze nem t\u00f6k\u00e9letes a rendszer, rengeteg a teend\u0151 a t\u00f6lt\u0151h\u00e1l\u00f3zat, a t\u00e1mogat\u00e1si rendszer \u00e9s a szervizh\u00e1tt\u00e9r ter\u00fclet\u00e9n. De a v\u00e1ltoz\u00e1s elindult, \u00e9s meg\u00e1ll\u00edthatatlan. A technol\u00f3gia fejl\u0151dik, az aut\u00f3k egyre jobbak, az emberek pedig egyre nyitottabbak. A csendes forradalom, ami a magyar utakon zajlik, egy tiszt\u00e1bb, csendesebb \u00e9s fenntarthat\u00f3bb j\u00f6v\u0151 fel\u00e9 vezet. Az <b>elektromos aut\u00f3k elad\u00e1sa Magyarorsz\u00e1gon<\/b> nem csak egy \u00fczleti k\u00e9rd\u00e9s, hanem a k\u00f6z\u00f6s j\u00f6v\u0151nk z\u00e1loga. \u00c9s ez, minden neh\u00e9zs\u00e9g ellen\u00e9re, hihetetlen\u00fcl biztat\u00f3. Az <b>elektromos aut\u00f3k elad\u00e1sa Magyarorsz\u00e1gon<\/b> sikere mindannyiunk k\u00f6z\u00f6s \u00e9rdeke. Az <b>elektromos aut\u00f3k elad\u00e1sa Magyarorsz\u00e1gon<\/b> form\u00e1lja a jelent \u00e9s a j\u00f6v\u0151t.<\/p>\n","protected":false},"excerpt":{"rendered":"<p>Eml\u00e9kszem, amikor el\u0151sz\u00f6r l\u00e1ttam egy elektromos aut\u00f3t elsuhanni mellettem. Hangtalan volt. Szinte k\u00eds\u00e9rteties. Akkoriban ez m\u00e9g a j\u00f6v\u0151 zen\u00e9j\u00e9nek t\u0171nt, valami futurisztikus csod\u00e1nak a filmekb\u0151l. Ma? Ma m\u00e1r a sarki k\u00f6z\u00e9rtbe is egyre t\u00f6bben j\u00e1rnak ilyennel. Az elektromos aut\u00f3k elad\u00e1sa Magyarorsz\u00e1gon nem csup\u00e1n egy statisztikai adat, hanem egy folyamatosan zajl\u00f3 forradalom, ami \u00e1tform\u00e1lja az utakat, [&hellip;]<\/p>\n","protected":false},"author":2,"featured_media":453,"comment_status":"closed","ping_status":"","sticky":false,"template":"","format":"standard","meta":{"footnotes":""},"categories":[2,9],"tags":[],"class_list":["post-452","post","type-post","status-publish","format-standard","has-post-thumbnail","hentry","category-autoipar","category-zzz"],"_links":{"self":[{"href":"https:\/\/worldpoint.eu\/hu\/wp-json\/wp\/v2\/posts\/452","targetHints":{"allow":["GET"]}}],"collection":[{"href":"https:\/\/worldpoint.eu\/hu\/wp-json\/wp\/v2\/posts"}],"about":[{"href":"https:\/\/worldpoint.eu\/hu\/wp-json\/wp\/v2\/types\/post"}],"author":[{"embeddable":true,"href":"https:\/\/worldpoint.eu\/hu\/wp-json\/wp\/v2\/users\/2"}],"replies":[{"embeddable":true,"href":"https:\/\/worldpoint.eu\/hu\/wp-json\/wp\/v2\/comments?post=452"}],"version-history":[{"count":1,"href":"https:\/\/worldpoint.eu\/hu\/wp-json\/wp\/v2\/posts\/452\/revisions"}],"predecessor-version":[{"id":454,"href":"https:\/\/worldpoint.eu\/hu\/wp-json\/wp\/v2\/posts\/452\/revisions\/454"}],"wp:featuredmedia":[{"embeddable":true,"href":"https:\/\/worldpoint.eu\/hu\/wp-json\/wp\/v2\/media\/453"}],"wp:attachment":[{"href":"https:\/\/worldpoint.eu\/hu\/wp-json\/wp\/v2\/media?parent=452"}],"wp:term":[{"taxonomy":"category","embeddable":true,"href":"https:\/\/worldpoint.eu\/hu\/wp-json\/wp\/v2\/categories?post=452"},{"taxonomy":"post_tag","embeddable":true,"href":"https:\/\/worldpoint.eu\/hu\/wp-json\/wp\/v2\/tags?post=452"}],"curies":[{"name":"wp","href":"https:\/\/api.w.org\/{rel}","templated":true}]}}