{"id":421,"date":"2025-10-16T13:39:10","date_gmt":"2025-10-16T11:39:10","guid":{"rendered":"https:\/\/worldpoint.eu\/hu\/il-divo-tagjai\/"},"modified":"2025-10-16T13:39:10","modified_gmt":"2025-10-16T11:39:10","slug":"il-divo-tagjai","status":"publish","type":"post","link":"https:\/\/worldpoint.eu\/hu\/il-divo-tagjai\/","title":{"rendered":"Il Divo tagjai: A Teljes T\u00f6rt\u00e9net \u00e9s a Jelenlegi Fel\u00e1ll\u00e1s"},"content":{"rendered":"<p>Eml\u00e9kszem, mintha tegnap lett volna, amikor el\u0151sz\u00f6r hallottam az Il Divo hangj\u00e1t. Egy bar\u00e1tom mutatta a \u201eRegresa a M\u00ed\u201d c\u00edm\u0171 dalt, \u00e9s egyszer\u0171en leny\u0171g\u00f6z\u00f6tt. Az a n\u00e9gy hang, annyira k\u00fcl\u00f6nb\u00f6z\u0151, m\u00e9gis t\u00f6k\u00e9letes harm\u00f3ni\u00e1ban\u2026 Azonnal tudni akartam, kik \u0151k. Kik ezek a var\u00e1zslatos hang\u00fa f\u00e9rfiak? A v\u00e1lasz bonyolultabb, mint gondoln\u00e1nk, hiszen az <strong>Il Divo tagjai<\/strong> az \u00e9vek sor\u00e1n v\u00e1ltoztak, de a zene lelke mit sem kopott. S\u0151t, tal\u00e1n m\u00e9g m\u00e9lyebb lett. Ez a cikk egy utaz\u00e1s az egy\u00fcttes vil\u00e1g\u00e1ba, ahol bemutatjuk, kik alkotj\u00e1k ma a legend\u00e1t, \u00e9s hogyan jutottak el id\u00e1ig. Tarts velem, \u00e9s fedezz\u00fck fel egy\u00fctt a titkaikat, mert az <strong>Il Divo tagjai<\/strong> t\u00f6rt\u00e9nete tele van dr\u00e1m\u00e1val, \u00f6r\u00f6mmel \u00e9s persze, elk\u00e9peszt\u0151 zen\u00e9vel.<\/p>\n<h2>Bevezet\u00e9s: Kik azok az Il Divo tagjai?<\/h2>\n<p>Amikor Simon Cowell fej\u00e9ben megsz\u00fcletett az \u00f6tlet egy klasszikus k\u00e9pz\u00e9s\u0171, de popzenei \u00e9rz\u00e9kenys\u00e9g\u0171 vok\u00e1lis kvartettr\u0151l, val\u00f3sz\u00edn\u0171leg \u0151 sem sejtette, mekkora lavin\u00e1t ind\u00edt el. A c\u00e9l egy olyan egy\u00fcttes l\u00e9trehoz\u00e1sa volt, amely k\u00e9pes hidat verni az opera \u00e9s a pop vil\u00e1ga k\u00f6z\u00e9. Ez a koncepci\u00f3 lett az Il Divo alapja. A gondos, k\u00e9t \u00e9vig tart\u00f3 kutat\u00e1s eredm\u00e9nyek\u00e9nt \u00f6ssze\u00e1llt az eredeti n\u00e9gyes, \u00e9s a vil\u00e1g zenei t\u00e9rk\u00e9pe \u00f6r\u00f6kre megv\u00e1ltozott. Az <strong>Il Divo tagjai<\/strong> nem csup\u00e1n \u00e9nekesek, hanem k\u00fcl\u00f6nb\u00f6z\u0151 kult\u00far\u00e1k \u00e9s zenei h\u00e1tterek \u00f6tv\u00f6zetei, akik egy\u00fctt valami eg\u00e9szen \u00fajat hoztak l\u00e9tre. A k\u00e9rd\u00e9s, hogy <strong>hogyan alakult ki az Il Divo egy\u00fcttes<\/strong>, egy zseni\u00e1lis producer v\u00edzi\u00f3j\u00e1ra \u00e9s n\u00e9gy rendk\u00edv\u00fcli tehets\u00e9g tal\u00e1lkoz\u00e1s\u00e1ra vezethet\u0151 vissza. A siker\u00fck titka abban rejlik, hogy az <strong>Il Divo tagjai<\/strong> k\u00e9pesek voltak megsz\u00f3l\u00edtani azokat is, akik kor\u00e1bban tal\u00e1n sosem hallgattak volna klasszikus zen\u00e9t. Micsoda \u00f6tlet volt!<\/p>\n<h3>Az Il Divo felemelked\u00e9se \u00e9s egyedi hangz\u00e1sa<\/h3>\n<p>A deb\u00fct\u00e1l\u00e1suk ut\u00e1n szinte azonnal a cs\u00facsra t\u00f6rtek. Az els\u0151 albumuk, az \u201eIl Divo\u201d, vil\u00e1gszerte els\u00f6pr\u0151 sikert aratott. De <strong>mi az Il Divo zenei st\u00edlusa<\/strong> pontosan? Legink\u00e1bb klasszikus crossovernek, vagy ahogy \u0151k nevezik, \u201epopera\u201d-nak lehetne le\u00edrni. Klasszikus \u00e1ri\u00e1kat, n\u00e9pszer\u0171 dalokat \u00e9s eredeti szerzem\u00e9nyeket adnak el\u0151 operai hangk\u00e9pz\u00e9ssel, de modern, popzenei hangszerel\u00e9ssel. Ez a f\u00fazi\u00f3 teremtette meg azt az egyedi hangz\u00e1st, ami a v\u00e9djegy\u00fckk\u00e9 v\u00e1lt. Az eredeti <strong>Il Divo tagjai<\/strong> \u2013 a sv\u00e1jci tenor, Urs B\u00fchler, az amerikai tenor, David Miller, a francia pop\u00e9nekes, S\u00e9bastien Izambard \u00e9s a spanyol bariton, Carlos Mar\u00edn \u2013 t\u00f6k\u00e9letesen kieg\u00e9sz\u00edtett\u00e9k egym\u00e1st. A k\u00fcl\u00f6nb\u00f6z\u0151 hangsz\u00ednek \u00e9s st\u00edlusok egyvelege olyan vok\u00e1lis \u00e9lm\u00e9nyt ny\u00fajtott, amihez foghat\u00f3t ritk\u00e1n hallani.<\/p>\n<h2>Az Il Divo jelenlegi fel\u00e1ll\u00e1sa: A vok\u00e1lis harm\u00f3nia mesterei<\/h2>\n<p>A tragikus esem\u00e9nyek ut\u00e1n sokan feltett\u00e9k a k\u00e9rd\u00e9st: <strong>kik az Il Divo \u00e9nekesei jelenleg<\/strong>? A csapat egy neh\u00e9z, de b\u00e1tor d\u00f6nt\u00e9st hozott a folytat\u00e1s mellett, tisztelegve elhunyt t\u00e1rsuk eml\u00e9ke el\u0151tt. A jelenlegi fel\u00e1ll\u00e1sban h\u00e1rom alap\u00edt\u00f3 tag \u00e9s egy \u00faj, rendk\u00edv\u00fcl tehets\u00e9ges bariton viszi tov\u00e1bb a l\u00e1ngot. Az \u00faj form\u00e1ci\u00f3val az <strong>Il Divo tagjai<\/strong> ism\u00e9t bizony\u00edtj\u00e1k, hogy a zene ereje minden neh\u00e9zs\u00e9gen \u00e1tseg\u00edt. N\u00e9zz\u00fck meg r\u00e9szletesebben, kik \u0151k. Az <strong>Il Divo tagok \u00e9letrajza r\u00e9szletesen<\/strong> bemutatja azt a soksz\u00edn\u0171s\u00e9get, ami a csapat erej\u00e9t adja.<\/p>\n<h3>Urs B\u00fchler: A l\u00edrai tenor<\/h3>\n<p>A sv\u00e1jci sz\u00e1rmaz\u00e1s\u00fa Urs B\u00fchler a klasszikus vonal egyik legf\u0151bb k\u00e9pvisel\u0151je a csapaton bel\u00fcl. M\u00e1r eg\u00e9szen fiatalon komolyzenei k\u00e9pz\u00e9sben r\u00e9szes\u00fclt, \u00e9s hangszerek sokas\u00e1g\u00e1n j\u00e1tszik. A Luzerni Zeneakad\u00e9mi\u00e1n v\u00e9gzett, majd Amszterdamba k\u00f6lt\u00f6z\u00f6tt, hogy tov\u00e1bb t\u00f6k\u00e9letes\u00edtse tud\u00e1s\u00e1t. Miel\u0151tt az <strong>Il Divo tagjai<\/strong> k\u00f6z\u00e9 ker\u00fclt, m\u00e1r elismert opera\u00e9nekesk\u00e9nt dolgozott. L\u00edrai tenor hangja elengedhetetlen r\u00e9sze az Il Divo hangz\u00e1svil\u00e1g\u00e1nak, egyszerre l\u00e1gy \u00e9s er\u0151teljes. Az <strong>Urs B\u00fchler \u00e9s David Miller \u00e9lete<\/strong> sokban hasonl\u00edt, hiszen mindketten a klasszikus zene vil\u00e1g\u00e1b\u00f3l \u00e9rkeztek, hogy egy teljesen \u00faj m\u0171fajban teljesedjenek ki. Urs a precizit\u00e1s \u00e9s a zenei al\u00e1zat megtestes\u00edt\u0151je.<\/p>\n<h3>David Miller: Az amerikai tenor<\/h3>\n<p>David Miller, az amerikai tenor, szint\u00e9n komoly operai m\u00falttal rendelkezik. Az Oberlin Konzervat\u00f3riumban szerzett diplom\u00e1t, \u00e9s olyan rangos produkci\u00f3kban l\u00e9pett fel, mint Baz Luhrmann h\u00edres Broadway-rendez\u00e9se, a Boh\u00e9m\u00e9let. Sokan a gener\u00e1ci\u00f3ja egyik legtehets\u00e9gesebb tenorj\u00e1nak tartj\u00e1k. Az \u0151 hangja adja a csapat hangz\u00e1s\u00e1nak cs\u00facsait, azokat a magas, tiszta hangokat, amikt\u0151l a hideg futkos a h\u00e1tunkon. Amikor az <strong>Il Divo tagjai<\/strong> egy\u00fctt \u00e9nekelnek, David hangja szinte sz\u00e1rnyal a t\u00f6bbiek\u00e9 felett. \u0150 a technikai virtuozit\u00e1s \u00e9s a dr\u00e1mai er\u0151 \u00f6tv\u00f6zete. Hihetetlen, hogy egy ilyen k\u00e9pzett opera\u00e9nekes ennyire otthonosan mozog a popzene vil\u00e1g\u00e1ban is.<\/p>\n<h3>S\u00e9bastien Izambard: Az egyetlen pop \u00e9nekes<\/h3>\n<p>S\u00e9bastien Izambard a \u201ekakukktoj\u00e1s\u201d a csapatban, de a legjobb \u00e9rtelemben. \u0150 az egyetlen, aki nem r\u00e9szes\u00fclt klasszikus \u00e9nekk\u00e9pz\u00e9sben. A francia \u00e9nekes-dalszerz\u0151 popzenei karrierrel a h\u00e1ta m\u00f6g\u00f6tt csatlakozott az egy\u00fctteshez. \u00c9s ez zseni\u00e1lis h\u00faz\u00e1s volt! Az \u0151 tiszta, popos hangsz\u00edne t\u00f6k\u00e9letes ellenpontot k\u00e9pez a t\u00f6bbiek oper\u00e1sabb t\u00f3nus\u00e1val szemben. Ez a kontraszt teszi az Il Divo hangz\u00e1s\u00e1t annyira gazdagg\u00e1 \u00e9s egyediv\u00e9. A <strong>S\u00e9bastien Izambard szerepe az Il Div\u00f3ban<\/strong> kulcsfontoss\u00e1g\u00fa, hiszen \u0151 k\u00e9pviseli a hidat a k\u00e9t zenei vil\u00e1g k\u00f6z\u00f6tt. Emellett dalszerz\u0151k\u00e9nt \u00e9s producerk\u00e9nt is hozz\u00e1j\u00e1rul a csapat munk\u00e1j\u00e1hoz, ami tov\u00e1bb sz\u00ednes\u00edti a reperto\u00e1rt. Az <strong>Il Divo tagjai<\/strong> sokat k\u00f6sz\u00f6nhetnek az \u0151 modern l\u00e1t\u00e1sm\u00f3dj\u00e1nak.<\/p>\n<h3>Steven LaBrie: Az \u00faj bariton<\/h3>\n<p>Carlos Mar\u00edn tragikus elveszt\u00e9se ut\u00e1n a legnagyobb k\u00e9rd\u00e9s az volt, hogy ki l\u00e9phet a hely\u00e9re. Ez egy bet\u00f6lthetetlen \u0171rnek t\u0171nt. A v\u00e1lasz Steven LaBrie szem\u00e9ly\u00e9ben \u00e9rkezett. De <strong>ki az Il Divo \u00faj baritonja<\/strong>? Steven egy mexik\u00f3i-amerikai bariton, aki m\u00e1r kor\u00e1bban is elismert volt az operavil\u00e1gban. Vend\u00e9gm\u0171v\u00e9szk\u00e9nt csatlakozott a csapathoz a turn\u00e9jukon, \u00e9s a k\u00e9mia annyira m\u0171k\u00f6d\u00f6tt, hogy v\u00e9g\u00fcl \u00e1lland\u00f3 tagg\u00e1 v\u00e1lt. Steven nem pr\u00f3b\u00e1lja meg m\u00e1solni Carlost \u2013 ami lehetetlen is lenne \u2013, hanem a saj\u00e1t szem\u00e9lyis\u00e9g\u00e9t \u00e9s b\u00e1rsonyos baritonj\u00e1t hozza a csapatba, mik\u00f6zben m\u00e9ly tisztelettel ad\u00f3zik el\u0151dje eml\u00e9ke el\u0151tt. Az \u0151 csatlakoz\u00e1s\u00e1val az <strong>Il Divo tagjai<\/strong> \u00fajra teljes egys\u00e9get alkotnak, k\u00e9szen arra, hogy \u00faj fejezetet nyissanak a t\u00f6rt\u00e9net\u00fckben.<\/p>\n<h2>Az Il Divo t\u00f6rt\u00e9net\u00e9nek m\u00e9rf\u00f6ldk\u00f6vei \u00e9s tagv\u00e1lt\u00e1sai<\/h2>\n<p>Az egy\u00fcttes \u00fatja nem volt mindig z\u00f6kken\u0151mentes. A ragyog\u00f3 sikerek mellett komoly kih\u00edv\u00e1sokkal \u00e9s egy sz\u00edvszor\u00edt\u00f3 trag\u00e9di\u00e1val is szembe kellett n\u00e9zni\u00fck. A t\u00f6rt\u00e9net\u00fck \u00e9kes bizony\u00edt\u00e9ka annak, hogy a legnagyobb neh\u00e9zs\u00e9gek k\u00f6zepette is a zene \u00e9s az \u00f6sszetart\u00e1s adhat er\u0151t. A k\u00e9rd\u00e9s, hogy <strong>mi\u00e9rt v\u00e1ltozott meg az Il Divo fel\u00e1ll\u00e1sa<\/strong>, sajnos egy nagyon szomor\u00fa esem\u00e9nyre vezethet\u0151 vissza, ami az eg\u00e9sz vil\u00e1got megr\u00e1zta.<\/p>\n<h3>Carlos Mar\u00edn \u00f6r\u00f6ks\u00e9ge: Egy p\u00f3tolhatatlan hang<\/h3>\n<p>Carlos Mar\u00edn nem csup\u00e1n egy bariton volt. \u0150 volt az Il Divo sz\u00edve-lelke. Karizmatikus szem\u00e9lyis\u00e9ge, szenved\u00e9lyes el\u0151ad\u00e1sm\u00f3dja \u00e9s er\u0151teljes, m\u00e9gis meleg hangja milli\u00f3kat b\u0171v\u00f6lt el. Hal\u00e1la p\u00f3tolhatatlan vesztes\u00e9g volt nemcsak a zenekar, hanem a rajong\u00f3k sz\u00e1m\u00e1ra is vil\u00e1gszerte. Amikor bejelentett\u00e9k, hogy <strong>Carlos Mar\u00edn hal\u00e1la ut\u00e1n \u00faj tag<\/strong> csatlakozik, sokan szkeptikusak voltak. \u00c1m az <strong>Il Divo tagjai<\/strong> ezt a legm\u00e9lyebb tisztelettel kezelt\u00e9k. Carlos \u00f6r\u00f6ks\u00e9ge tov\u00e1bb \u00e9l a dalaikban \u00e9s a sz\u00edv\u00fckben. Az \u0151 eml\u00e9k\u00e9nek szentelt koncertek hihetetlen\u00fcl \u00e9rzelmesre siker\u00fcltek, bizony\u00edtva, hogy a k\u00f6tel\u00e9k k\u00f6z\u00f6tt\u00fck \u00f6r\u00f6kre megmarad. Az <strong>Il Divo r\u00e9gi tagok list\u00e1ja<\/strong> mindig \u0151t is mag\u00e1ban foglalja majd, mint az alap\u00edt\u00f3 aty\u00e1k egyik\u00e9t.<\/p>\n<h3>A kezdetekt\u0151l napjainkig: Az egy\u00fcttes evol\u00faci\u00f3ja<\/h3>\n<p>Az Il Divo t\u00f6rt\u00e9nete a folyamatos fejl\u0151d\u00e9sr\u0151l sz\u00f3l. Az els\u0151, \u00fatt\u00f6r\u0151 albumokt\u00f3l kezdve a k\u00e9s\u0151bbi, k\u00eds\u00e9rletez\u0151bb lemezekig mindig k\u00e9pesek voltak meg\u00fajulni an\u00e9lk\u00fcl, hogy elvesztett\u00e9k volna a l\u00e9nyeg\u00fcket. A reperto\u00e1rjuk folyamatosan b\u0151v\u00fclt, \u00e9s egyre b\u00e1trabban ny\u00faltak k\u00fcl\u00f6nb\u00f6z\u0151 zenei st\u00edlusokhoz. Az <strong>Il Divo tagjai<\/strong> az \u00e9vek sor\u00e1n nemcsak \u00e9nekesk\u00e9nt, hanem el\u0151ad\u00f3m\u0171v\u00e9szk\u00e9nt is rengeteget fejl\u0151dtek. A sz\u00ednpadi jelenl\u00e9t\u00fck, a k\u00f6z\u00f6ns\u00e9ggel val\u00f3 kommunik\u00e1ci\u00f3juk egyre magabiztosabb\u00e1 v\u00e1lt. A tagcsere pedig, b\u00e1r egy trag\u00e9dia k\u00f6vetkezm\u00e9nye volt, egy \u00faj dinamik\u00e1t hozott a csapatba. A jelenlegi <strong>Il Divo tagjai<\/strong> egy \u00e9rett, tapasztalt, de m\u00e9g mindig friss \u00e9s energikus egy\u00fcttest alkotnak.<\/p>\n<h2>Il Divo: A klasszikus crossover m\u0171faj megh\u00f3d\u00edt\u00f3i<\/h2>\n<p>Miel\u0151tt az Il Divo berobbant volna a k\u00f6ztudatba, a klasszikus crossover egy sz\u0171k r\u00e9tegm\u0171fajnak sz\u00e1m\u00edtott. \u0150k voltak azok, akik val\u00f3ban glob\u00e1lis jelens\u00e9gg\u00e9 tett\u00e9k. Siker\u00fckkel kapukat nyitottak meg m\u00e1s hasonl\u00f3 el\u0151ad\u00f3k el\u0151tt, \u00e9s bebizony\u00edtott\u00e1k, hogy a komolyzenei elemeknek igenis hely\u00fck van a mainstreamben. Az <strong>Il Divo klasszikus crossover meghat\u00e1roz\u00e1sa<\/strong> gyakorlatilag egyet jelent a m\u0171faj defin\u00edci\u00f3j\u00e1val. \u0150k \u00e1ll\u00edtott\u00e1k fel a m\u00e9rc\u00e9t.<\/p>\n<h3>Zenei st\u00edlusuk \u00e9s hat\u00e1suk a vil\u00e1gra<\/h3>\n<p>Az Il Divo hat\u00e1sa vitathatatlan. T\u00f6bb t\u00edzmilli\u00f3 eladott album, telth\u00e1zas ar\u00e9nakoncertek a vil\u00e1g minden t\u00e1j\u00e1n. De a sz\u00e1mokon t\u00fal a legfontosabb az, ahogyan \u00e9rzelmileg hatnak az emberekre. Az \u0151 zen\u00e9j\u00fck egyetemes; nyelvi \u00e9s kultur\u00e1lis korl\u00e1tokon \u00e1t\u00edvel. Nem sz\u00e1m\u00edt, hogy valaki \u00e9rti-e a spanyol, olasz vagy francia sz\u00f6veget, az \u00e9rzelem \u00e1tj\u00f6n. Ahogy az egyik kedvenc daluk, a <a href=\"https:\/\/worldpoint.eu\/hu\/il-divo-regresa-a-mi-dal-elemzes\/\">\u201eRegresa a M\u00ed\u201d (Unbreak My Heart)<\/a> is bizony\u00edtja, a zene egy univerz\u00e1lis nyelv. Az <strong>Il Divo tagjai<\/strong> mesterei ennek a nyelvnek. Sokan \u00e9ppen miattuk kezdtek el \u00e9rdekl\u0151dni az opera \u00e9s a klasszikus zene ir\u00e1nt. Micsoda k\u00fcldet\u00e9s!<\/p>\n<h3>Legsikeresebb albumaik \u00e9s sl\u00e1gereik<\/h3>\n<p>Neh\u00e9z lenne kiemelni csak n\u00e9h\u00e1nyat, hiszen az <strong>Il Divo teljes diszkogr\u00e1fia albumok<\/strong> tekintet\u00e9ben rendk\u00edv\u00fcl gazdag. Az olyan lemezek, mint az \u201eAncora\u201d, a \u201eSiempre\u201d vagy a \u201eThe Promise\u201d mind t\u00f6bbmill\u00f3s elad\u00e1sokat produk\u00e1ltak. A <strong>legjobb Il Divo dalok list\u00e1ja<\/strong> pedig olyan sl\u00e1gereket tartalmaz, mint az eml\u00edtett \u201eRegresa a M\u00ed\u201d, a \u201eHallelujah\u201d feldolgoz\u00e1sa, a \u201eTime to Say Goodbye (Con te partir\u00f2)\u201d vagy az \u201eAmazing Grace\u201d. \u00c9s persze ott vannak a csod\u00e1latos kar\u00e1csonyi albumaik is, mint p\u00e9ld\u00e1ul az <strong>Il Divo kar\u00e1csonyi album dalai<\/strong>, amelyek az \u00fcnnepek elengedhetetlen kell\u00e9keiv\u00e9 v\u00e1ltak sok csal\u00e1dban. Az <strong>Il Divo tagjai<\/strong> minden albumukkal magasra teszik a l\u00e9cet.<\/p>\n<h2>Mi\u00e9rt szeretik annyian az Il Div\u00f3t?<\/h2>\n<p>A siker\u00fcket nem lehet csup\u00e1n a tehets\u00e9g\u00fckkel magyar\u00e1zni. Van valami megfoghatatlan plusz a produkci\u00f3jukban, ami ennyire vonz\u00f3v\u00e1 teszi \u0151ket. Tal\u00e1n a hiteless\u00e9g\u00fck, a szenved\u00e9ly\u00fck vagy az az al\u00e1zat, amivel a zen\u00e9hez \u00e9s a k\u00f6z\u00f6ns\u00e9ghez viszonyulnak. Az <strong>Il Divo n\u00e9pszer\u0171s\u00e9ge okai<\/strong> \u00f6sszetettek, de a l\u00e9nyeg mindig ugyanaz: az \u00e9rzelmek.<\/p>\n<h3>Az \u00e9rzelmes el\u0151ad\u00e1sok titka<\/h3>\n<p>Amikor az <strong>Il Divo tagjai<\/strong> a sz\u00ednpadra l\u00e9pnek, nem csak el\u00e9neklik a dalokat. Meg\u00e9lik \u0151ket. Minden egyes hangban, minden mozdulatban ott van a szenved\u00e9ly, a f\u00e1jdalom, az \u00f6r\u00f6m. K\u00e9pesek egy t\u00f6rt\u00e9netet elmes\u00e9lni puszt\u00e1n a hangjukkal. Ez a fajta \u0151szintes\u00e9g \u00e9s \u00e9rzelmi m\u00e9lys\u00e9g az, ami meg\u00e9rinti a hallgat\u00f3kat. Nem csoda, hogy a koncertjeiken rendszeresen l\u00e1tni k\u00f6nnyes szem\u0171 n\u00e9z\u0151ket. A zene n\u00e1luk nem csak sz\u00f3rakoztat\u00e1s, hanem ter\u00e1pia is. M\u00edg egy sz\u00f3l\u00f3 el\u0151ad\u00f3, mint mondjuk <a href=\"https:\/\/worldpoint.eu\/hu\/beyonce-diva\/\">Beyonc\u00e9, a d\u00edva fogalm\u00e1t<\/a> egyfajta er\u0151teljes, f\u00fcggetlen n\u0151i energi\u00e1val testes\u00edti meg, addig az <strong>Il Divo tagjai<\/strong> egy m\u00e1sfajta, klasszikusabb, de nem kev\u00e9sb\u00e9 er\u0151teljes karizm\u00e1t hoznak, ami a f\u00e9rfi sebezhet\u0151s\u00e9g\u00e9t \u00e9s romantikus oldal\u00e1t mutatja meg.<\/p>\n<h3>A glob\u00e1lis siker kulcsa<\/h3>\n<p>Az egyik legfontosabb t\u00e9nyez\u0151 a t\u00f6bbnyelv\u0171s\u00e9g. Az, hogy angolul, spanyolul, olaszul \u00e9s franci\u00e1ul is \u00e9nekelnek, lehet\u0151v\u00e9 teszi sz\u00e1mukra, hogy a vil\u00e1g legk\u00fcl\u00f6nb\u00f6z\u0151bb pontjain is k\u00f6zvetlen\u00fcl sz\u00f3ljanak a k\u00f6z\u00f6ns\u00e9g\u00fckh\u00f6z. Ez a kultur\u00e1lis soksz\u00edn\u0171s\u00e9g, ami magukban az <strong>Il Divo tagjai<\/strong> szem\u00e9ly\u00e9ben is megtestes\u00fcl, hiteless\u00e9 \u00e9s vonz\u00f3v\u00e1 teszi \u0151ket. Nem akarnak egyetlen kult\u00far\u00e1ra korl\u00e1toz\u00f3dni; az eg\u00e9sz vil\u00e1got akarj\u00e1k megsz\u00f3l\u00edtani. \u00c9s ez siker\u00fcl is nekik. A glob\u00e1lis vonzer\u0151 teszi \u0151ket egyed\u00fcl\u00e1ll\u00f3v\u00e1 a zenei piacon, \u00e9s ez biztos\u00edtja, hogy az <strong>Il Divo tagjai<\/strong> mindig is relev\u00e1nsak maradjanak. Az <strong>Il Divo tagjai<\/strong> tehets\u00e9ge vitathatatlan.<\/p>\n<h2>K\u00f6vetkeztet\u00e9s: Az Il Divo \u00f6r\u00f6kz\u00f6ld legend\u00e1ja<\/h2>\n<p>Az Il Divo sokkal t\u00f6bb, mint egy fi\u00fabanda operahangokkal. \u0150k egy zenei jelens\u00e9g, amely megv\u00e1ltoztatta a j\u00e1t\u00e9kszab\u00e1lyokat. Az eredeti \u00e9s a jelenlegi <strong>Il Divo tagjai<\/strong> egyar\u00e1nt hozz\u00e1j\u00e1rultak ahhoz a legend\u00e1hoz, ami ma is milli\u00f3kat inspir\u00e1l. A t\u00f6rt\u00e9net\u00fck a kitart\u00e1sr\u00f3l, a bar\u00e1ts\u00e1gr\u00f3l \u00e9s a zene gy\u00f3gy\u00edt\u00f3 erej\u00e9r\u0151l sz\u00f3l. T\u00fal\u00e9lt\u00e9k a v\u00e1ltoz\u00e1sokat, a trag\u00e9di\u00e1kat, \u00e9s er\u0151sebben t\u00e9rtek vissza, mint valaha. A jelenlegi <strong>Il Divo tagjai<\/strong> m\u00e9lt\u00f3n viszik tov\u00e1bb a f\u00e1kly\u00e1t, biztos\u00edtva, hogy a csod\u00e1latos harm\u00f3ni\u00e1ik m\u00e9g sok\u00e1ig vel\u00fcnk maradjanak. Am\u00edg ilyen szenved\u00e9llyel \u00e9s tehets\u00e9ggel \u00e9nekelnek, az Il Divo neve \u00f6r\u00f6kre egyet fog jelenteni a min\u0151s\u00e9ggel \u00e9s az \u00e9rzelmekkel. Az <strong>Il Divo tagjai<\/strong> nem csak \u00e9nekesek, hanem egy korszak meghat\u00e1roz\u00f3 hangjai. Az <strong>Il Divo tagjai<\/strong> munk\u00e1ss\u00e1ga \u00f6r\u00f6k.<\/p>\n","protected":false},"excerpt":{"rendered":"<p>Eml\u00e9kszem, mintha tegnap lett volna, amikor el\u0151sz\u00f6r hallottam az Il Divo hangj\u00e1t. Egy bar\u00e1tom mutatta a \u201eRegresa a M\u00ed\u201d c\u00edm\u0171 dalt, \u00e9s egyszer\u0171en leny\u0171g\u00f6z\u00f6tt. Az a n\u00e9gy hang, annyira k\u00fcl\u00f6nb\u00f6z\u0151, m\u00e9gis t\u00f6k\u00e9letes harm\u00f3ni\u00e1ban\u2026 Azonnal tudni akartam, kik \u0151k. Kik ezek a var\u00e1zslatos hang\u00fa f\u00e9rfiak? A v\u00e1lasz bonyolultabb, mint gondoln\u00e1nk, hiszen az Il Divo tagjai az [&hellip;]<\/p>\n","protected":false},"author":2,"featured_media":0,"comment_status":"","ping_status":"","sticky":false,"template":"","format":"standard","meta":{"footnotes":""},"categories":[1],"tags":[],"class_list":["post-421","post","type-post","status-publish","format-standard","hentry","category-uzlet"],"_links":{"self":[{"href":"https:\/\/worldpoint.eu\/hu\/wp-json\/wp\/v2\/posts\/421","targetHints":{"allow":["GET"]}}],"collection":[{"href":"https:\/\/worldpoint.eu\/hu\/wp-json\/wp\/v2\/posts"}],"about":[{"href":"https:\/\/worldpoint.eu\/hu\/wp-json\/wp\/v2\/types\/post"}],"author":[{"embeddable":true,"href":"https:\/\/worldpoint.eu\/hu\/wp-json\/wp\/v2\/users\/2"}],"replies":[{"embeddable":true,"href":"https:\/\/worldpoint.eu\/hu\/wp-json\/wp\/v2\/comments?post=421"}],"version-history":[{"count":0,"href":"https:\/\/worldpoint.eu\/hu\/wp-json\/wp\/v2\/posts\/421\/revisions"}],"wp:attachment":[{"href":"https:\/\/worldpoint.eu\/hu\/wp-json\/wp\/v2\/media?parent=421"}],"wp:term":[{"taxonomy":"category","embeddable":true,"href":"https:\/\/worldpoint.eu\/hu\/wp-json\/wp\/v2\/categories?post=421"},{"taxonomy":"post_tag","embeddable":true,"href":"https:\/\/worldpoint.eu\/hu\/wp-json\/wp\/v2\/tags?post=421"}],"curies":[{"name":"wp","href":"https:\/\/api.w.org\/{rel}","templated":true}]}}