{"id":419,"date":"2025-10-16T13:21:46","date_gmt":"2025-10-16T11:21:46","guid":{"rendered":"https:\/\/worldpoint.eu\/hu\/who-egeszsegugyi-vilagszervezet-egeszseg-fogalma\/"},"modified":"2025-10-16T13:21:46","modified_gmt":"2025-10-16T11:21:46","slug":"who-egeszsegugyi-vilagszervezet-egeszseg-fogalma","status":"publish","type":"post","link":"https:\/\/worldpoint.eu\/hu\/who-egeszsegugyi-vilagszervezet-egeszseg-fogalma\/","title":{"rendered":"WHO Eg\u00e9szs\u00e9g\u00fcgyi Vil\u00e1gszervezet eg\u00e9szs\u00e9g fogalma M\u00e9lyrehat\u00f3 Elemz\u00e9s"},"content":{"rendered":"<p>Mi az eg\u00e9szs\u00e9g? Pofonegyszer\u0171 k\u00e9rd\u00e9snek t\u0171nik, igaz? A legt\u00f6bben r\u00e1v\u00e1gn\u00e1nk, hogy \u201eamikor nem vagyok beteg\u201d. Pedig a helyzet enn\u00e9l sokkal, de sokkal \u00e1rnyaltabb. \u00c9vekig \u00e9n is ebben a hitben \u00e9ltem. Nem k\u00f6h\u00f6gtem, nem volt l\u00e1zam, teh\u00e1t eg\u00e9szs\u00e9ges voltam. Pap\u00edron. Azt\u00e1n j\u00f6tt egy pont, egy ki\u00e9g\u00e9snek nevezett cs\u00fafs\u00e1g, ami r\u00e1\u00e9bresztett, hogy a ment\u00e1lis oldallal fikarcnyit sem t\u00f6r\u0151dtem. Akkor \u00e9rtettem meg igaz\u00e1n, hogy a **WHO Eg\u00e9szs\u00e9g\u00fcgyi Vil\u00e1gszervezet eg\u00e9szs\u00e9g fogalma** nem csak egy \u00fcres, b\u00fcrokratikus defin\u00edci\u00f3, hanem egy k\u0151kem\u00e9ny ir\u00e1nymutat\u00e1s a mindennapokra. Mert nem el\u00e9g nem betegnek lenni, j\u00f3l is kell lenni. \u00c9s ez a \u201ej\u00f3l\u201d egy nagyon komplex dolog, amit a **WHO Eg\u00e9szs\u00e9g\u00fcgyi Vil\u00e1gszervezet eg\u00e9szs\u00e9g fogalma** pr\u00f3b\u00e1l megfogni.<\/p>\n<h2>Bevezet\u00e9s: Az eg\u00e9szs\u00e9g fogalm\u00e1nak fontoss\u00e1ga<\/h2>\n<p>Amikor az eg\u00e9szs\u00e9gr\u0151l besz\u00e9l\u00fcnk, hajlamosak vagyunk leegyszer\u0171s\u00edt\u0151 kateg\u00f3ri\u00e1kban gondolkodni. Vagy beteg vagy, vagy nem. De a val\u00f3s\u00e1g egy spektrum, amin folyamatosan mozgunk. A **WHO Eg\u00e9szs\u00e9g\u00fcgyi Vil\u00e1gszervezet eg\u00e9szs\u00e9g fogalma** \u00e9ppen ezt a komplexit\u00e1st ismeri fel, \u00e9s egy sokkal holisztikusabb k\u00e9pet fest. Ez a defin\u00edci\u00f3 nem csup\u00e1n orvosi k\u00f6r\u00f6kben fontos, hanem mindannyiunk sz\u00e1m\u00e1ra, hiszen alapjaiban hat\u00e1rozza meg, hogyan gondolkodunk a saj\u00e1t j\u00f3l\u00e9t\u00fcnkr\u0151l, hogyan alak\u00edtjuk az \u00e9letm\u00f3dunkat, \u00e9s milyen elv\u00e1r\u00e1sokat t\u00e1masztunk az eg\u00e9szs\u00e9g\u00fcgyi rendszerekkel szemben. A **WHO Eg\u00e9szs\u00e9g\u00fcgyi Vil\u00e1gszervezet eg\u00e9szs\u00e9g fogalma** egyfajta ir\u00e1nyt\u0171. Egy m\u00e9rce, amihez viszony\u00edthatunk. \u00c9s valljuk be, egy j\u00f3 ir\u00e1nyt\u0171re mindenkinek sz\u00fcks\u00e9ge van ebben a rohan\u00f3 vil\u00e1gban.<\/p>\n<h2>A WHO eg\u00e9szs\u00e9g defin\u00edci\u00f3j\u00e1nak alaposabb meg\u00e9rt\u00e9se<\/h2>\n<p>A h\u00edres defin\u00edci\u00f3, amit sokan ismernek, de kevesen \u00e9rtenek a maga teljess\u00e9g\u00e9ben, \u00edgy sz\u00f3l: \u201eAz eg\u00e9szs\u00e9g a teljes fizikai, ment\u00e1lis \u00e9s szoci\u00e1lis j\u00f3l\u00e9t \u00e1llapota, \u00e9s nem csup\u00e1n a betegs\u00e9g vagy fogyat\u00e9koss\u00e1g hi\u00e1nya.\u201d Ez a mondat forradalmi volt a maga idej\u00e9ben, \u00e9s ma is az. L\u00e9nyeg\u00e9ben azt mondja, hogy az eg\u00e9szs\u00e9g sokkal t\u00f6bb, mint a t\u00fcnetek puszta hi\u00e1nya. Ez a megk\u00f6zel\u00edt\u00e9s r\u00e1vil\u00e1g\u00edt, hogy **mit jelent a WHO eg\u00e9szs\u00e9gfogalma**: egy proakt\u00edv, folyamatosan fenntartand\u00f3 \u00e1llapotot. A **WHO Eg\u00e9szs\u00e9g\u00fcgyi Vil\u00e1gszervezet eg\u00e9szs\u00e9g fogalma** egy magasra tett l\u00e9c, de egyben egy motiv\u00e1l\u00f3 c\u00e9l is.<\/p>\n<h3>Az eg\u00e9szs\u00e9g mint teljes fizikai, ment\u00e1lis \u00e9s szoci\u00e1lis j\u00f3l\u00e9t<\/h3>\n<p>Bontsuk sz\u00e9t ezt a komplex gondolatot. A defin\u00edci\u00f3 h\u00e1rom alapvet\u0151 pill\u00e9rre \u00e9p\u00fcl, \u00e9s ezek egyform\u00e1n fontosak. **Az eg\u00e9szs\u00e9g fizikai, ment\u00e1lis \u00e9s szoci\u00e1lis dimenzi\u00f3i** elv\u00e1laszthatatlanok egym\u00e1st\u00f3l. A fizikai j\u00f3l\u00e9t mag\u00e1ban foglalja a test\u00fcnk megfelel\u0151 m\u0171k\u00f6d\u00e9s\u00e9t, az energi\u00e1t a mindennapi feladatokhoz, \u00e9s az ellen\u00e1ll\u00e1st a betegs\u00e9gekkel szemben. A ment\u00e1lis j\u00f3l\u00e9t a gondolataink, \u00e9rz\u00e9seink \u00e9s \u00e9rzelmi \u00e1llapotunk harm\u00f3ni\u00e1j\u00e1t jelenti; a k\u00e9pess\u00e9get, hogy megbirk\u00f3zzunk a stresszel, \u00e9s \u00f6r\u00f6m\u00f6t tal\u00e1ljunk az \u00e9letben. A szoci\u00e1lis j\u00f3l\u00e9t pedig a kapcsolataink min\u0151s\u00e9g\u00e9r\u0151l, a k\u00f6z\u00f6ss\u00e9ghez val\u00f3 tartoz\u00e1s \u00e9rz\u00e9s\u00e9r\u0151l \u00e9s a t\u00e1rsadalomban bet\u00f6lt\u00f6tt szerep\u00fcnkr\u0151l sz\u00f3l. Hi\u00e1ba vagy fizikailag fitt, ha mag\u00e1nyos vagy, vagy folyamatosan szorongsz. Az **eg\u00e9szs\u00e9g fogalma szerint a WHO** ez a h\u00e1rom ter\u00fclet egyens\u00faly\u00e1t jelenti. Ez **az eg\u00e9szs\u00e9g h\u00e1rom pill\u00e9re WHO** szerint.<\/p>\n<h3>Az eg\u00e9szs\u00e9g dinamikus megk\u00f6zel\u00edt\u00e9se: egy folyamatos \u00e1llapot<\/h3>\n<p>Az egyik leggyakoribb t\u00e9ved\u00e9s, hogy az eg\u00e9szs\u00e9get egy statikus, egyszer el\u00e9rt \u00e1llapotnak tekintj\u00fck. El\u00e9rek egy c\u00e9lt, \u00e9s k\u00e9sz. De nem. Az \u00e9let folyamatosan v\u00e1ltozik, kih\u00edv\u00e1sok el\u00e9 \u00e1ll\u00edt minket, \u00e9s a j\u00f3l\u00e9t\u00fcnk is ingadozik. A **WHO Eg\u00e9szs\u00e9g\u00fcgyi Vil\u00e1gszervezet eg\u00e9szs\u00e9g fogalma** implicit m\u00f3don mag\u00e1ban hordozza ezt a dinamizmust. Az eg\u00e9szs\u00e9g egy folyamat, egy \u00e1lland\u00f3 t\u00f6rekv\u00e9s az egyens\u00falyra. Minden nap tenn\u00fcnk kell \u00e9rte, apr\u00f3 d\u00f6nt\u00e9sekkel: mit esz\u00fcnk, mennyit mozgunk, hogyan kezelj\u00fck a konfliktusainkat. Ez nem egy sprint, hanem egy maraton. Egy \u00e9lethosszig tart\u00f3 utaz\u00e1s, nem pedig egy v\u00e9g\u00e1llom\u00e1s. \u00c9ppen ez\u00e9rt fontos meg\u00e9rteni, **hogyan \u00e9rtelmezi a WHO az eg\u00e9szs\u00e9get**.<\/p>\n<h2>Mi\u00e9rt kiemelked\u0151 a WHO eg\u00e9szs\u00e9gfogalma a glob\u00e1lis eg\u00e9szs\u00e9g\u00fcgyben?<\/h2>\n<p>Ez a defin\u00edci\u00f3 nem v\u00e9letlen\u00fcl v\u00e1lt a glob\u00e1lis k\u00f6zeg\u00e9szs\u00e9g\u00fcgy alapk\u00f6v\u00e9v\u00e9. Radik\u00e1lisan megv\u00e1ltoztatta a f\u00f3kuszt: a betegs\u00e9gek kezel\u00e9s\u00e9r\u0151l a j\u00f3l\u00e9t el\u0151mozd\u00edt\u00e1s\u00e1ra helyezte a hangs\u00falyt. A **WHO Eg\u00e9szs\u00e9g\u00fcgyi Vil\u00e1gszervezet eg\u00e9szs\u00e9g fogalma** lett az alapja sz\u00e1mtalan nemzeti \u00e9s nemzetk\u00f6zi programnak. Ez a holisztikus szeml\u00e9let teszi lehet\u0151v\u00e9, hogy ne csak az egy\u00e9n, hanem a teljes t\u00e1rsadalom eg\u00e9szs\u00e9g\u00e9vel foglalkozzunk. A **WHO Eg\u00e9szs\u00e9g\u00fcgyi Vil\u00e1gszervezet eg\u00e9szs\u00e9g fogalma** egyetemes \u00e9rv\u00e9ny\u0171, kult\u00far\u00e1t\u00f3l \u00e9s f\u00f6ldrajzi elhelyezked\u00e9st\u0151l f\u00fcggetlen\u00fcl alkalmazhat\u00f3.<\/p>\n<h3>A WHO defin\u00edci\u00f3ja mint ir\u00e1nymutat\u00e1s a szakpolitik\u00e1k sz\u00e1m\u00e1ra<\/h3>\n<p>A korm\u00e1nyok \u00e9s eg\u00e9szs\u00e9g\u00fcgyi szervezetek sz\u00e1m\u00e1ra a WHO defin\u00edci\u00f3ja konkr\u00e9t ir\u00e1nymutat\u00e1st ad. Nem el\u00e9g k\u00f3rh\u00e1zakat \u00e9p\u00edteni, hanem olyan k\u00f6rnyezetet kell teremteni, amely t\u00e1mogatja az emberek j\u00f3l\u00e9t\u00e9t. Ez mag\u00e1ban foglalja a tiszta iv\u00f3v\u00edzhez, az eg\u00e9szs\u00e9ges \u00e9lelmiszerekhez val\u00f3 hozz\u00e1f\u00e9r\u00e9st, a biztons\u00e1gos lak\u00f3k\u00f6rnyezetet \u00e9s az oktat\u00e1st. A **WHO glob\u00e1lis eg\u00e9szs\u00e9g\u00fcgyi strat\u00e9gia** erre a sz\u00e9les k\u00f6r\u0171 megk\u00f6zel\u00edt\u00e9sre \u00e9p\u00fcl. A **WHO Eg\u00e9szs\u00e9g\u00fcgyi Vil\u00e1gszervezet eg\u00e9szs\u00e9g fogalma** seg\u00edt abban, hogy a d\u00f6nt\u00e9shoz\u00f3k l\u00e1ss\u00e1k a &#8220;f\u00e1t\u00f3l az erd\u0151t&#8221;, \u00e9s a forr\u00e1sokat ne csak a t\u0171zolt\u00e1sra, hanem a megel\u0151z\u00e9sre is ford\u00edts\u00e1k. Ez a **WHO defin\u00edci\u00f3 alkalmaz\u00e1sa a gyakorlatban**.<\/p>\n<h3>Az eg\u00e9szs\u00e9gfejleszt\u00e9s \u00e9s a prevenci\u00f3 k\u00f6zponti szerepe<\/h3>\n<p>Tal\u00e1n a legfontosabb k\u00f6vetkezm\u00e9nye a WHO megk\u00f6zel\u00edt\u00e9s\u00e9nek a prevenci\u00f3 el\u0151t\u00e9rbe ker\u00fcl\u00e9se. Sokkal egyszer\u0171bb \u00e9s olcs\u00f3bb megel\u0151zni a bajt, mint kezelni a m\u00e1r kialakult betegs\u00e9get. A **prevenci\u00f3 szerepe az eg\u00e9szs\u00e9gben WHO** szerint kulcsfontoss\u00e1g\u00fa. Ez mag\u00e1ban foglalja a v\u00e9d\u0151olt\u00e1si programokat, a doh\u00e1nyz\u00e1s elleni kamp\u00e1nyokat, a ment\u00e1lis eg\u00e9szs\u00e9g\u00fcgyi sz\u0171r\u00e9seket \u00e9s az eg\u00e9szs\u00e9ges \u00e9letm\u00f3dra val\u00f3 nevel\u00e9st. Az eg\u00e9szs\u00e9gfejleszt\u00e9s c\u00e9lja, hogy az emberek k\u00e9pess\u00e9 v\u00e1ljanak saj\u00e1t eg\u00e9szs\u00e9g\u00fck ir\u00e1ny\u00edt\u00e1s\u00e1ra \u00e9s jav\u00edt\u00e1s\u00e1ra. A **WHO Eg\u00e9szs\u00e9g\u00fcgyi Vil\u00e1gszervezet eg\u00e9szs\u00e9g fogalma** adja meg ehhez az elm\u00e9leti keretet.<\/p>\n<h2>Az eg\u00e9szs\u00e9g fogalm\u00e1nak t\u00e1gabb \u00e9rtelmez\u00e9se \u00e9s modern kih\u00edv\u00e1sai<\/h2>\n<p>A vil\u00e1g folyamatosan v\u00e1ltozik, \u00e9s ezzel egy\u00fctt **az eg\u00e9szs\u00e9g \u00e9rtelmez\u00e9se napjainkban** is \u00fajabb \u00e9s \u00fajabb kih\u00edv\u00e1sokkal n\u00e9z szembe. A WHO alapdefin\u00edci\u00f3ja id\u0151t\u00e1ll\u00f3, de az alkalmaz\u00e1sa sor\u00e1n figyelembe kell venn\u00fcnk a modern kor jelens\u00e9geit. A **WHO Eg\u00e9szs\u00e9g\u00fcgyi Vil\u00e1gszervezet eg\u00e9szs\u00e9g fogalma** keretet ad, de a keretet nek\u00fcnk kell tartalommal megt\u00f6lteni.<\/p>\n<h3>K\u00f6rnyezeti hat\u00e1sok \u00e9s a k\u00f6z\u00f6ss\u00e9gi eg\u00e9szs\u00e9g szerepe<\/h3>\n<p>Ma m\u00e1r tudjuk, hogy az eg\u00e9szs\u00e9g\u00fcnk nem f\u00fcggetlen a k\u00f6rnyezett\u0151l, amelyben \u00e9l\u00fcnk. A l\u00e9gszennyez\u00e9s, a kl\u00edmav\u00e1ltoz\u00e1s, a zaj\u00e1rtalom mind-mind hat\u00e1ssal vannak a fizikai \u00e9s ment\u00e1lis \u00e1llapotunkra. **Az eg\u00e9szs\u00e9g holisztikus megk\u00f6zel\u00edt\u00e9se WHO** szerint mag\u00e1ban kell, hogy foglalja a k\u00f6rnyezeti dimenzi\u00f3t is. A k\u00f6z\u00f6ss\u00e9g ereje is fel\u00e9rt\u00e9kel\u0151d\u00f6tt; a t\u00e1rsadalmi koh\u00e9zi\u00f3, a t\u00e1mogat\u00f3 h\u00e1l\u00f3zatok megl\u00e9te bizony\u00edtottan jav\u00edtja az emberek eg\u00e9szs\u00e9g\u00e9t. A **k\u00f6z\u00f6ss\u00e9gi eg\u00e9szs\u00e9gfejleszt\u00e9s WHO** programjainak is ez az alapja.<\/p>\n<h3>A digit\u00e1lis j\u00f3l\u00e9t \u00e9s az online eg\u00e9szs\u00e9g\u00fcgyi inform\u00e1ci\u00f3k<\/h3>\n<p>A digit\u00e1lis kor \u00faj kih\u00edv\u00e1sokat hozott. Mennyi k\u00e9perny\u0151id\u0151 sz\u00e1m\u00edt eg\u00e9szs\u00e9gesnek? Hogyan hat a k\u00f6z\u00f6ss\u00e9gi m\u00e9dia a ment\u00e1lis eg\u00e9szs\u00e9g\u00fcnkre? Hogyan sz\u0171rj\u00fck ki a megb\u00edzhat\u00f3 eg\u00e9szs\u00e9g\u00fcgyi inform\u00e1ci\u00f3kat az \u00e1lh\u00edrek tenger\u00e9b\u0151l? A digit\u00e1lis j\u00f3l\u00e9t fogalma ma m\u00e1r szerves r\u00e9sze az eg\u00e9szs\u00e9gr\u0151l val\u00f3 gondolkod\u00e1snak. A **WHO Eg\u00e9szs\u00e9g\u00fcgyi Vil\u00e1gszervezet eg\u00e9szs\u00e9g fogalma** kiterjeszthet\u0151 erre a ter\u00fcletre is, hiszen a digit\u00e1lis t\u00e9rben val\u00f3 eligazod\u00e1s ma m\u00e1r a szoci\u00e1lis \u00e9s ment\u00e1lis j\u00f3l\u00e9t r\u00e9sze.<\/p>\n<h2>Az egy\u00e9ni felel\u0151ss\u00e9g \u00e9s a k\u00f6z\u00f6ss\u00e9gi hozz\u00e1j\u00e1rul\u00e1s az eg\u00e9szs\u00e9ges \u00e9lethez<\/h2>\n<p>B\u00e1r a rendszerszint\u0171 v\u00e1ltoz\u00e1sok elengedhetetlenek, az egy\u00e9n felel\u0151ss\u00e9ge sem elhanyagolhat\u00f3. S\u0151t. V\u00e9g\u00fcl is a saj\u00e1t test\u00fcnkr\u0151l \u00e9s lelk\u00fcnkr\u0151l mi magunk d\u00f6nt\u00fcnk nap mint nap. A **WHO Eg\u00e9szs\u00e9g\u00fcgyi Vil\u00e1gszervezet eg\u00e9szs\u00e9g fogalma** nem elveszi, hanem \u00e9ppen meger\u0151s\u00edti az egy\u00e9ni felel\u0151ss\u00e9get. A tudatoss\u00e1g az els\u0151 l\u00e9p\u00e9s.<\/p>\n<h3>Hogyan val\u00f3s\u00edthat\u00f3 meg a WHO \u00e1ltal javasolt eg\u00e9szs\u00e9ges \u00e9letm\u00f3d?<\/h3>\n<p>A WHO aj\u00e1nl\u00e1sai k\u00f6zismertek: kiegyens\u00falyozott t\u00e1pl\u00e1lkoz\u00e1s, rendszeres testmozg\u00e1s, elegend\u0151 alv\u00e1s, a k\u00e1ros szenved\u00e9lyek ker\u00fcl\u00e9se. De a megval\u00f3s\u00edt\u00e1s m\u00e1r nem mindig egyszer\u0171. Nem kell t\u00f6k\u00e9letesnek lenni. A kis, k\u00f6vetkezetes l\u00e9p\u00e9sek sokkal t\u00f6bbet \u00e9rnek, mint a nagy, de r\u00f6vid \u00e9let\u0171 fell\u00e1ngol\u00e1sok. Kezdj egy napi 15 perces s\u00e9t\u00e1val! Cser\u00e9ld le a cukros \u00fcd\u00edt\u0151t v\u00edzre! Olvass el p\u00e1r oldalt elalv\u00e1s el\u0151tt a telefonod nyomkod\u00e1sa helyett! Inspir\u00e1ci\u00f3\u00e9rt n\u00e9ha el\u00e9g megn\u00e9zni n\u00e9h\u00e1nyat, amit az <a href=\"https:\/\/worldpoint.eu\/hu\/egeszseges-eletmod-kepek-inspiracio\/\">eg\u00e9szs\u00e9ges \u00e9letm\u00f3d k\u00e9pek<\/a> sugallnak. A vizu\u00e1lis motiv\u00e1ci\u00f3 erej\u00e9t sose becs\u00fclj\u00fck le. Sokan esk\u00fcsznek a term\u00e9szetes gy\u00f3gym\u00f3dokra is, mer\u00edtve p\u00e9ld\u00e1ul abb\u00f3l a tud\u00e1sb\u00f3l, amit a <a href=\"https:\/\/worldpoint.eu\/hu\/maria-treben-egeszseg-isten-patikajabol\/\">Maria Treben: Eg\u00e9szs\u00e9g Isten patik\u00e1j\u00e1b\u00f3l<\/a> c\u00edm\u0171 k\u00f6nyv is n\u00e9pszer\u0171s\u00edtett. Inform\u00e1ci\u00f3kat \u00e9s tippeket pedig sz\u00e1mtalan helyr\u0151l, ak\u00e1r egy megb\u00edzhat\u00f3 <a href=\"https:\/\/worldpoint.eu\/hu\/phytomint-egeszseg-magazin\/\">eg\u00e9szs\u00e9g magazin<\/a> oldalair\u00f3l is szerezhet\u00fcnk. A **WHO Eg\u00e9szs\u00e9g\u00fcgyi Vil\u00e1gszervezet eg\u00e9szs\u00e9g fogalma** a gyakorlatban ezekb\u0151l az apr\u00f3, tudatos d\u00f6nt\u00e9sekb\u0151l \u00e1ll \u00f6ssze.<\/p>\n<h3>A ment\u00e1lis eg\u00e9szs\u00e9g meg\u0151rz\u00e9s\u00e9nek m\u00f3dszerei<\/h3>\n<p>A ment\u00e1lis eg\u00e9szs\u00e9g tal\u00e1n a legink\u00e1bb elhanyagolt ter\u00fclete a j\u00f3l\u00e9tnek, pedig n\u00e9lk\u00fcle nincs val\u00f3di eg\u00e9szs\u00e9g. A **ment\u00e1lis eg\u00e9szs\u00e9g a WHO szemsz\u00f6g\u00e9b\u0151l** egyenrang\u00fa a fizikailag. Meg kell tanulnunk kezelni a stresszt, felismerni a saj\u00e1t hat\u00e1rainkat, \u00e9s nem f\u00e9lni seg\u00edts\u00e9get k\u00e9rni, ha sz\u00fcks\u00e9g van r\u00e1. A mindfulness, a medit\u00e1ci\u00f3, a j\u00f3ga, vagy egyszer\u0171en csak egy j\u00f3 besz\u00e9lget\u00e9s egy bar\u00e1ttal csod\u00e1kra k\u00e9pes. Fontos meg\u00e9rteni a **szoci\u00e1lis j\u00f3l\u00e9t fontoss\u00e1ga WHO** \u00e1ltali hangs\u00falyoz\u00e1s\u00e1t is, hiszen a t\u00e1mogat\u00f3 emberi kapcsolatok a legjobb antidepressz\u00e1nsok. Eml\u00e9kezz\u00fcnk meg arr\u00f3l, hogy l\u00e9tezik a <a href=\"https:\/\/worldpoint.eu\/hu\/lelki-egeszseg-vilagnapja-jelentosege\/\">lelki eg\u00e9szs\u00e9g vil\u00e1gnapja<\/a> is, ami pont arra h\u00edvja fel a figyelmet, hogy ezzel a t\u00e9m\u00e1val foglalkozni kell. A **WHO Eg\u00e9szs\u00e9g\u00fcgyi Vil\u00e1gszervezet eg\u00e9szs\u00e9g fogalma** r\u00e1vil\u00e1g\u00edt, hogy a kett\u0151 nem v\u00e1laszthat\u00f3 sz\u00e9t.<\/p>\n<h2>A WHO eg\u00e9szs\u00e9g defin\u00edci\u00f3j\u00e1nak gyakorlati alkalmaz\u00e1sa \u00e9s j\u00f6v\u0151beli kil\u00e1t\u00e1sai<\/h2>\n<p>A **WHO Eg\u00e9szs\u00e9g\u00fcgyi Vil\u00e1gszervezet eg\u00e9szs\u00e9g fogalma** egy \u00e9l\u0151, fejl\u0151d\u0151 koncepci\u00f3. A j\u00f6v\u0151 kih\u00edv\u00e1sai \u2013 mint a n\u00e9pess\u00e9g el\u00f6reged\u00e9se, az \u00faj j\u00e1rv\u00e1nyok, vagy az **eg\u00e9szs\u00e9g\u00fcgyi egyenl\u0151tlens\u00e9gek WHO** \u00e1ltal is vizsg\u00e1lt probl\u00e9m\u00e1ja \u2013 folyamatosan alak\u00edtj\u00e1k az \u00e9rtelmez\u00e9s\u00e9t. A defin\u00edci\u00f3 maga marad, de a hangs\u00falyok eltol\u00f3dhatnak. Az **eg\u00e9szs\u00e9g\u00fcgyi vil\u00e1gszervezet feladatai** k\u00f6z\u00e9 tartozik az is, hogy ezekre a v\u00e1ltoz\u00e1sokra reflekt\u00e1ljon.<\/p>\n<h3>Eg\u00e9szs\u00e9g\u00fcgyi rendszerek adapt\u00e1ci\u00f3ja \u00e9s innov\u00e1ci\u00f3ja<\/h3>\n<p>Az eg\u00e9szs\u00e9g\u00fcgyi rendszereknek is alkalmazkodniuk kell a holisztikus szeml\u00e9lethez. Ez a szem\u00e9lyre szabott orvosl\u00e1s, a digit\u00e1lis eg\u00e9szs\u00e9g\u00fcgyi megold\u00e1sok (telemedicina) \u00e9s a megel\u0151z\u00e9sre f\u00f3kusz\u00e1l\u00f3 n\u00e9peg\u00e9szs\u00e9g\u00fcgyi programok el\u0151ret\u00f6r\u00e9s\u00e9t jelenti. A j\u00f6v\u0151 nem a tablett\u00e1k fel\u00edr\u00e1s\u00e1r\u00f3l, hanem az \u00e9letm\u00f3d-tan\u00e1csad\u00e1sr\u00f3l \u00e9s a ment\u00e1lis t\u00e1mogat\u00e1sr\u00f3l is sz\u00f3l majd. A **WHO Eg\u00e9szs\u00e9g\u00fcgyi Vil\u00e1gszervezet eg\u00e9szs\u00e9g fogalma** ezt a paradigmav\u00e1lt\u00e1st s\u00fcrgeti.<\/p>\n<h3>Glob\u00e1lis egy\u00fcttm\u0171k\u00f6d\u00e9s az eg\u00e9szs\u00e9g\u00e9rt<\/h3>\n<p>Egyetlen orsz\u00e1g sem k\u00e9pes egyed\u00fcl megbirk\u00f3zni a glob\u00e1lis eg\u00e9szs\u00e9g\u00fcgyi kih\u00edv\u00e1sokkal. A j\u00e1rv\u00e1nyok nem ismernek hat\u00e1rokat. A kl\u00edmav\u00e1ltoz\u00e1s mindenkit \u00e9rint. A glob\u00e1lis egy\u00fcttm\u0171k\u00f6d\u00e9s, a tud\u00e1smegoszt\u00e1s \u00e9s a szolidarit\u00e1s elengedhetetlen a **WHO n\u00e9peg\u00e9szs\u00e9g\u00fcgyi programok** siker\u00e9hez. A **WHO Eg\u00e9szs\u00e9g\u00fcgyi Vil\u00e1gszervezet eg\u00e9szs\u00e9g fogalma** k\u00f6z\u00f6s nevez\u0151t \u00e9s k\u00f6z\u00f6s c\u00e9lt ad az emberis\u00e9g sz\u00e1m\u00e1ra. \u00c9s valljuk be, n\u00e9ha az ember a legv\u00e1ratlanabb helyeken keresi a motiv\u00e1ci\u00f3t. Van, aki az adatokban hisz, m\u00e1sok pedig a csillagokban keresik a v\u00e1laszt. B\u00e1r nem tudom\u00e1nyos, de m\u00e9g egy <a href=\"https:\/\/worldpoint.eu\/hu\/egeszseg-horoszkop-csillagjegyek-szerint-reszletes-utmutato\/\">eg\u00e9szs\u00e9g horoszk\u00f3p<\/a> is adhat egy kezd\u0151 l\u00f6k\u00e9st ahhoz, hogy jobban odafigyelj\u00fcnk magunkra. A l\u00e9nyeg a tudatoss\u00e1g, b\u00e1rhonnan is ered.<\/p>\n<h2>\u00d6sszefoglal\u00e1s: Az eg\u00e9szs\u00e9g mint alapvet\u0151 emberi jog \u00e9s egyetemes c\u00e9l<\/h2>\n<p>V\u00e9g\u00fcl is, **mi az eg\u00e9szs\u00e9g a WHO szerint**? Nem m\u00e1s, mint a teljes \u00e9let lehet\u0151s\u00e9ge. A **WHO Eg\u00e9szs\u00e9g\u00fcgyi Vil\u00e1gszervezet eg\u00e9szs\u00e9g fogalma** kimondja, hogy az el\u00e9rhet\u0151 legjobb eg\u00e9szs\u00e9gi \u00e1llapot minden ember alapvet\u0151 joga, fajra, vall\u00e1sra, politikai meggy\u0151z\u0151d\u00e9sre, gazdas\u00e1gi vagy t\u00e1rsadalmi helyzetre val\u00f3 tekintet n\u00e9lk\u00fcl. Ez egy rendk\u00edv\u00fcl er\u0151s \u00e9s fontos \u00e1ll\u00edt\u00e1s. Arra eml\u00e9keztet minket, hogy az eg\u00e9szs\u00e9g nem privil\u00e9gium, hanem alapjog. \u00c9s ez\u00e9rt a jog\u00e9rt tenni kell, egy\u00e9ni, k\u00f6z\u00f6ss\u00e9gi \u00e9s glob\u00e1lis szinten is. Az **eg\u00e9szs\u00e9g fogalma szerint a WHO** egy univerz\u00e1lis c\u00e9l, amely mindannyiunkat \u00f6sszek\u00f6t. A **WHO Eg\u00e9szs\u00e9g\u00fcgyi Vil\u00e1gszervezet eg\u00e9szs\u00e9g fogalma** nem csak egy defin\u00edci\u00f3. Hanem egy \u00edg\u00e9ret egy jobb, eg\u00e9szs\u00e9gesebb j\u00f6v\u0151re. A **WHO Eg\u00e9szs\u00e9g\u00fcgyi Vil\u00e1gszervezet eg\u00e9szs\u00e9g fogalma** jel\u00f6li ki az utat. A **WHO Eg\u00e9szs\u00e9g\u00fcgyi Vil\u00e1gszervezet eg\u00e9szs\u00e9g fogalma** a kulcs. A **WHO Eg\u00e9szs\u00e9g\u00fcgyi Vil\u00e1gszervezet eg\u00e9szs\u00e9g fogalma** a kiindul\u00f3pont. A **WHO Eg\u00e9szs\u00e9g\u00fcgyi Vil\u00e1gszervezet eg\u00e9szs\u00e9g fogalma** adja a keretet. **Mit jelent a WHO eg\u00e9szs\u00e9gfogalma**? A teljess\u00e9get. A **WHO Eg\u00e9szs\u00e9g\u00fcgyi Vil\u00e1gszervezet eg\u00e9szs\u00e9g fogalma** a c\u00e9l. **Hogyan \u00e9rtelmezi a WHO az eg\u00e9szs\u00e9get**? Holisztikusan. A **WHO Eg\u00e9szs\u00e9g\u00fcgyi Vil\u00e1gszervezet eg\u00e9szs\u00e9g fogalma** az alap. **Az eg\u00e9szs\u00e9g fizikai ment\u00e1lis szoci\u00e1lis dimenzi\u00f3i** egy\u00fcttesen alkotj\u00e1k a teljess\u00e9get. A **prevenci\u00f3 szerepe az eg\u00e9szs\u00e9gben WHO** szerint megk\u00e9rd\u0151jelezhetetlen. A **WHO Eg\u00e9szs\u00e9g\u00fcgyi Vil\u00e1gszervezet eg\u00e9szs\u00e9g fogalma** egyetemes. A **ment\u00e1lis eg\u00e9szs\u00e9g a WHO szemsz\u00f6g\u00e9b\u0151l** kritikus. A **szoci\u00e1lis j\u00f3l\u00e9t fontoss\u00e1ga WHO** \u00e1ltal is elismert. A **WHO Eg\u00e9szs\u00e9g\u00fcgyi Vil\u00e1gszervezet eg\u00e9szs\u00e9g fogalma** relev\u00e1nsabb, mint valaha. A **WHO Eg\u00e9szs\u00e9g\u00fcgyi Vil\u00e1gszervezet eg\u00e9szs\u00e9g fogalma** mindannyiunk \u00fcgye.<\/p>\n","protected":false},"excerpt":{"rendered":"<p>Mi az eg\u00e9szs\u00e9g? Pofonegyszer\u0171 k\u00e9rd\u00e9snek t\u0171nik, igaz? A legt\u00f6bben r\u00e1v\u00e1gn\u00e1nk, hogy \u201eamikor nem vagyok beteg\u201d. Pedig a helyzet enn\u00e9l sokkal, de sokkal \u00e1rnyaltabb. \u00c9vekig \u00e9n is ebben a hitben \u00e9ltem. Nem k\u00f6h\u00f6gtem, nem volt l\u00e1zam, teh\u00e1t eg\u00e9szs\u00e9ges voltam. Pap\u00edron. Azt\u00e1n j\u00f6tt egy pont, egy ki\u00e9g\u00e9snek nevezett cs\u00fafs\u00e1g, ami r\u00e1\u00e9bresztett, hogy a ment\u00e1lis oldallal fikarcnyit sem [&hellip;]<\/p>\n","protected":false},"author":2,"featured_media":0,"comment_status":"","ping_status":"","sticky":false,"template":"","format":"standard","meta":{"footnotes":""},"categories":[4],"tags":[],"class_list":["post-419","post","type-post","status-publish","format-standard","hentry","category-sport"],"_links":{"self":[{"href":"https:\/\/worldpoint.eu\/hu\/wp-json\/wp\/v2\/posts\/419","targetHints":{"allow":["GET"]}}],"collection":[{"href":"https:\/\/worldpoint.eu\/hu\/wp-json\/wp\/v2\/posts"}],"about":[{"href":"https:\/\/worldpoint.eu\/hu\/wp-json\/wp\/v2\/types\/post"}],"author":[{"embeddable":true,"href":"https:\/\/worldpoint.eu\/hu\/wp-json\/wp\/v2\/users\/2"}],"replies":[{"embeddable":true,"href":"https:\/\/worldpoint.eu\/hu\/wp-json\/wp\/v2\/comments?post=419"}],"version-history":[{"count":0,"href":"https:\/\/worldpoint.eu\/hu\/wp-json\/wp\/v2\/posts\/419\/revisions"}],"wp:attachment":[{"href":"https:\/\/worldpoint.eu\/hu\/wp-json\/wp\/v2\/media?parent=419"}],"wp:term":[{"taxonomy":"category","embeddable":true,"href":"https:\/\/worldpoint.eu\/hu\/wp-json\/wp\/v2\/categories?post=419"},{"taxonomy":"post_tag","embeddable":true,"href":"https:\/\/worldpoint.eu\/hu\/wp-json\/wp\/v2\/tags?post=419"}],"curies":[{"name":"wp","href":"https:\/\/api.w.org\/{rel}","templated":true}]}}