{"id":417,"date":"2025-10-16T13:15:09","date_gmt":"2025-10-16T11:15:09","guid":{"rendered":"https:\/\/worldpoint.eu\/hu\/fontana-divat-klasszikus-olasz-elegancia\/"},"modified":"2025-10-16T13:15:09","modified_gmt":"2025-10-16T11:15:09","slug":"fontana-divat-klasszikus-olasz-elegancia","status":"publish","type":"post","link":"https:\/\/worldpoint.eu\/hu\/fontana-divat-klasszikus-olasz-elegancia\/","title":{"rendered":"Fontana divat \u00fatmutat\u00f3 a klasszikus olasz eleganci\u00e1hoz"},"content":{"rendered":"<p>Ugye ismer\u0151s az \u00e9rz\u00e9s, amikor egy r\u00e9gi filmkock\u00e1n megl\u00e1tsz egy ruh\u00e1t, \u00e9s egyszer\u0171en el\u00e1ll a l\u00e9legzeted? Az a fajta elegancia, ami nem hivalkod\u00f3, m\u00e9gis minden szemet vonz. Nos, nagy es\u00e9llyel a <b>Fontana divat<\/b> egyik mesterm\u0171v\u00e9t l\u00e1tod. Ez nem csup\u00e1n \u00f6lt\u00f6zk\u00f6d\u00e9s, hanem egy \u00e9let\u00e9rz\u00e9s, egy id\u0151kapszula, ami a h\u00e1bor\u00fa ut\u00e1ni R\u00f3ma pezsg\u0151, rem\u00e9nyteli vil\u00e1g\u00e1ba rep\u00edt vissza minket. De mit\u0151l is olyan m\u00e1gikus ez a st\u00edlus? Tarts velem, \u00e9s megfejtj\u00fck a titkot, ami a <b>Fontana divat<\/b> m\u00f6g\u00f6tt rejlik, \u00e9s megmutatom, hogyan csemp\u00e9szheted be ezt az id\u0151tlen ragyog\u00e1st a saj\u00e1t gardr\u00f3bodba.<\/p>\n<h2>Bevezet\u00e9s a Fontana Divat Vil\u00e1g\u00e1ba<\/h2>\n<p>Amikor el\u0151sz\u00f6r hallottam a Fontana n\u0151v\u00e9rekr\u0151l, bevallom, csak egy voltam a sok n\u00e9pszer\u0171 divatm\u00e1rka \u00e9s st\u00edlus k\u00f6z\u00fcl, amit meg kellett ismernem. De ahogy m\u00e9lyebbre \u00e1stam, r\u00e1j\u00f6ttem, hogy ez sokkal t\u00f6bb ann\u00e1l. A <b>Fontana divat<\/b> a n\u0151iess\u00e9g esszenci\u00e1ja, a kifinomult \u00edzl\u00e9s \u00e9s a mesteri szab\u00e1svonalak t\u00f6k\u00e9letes harm\u00f3ni\u00e1ja. Ez az a st\u00edlus, ami nem megy ki a divatb\u00f3l, mert nem a gyorsan v\u00e1ltoz\u00f3 trendekre \u00e9p\u00fcl, hanem az \u00f6r\u00f6k \u00e9rt\u00e9kekre. Egyfajta csendes forradalom volt ez a maga idej\u00e9ben. Azt \u00fczente a vil\u00e1gnak, hogy a n\u0151k lehetnek egyszerre er\u0151sek \u00e9s l\u00e9giesen eleg\u00e1nsak.<\/p>\n<h3>Mi\u00e9rt k\u00fcl\u00f6nleges a Fontana st\u00edlus?<\/h3>\n<p>Mert van lelke. T\u00e9nyleg. Minden egyes \u00f6lt\u00e9sben ott van a h\u00e1rom Fontana n\u0151v\u00e9r, Zoe, Micol \u00e9s Giovanna szenved\u00e9lye \u00e9s elhivatotts\u00e1ga. A ruh\u00e1ik nem csak testet takartak, hanem t\u00f6rt\u00e9neteket mes\u00e9ltek. A k\u00fcl\u00f6nlegess\u00e9ge abban rejlik, hogy k\u00e9pes volt \u00f6tv\u00f6zni a hagyom\u00e1nyos olasz szab\u00e1szatot a hollywoodi csillog\u00e1ssal, l\u00e9trehozva valami teljesen \u00fajat \u00e9s egyedit. Ez a kett\u0151ss\u00e9g teszi ma is relev\u00e1nss\u00e1. A <b>Fontana divat<\/b> nem korhoz k\u00f6t\u00f6tt. Nem sz\u00e1m\u00edt, h\u00e1ny \u00e9ves vagy, a st\u00edlusukban megtal\u00e1lhatod azt a darabot, amit\u0151l kir\u00e1lyn\u0151nek \u00e9rzed magad. \u00c9s \u0151szint\u00e9n, ki ne v\u00e1gyna erre? Pontosan ez a <b>Fontana divat<\/b> l\u00e9nyege.<\/p>\n<h2>A Fontana Divath\u00e1z T\u00f6rt\u00e9nete \u00e9s Felemelked\u00e9se<\/h2>\n<p>A <b>Fontana divat t\u00f6rt\u00e9nete<\/b> egy igazi t\u00fcnd\u00e9rmese, ami egy kis olasz falub\u00f3l, Traversetol\u00f3b\u00f3l indult, \u00e9s eg\u00e9szen a hollywoodi v\u00f6r\u00f6s sz\u0151nyegig rep\u00edtette az alkot\u00f3it. H\u00e1rom n\u0151v\u00e9r, akik mertek nagyot \u00e1lmodni. A divath\u00e1zuk, az Atelier Fontana, nem csak egy \u00fczlet volt, hanem egy szalon, egy tal\u00e1lkoz\u00f3hely, ahol a kor arisztokr\u00e1ci\u00e1ja \u00e9s m\u0171v\u00e9szvil\u00e1ga adott egym\u00e1snak randev\u00fat. Hogyan lett egy kis csal\u00e1di varrod\u00e1b\u00f3l vil\u00e1gh\u00edr\u0171 haute couture birodalom? A v\u00e1lasz a tehets\u00e9gben, a kitart\u00e1sban \u00e9s a t\u00f6k\u00e9letess\u00e9g ir\u00e1nti megsz\u00e1llotts\u00e1gban rejlik.<\/p>\n<h3>Az alap\u00edt\u00f3k \u00f6r\u00f6ks\u00e9ge<\/h3>\n<p>Zoe, Micol \u00e9s Giovanna Fontana nem csak ruh\u00e1kat terveztek, hanem egy \u00f6r\u00f6ks\u00e9get hagytak maguk ut\u00e1n. \u0150k voltak a \u201eMade in Italy\u201d fogalm\u00e1nak \u00fatt\u00f6r\u0151i, akik megmutatt\u00e1k a vil\u00e1gnak, hogy az olasz divat legal\u00e1bb annyira fontos, mint a p\u00e1rizsi. A <a href=\"https:\/\/worldpoint.eu\/hu\/atelier-fontana-a-divat-nagyasszonyai\/\">Fontana testv\u00e9rek divattervez\u0151<\/a> munk\u00e1ss\u00e1ga bebizony\u00edtotta, hogy a csal\u00e1di \u00f6sszefog\u00e1s \u00e9s a k\u00f6z\u00f6s v\u00edzi\u00f3 hegyeket k\u00e9pes megmozgatni. Az \u0151 nev\u00fckh\u00f6z f\u0171z\u0151dik az <b>olasz divat Fontana \u00f6r\u00f6ks\u00e9ge<\/b>, ami a mai napig inspir\u00e1lja a tervez\u0151ket. A <b>Fontana divat<\/b> siker\u00e9nek titka az volt, hogy sosem felejtett\u00e9k el, honnan j\u00f6ttek, mik\u00f6zben folyamatosan a j\u00f6v\u0151be tekintettek.<\/p>\n<h3>Ikonikus pillanatok \u00e9s kollekci\u00f3k<\/h3>\n<p>Volt n\u00e9h\u00e1ny ruhadarab, ami \u00f6r\u00f6kre be\u00edrta mag\u00e1t a divatt\u00f6rt\u00e9nelembe. Eml\u00e9kszel Ava Gardner fekete, testhez\u00e1ll\u00f3 ruh\u00e1j\u00e1ra a \u201eA mez\u00edtl\u00e1bas gr\u00f3fn\u0151\u201d c\u00edm\u0171 filmben? Az egy Fontana volt. \u00c9s Linda Christian esk\u00fcv\u0151i ruh\u00e1ja, amikor feles\u00e9g\u00fcl ment Tyrone Powerhez? Az is. Ezek az <b>Atelier Fontana ikonikus darabok<\/b> az abszol\u00fat luxust \u00e9s eleganci\u00e1t testes\u00edtett\u00e9k meg. K\u00fcl\u00f6n\u00f6sen h\u00edresek voltak a <b>Fontana st\u00edlus\u00fa esk\u00fcv\u0151i ruh\u00e1k<\/b>, amelyek minden menyasszony \u00e1lm\u00e1t val\u00f3ra v\u00e1ltott\u00e1k. A <b>Fontana divat<\/b> cs\u00facspontja tal\u00e1n az a pillanat volt, amikor a kre\u00e1ci\u00f3ik rendszeresen megjelentek a legnagyobb filmcsillagokon, ezzel v\u00e9gleg megh\u00f3d\u00edtva Amerik\u00e1t.<\/p>\n<h2>A Fontana St\u00edlus Jellemz\u0151i \u00e9s Meghat\u00e1roz\u00f3 Elemei<\/h2>\n<p>De m\u00e9gis, <b>mi az a Fontana st\u00edlus<\/b> pontosan? Hogyan ismerhetj\u00fck fel? A v\u00e1lasz az apr\u00f3 r\u00e9szletekben \u00e9s a nagyvonal\u00fa gesztusokban rejlik. A <b>Fontana n\u0151i ruh\u00e1k jellemz\u0151i<\/b> k\u00f6z\u00e9 tartozik a t\u00f6k\u00e9letes szab\u00e1s, a test vonal\u00e1t finoman k\u00f6vet\u0151, m\u00e9gis k\u00e9nyelmes viselet, \u00e9s a dr\u00e1mai hat\u00e1s\u00fa, de sosem t\u00falz\u00f3 d\u00edsz\u00edt\u00e9s. A <b>Fontana divat<\/b> l\u00e9nyeg\u00e9ben a n\u0151i test \u00fcnnepl\u00e9se. Minden darabjuk azt sug\u00e1rozza: \u201eN\u00e9zz r\u00e1m, n\u0151 vagyok, \u00e9s b\u00fcszke vagyok r\u00e1.\u201d<\/p>\n<p>Ez a st\u00edlus nem akar elrejteni, hanem kiemel. Megmutatja a derekat, hangs\u00falyozza a v\u00e1llakat, \u00e9s hagyja, hogy az anyagok j\u00e1t\u00e9ka tegye a dolg\u00e1t. Ez a klasszikus olasz elegancia maga.<\/p>\n<h3>Az elegancia \u00e9s a n\u0151iess\u00e9g<\/h3>\n<p>A <b>Fontana divat<\/b> k\u00f6z\u00e9ppontj\u00e1ban mindig a n\u0151 \u00e1llt. Nem a ruha volt a fontos, hanem a n\u0151, aki viseli. A tervez\u0151k mesterien b\u00e1ntak az ar\u00e1nyokkal, hogy minden alkatb\u00f3l a legjobbat hozz\u00e1k ki. A ruh\u00e1ik egyszerre voltak m\u00e9lt\u00f3s\u00e1gteljesek \u00e9s \u00e9rz\u00e9kiek, sosem estek \u00e1t a vulgarit\u00e1s oldal\u00e1ra. Ez a fajta visszafogott, m\u00e9gis magabiztos n\u0151iess\u00e9g a <b>Fontana divat<\/b> egyik legfontosabb v\u00e9djegye. Egy Fontana ruh\u00e1ban egy n\u0151 nem csak sz\u00e9pnek, hanem er\u0151snek \u00e9s magabiztosnak is \u00e9rezhette mag\u00e1t.<\/p>\n<h3>Anyagok \u00e9s szab\u00e1svonalak<\/h3>\n<p>Csak a legjobb min\u0151s\u00e9g\u0171 anyagokkal dolgoztak. Selyem, szat\u00e9n, csipke, organza \u2013 a legfinomabb text\u00edli\u00e1k, amelyek \u00e9letre keltek a test mozg\u00e1s\u00e1val. A szab\u00e1svonalak pedig\u2026 egyszer\u0171en t\u00f6k\u00e9letesek voltak. A <b>Fontana couture st\u00edlus<\/b> a precizit\u00e1sr\u00f3l \u00e9s a hib\u00e1tlan kivitelez\u00e9sr\u0151l sz\u00f3lt. A ruh\u00e1k \u00fagy simultak a testre, mintha r\u00e1\u00f6nt\u00f6tt\u00e9k volna \u0151ket. A jellegzetes dar\u00e1zsderek\u00fa sziluettek, a d\u00fas, harang alak\u00fa szokny\u00e1k \u00e9s a finoman kidolgozott fels\u0151r\u00e9szek mind a Fontana-h\u00e1z szak\u00e9rtelm\u00e9t dics\u00e9rik. Ez a kompromisszumok n\u00e9lk\u00fcli min\u0151s\u00e9g tette a <b>Fontana divat<\/b> m\u00e1rk\u00e1t a luxus szinonim\u00e1j\u00e1v\u00e1.<\/p>\n<h3>Sz\u00ednek \u00e9s mint\u00e1k vil\u00e1ga<\/h3>\n<p>B\u00e1r a klasszikus fekete \u00e9s feh\u00e9r domin\u00e1lt, a Fontana n\u0151v\u00e9rek nem f\u00e9ltek a sz\u00ednekt\u0151l sem. Pasztellek, \u00e9l\u00e9nk pirosak, m\u00e9ly smaragdz\u00f6ldek jelentek meg a palett\u00e1jukon, mindig a legkifinomultabb \u00e1rnyalatokban. A mint\u00e1k ter\u00e9n a vir\u00e1gmot\u00edvumok \u00e9s a finom h\u00edmz\u00e9sek voltak a legjellemz\u0151bbek, amelyek romantikus, m\u00e1r-m\u00e1r fest\u0151i jelleget k\u00f6lcs\u00f6n\u00f6ztek a ruh\u00e1knak. A <b>Fontana divat<\/b> sosem volt unalmas; mindig volt benne egy kis j\u00e1t\u00e9koss\u00e1g, egy v\u00e1ratlan r\u00e9szlet, ami megragadta a figyelmet.<\/p>\n<h2>A Fontana Divat Hat\u00e1sa \u00e9s Inspir\u00e1ci\u00f3ja<\/h2>\n<p>A <b>Fontana divat<\/b> hat\u00e1sa felm\u00e9rhetetlen. Nem csup\u00e1n egyike volt a <a href=\"https:\/\/worldpoint.eu\/hu\/nepszeru-divatmarkak-es-stilusok\/\">n\u00e9pszer\u0171 divatm\u00e1rk\u00e1knak \u00e9s st\u00edlusoknak<\/a>, hanem form\u00e1lta is azokat. Megmutatta, hogy az olasz design k\u00e9pes felvenni a versenyt a p\u00e1rizsi hegem\u00f3ni\u00e1val, \u00e9s ezzel utat nyitott olyan tervez\u0151knek, mint Valentino, Armani vagy Versace. Az \u00e1ltaluk k\u00e9pviselt eszt\u00e9tika, a \u201edolce vita\u201d \u00e9let\u00e9rz\u00e9s a mai napig meghat\u00e1roz\u00f3 eleme a divatvil\u00e1gnak. Rengeteg tervez\u0151 mer\u00edt ihletet a munk\u00e1ss\u00e1gukb\u00f3l, ami bizony\u00edtja, hogy a <b>Fontana divat<\/b> \u00f6r\u00f6k.<\/p>\n<h3>Hollywood csillagai \u00e9s a Fontana<\/h3>\n<p>Hollywood \u00e9s a Fontana h\u00e1z kapcsolata legend\u00e1s. A <b>Fontana divat Hollywoodban<\/b> egyet jelentett a csillog\u00e1ssal. Olyan szt\u00e1rok viselt\u00e9k a ruh\u00e1ikat, mint Audrey Hepburn, Elizabeth Taylor, Grace Kelly \u00e9s a m\u00e1r eml\u00edtett Ava Gardner. Amikor az amerikai filmipar felfedezte R\u00f3m\u00e1t, a \u201eHollywood a Tiberisen\u201d korszak\u00e1ban, a Fontana szalon a szt\u00e1rok zar\u00e1ndokhely\u00e9v\u00e9 v\u00e1lt. Ezek a csod\u00e1latos ruh\u00e1k a filmv\u00e1sznon \u00e9s a v\u00f6r\u00f6s sz\u0151nyegen egyar\u00e1nt t\u00fcnd\u00f6k\u00f6ltek, \u00e9s vil\u00e1gszerte n\u0151k milli\u00f3inak \u00e1lmait d\u00edsz\u00edtett\u00e9k. Ha megn\u00e9z\u00fcnk n\u00e9h\u00e1ny <b>r\u00e9gi Fontana divat k\u00e9pet<\/b> ezekr\u0151l a szt\u00e1rokr\u00f3l, azonnal meg\u00e9rtj\u00fck, mi\u00e9rt volt akkora a rajong\u00e1s. A <b>Fontana divat Hollywoodban<\/b> nemcsak ruh\u00e1kat jelentett, hanem st\u00e1tuszszimb\u00f3lumot is.<\/p>\n<h3>\u00d6r\u00f6ks\u00e9g a modern divatban<\/h3>\n<p>De ne gondoljuk, hogy a Fontana st\u00edlus a m\u00falt\u00e9! S\u0151t. A hat\u00e1sa ma is \u00e9l \u00e9s virul, a modern \u00f6lt\u00f6zk\u00f6d\u00e9si szok\u00e1sok \u00e9s a legfrissebb <a href=\"https:\/\/worldpoint.eu\/hu\/divat-trendek-kalauz\/\">divat trendek kalauza<\/a> is gyakran visszany\u00fal ehhez az aranykorhoz. A der\u00e9khangs\u00falyos ruh\u00e1k, a ceruzaszokny\u00e1k, a finom anyagokb\u00f3l k\u00e9sz\u00fclt bl\u00fazok mind-mind a <b>Fontana divat<\/b> \u00f6r\u00f6ks\u00e9g\u00e9nek r\u00e9szei. A <b>modern Fontana inspir\u00e1lt \u00f6lt\u00f6z\u00e9kek<\/b> ma is a kifinomults\u00e1got \u00e9s az id\u0151tlen eleganci\u00e1t k\u00e9pviselik. Ez a st\u00edlus megtan\u00edtott minket arra, hogy az igazi elegancia nem a felt\u0171n\u0151sk\u00f6d\u00e9sr\u0151l, hanem a harm\u00f3ni\u00e1r\u00f3l sz\u00f3l.<\/p>\n<h2>Hogyan \u00c9p\u00edts\u00fcnk Fontana Ihlette Gardr\u00f3bot?<\/h2>\n<p>J\u00f3l hangzik, igaz? De hogyan lehet ezt a gyakorlatban megval\u00f3s\u00edtani an\u00e9lk\u00fcl, hogy jelmezb\u00e1lba k\u00e9sz\u00fcln\u00e9nk? A titok a kulcsdarabokban \u00e9s a modern elemekkel val\u00f3 \u00f6tv\u00f6z\u00e9sben rejlik. Nem kell tet\u0151t\u0151l talpig Fontana ruh\u00e1kba \u00f6lt\u00f6zni. El\u00e9g egy-k\u00e9t ikonikus darab, ami megadja az alaphangot. Megmutatom, <b>hogyan viselj\u00fcnk Fontana ihlette ruh\u00e1t<\/b> a h\u00e9tk\u00f6znapokban. A legfontosabb, hogy merj\u00fcnk n\u0151iesek lenni! Egy j\u00f3l megv\u00e1lasztott ruha vagy szoknya csod\u00e1kra k\u00e9pes, err\u0151l pedig sz\u00e1mos <a href=\"https:\/\/worldpoint.eu\/hu\/elegans-noi-divat-stilustippek\/\">eleg\u00e1ns n\u0151i divat st\u00edlustipp<\/a> is tan\u00faskodik.<\/p>\n<h3>Kulcsdarabok \u00e9s kombin\u00e1ci\u00f3k<\/h3>\n<p>Az els\u0151 \u00e9s legfontosabb egy t\u00f6k\u00e9letesen szabott ruha. Lehet egy klasszikus \u201ekis fekete\u201d, de egy t\u00e9rd al\u00e1 \u00e9r\u0151, der\u00e9khangs\u00falyos, A-vonal\u00fa modell is telital\u00e1lat. Kombin\u00e1ld egy modern bl\u00e9zerrel a h\u00e9tk\u00f6znapokra, vagy egy eleg\u00e1ns st\u00f3l\u00e1val egy esti programhoz. Egy m\u00e1sik alapdarab a ceruzaszoknya. Viseld egy finom selyembl\u00fazzal vagy ak\u00e1r egy egyszer\u0171, testhez\u00e1ll\u00f3 pul\u00f3verrel. A l\u00e9nyeg az ar\u00e1nyokon van. A <b>legjobb Fontana divat tippek<\/b> egyike, hogy mindig a derekadat hangs\u00falyozd! Ha pedig az <b>eleg\u00e1ns Fontana ruha v\u00e1s\u00e1rl\u00e1s<\/b> mellett d\u00f6ntesz, egy megb\u00edzhat\u00f3 <a href=\"https:\/\/worldpoint.eu\/hu\/noi-divat-webaruhaz\/\">n\u0151i divat web\u00e1ruh\u00e1z<\/a> k\u00edn\u00e1lat\u00e1ban \u00e9rdemes k\u00f6r\u00fcln\u00e9zni. A <b>Fontana divat<\/b> nem bonyolult, csak ismerni kell az alapokat.<\/p>\n<h3>Kieg\u00e9sz\u00edt\u0151k szerepe<\/h3>\n<p>Ne becs\u00fcld al\u00e1 a kieg\u00e9sz\u00edt\u0151k erej\u00e9t! A <b>Fontana st\u00edlus\u00fa kieg\u00e9sz\u00edt\u0151k<\/b> legal\u00e1bb annyira fontosak, mint maga a ruha. Egy p\u00e1r eleg\u00e1ns, hegyes orr\u00fa magassark\u00fa, egy finom gy\u00f6ngysor, egy p\u00e1r keszty\u0171 vagy egy klasszikus form\u00e1j\u00fa, min\u0151s\u00e9gi b\u0151rt\u00e1ska azonnal megid\u00e9zi a Fontana-\u00e9let\u00e9rz\u00e9st. De vigy\u00e1zz, a kevesebb t\u00f6bb! Ne ess t\u00falz\u00e1sokba. V\u00e1lassz egy-k\u00e9t hangs\u00falyos darabot, \u00e9s hagyd, hogy azok tegy\u00e9k fel a pontot az i-re. A <b>Fontana divat<\/b> az apr\u00f3, de t\u00f6k\u00e9letes r\u00e9szletekr\u0151l sz\u00f3l.<\/p>\n<h2>A Fontana Divat Ma \u00e9s a J\u00f6v\u0151ben<\/h2>\n<p>B\u00e1r az eredeti Fontana szalon m\u00e1r bez\u00e1rt, a szellemis\u00e9ge tov\u00e1bb \u00e9l. A m\u00e1rka neve ma is a luxus \u00e9s a min\u0151s\u00e9g szinonim\u00e1ja. A <b>Fontana divat<\/b> \u00e1talakult, de nem t\u0171nt el. Jelen van a v\u00f6r\u00f6s sz\u0151nyeges esem\u00e9nyeken, a vintage boltok rejtett kincseiben \u00e9s a modern tervez\u0151k kollekci\u00f3iban is. Az \u00f6r\u00f6ks\u00e9g\u00fck biztos\u00edtva van, mert az \u00e1ltaluk k\u00e9pviselt \u00e9rt\u00e9kek \u2013 a n\u0151iess\u00e9g, a min\u0151s\u00e9g, az elegancia \u2013 sosem mennek ki a divatb\u00f3l. Ez a <b>klasszikus olasz Fontana elegancia<\/b>.<\/p>\n<h2>\u00d6sszefoglal\u00e1s \u00e9s Gondolatok<\/h2>\n<p>A <b>Fontana divat<\/b> sokkal t\u00f6bb, mint ruh\u00e1k gy\u0171jtem\u00e9nye. Ez egy kultur\u00e1lis jelens\u00e9g, egy tisztelg\u00e9s a n\u0151iess\u00e9g \u00e9s a k\u00e9zm\u0171ves tud\u00e1s el\u0151tt. Egy eml\u00e9keztet\u0151 arra, hogy az \u00f6lt\u00f6zk\u00f6d\u00e9s lehet m\u0171v\u00e9szet, \u00f6nkifejez\u00e9s \u00e9s \u00f6r\u00f6mforr\u00e1s. A <b>Fontana divat a mindennapokban<\/b> is megval\u00f3s\u00edthat\u00f3, ha mer\u00fcnk egy kicsit mer\u00edteni abb\u00f3l a magabiztoss\u00e1gb\u00f3l \u00e9s eleganci\u00e1b\u00f3l, amit a Fontana n\u0151v\u00e9rek k\u00e9pviseltek. Rem\u00e9lem, ez a kis id\u0151utaz\u00e1s neked is annyi inspir\u00e1ci\u00f3t adott, mint nekem. Mert a <b>Fontana divat inspir\u00e1ci\u00f3 n\u0151knek<\/b> nemcsak a m\u00faltb\u00f3l t\u00e1pl\u00e1lkozik, hanem a j\u00f6v\u0151 st\u00edlus\u00e1t is form\u00e1lja. Az \u0151 t\u00f6rt\u00e9net\u00fck a bizony\u00edt\u00e9k, hogy a szenved\u00e9llyel \u00e9s tehets\u00e9ggel alkotott dolgok val\u00f3ban \u00f6r\u00f6kk\u00e9 \u00e9lnek. A <b>Fontana divat<\/b> pedig pontosan ilyen. \u00d6r\u00f6k.<\/p>\n","protected":false},"excerpt":{"rendered":"<p>Ugye ismer\u0151s az \u00e9rz\u00e9s, amikor egy r\u00e9gi filmkock\u00e1n megl\u00e1tsz egy ruh\u00e1t, \u00e9s egyszer\u0171en el\u00e1ll a l\u00e9legzeted? Az a fajta elegancia, ami nem hivalkod\u00f3, m\u00e9gis minden szemet vonz. Nos, nagy es\u00e9llyel a Fontana divat egyik mesterm\u0171v\u00e9t l\u00e1tod. Ez nem csup\u00e1n \u00f6lt\u00f6zk\u00f6d\u00e9s, hanem egy \u00e9let\u00e9rz\u00e9s, egy id\u0151kapszula, ami a h\u00e1bor\u00fa ut\u00e1ni R\u00f3ma pezsg\u0151, rem\u00e9nyteli vil\u00e1g\u00e1ba rep\u00edt vissza [&hellip;]<\/p>\n","protected":false},"author":2,"featured_media":0,"comment_status":"","ping_status":"","sticky":false,"template":"","format":"standard","meta":{"footnotes":""},"categories":[1],"tags":[],"class_list":["post-417","post","type-post","status-publish","format-standard","hentry","category-uzlet"],"_links":{"self":[{"href":"https:\/\/worldpoint.eu\/hu\/wp-json\/wp\/v2\/posts\/417","targetHints":{"allow":["GET"]}}],"collection":[{"href":"https:\/\/worldpoint.eu\/hu\/wp-json\/wp\/v2\/posts"}],"about":[{"href":"https:\/\/worldpoint.eu\/hu\/wp-json\/wp\/v2\/types\/post"}],"author":[{"embeddable":true,"href":"https:\/\/worldpoint.eu\/hu\/wp-json\/wp\/v2\/users\/2"}],"replies":[{"embeddable":true,"href":"https:\/\/worldpoint.eu\/hu\/wp-json\/wp\/v2\/comments?post=417"}],"version-history":[{"count":0,"href":"https:\/\/worldpoint.eu\/hu\/wp-json\/wp\/v2\/posts\/417\/revisions"}],"wp:attachment":[{"href":"https:\/\/worldpoint.eu\/hu\/wp-json\/wp\/v2\/media?parent=417"}],"wp:term":[{"taxonomy":"category","embeddable":true,"href":"https:\/\/worldpoint.eu\/hu\/wp-json\/wp\/v2\/categories?post=417"},{"taxonomy":"post_tag","embeddable":true,"href":"https:\/\/worldpoint.eu\/hu\/wp-json\/wp\/v2\/tags?post=417"}],"curies":[{"name":"wp","href":"https:\/\/api.w.org\/{rel}","templated":true}]}}