{"id":414,"date":"2025-10-16T13:04:35","date_gmt":"2025-10-16T11:04:35","guid":{"rendered":"https:\/\/worldpoint.eu\/hu\/olasz-ferfi-divat-stilus-kalauz\/"},"modified":"2025-10-16T13:04:35","modified_gmt":"2025-10-16T11:04:35","slug":"olasz-ferfi-divat-stilus-kalauz","status":"publish","type":"post","link":"https:\/\/worldpoint.eu\/hu\/olasz-ferfi-divat-stilus-kalauz\/","title":{"rendered":"Az Olasz F\u00e9rfi Divat St\u00edlus Titka a T\u00f6k\u00e9letes Megjelen\u00e9s\u00e9rt"},"content":{"rendered":"<p>Amikor el\u0151sz\u00f6r j\u00e1rtam Firenz\u00e9ben, teljesen megbabon\u00e1zott. Nem a d\u00f3m kupol\u00e1ja vagy az Uffizi kincsei, hanem valami eg\u00e9szen m\u00e1s. Az utc\u00e1n s\u00e9t\u00e1l\u00f3 f\u00e9rfiak. Volt benn\u00fck egyfajta velesz\u00fcletett magabiztoss\u00e1g, egy olyan k\u00f6nnyeds\u00e9g, ami messze t\u00falmutatott a ruh\u00e1ikon. \u00c9n ott \u00e1lltam a praktikus, de unalmas turistafelszerel\u00e9semben, \u00e9s hirtelen alul\u00f6lt\u00f6z\u00f6ttnek \u00e9reztem magam. Nem dr\u00e1ga ruh\u00e1kban, hanem st\u00edlusban. Az a felismer\u00e9s ind\u00edtott el az \u00faton, hogy meg\u00e9rtsem, mit\u0151l m\u0171k\u00f6dik az <b>olasz f\u00e9rfi divat st\u00edlus<\/b>, \u00e9s r\u00e1j\u00f6ttem, hogy ez sokkal t\u00f6bb, mint text\u00edli\u00e1k \u00e9s szab\u00e1svonalak \u00f6sszess\u00e9ge. Ez egy \u00e9let\u00e9rz\u00e9s. \u00c9s a j\u00f3 h\u00edr? B\u00e1rki elsaj\u00e1t\u00edthatja. Persze, n\u00e9mi odafigyel\u00e9ssel. Ez a szeml\u00e9letm\u00f3d nem csup\u00e1n a ruh\u00e1kr\u00f3l sz\u00f3l; \u00e1thatja a mindennapokat, \u00e9s befoly\u00e1solja a glob\u00e1lis <a href=\"https:\/\/worldpoint.eu\/hu\/divat-trendek-kalauz\/\">divat trendek<\/a> alakul\u00e1s\u00e1t is.<\/p>\n<h2>Az Olasz F\u00e9rfi Divat Esszenci\u00e1ja: Mi\u00e9rt Olyan K\u00fcl\u00f6nleges?<\/h2>\n<p>Mi\u00e9rt van az, hogy egy olasz f\u00e9rfi egy egyszer\u0171 feh\u00e9r ingben \u00e9s egy j\u00f3l szabott nadr\u00e1gban is \u00fagy n\u00e9z ki, mintha egy divatmagazinb\u00f3l l\u00e9pett volna el\u0151? A v\u00e1lasz nem egyetlen dologban rejlik, hanem t\u00f6bb apr\u00f3, \u00e1m ann\u00e1l fontosabb r\u00e9szlet \u00f6sszhangj\u00e1ban. Az eg\u00e9sz m\u00f6g\u00f6tt egyfajta kultur\u00e1lis \u00f6r\u00f6ks\u00e9g \u00e9s egy m\u00e9lyen gy\u00f6kerez\u0151 eszt\u00e9tikai \u00e9rz\u00e9k h\u00faz\u00f3dik meg. Nem arr\u00f3l van sz\u00f3, hogy dr\u00e1ga m\u00e1rk\u00e1kat viselnek \u2013 b\u00e1r a min\u0151s\u00e9get nagyra \u00e9rt\u00e9kelik \u2013, hanem arr\u00f3l, ahogyan viselik azokat.<\/p>\n<h3>A &#8220;Sprezzatura&#8221; M\u0171v\u00e9szete: A Laza Elegancia Titka<\/h3>\n<p>Ha egyetlen sz\u00f3val kellene jellemezni az olasz st\u00edlust, az a &#8220;sprezzatura&#8221; lenne. De mit is jelent ez pontosan? Sz\u00f3 szerinti ford\u00edt\u00e1sban neh\u00e9z visszaadni, de a l\u00e9nyege a mesterk\u00e9lt lezsers\u00e9g, a tudatosan megtervezett t\u00f6k\u00e9letlens\u00e9g. Ez az a m\u0171v\u00e9szet, amikor valaki l\u00e1that\u00f3an semmilyen er\u0151fesz\u00edt\u00e9st nem tesz a megjelen\u00e9s\u00e9be, m\u00e9gis kifog\u00e1stalanul fest. Egy f\u00e9lig bet\u0171rt ing, egy laz\u00e1n megk\u00f6t\u00f6tt s\u00e1l, egy kigombolt zak\u00f3ujj. Ezek azok az apr\u00f3 jelek, amelyek azt sugallj\u00e1k: &#8220;Igen, tudom, hogy j\u00f3l n\u00e9zek ki, de nem izzadtam meg \u00e9rte.&#8221; <b>A sprezzatura jelent\u00e9se \u00e9s alkalmaz\u00e1sa<\/b> nem szab\u00e1lyok bemagol\u00e1s\u00e1r\u00f3l sz\u00f3l, hanem egyfajta magabiztoss\u00e1gr\u00f3l \u00e9s j\u00e1t\u00e9koss\u00e1gr\u00f3l. Arr\u00f3l, hogy ismered a szab\u00e1lyokat, csak az\u00e9rt, hogy tudatosan megszeghesd \u0151ket.<\/p>\n<h3>T\u00f6rt\u00e9nelmi Gy\u00f6kerek \u00e9s Region\u00e1lis K\u00fcl\u00f6nbs\u00e9gek<\/h3>\n<p>Az olasz st\u00edlus nem a semmib\u0151l j\u00f6tt l\u00e9tre. M\u00e9lyen a renesz\u00e1nsz m\u0171v\u00e9szetben \u00e9s a k\u00e9zm\u0171ves hagyom\u00e1nyokban gy\u00f6kerezik, ahol a sz\u00e9ps\u00e9g \u00e9s a min\u0151s\u00e9g mindig is k\u00f6zponti szerepet j\u00e1tszott. A modern \u00e9rtelemben vett olasz divat a m\u00e1sodik vil\u00e1gh\u00e1bor\u00fa ut\u00e1n kezdett felemelkedni, amikor az orsz\u00e1g a &#8220;la dolce vita&#8221; (az \u00e9des \u00e9let) szinonim\u00e1j\u00e1v\u00e1 v\u00e1lt. \u00c9rdekes megfigyelni a region\u00e1lis k\u00fcl\u00f6nbs\u00e9geket is. A mil\u00e1n\u00f3i st\u00edlus \u00e1ltal\u00e1ban struktur\u00e1ltabb, \u00fczletiesebb \u00e9s visszafogottabb, m\u00edg a d\u00e9lebbre fekv\u0151 N\u00e1poly a l\u00e1gyabb, k\u00f6nnyedebb szab\u00e1svonalair\u00f3l \u00e9s mer\u00e9szebb sz\u00ednhaszn\u00e1lat\u00e1r\u00f3l h\u00edres. R\u00f3m\u00e1ban pedig a kett\u0151 egyfajta klasszikus, id\u0151tlen eleganci\u00e1ban olvad \u00f6ssze.<\/p>\n<h2>Az Olasz St\u00edlus Alappill\u00e9rei: Ruhadarabok \u00e9s Sz\u00ednek<\/h2>\n<p>Most, hogy meg\u00e9rtett\u00fck a filoz\u00f3fi\u00e1t, t\u00e9rj\u00fcnk \u00e1t a gyakorlatra. Melyek azok az alapdarabok, amelyek egy olasz ihlet\u00e9s\u0171 gardr\u00f3b alapj\u00e1t k\u00e9pezik? A hangs\u00faly mindig a min\u0151s\u00e9gen \u00e9s a szab\u00e1son van, nem a mennyis\u00e9gen. Az igazi <b>olasz f\u00e9rfi divat st\u00edlus<\/b> a j\u00f3l megv\u00e1lasztott, id\u0151tlen darabokra \u00e9p\u00fcl, amelyek \u00e9vekig, s\u0151t \u00e9vtizedekig a szekr\u00e9nyed r\u00e9szei lehetnek.<\/p>\n<h3>A T\u00f6k\u00e9letes Szab\u00e1s: \u00d6lt\u00f6ny\u00f6k, Zak\u00f3k \u00e9s Nadr\u00e1gok<\/h3>\n<p>Ez a legfontosabb. Pont. Lehet a vil\u00e1g legdr\u00e1g\u00e1bb \u00f6lt\u00f6nye rajtad, ha nem passzol t\u00f6k\u00e9letesen, az eg\u00e9sz hat\u00e1s elv\u00e9sz. Az olasz szab\u00e1s jellemz\u0151en karcs\u00fas\u00edtott, k\u00f6veti a test vonal\u00e1t an\u00e9lk\u00fcl, hogy fesz\u00fclne. A zak\u00f3k v\u00e1lla \u00e1ltal\u00e1ban puh\u00e1bb, &#8220;term\u00e9szetesebb&#8221; es\u00e9s\u0171 (gondoljunk a h\u00edres n\u00e1polyi v\u00e1llra), az ujjai pedig valamivel r\u00f6videbbek, hogy finoman kivillanjon az ing mandzsett\u00e1ja. A nadr\u00e1gok sz\u00e1ra szint\u00e9n sz\u0171kebb \u00e9s gyakran r\u00f6videbb, bok\u00e1t villant\u00f3 fazon\u00fa. Felejtsd el a b\u0151, form\u00e1tlan ruh\u00e1kat! A szab\u00e1s a kir\u00e1ly.<\/p>\n<h3>Anyagok Min\u0151s\u00e9ge: Gyapj\u00fa, Len \u00e9s Pamut<\/h3>\n<p>Az olaszok im\u00e1dj\u00e1k a min\u0151s\u00e9gi, term\u00e9szetes anyagokat. Egy j\u00f3 gyapj\u00fa\u00f6lt\u00f6ny t\u00e9len, egy k\u00f6nny\u0171 lenzak\u00f3 ny\u00e1ron, egy ropog\u00f3s pamuting b\u00e1rmikor. Ezek az anyagok nemcsak k\u00e9nyelmesek \u00e9s tart\u00f3sak, de sz\u00e9pen is viselkednek a testen, l\u00e9legeznek \u00e9s m\u00e9lt\u00f3s\u00e1ggal \u00f6regszenek. A szintetikus anyagokat, ha lehet, ker\u00fclik. Az <b>olasz st\u00edlus\u00fa f\u00e9rfi nadr\u00e1gok anyagai<\/b> is ezt a filoz\u00f3fi\u00e1t k\u00f6vetik: a min\u0151s\u00e9gi pamut twill (chino), a gyapj\u00fa flanel vagy a ny\u00e1ri h\u0151s\u00e9gben elengedhetetlen len a leggyakoribb v\u00e1laszt\u00e1s.<\/p>\n<h3>Sz\u00ednpaletta \u00e9s Mint\u00e1k: Hogyan Haszn\u00e1ld Okosan?<\/h3>\n<p>Az alapvet\u0151 sz\u00ednpaletta viszonylag konzervat\u00edv. A k\u00e9k, a sz\u00fcrke, a b\u00e9zs \u00e9s a barna k\u00fcl\u00f6nb\u00f6z\u0151 \u00e1rnyalatai domin\u00e1lnak. Ezek a sz\u00ednek hihetetlen\u00fcl sokoldal\u00faak \u00e9s k\u00f6nnyen kombin\u00e1lhat\u00f3k. De ez nem jelenti azt, hogy az olaszok f\u00e9lnek a sz\u00ednekt\u0151l! Egy\u00e1ltal\u00e1n nem. A tr\u00fckk az, hogy a sz\u00edneket \u00e9s a mint\u00e1kat (p\u00e9ld\u00e1ul egy finom kock\u00e1s vagy cs\u00edkos zak\u00f3t) magabiztosan, kieg\u00e9sz\u00edt\u0151k\u00e9nt haszn\u00e1lj\u00e1k egy egy\u00e9bk\u00e9nt semleges alapra \u00e9p\u00edtve. Egy \u00e9l\u00e9nk sz\u00edn\u0171 nyakkend\u0151, egy mer\u00e9szebb zsebkend\u0151 vagy egy sz\u00ednes zokni mind-mind a szem\u00e9lyis\u00e9g kifejez\u00e9s\u00e9nek eszk\u00f6zei.<\/p>\n<h2>Kieg\u00e9sz\u00edt\u0151k Szerepe: A R\u00e9szletek, Amik Meghat\u00e1roznak<\/h2>\n<p>Ha a szab\u00e1s a kir\u00e1ly, akkor a kieg\u00e9sz\u00edt\u0151k a korona\u00e9kszerek. Egy olasz f\u00e9rfi tudja, hogy a r\u00e9szletek teszik fel az i-re a pontot. Ezek azok az apr\u00f3s\u00e1gok, amelyek egy j\u00f3 szettet kiv\u00e1l\u00f3v\u00e1 emelnek. Az <b>olasz f\u00e9rfi divat st\u00edlus<\/b> elk\u00e9pzelhetetlen a gondosan megv\u00e1lasztott kieg\u00e9sz\u00edt\u0151k n\u00e9lk\u00fcl, amelyek t\u00f6rt\u00e9netet mes\u00e9lnek \u00e9s karaktert adnak a visel\u0151j\u00fcknek.<\/p>\n<h3>Cip\u0151k: Az Olasz Elegancia Alapk\u00f6ve<\/h3>\n<p>Mondj\u00e1k, hogy egy f\u00e9rfi st\u00edlus\u00e1t a cip\u0151j\u00e9r\u0151l lehet a legink\u00e1bb lem\u00e9rni. \u00c9s ez Olaszorsz\u00e1gban hatv\u00e1nyozottan igaz. A min\u0151s\u00e9gi b\u0151rcip\u0151 alapvet\u00e9s. Legyen az egy klasszikus duplacsatos (monk strap), egy eleg\u00e1ns oxford, vagy a lazas\u00e1g netov\u00e1bbja, a mokaszin (loafer), a l\u00e9nyeg a j\u00f3 min\u0151s\u00e9g\u0171 b\u0151r \u00e9s a kifog\u00e1stalan \u00e1polts\u00e1g. Egy leharcolt, piszkos cip\u0151 a legnagyobb st\u00edlusbaki, amit elk\u00f6vethetsz.<\/p>\n<h3>\u00d6vek, Nyakkend\u0151k \u00e9s Zsebkend\u0151k: Az Apr\u00f3 \u00c9rint\u00e9sek<\/h3>\n<p>Ezek az apr\u00f3 textilek \u00f3ri\u00e1si hat\u00e1ssal b\u00edrnak. Egy min\u0151s\u00e9gi b\u0151r\u00f6v, ami passzol a cip\u0151 sz\u00edn\u00e9hez (vagy legal\u00e1bbis harm\u00f3ni\u00e1ban van vele). Egy selyem nyakkend\u0151, t\u00f6k\u00e9letes csom\u00f3val \u00e9s a h\u00edres &#8220;dimple&#8221; (g\u00f6dr\u00f6cske) a csom\u00f3 alatt. \u00c9s persze a zsebkend\u0151 (pochette), ami soha nem egyezik meg a nyakkend\u0151 anyag\u00e1val, hanem kieg\u00e9sz\u00edti azt sz\u00ednben vagy mint\u00e1ban. Ez a j\u00e1t\u00e9koss\u00e1g \u00e9s a r\u00e9szletekre val\u00f3 odafigyel\u00e9s esszenci\u00e1ja.<\/p>\n<h3>\u00d3r\u00e1k \u00e9s Napszem\u00fcvegek: Funkci\u00f3 \u00e9s St\u00edlus Harm\u00f3ni\u00e1ja<\/h3>\n<p>Egy sz\u00e9p kar\u00f3ra t\u00f6bb mint id\u0151m\u00e9r\u0151 eszk\u00f6z; egy \u00e9kszer, egy befektet\u00e9s, a szem\u00e9lyes st\u00edlus kifejez\u0151d\u00e9se. Nem kell, hogy a legdr\u00e1g\u00e1bb m\u00e1rka legyen, de legyen klasszikus \u00e9s ar\u00e1nyos a csukl\u00f3ddal. A napszem\u00fcveg pedig elengedhetetlen olasz kieg\u00e9sz\u00edt\u0151, nem csak a naps\u00fct\u00e9s miatt. Egy j\u00f3l megv\u00e1lasztott keret karaktert ad az arcnak \u00e9s azonnal feldobja a legegyszer\u0171bb szettet is. A megfelel\u0151 darab kiv\u00e1laszt\u00e1s\u00e1hoz \u00e9rdemes elolvasni egy r\u00e9szletes <a href=\"https:\/\/worldpoint.eu\/hu\/modern-ferfi-divat-szemuveg-stilus-kalauz\/\">modern f\u00e9rfi divat szem\u00fcveg st\u00edlus kalauz<\/a> oldalt, hogy megtal\u00e1ld az arcodhoz legink\u00e1bb ill\u0151 form\u00e1t.<\/p>\n<h2>K\u00fcl\u00f6nb\u00f6z\u0151 Olasz F\u00e9rfi St\u00edlusok Felfedez\u00e9se<\/h2>\n<p>Az olasz st\u00edlus nem egys\u00edk\u00fa. K\u00fcl\u00f6nb\u00f6z\u0151 alkalmakra \u00e9s \u00e9lethelyzetekre m\u00e1s-m\u00e1s arca van, de az alapelvek \u2013 a min\u0151s\u00e9g, a szab\u00e1s \u00e9s a sprezzatura \u2013 mindig ugyanazok maradnak. N\u00e9zz\u00fcnk meg n\u00e9h\u00e1ny tipikus megjelen\u00e9st!<\/p>\n<h3>A Klasszikus \u00dczleti Megjelen\u00e9s<\/h3>\n<p>Ez a t\u00f6k\u00e9letesen szabott \u00f6lt\u00f6ny vil\u00e1ga. Jellemz\u0151en s\u00f6t\u00e9tk\u00e9k, sz\u00fcrke vagy antracit sz\u00ednben, ropog\u00f3s feh\u00e9r vagy vil\u00e1gosk\u00e9k inggel, selyem nyakkend\u0151vel \u00e9s eleg\u00e1ns b\u0151rcip\u0151vel. A megjelen\u00e9s er\u0151teljes \u00e9s magabiztos, de sosem merev. A titok itt is a szab\u00e1sban \u00e9s az anyagok min\u0151s\u00e9g\u00e9ben rejlik, ami megk\u00fcl\u00f6nb\u00f6zteti egy unalmas irodai uniformist\u00f3l.<\/p>\n<h3>Smart Casual Olasz M\u00f3dra<\/h3>\n<p>Tal\u00e1n ez az a ter\u00fclet, ahol az olaszok a legink\u00e1bb brill\u00edroznak. A smart casual sz\u00e1mukra nem a farmer \u00e9s zak\u00f3 unalmas kombin\u00e1ci\u00f3j\u00e1t jelenti. Sokkal ink\u00e1bb egy struktur\u00e1latlan zak\u00f3t (ami k\u00e9nyelmes, mint egy kardig\u00e1n), egy min\u0151s\u00e9gi, j\u00f3l szabott chin\u00f3t, egy gall\u00e9ros p\u00f3l\u00f3t vagy egy finom k\u00f6t\u00f6tt pul\u00f3vert, \u00e9s persze egy p\u00e1r st\u00edlusos mokaszint. Az <b>olasz f\u00e9rfi smart casual \u00f6lt\u00f6zk\u00f6d\u00e9s tippek<\/b> legfontosabbika a r\u00e9tegez\u00e9s \u00e9s a text\u00far\u00e1kkal val\u00f3 j\u00e1t\u00e9k. K\u00e9nyelmes, m\u00e9gis v\u00e9gtelen\u00fcl eleg\u00e1ns. Pontosan ez a l\u00e9nyeg. <\/p>\n<h3>Ny\u00e1ri \u00e9s Tengerparti St\u00edlusok<\/h3>\n<p>Hogyan n\u00e9zz ki j\u00f3l a 35 fokos h\u0151s\u00e9gben? K\u00e9rdezz meg egy olasz f\u00e9rfit! A v\u00e1lasz a len. Laza szab\u00e1s\u00fa len ingek, gyakran felt\u0171rt ujjal, len nadr\u00e1gok vagy bermud\u00e1k, \u00e9s a l\u00e1bbelik, amelyek szinte mindig zokni n\u00e9lk\u00fcl viselt espadrilles-ek vagy vitorl\u00e1s cip\u0151k. A sz\u00ednek vil\u00e1gosabbak: feh\u00e9r, b\u00e9zs, vil\u00e1gosk\u00e9k \u00e9s pasztell \u00e1rnyalatok. A c\u00e9l a k\u00e9nyelem \u00e9s a szell\u0151s elegancia, an\u00e9lk\u00fcl, hogy slamposnak t\u0171nn\u00e9l.<\/p>\n<h2>Hogyan \u00c9p\u00edtsd Fel Saj\u00e1t Olasz Ihlet\u00e9s\u0171 Gardr\u00f3bodat?<\/h2>\n<p>Ok\u00e9, elm\u00e9letben m\u00e1r mindent tudsz. De hogyan v\u00e1gj bele a gyakorlatban? A legfontosabb a t\u00fcrelem \u00e9s a tudatoss\u00e1g. Az <b>olasz f\u00e9rfi divat st\u00edlus<\/b> nem egy szezon\u00e1lis h\u00f3bort, amit le lehet cser\u00e9lni, hanem egy hossz\u00fa t\u00e1v\u00fa befektet\u00e9s a megjelen\u00e9sedbe \u00e9s a magabiztoss\u00e1godba.<\/p>\n<h3>Befektet\u00e9s Min\u0151s\u00e9gi Darabokba<\/h3>\n<p>A &#8220;fast fashion&#8221; antit\u00e9zise. Ahelyett, hogy t\u00edz olcs\u00f3, rossz min\u0151s\u00e9g\u0171 p\u00f3l\u00f3t venn\u00e9l, vegy\u00e9l ink\u00e1bb kett\u0151t, de az legyen pr\u00e9mium anyagb\u00f3l. Ahelyett, hogy minden \u00e9vben \u00faj zak\u00f3t v\u00e1s\u00e1roln\u00e1l, ruh\u00e1zz be egy id\u0151tlen, klasszikus darabba, \u00e9s vidd el egy j\u00f3 szab\u00f3hoz, hogy t\u00f6k\u00e9letesen r\u00e1d igaz\u00edtsa. A min\u0151s\u00e9g hossz\u00fa t\u00e1von mindig kifizet\u0151dik. \u00c9rdemes t\u00e1j\u00e9koz\u00f3dni a k\u00fcl\u00f6nb\u00f6z\u0151 <a href=\"https:\/\/worldpoint.eu\/hu\/nepszeru-divatmarkak-es-stilusok\/\">n\u00e9pszer\u0171 divatm\u00e1rk\u00e1k \u00e9s st\u00edlusok<\/a> k\u00f6z\u00f6tt, hogy megtal\u00e1ld a hozz\u00e1d ill\u0151ket.<\/p>\n<h3>St\u00edlustippek \u00e9s Gyakori Hib\u00e1k Elker\u00fcl\u00e9se<\/h3>\n<p>Kezdd az alapokkal: egy t\u00f6k\u00e9letesen passzol\u00f3 s\u00f6t\u00e9tk\u00e9k zak\u00f3, n\u00e9h\u00e1ny min\u0151s\u00e9gi ing, egy-k\u00e9t j\u00f3l szabott chino nadr\u00e1g \u00e9s egy p\u00e1r j\u00f3 b\u0151rcip\u0151. Innen m\u00e1r lehet \u00e9p\u00edtkezni. K\u00e9rd\u00e9sed van, <b>hogyan \u00f6lt\u00f6zz eleg\u00e1nsan olasz st\u00edlusban?<\/b> A v\u00e1lasz egyszer\u0171: a kevesebb t\u00f6bb. Ker\u00fcld a t\u00falz\u00e1sokat! Ne viselj egyszerre t\u00fal sok mint\u00e1t vagy t\u00fal sok kieg\u00e9sz\u00edt\u0151t. A legnagyobb hiba a rossz m\u00e9retv\u00e1laszt\u00e1s. Hi\u00e1ba a dr\u00e1ga ruha, ha l\u00f3g rajtad vagy \u00e9pp sz\u00e9tfesz\u00fcl. Ne feledd, a magabiztoss\u00e1g a legfontosabb kieg\u00e9sz\u00edt\u0151d. A <b>f\u00e9rfi elegancia olasz m\u00f3dra tan\u00e1csok<\/b> l\u00e9nyege, hogy tal\u00e1ld meg a saj\u00e1t hangod a st\u00edluson bel\u00fcl. \u00c9s ne feledkezz\u00fcnk meg az \u00e1polts\u00e1gr\u00f3l sem; a frizura \u00e9s egy rendezett szak\u00e1ll ugyanolyan fontos r\u00e9sze a megjelen\u00e9snek, mint a cip\u0151. Az \u00e1tfog\u00f3 \u00e1polts\u00e1ghoz a <a href=\"https:\/\/worldpoint.eu\/hu\/ferfi-szakall-divat\/\">f\u00e9rfi szak\u00e1ll divat<\/a> megismer\u00e9se is hozz\u00e1tartozik. Ha tov\u00e1bbi inspir\u00e1ci\u00f3ra van sz\u00fcks\u00e9ged, a <a href=\"https:\/\/worldpoint.eu\/hu\/modern-ferfi-divat-stilus-tippek\/\">modern f\u00e9rfi divat st\u00edlus tippek<\/a> seg\u00edthetnek finom\u00edtani a r\u00e9szleteken. Az igazi <b>olasz f\u00e9rfi divat st\u00edlus<\/b> az, amikor a ruh\u00e1id a szem\u00e9lyis\u00e9ged kiterjeszt\u00e9sei.<\/p>\n<h2>\u00d6sszefoglal\u00e1s: Az Id\u0151tlen Olasz Elegancia Titka<\/h2>\n<p>Az <b>olasz f\u00e9rfi divat st\u00edlus<\/b> teh\u00e1t sokkal t\u00f6bb, mint divatos ruh\u00e1k halmaza. Ez egy filoz\u00f3fia a min\u0151s\u00e9gr\u0151l, a szab\u00e1sr\u00f3l, a r\u00e9szletekre val\u00f3 odafigyel\u00e9sr\u0151l \u00e9s arr\u00f3l a magabiztoss\u00e1gr\u00f3l, ami a &#8220;sprezzatura&#8221; m\u00f6g\u00f6tt rejlik. Arr\u00f3l sz\u00f3l, hogy tisztelj\u00fck a hagyom\u00e1nyokat, de nem f\u00e9l\u00fcnk j\u00e1tszani vel\u00fck. Arr\u00f3l, hogy a megjelen\u00e9s\u00fcnkkel kifejezz\u00fck \u00f6nmagunkat \u00e9s \u00e9lvezz\u00fck az \u00e9let apr\u00f3 \u00f6r\u00f6meit, mint egy j\u00f3 eszpressz\u00f3 egy naps\u00fct\u00f6tte t\u00e9ren. Lehet, hogy nem sz\u00fclett\u00fcnk a Piazza Navon\u00e1ra, de egy kis odafigyel\u00e9ssel \u00e9s a megfelel\u0151 alapdarabok beszerz\u00e9s\u00e9vel b\u00e1rki becsemp\u00e9szheti a &#8220;la dolce vit\u00e1t&#8221; a saj\u00e1t gardr\u00f3bj\u00e1ba. \u00c9s ez az, ami igaz\u00e1n sz\u00e1m\u00edt.<\/p>\n","protected":false},"excerpt":{"rendered":"<p>Amikor el\u0151sz\u00f6r j\u00e1rtam Firenz\u00e9ben, teljesen megbabon\u00e1zott. Nem a d\u00f3m kupol\u00e1ja vagy az Uffizi kincsei, hanem valami eg\u00e9szen m\u00e1s. Az utc\u00e1n s\u00e9t\u00e1l\u00f3 f\u00e9rfiak. Volt benn\u00fck egyfajta velesz\u00fcletett magabiztoss\u00e1g, egy olyan k\u00f6nnyeds\u00e9g, ami messze t\u00falmutatott a ruh\u00e1ikon. \u00c9n ott \u00e1lltam a praktikus, de unalmas turistafelszerel\u00e9semben, \u00e9s hirtelen alul\u00f6lt\u00f6z\u00f6ttnek \u00e9reztem magam. Nem dr\u00e1ga ruh\u00e1kban, hanem st\u00edlusban. Az a [&hellip;]<\/p>\n","protected":false},"author":2,"featured_media":0,"comment_status":"","ping_status":"","sticky":false,"template":"","format":"standard","meta":{"footnotes":""},"categories":[1],"tags":[],"class_list":["post-414","post","type-post","status-publish","format-standard","hentry","category-uzlet"],"_links":{"self":[{"href":"https:\/\/worldpoint.eu\/hu\/wp-json\/wp\/v2\/posts\/414","targetHints":{"allow":["GET"]}}],"collection":[{"href":"https:\/\/worldpoint.eu\/hu\/wp-json\/wp\/v2\/posts"}],"about":[{"href":"https:\/\/worldpoint.eu\/hu\/wp-json\/wp\/v2\/types\/post"}],"author":[{"embeddable":true,"href":"https:\/\/worldpoint.eu\/hu\/wp-json\/wp\/v2\/users\/2"}],"replies":[{"embeddable":true,"href":"https:\/\/worldpoint.eu\/hu\/wp-json\/wp\/v2\/comments?post=414"}],"version-history":[{"count":0,"href":"https:\/\/worldpoint.eu\/hu\/wp-json\/wp\/v2\/posts\/414\/revisions"}],"wp:attachment":[{"href":"https:\/\/worldpoint.eu\/hu\/wp-json\/wp\/v2\/media?parent=414"}],"wp:term":[{"taxonomy":"category","embeddable":true,"href":"https:\/\/worldpoint.eu\/hu\/wp-json\/wp\/v2\/categories?post=414"},{"taxonomy":"post_tag","embeddable":true,"href":"https:\/\/worldpoint.eu\/hu\/wp-json\/wp\/v2\/tags?post=414"}],"curies":[{"name":"wp","href":"https:\/\/api.w.org\/{rel}","templated":true}]}}