{"id":411,"date":"2025-10-16T12:49:27","date_gmt":"2025-10-16T10:49:27","guid":{"rendered":"https:\/\/worldpoint.eu\/hu\/lelki-egeszseg-vilagnapja-jelentosege\/"},"modified":"2025-10-16T12:49:27","modified_gmt":"2025-10-16T10:49:27","slug":"lelki-egeszseg-vilagnapja-jelentosege","status":"publish","type":"post","link":"https:\/\/worldpoint.eu\/hu\/lelki-egeszseg-vilagnapja-jelentosege\/","title":{"rendered":"Lelki eg\u00e9szs\u00e9g vil\u00e1gnapja jelent\u0151s\u00e9ge &#8211; Mi\u00e9rt alapvet\u0151 a ment\u00e1lis j\u00f3ll\u00e9t?"},"content":{"rendered":"<p>\u0150szint\u00e9n? Amikor el\u0151sz\u00f6r hallottam a sokadik vil\u00e1gnapr\u00f3l, csak legyintettem. M\u00e1r megint egy nap, amit bekarik\u00e1zhatunk a napt\u00e1rban, azt\u00e1n holnapra el is felejtj\u00fck. De a lelki eg\u00e9szs\u00e9g t\u00e9m\u00e1ja valahogy m\u00e1s. Szem\u00e9lyesebb. Sokkal m\u00e9lyebbre hatol, mint egy \u00e1tlagos jeles nap, \u00e9s \u00e9ppen ez\u00e9rt \u00e9rdemes megvizsg\u00e1lni a <b>lelki eg\u00e9szs\u00e9g vil\u00e1gnapja jelent\u0151s\u00e9ge<\/b> m\u00f6g\u00f6tt rejl\u0151 val\u00f3di tartalmat. Ez nem csak egy d\u00e1tum. Ez egy mozgalom. Egy glob\u00e1lis ki\u00e1lt\u00e1s a csendben szenved\u0151k\u00e9rt, \u00e9s egy eml\u00e9keztet\u0151 mindannyiunknak, hogy a ment\u00e1lis j\u00f3ll\u00e9t nem luxus, hanem alapvet\u0151 emberi jog. A vita k\u00f6z\u00e9ppontj\u00e1ban a <b>lelki eg\u00e9szs\u00e9g vil\u00e1gnapja jelent\u0151s\u00e9ge<\/b> \u00e1ll, amely \u00e9vr\u0151l \u00e9vre egyre nagyobb hangs\u00falyt kap.<\/p>\n<h2>A Lelki Eg\u00e9szs\u00e9g Vil\u00e1gnapja: Mi\u00e9rt Fontos Ez a D\u00e1tum?<\/h2>\n<p>Okt\u00f3ber 10-e nem csup\u00e1n egy szimbolikus nap. Ez egy glob\u00e1lis platform, amely lehet\u0151s\u00e9get teremt a p\u00e1rbesz\u00e9dre, az eduk\u00e1ci\u00f3ra \u00e9s a stigm\u00e1k elleni k\u00fczdelemre. A nap legf\u0151bb c\u00e9lja, hogy felh\u00edvja a figyelmet a ment\u00e1lis eg\u00e9szs\u00e9g fontoss\u00e1g\u00e1ra \u00e9s mozg\u00f3s\u00edtsa az er\u0151fesz\u00edt\u00e9seket a ment\u00e1lis j\u00f3ll\u00e9t t\u00e1mogat\u00e1s\u00e1ra. A <b>lelki eg\u00e9szs\u00e9g vil\u00e1gnapja jelent\u0151s\u00e9ge<\/b> abban rejlik, hogy \u00f6sszehozza az embereket, szervezeteket \u00e9s korm\u00e1nyokat egy k\u00f6z\u00f6s c\u00e9l \u00e9rdek\u00e9ben. V\u00e9gre ny\u00edltan besz\u00e9lhet\u00fcnk arr\u00f3l, ami sok\u00e1ig tabu volt. \u00c9s ez \u00f3ri\u00e1si dolog. Hasonl\u00f3an m\u00e1s eg\u00e9szs\u00e9g\u00fcgyi t\u00e9m\u00e1khoz, mint amilyeneket az <a href=\"https:\/\/worldpoint.eu\/hu\/egeszseg-vilagnapja-jelentosege\/\">eg\u00e9szs\u00e9g\u00fcgyi vil\u00e1gnapok jelent\u0151s\u00e9g\u00e9r\u0151l<\/a> sz\u00f3l\u00f3 \u00f6sszefoglal\u00f3kban olvashatunk, itt is a tudatoss\u00e1g n\u00f6vel\u00e9se a kulcs. A <b>lelki eg\u00e9szs\u00e9g vil\u00e1gnapja jelent\u0151s\u00e9ge<\/b> vitathatatlan a modern t\u00e1rsadalmakban.<\/p>\n<h2>A kezdetekt\u0151l napjainkig: A Vil\u00e1gnap t\u00f6rt\u00e9nete \u00e9s fejl\u0151d\u00e9se<\/h2>\n<p>A Ment\u00e1lis Eg\u00e9szs\u00e9g Vil\u00e1gsz\u00f6vets\u00e9ge (WFMH) kezdem\u00e9nyez\u00e9s\u00e9re j\u00f6tt l\u00e9tre ez a nap, \u00e9s az els\u0151t m\u00e9g r\u00e9gen, 1992-ben tartott\u00e1k. Akkoriban a c\u00e9l m\u00e9g sokkal ink\u00e1bb az \u00e1ltal\u00e1nos figyelemfelh\u00edv\u00e1s volt. Nem volt konkr\u00e9t t\u00e9ma, csak egy \u00e1ltal\u00e1nos \u00fczenet: foglalkozni kell a ment\u00e1lis eg\u00e9szs\u00e9ggel. Az\u00f3ta rengeteget fejl\u0151d\u00f6tt. Minden \u00e9vben m\u00e1s \u00e9s m\u00e1s t\u00e9ma k\u00f6r\u00e9 \u00e9p\u00fcl, mint p\u00e9ld\u00e1ul a depresszi\u00f3, a fiatalok ment\u00e1lis eg\u00e9szs\u00e9ge vagy a munkahelyi j\u00f3ll\u00e9t. Ez a f\u00f3kusz\u00e1lt megk\u00f6zel\u00edt\u00e9s seg\u00edt abban, hogy konkr\u00e9t probl\u00e9m\u00e1kra ir\u00e1ny\u00edtsa a figyelmet. <b>A ment\u00e1lis eg\u00e9szs\u00e9g vil\u00e1gnapja t\u00f6rt\u00e9nete<\/b> egyben a t\u00e1rsadalmi hozz\u00e1\u00e1ll\u00e1s v\u00e1ltoz\u00e1s\u00e1nak t\u00fckre is. A <b>lelki eg\u00e9szs\u00e9g vil\u00e1gnapja jelent\u0151s\u00e9ge<\/b> az \u00e9vek sor\u00e1n csak n\u0151tt.<\/p>\n<h2>Glob\u00e1lis c\u00e9lok \u00e9s \u00fczenetek: Mi\u00e9rt van sz\u00fcks\u00e9g r\u00e1?<\/h2>\n<p>Glob\u00e1lis szinten a c\u00e9l egy\u00e9rtelm\u0171: a ment\u00e1lis eg\u00e9szs\u00e9g\u00fcgyi ell\u00e1t\u00e1shoz val\u00f3 hozz\u00e1f\u00e9r\u00e9s jav\u00edt\u00e1sa mindenki sz\u00e1m\u00e1ra. Elk\u00e9peszt\u0151 belegondolni, de a vil\u00e1g n\u00e9pess\u00e9g\u00e9nek jelent\u0151s r\u00e9sze m\u00e9g mindig nem kap megfelel\u0151 seg\u00edts\u00e9get, ha ment\u00e1lis probl\u00e9m\u00e1kkal k\u00fczd. Ennek oka lehet a p\u00e9nzhi\u00e1ny, a szakemberhi\u00e1ny vagy a megb\u00e9lyegz\u00e9st\u0151l val\u00f3 f\u00e9lelem. <b>A lelki eg\u00e9szs\u00e9g vil\u00e1gnapja c\u00e9ljai<\/b> k\u00f6z\u00f6tt szerepel a d\u00f6nt\u00e9shoz\u00f3k \u00f6szt\u00f6nz\u00e9se, hogy fektessenek t\u00f6bbet a ment\u00e1lis eg\u00e9szs\u00e9g\u00fcgybe. A <b>lelki eg\u00e9szs\u00e9g vil\u00e1gnapja jelent\u0151s\u00e9ge<\/b> itt mutatkozik meg igaz\u00e1n: glob\u00e1lis nyom\u00e1st gyakorol a jobb \u00e9s m\u00e9lt\u00e1nyosabb ell\u00e1t\u00f3rendszerek ki\u00e9p\u00edt\u00e9s\u00e9\u00e9rt. Sokan nem \u00e9rtik a <b>lelki eg\u00e9szs\u00e9g vil\u00e1gnapja jelent\u0151s\u00e9ge<\/b> m\u00f6g\u00f6tt rejl\u0151 politikai \u00e9s t\u00e1rsadalmi er\u0151t.<\/p>\n<h2>A Jelent\u0151s\u00e9g M\u00e9lyebb R\u00e9tegei: Mi\u00e9rt L\u00e9tfontoss\u00e1g\u00fa a Lelki Eg\u00e9szs\u00e9g?<\/h2>\n<p>De mi\u00e9rt is olyan fontos, hogy egy\u00e1ltal\u00e1n besz\u00e9lj\u00fcnk err\u0151l? Mert a lelki eg\u00e9szs\u00e9g az \u00e1ltal\u00e1nos eg\u00e9szs\u00e9g \u00e9s j\u00f3ll\u00e9t szerves r\u00e9sze. Pont. Nincs &#8220;testi&#8221; \u00e9s &#8220;lelki&#8221; eg\u00e9szs\u00e9g k\u00fcl\u00f6n-k\u00fcl\u00f6n, csak eg\u00e9szs\u00e9g van. Ha a ment\u00e1lis \u00e1llapotunk nincs rendben, az kihat a fizikai er\u0151nl\u00e9t\u00fcnkre, a kapcsolatainkra, a munk\u00e1nkra \u2013 az eg\u00e9sz \u00e9let\u00fcnkre. <b>Mit jelent a lelki eg\u00e9szs\u00e9g<\/b> val\u00f3j\u00e1ban? Nem csup\u00e1n a betegs\u00e9g hi\u00e1ny\u00e1t, hanem a j\u00f3ll\u00e9t \u00e1llapot\u00e1t, ahol k\u00e9pesek vagyunk megbirk\u00f3zni az \u00e9let stresszhelyzeteivel, produkt\u00edvan dolgozni \u00e9s hozz\u00e1j\u00e1rulni a k\u00f6z\u00f6ss\u00e9g\u00fcnkh\u00f6z. A <b>lelki eg\u00e9szs\u00e9g vil\u00e1gnapja jelent\u0151s\u00e9ge<\/b> pontosan ennek a komplexit\u00e1snak a meg\u00e9rtet\u00e9s\u00e9ben rejlik. A <b>lelki eg\u00e9szs\u00e9g vil\u00e1gnapja jelent\u0151s\u00e9ge<\/b> \u00e9ppen ez\u00e9rt megk\u00e9rd\u0151jelezhetetlen.<\/p>\n<h3>A stigma lebont\u00e1sa \u00e9s a p\u00e1rbesz\u00e9d er\u0151s\u00edt\u00e9se<\/h3>\n<p>Tal\u00e1n a legfontosabb k\u00fcldet\u00e9s a stigm\u00e1k elleni harc. Eml\u00e9kszem, r\u00e9gebben, ha valaki &#8220;ter\u00e1pi\u00e1ra j\u00e1rt&#8221;, azt suttogva besz\u00e9lt\u00e9k a h\u00e1ta m\u00f6g\u00f6tt. Mintha valami sz\u00e9gyellnival\u00f3 dolog lenne. Ez a megb\u00e9lyegz\u00e9s az egyik legnagyobb akad\u00e1lya annak, hogy az emberek seg\u00edts\u00e9get k\u00e9rjenek. F\u00e9lnek a meg\u00edt\u00e9l\u00e9st\u0151l, a munkahely\u00fck elveszt\u00e9s\u00e9t\u0151l, a bar\u00e1taik elfordul\u00e1s\u00e1t\u00f3l. <b>A stigma hat\u00e1sa a lelki betegs\u00e9gekre<\/b> rombol\u00f3. A vil\u00e1gnap lehet\u0151s\u00e9get teremt a ny\u00edlt p\u00e1rbesz\u00e9dre, ahol h\u00edress\u00e9gek, szak\u00e9rt\u0151k \u00e9s h\u00e9tk\u00f6znapi emberek is megoszthatj\u00e1k a t\u00f6rt\u00e9neteiket. Ez seg\u00edt normaliz\u00e1lni a ment\u00e1lis probl\u00e9m\u00e1kat \u00e9s megmutatni, hogy senki sincs egyed\u00fcl. A <b>lelki eg\u00e9szs\u00e9g vil\u00e1gnapja jelent\u0151s\u00e9ge<\/b> kulcsfontoss\u00e1g\u00fa ebben a harcban. Ism\u00e9tlem, a <b>lelki eg\u00e9szs\u00e9g vil\u00e1gnapja jelent\u0151s\u00e9ge<\/b> a ny\u00edlts\u00e1gban rejlik.<\/p>\n<h3>A prevenci\u00f3 \u00e9s a korai felismer\u00e9s szerepe<\/h3>\n<p>Sokkal k\u00f6nnyebb megel\u0151zni a bajt, mint kezelni a m\u00e1r kialakult s\u00falyos \u00e1llapotot. A <b>lelki eg\u00e9szs\u00e9g vil\u00e1gnapja jelent\u0151s\u00e9ge<\/b> abban is megmutatkozik, hogy felh\u00edvja a figyelmet a prevenci\u00f3ra. A korai felismer\u00e9s \u00e9leteket menthet. Ha id\u0151ben \u00e9szrevessz\u00fck a jeleket magunkon vagy m\u00e1sokon, \u00e9s mer\u00fcnk l\u00e9pni, a gy\u00f3gyul\u00e1s es\u00e9lyei sokkal jobbak. T\u00e9m\u00e1k, mint a <b>szorong\u00e1sos zavarok megel\u0151z\u00e9se<\/b> vagy <b>a depresszi\u00f3 jelei \u00e9s kezel\u00e9se<\/b>, k\u00f6zponti szerepet kapnak ezen a napon, hogy az emberek t\u00e1j\u00e9kozottabbak legyenek. A <b>lelki eg\u00e9szs\u00e9g vil\u00e1gnapja jelent\u0151s\u00e9ge<\/b> a tud\u00e1s \u00e1tad\u00e1s\u00e1ban is m\u00e9rhet\u0151.<\/p>\n<h3>K\u00f6z\u00f6ss\u00e9gi hat\u00e1s \u00e9s t\u00e1rsadalmi felel\u0151ss\u00e9gv\u00e1llal\u00e1s<\/h3>\n<p>Egyetlen ember ment\u00e1lis eg\u00e9szs\u00e9ge sem elszigetelt jelens\u00e9g. Mindannyian egy k\u00f6z\u00f6ss\u00e9g r\u00e9szei vagyunk, \u00e9s a j\u00f3ll\u00e9t\u00fcnk hat\u00e1ssal van a k\u00f6rnyezet\u00fcnkre. Egy ment\u00e1lisan eg\u00e9szs\u00e9gesebb t\u00e1rsadalom produkt\u00edvabb, egy\u00fctt\u00e9rz\u0151bb \u00e9s ellen\u00e1ll\u00f3bb. A <b>lelki eg\u00e9szs\u00e9g vil\u00e1gnapja jelent\u0151s\u00e9ge<\/b> ez\u00e9rt t\u00falmutat az egy\u00e9nen; t\u00e1rsadalmi felel\u0151ss\u00e9gv\u00e1llal\u00e1sra \u00f6szt\u00f6n\u00f6z. Arra sarkallja a c\u00e9geket, iskol\u00e1kat \u00e9s k\u00f6z\u00f6ss\u00e9geket, hogy t\u00e1mogat\u00f3 k\u00f6rnyezetet teremtsenek. Az ilyen <b>k\u00f6z\u00f6ss\u00e9gi programok lelki eg\u00e9szs\u00e9g\u00e9rt<\/b> elengedhetetlenek. A <b>lelki eg\u00e9szs\u00e9g vil\u00e1gnapja jelent\u0151s\u00e9ge<\/b> teh\u00e1t kollekt\u00edv felel\u0151ss\u00e9g\u00fcnket is hangs\u00falyozza. A <b>lelki eg\u00e9szs\u00e9g vil\u00e1gnapja jelent\u0151s\u00e9ge<\/b> ebben a kontextusban is megker\u00fclhetetlen.<\/p>\n<h2>Hogyan \u00dcnnepelj\u00fck \u00e9s T\u00e1mogassuk a Lelki Eg\u00e9szs\u00e9get?<\/h2>\n<p>Rendben, de mit tehet\u00fcnk mi, h\u00e9tk\u00f6znapi emberek? A v\u00e1lasz egyszer\u0171bb, mint gondoln\u00e1nk. Nem kell hatalmas dolgokra gondolni. A l\u00e9nyeg a tudatoss\u00e1g \u00e9s a cselekv\u00e9s. <b>Hogyan \u00fcnnepelj\u00fck a lelki eg\u00e9szs\u00e9g napj\u00e1t<\/b> a gyakorlatban? Kezdj\u00fck magunkkal, majd terjessz\u00fck ki a figyelm\u00fcnket a k\u00f6rnyezet\u00fcnkre. Az apr\u00f3 l\u00e9p\u00e9sek \u00f6sszead\u00f3dnak. A <b>lelki eg\u00e9szs\u00e9g vil\u00e1gnapja jelent\u0151s\u00e9ge<\/b> az, hogy cselekv\u00e9sre inspir\u00e1ljon.<\/p>\n<h3>Egy\u00e9ni l\u00e9p\u00e9sek a saj\u00e1t j\u00f3ll\u00e9t\u00e9rt<\/h3>\n<p>El\u0151sz\u00f6r is, figyelj magadra! Ez a nap sz\u00f3ljon r\u00f3lad is. Sz\u00e1nj id\u0151t a pihen\u00e9sre, a felt\u00f6lt\u0151d\u00e9sre. Olvass, s\u00e9t\u00e1lj egy nagyot a term\u00e9szetben, vagy csak \u00fclj csendben \u00f6t percig. A <b>lelki eg\u00e9szs\u00e9g meg\u0151rz\u00e9se tippek<\/b> k\u00f6z\u00f6tt gyakran szerepel a tudatos jelenl\u00e9t \u00e9s a stresszkezel\u00e9s. N\u00e9ha el\u00e9g egy kis inspir\u00e1ci\u00f3, vizu\u00e1lis meger\u0151s\u00edt\u00e9s, ami seg\u00edt elindulni az \u00faton; ehhez t\u00f6k\u00e9letesek az <a href=\"https:\/\/worldpoint.eu\/hu\/egeszseges-eletmod-kepek-inspiracio\/\">eg\u00e9szs\u00e9ges \u00e9letm\u00f3dot bemutat\u00f3 k\u00e9pek \u00e9s gondolatok<\/a>. A <b>j\u00f3ll\u00e9t fenntart\u00e1sa a mindennapokban<\/b> apr\u00f3 ritu\u00e1l\u00e9kon m\u00falik. T\u00e1mogasd a testedet is, hiszen a fizikai \u00e9s ment\u00e1lis \u00e1llapot szorosan \u00f6sszef\u00fcgg. Egy forr\u00f3 f\u00fcrd\u0151 ill\u00f3olajokkal vagy egy min\u0151s\u00e9gi test\u00e1pol\u00f3 haszn\u00e1lata mind-mind hozz\u00e1j\u00e1rulhat a bels\u0151 harm\u00f3ni\u00e1hoz; ehhez remek term\u00e9keket tal\u00e1lhatsz egy megb\u00edzhat\u00f3 <a href=\"https:\/\/worldpoint.eu\/hu\/egeszseg-es-szepseg-biowebaruhaz\/\">eg\u00e9szs\u00e9g \u00e9s sz\u00e9ps\u00e9g bio web\u00e1ruh\u00e1zban<\/a>. Sokan fordulnak a term\u00e9szetes gy\u00f3gym\u00f3dok fel\u00e9 is, amelyek \u00e9vsz\u00e1zados tud\u00e1son alapulnak. A gy\u00f3gyn\u00f6v\u00e9nyek \u00e9s a term\u00e9szet patik\u00e1ja ir\u00e1nt \u00e9rdekl\u0151d\u0151knek \u00e9rdemes elm\u00e9lyedni\u00fck <a href=\"https:\/\/worldpoint.eu\/hu\/maria-treben-egeszseg-isten-patikajabol\/\">Maria Treben munk\u00e1ss\u00e1g\u00e1ban<\/a>. A <b>lelki eg\u00e9szs\u00e9g vil\u00e1gnapja jelent\u0151s\u00e9ge<\/b> az \u00f6nmagunkra ford\u00edtott figyelemben is testet \u00f6lt. A <b>lelki eg\u00e9szs\u00e9g vil\u00e1gnapja jelent\u0151s\u00e9ge<\/b> teh\u00e1t a szem\u00e9lyes cselekv\u00e9sben is rejlik. A <b>lelki eg\u00e9szs\u00e9g vil\u00e1gnapja jelent\u0151s\u00e9ge<\/b> az egy\u00e9ni felel\u0151ss\u00e9gv\u00e1llal\u00e1sban is megmutatkozik.<\/p>\n<h3>Szervezetek \u00e9s kezdem\u00e9nyez\u00e9sek a vil\u00e1gban<\/h3>\n<p>Vil\u00e1gszerte sz\u00e1mos szervezet dolgozik a ment\u00e1lis eg\u00e9szs\u00e9g\u00e9rt. Ezen a napon k\u00fcl\u00f6n\u00f6sen akt\u00edvak: kamp\u00e1nyokat ind\u00edtanak, ingyenes sz\u0171r\u00e9seket, el\u0151ad\u00e1sokat szerveznek. T\u00e1j\u00e9koz\u00f3dj a helyi lehet\u0151s\u00e9gekr\u0151l! Vegy\u00e9l r\u00e9szt egy esem\u00e9nyen, ossz meg egy hiteles cikket a k\u00f6z\u00f6ss\u00e9gi m\u00e9di\u00e1ban, vagy t\u00e1mogass egy szimpatikus szervezetet. A <b>lelki eg\u00e9szs\u00e9g vil\u00e1gnapja jelent\u0151s\u00e9ge<\/b> a k\u00f6z\u00f6ss\u00e9gi \u00f6sszefog\u00e1s erej\u00e9ben rejlik. Minden egyes megoszt\u00e1s, minden egyes besz\u00e9lget\u00e9s sz\u00e1m\u00edt. A <b>lelki eg\u00e9szs\u00e9g vil\u00e1gnapja jelent\u0151s\u00e9ge<\/b> az, hogy hangot ad ezeknek a szervezeteknek. A <b>lelki eg\u00e9szs\u00e9g vil\u00e1gnapja jelent\u0151s\u00e9ge<\/b> a kollekt\u00edv cselekv\u00e9sben cs\u00facsosodik ki.<\/p>\n<h3>Az online t\u00e9r szerepe az eduk\u00e1ci\u00f3ban \u00e9s t\u00e1mogat\u00e1sban<\/h3>\n<p>Az internet \u00e9s a k\u00f6z\u00f6ss\u00e9gi m\u00e9dia kett\u0151s fegyver. Lehet a szorong\u00e1s \u00e9s az irigys\u00e9g meleg\u00e1gya, de lehet a t\u00e1mogat\u00e1s \u00e9s az inform\u00e1ci\u00f3 forr\u00e1sa is. A mi v\u00e1laszt\u00e1sunk, hogyan haszn\u00e1ljuk. K\u00f6vess hiteles szakembereket, pszichol\u00f3giai t\u00e9m\u00e1j\u00fa oldalakat. Az <b>online forr\u00e1sok lelki eg\u00e9szs\u00e9ghez<\/b> rengeteg lehet\u0151s\u00e9get k\u00edn\u00e1lnak, a vezetett medit\u00e1ci\u00f3kt\u00f3l a szak\u00e9rt\u0151i cikkekig. Egy megb\u00edzhat\u00f3 online magazin, mint p\u00e9ld\u00e1ul a <a href=\"https:\/\/worldpoint.eu\/hu\/phytomint-egeszseg-magazin\/\">Phytomint eg\u00e9szs\u00e9g magazin<\/a>, sokat seg\u00edthet a t\u00e1j\u00e9koz\u00f3d\u00e1sban. A l\u00e9nyeg, hogy tudatosan fogyasszuk a digit\u00e1lis tartalmat. A <b>lelki eg\u00e9szs\u00e9g vil\u00e1gnapja jelent\u0151s\u00e9ge<\/b> a digit\u00e1lis t\u00e9rben is megmutatkozik, hiszen soha ennyi emberhez nem jutott m\u00e9g el az \u00fczenet. A <b>lelki eg\u00e9szs\u00e9g vil\u00e1gnapja jelent\u0151s\u00e9ge<\/b> a modern kommunik\u00e1ci\u00f3s csatorn\u00e1k kihaszn\u00e1l\u00e1s\u00e1ban is rejlik.<\/p>\n<h2>A J\u00f6v\u0151 Kih\u00edv\u00e1sai \u00e9s Lehet\u0151s\u00e9gei a Lelki Eg\u00e9szs\u00e9g\u00fcgyben<\/h2>\n<p>Nem d\u0151lhet\u00fcnk h\u00e1tra. B\u00e1r sokat l\u00e9pt\u00fcnk el\u0151re, a kih\u00edv\u00e1sok tov\u00e1bbra is hatalmasak. A vil\u00e1gj\u00e1rv\u00e1ny, a gazdas\u00e1gi bizonytalans\u00e1g \u00e9s a t\u00e1rsadalmi fesz\u00fclts\u00e9gek mind-mind megterhelik a ment\u00e1lis \u00e1llapotunkat. A j\u00f6v\u0151 k\u00e9rd\u00e9se az, hogyan tudunk ellen\u00e1ll\u00f3, hozz\u00e1f\u00e9rhet\u0151 \u00e9s hat\u00e9kony rendszereket \u00e9p\u00edteni. A <b>lelki eg\u00e9szs\u00e9g vil\u00e1gnapja jelent\u0151s\u00e9ge<\/b> a j\u00f6v\u0151be mutat\u00f3 p\u00e1rbesz\u00e9d elind\u00edt\u00e1sa. A <b>lelki eg\u00e9szs\u00e9g vil\u00e1gnapja jelent\u0151s\u00e9ge<\/b> a hossz\u00fa t\u00e1v\u00fa strat\u00e9giaalkot\u00e1s \u00f6szt\u00f6nz\u00e9se.<\/p>\n<h3>A technol\u00f3gia \u00e9s az innov\u00e1ci\u00f3 hozz\u00e1j\u00e1rul\u00e1sa<\/h3>\n<p>A technol\u00f3gia \u00f3ri\u00e1si lehet\u0151s\u00e9geket rejt. A telemedicina, a ment\u00e1lhigi\u00e9n\u00e9s applik\u00e1ci\u00f3k \u00e9s a mesters\u00e9ges intelligencia alap\u00fa diagnosztikai eszk\u00f6z\u00f6k forradalmas\u00edthatj\u00e1k az ell\u00e1t\u00e1st. Ezek seg\u00edts\u00e9g\u00e9vel a seg\u00edts\u00e9g eljuthat olyanokhoz is, akik f\u00f6ldrajzi vagy anyagi okokb\u00f3l eddig nem f\u00e9rtek hozz\u00e1. Persze, a technol\u00f3gia nem helyettes\u00edti az emberi kapcsolatot, de kieg\u00e9sz\u00edtheti azt. A <b>ter\u00e1pia lehet\u0151s\u00e9gek lelki bajokra<\/b> k\u00f6re folyamatosan b\u0151v\u00fcl. A <b>lelki eg\u00e9szs\u00e9g vil\u00e1gnapja jelent\u0151s\u00e9ge<\/b> az innov\u00e1ci\u00f3k n\u00e9pszer\u0171s\u00edt\u00e9s\u00e9ben is megmutatkozik.<\/p>\n<h3>A fenntarthat\u00f3 lelki eg\u00e9szs\u00e9g\u00fcgyi rendszerek fel\u00e9<\/h3>\n<p>A v\u00e9gs\u0151 c\u00e9l a fenntarthat\u00f3s\u00e1g. Olyan rendszereket kell l\u00e9trehozni, amelyek nem csak a kr\u00edziseket kezelik, hanem a prevenci\u00f3ra \u00e9s a ment\u00e1lis j\u00f3ll\u00e9t fenntart\u00e1s\u00e1ra is hangs\u00falyt fektetnek. Ez mag\u00e1ban foglalja az iskolai ment\u00e1lhigi\u00e9n\u00e9s programokat, a munkahelyi t\u00e1mogat\u00f3 rendszereket \u00e9s az alapell\u00e1t\u00e1sba integr\u00e1lt ment\u00e1lis eg\u00e9szs\u00e9g\u00fcgyi szolg\u00e1ltat\u00e1sokat. Az <b>eg\u00e9szs\u00e9ges \u00e9letm\u00f3d lelki harm\u00f3nia<\/b> megteremt\u00e9se t\u00e1rsadalmi szint\u0171 feladat. A <b>lelki eg\u00e9szs\u00e9g vil\u00e1gnapja jelent\u0151s\u00e9ge<\/b> az, hogy ezt a komplex szeml\u00e9letet er\u0151s\u00edtse. A <b>lelki eg\u00e9szs\u00e9g vil\u00e1gnapja jelent\u0151s\u00e9ge<\/b> a rendszerszint\u0171 v\u00e1ltoz\u00e1sok s\u00fcrget\u00e9se.<\/p>\n<h2>Z\u00e1r\u00f3 Gondolatok: Egy\u00fctt a Teljesebb \u00c9let\u00e9rt<\/h2>\n<p>Visszat\u00e9rve a kiindul\u00f3 gondolathoz: a lelki eg\u00e9szs\u00e9g vil\u00e1gnapja sokkal t\u00f6bb, mint egy bekarik\u00e1zott d\u00e1tum. Ez egy lehet\u0151s\u00e9g. Lehet\u0151s\u00e9g a tanul\u00e1sra, a besz\u00e9lget\u00e9sre, az \u00f6nreflexi\u00f3ra \u00e9s a cselekv\u00e9sre. Egy nap, ami eml\u00e9keztet minket arra, hogy a ment\u00e1lis eg\u00e9szs\u00e9g mindannyiunk k\u00f6z\u00f6s \u00fcgye. A <b>lelki eg\u00e9szs\u00e9g vil\u00e1gnapja jelent\u0151s\u00e9ge<\/b> abban \u00e1ll, hogy megmutatja: nem vagyunk egyed\u00fcl a k\u00fczdelmeinkkel, \u00e9s van rem\u00e9ny. A p\u00e1rbesz\u00e9d elind\u00edt\u00e1sa \u00e9s fenntart\u00e1sa a kulcs, \u00e9s a <b>lelki eg\u00e9szs\u00e9g vil\u00e1gnapja jelent\u0151s\u00e9ge<\/b> \u00e9ppen ebben a kataliz\u00e1tor szerepben rejlik. A <b>lelki eg\u00e9szs\u00e9g vil\u00e1gnapja jelent\u0151s\u00e9ge<\/b> felbecs\u00fclhetetlen. Az utols\u00f3, \u00e9s legfontosabb \u00fczenet pedig a <b>lelki eg\u00e9szs\u00e9g vil\u00e1gnapja jelent\u0151s\u00e9ge<\/b> kapcs\u00e1n az, hogy merj\u00fcnk seg\u00edts\u00e9get k\u00e9rni, \u00e9s merj\u00fcnk seg\u00edts\u00e9get ny\u00fajtani. Mert a v\u00e9g\u00e9n ez az, ami igaz\u00e1n sz\u00e1m\u00edt.<\/p>\n","protected":false},"excerpt":{"rendered":"<p>\u0150szint\u00e9n? Amikor el\u0151sz\u00f6r hallottam a sokadik vil\u00e1gnapr\u00f3l, csak legyintettem. M\u00e1r megint egy nap, amit bekarik\u00e1zhatunk a napt\u00e1rban, azt\u00e1n holnapra el is felejtj\u00fck. De a lelki eg\u00e9szs\u00e9g t\u00e9m\u00e1ja valahogy m\u00e1s. Szem\u00e9lyesebb. Sokkal m\u00e9lyebbre hatol, mint egy \u00e1tlagos jeles nap, \u00e9s \u00e9ppen ez\u00e9rt \u00e9rdemes megvizsg\u00e1lni a lelki eg\u00e9szs\u00e9g vil\u00e1gnapja jelent\u0151s\u00e9ge m\u00f6g\u00f6tt rejl\u0151 val\u00f3di tartalmat. Ez nem csak [&hellip;]<\/p>\n","protected":false},"author":2,"featured_media":0,"comment_status":"","ping_status":"","sticky":false,"template":"","format":"standard","meta":{"footnotes":""},"categories":[4],"tags":[],"class_list":["post-411","post","type-post","status-publish","format-standard","hentry","category-sport"],"_links":{"self":[{"href":"https:\/\/worldpoint.eu\/hu\/wp-json\/wp\/v2\/posts\/411","targetHints":{"allow":["GET"]}}],"collection":[{"href":"https:\/\/worldpoint.eu\/hu\/wp-json\/wp\/v2\/posts"}],"about":[{"href":"https:\/\/worldpoint.eu\/hu\/wp-json\/wp\/v2\/types\/post"}],"author":[{"embeddable":true,"href":"https:\/\/worldpoint.eu\/hu\/wp-json\/wp\/v2\/users\/2"}],"replies":[{"embeddable":true,"href":"https:\/\/worldpoint.eu\/hu\/wp-json\/wp\/v2\/comments?post=411"}],"version-history":[{"count":0,"href":"https:\/\/worldpoint.eu\/hu\/wp-json\/wp\/v2\/posts\/411\/revisions"}],"wp:attachment":[{"href":"https:\/\/worldpoint.eu\/hu\/wp-json\/wp\/v2\/media?parent=411"}],"wp:term":[{"taxonomy":"category","embeddable":true,"href":"https:\/\/worldpoint.eu\/hu\/wp-json\/wp\/v2\/categories?post=411"},{"taxonomy":"post_tag","embeddable":true,"href":"https:\/\/worldpoint.eu\/hu\/wp-json\/wp\/v2\/tags?post=411"}],"curies":[{"name":"wp","href":"https:\/\/api.w.org\/{rel}","templated":true}]}}