{"id":402,"date":"2025-10-16T12:03:37","date_gmt":"2025-10-16T10:03:37","guid":{"rendered":"https:\/\/worldpoint.eu\/hu\/ktm-kerekpar-uzlet\/"},"modified":"2025-10-16T12:03:37","modified_gmt":"2025-10-16T10:03:37","slug":"ktm-kerekpar-uzlet","status":"publish","type":"post","link":"https:\/\/worldpoint.eu\/hu\/ktm-kerekpar-uzlet\/","title":{"rendered":"A T\u00f6k\u00e9letes KTM Ker\u00e9kp\u00e1r \u00dczlet Megtal\u00e1l\u00e1sa: \u00datmutat\u00f3 \u00e9s Tippek"},"content":{"rendered":"<p>Amikor el\u0151sz\u00f6r d\u00f6nt\u00f6ttem el, hogy beruh\u00e1zok egy komolyabb bring\u00e1ra, a KTM m\u00e1rka szinte azonnal felmer\u00fclt. Azt hittem, a neheze a sp\u00f3rol\u00e1s lesz. Hatalmasat t\u00e9vedtem. Az igazi Od\u00fcsszeia akkor kezd\u0151d\u00f6tt, amikor be\u00edrtam a keres\u0151be: KTM ker\u00e9kp\u00e1r \u00fczlet. Az internet egy v\u00e9gtelennek t\u0171n\u0151 list\u00e1t dobott fel, tele webshopokkal, \u00e1ltal\u00e1nos sportboltokkal \u00e9s apr\u00f3hirdet\u00e9sekkel. P\u00e1r \u00f3ra ut\u00e1n teljesen elvesztem. Ekkor j\u00f6ttem r\u00e1, hogy egy pr\u00e9mium biciklihez nem csak p\u00e9nz kell, hanem egy olyan hely, ahol t\u00e9nyleg \u00e9rtenek is hozz\u00e1. Egy igazi, megb\u00edzhat\u00f3 KTM ker\u00e9kp\u00e1r \u00fczlet megtal\u00e1l\u00e1sa kulcsfontoss\u00e1g\u00fa. Nem csak egy v\u00e1s\u00e1rl\u00e1sr\u00f3l van sz\u00f3, hanem egy hossz\u00fa t\u00e1v\u00fa kapcsolatr\u00f3l a bring\u00e1ddal \u00e9s azzal a hellyel, ahol gondj\u00e1t viselik.<\/p>\n<h2>Fedezze fel a KTM ker\u00e9kp\u00e1rok vil\u00e1g\u00e1t: Mi\u00e9rt \u00e9rdemes KTM-et v\u00e1lasztani?<\/h2>\n<p>Mi\u00e9rt pont a KTM? A k\u00e9rd\u00e9s jogos. A v\u00e1lasz pedig sokkal t\u00f6bb, mint egy egyszer\u0171 m\u00e1rkan\u00e9v. Ez egy \u00e9let\u00e9rz\u00e9s, egy elk\u00f6telez\u0151d\u00e9s a min\u0151s\u00e9g \u00e9s a teljes\u00edtm\u00e9ny mellett. A narancss\u00e1rga sz\u00edn messzir\u0151l felismerhet\u0151, \u00e9s egyet jelent a motorsportban \u00e9s a ker\u00e9kp\u00e1roz\u00e1sban el\u00e9rt sikerekkel. De mi van a n\u00e9v m\u00f6g\u00f6tt?<\/p>\n<h3>A KTM m\u00e1rka t\u00f6rt\u00e9nete \u00e9s filoz\u00f3fi\u00e1ja<\/h3>\n<p>Az ausztriai Mattenhofenb\u0151l indult t\u00f6rt\u00e9net a &#8220;Ready to Race&#8221; filoz\u00f3fi\u00e1val forrt \u00f6ssze. Ez nem csak egy marketing szlogen. Ez a DNS-\u00fck r\u00e9sze. Minden egyes ker\u00e9kp\u00e1rjukat \u00e1thatja a versenyz\u00e9sb\u0151l szerzett tapasztalat, a folyamatos fejleszt\u00e9s ir\u00e1nti elk\u00f6telezetts\u00e9g. A KTM nem csak k\u00f6zleked\u00e9si eszk\u00f6z\u00f6ket gy\u00e1rt, hanem \u00e9lm\u00e9nyeket ad. Egy j\u00f3 KTM ker\u00e9kp\u00e1r \u00fczlet elad\u00f3ja \u00f3r\u00e1kig tud err\u0151l mes\u00e9lni.<\/p>\n<h3>Innov\u00e1ci\u00f3 \u00e9s min\u0151s\u00e9g a KTM ker\u00e9kp\u00e1rokn\u00e1l<\/h3>\n<p>A KTM folyamatosan feszegeti a technol\u00f3giai hat\u00e1rokat. Legyen sz\u00f3 v\u00e1zgeometri\u00e1r\u00f3l, a leg\u00fajabb karbon technol\u00f3gi\u00e1kr\u00f3l vagy az elektromos r\u00e1seg\u00edt\u00e9s\u0171 rendszerek t\u00f6k\u00e9letes\u00edt\u00e9s\u00e9r\u0151l, mindig az \u00e9len j\u00e1rnak. Amikor egy KTM nyerg\u00e9be pattanunk, \u00e9rezz\u00fck a precizit\u00e1st, a megb\u00edzhat\u00f3s\u00e1got \u00e9s azt a m\u00e9rn\u00f6ki tud\u00e1st, ami minden egyes alkatr\u00e9szben ott rejlik. Ez az, amit egy \u00e1tlagos boltban sosem fognak tudni \u00e1tadni. Pontosan ez\u00e9rt l\u00e9tfontoss\u00e1g\u00fa egy specializ\u00e1lt KTM ker\u00e9kp\u00e1r \u00fczlet felkeres\u00e9se.<\/p>\n<h2>Milyen egy ide\u00e1lis KTM ker\u00e9kp\u00e1r \u00fczlet? A v\u00e1laszt\u00e1s krit\u00e9riumai<\/h2>\n<p>Na de milyen is a j\u00f3 \u00fczlet? Ahol a legolcs\u00f3bb? Nem felt\u00e9tlen\u00fcl. S\u0151t. Az ide\u00e1lis KTM ker\u00e9kp\u00e1r \u00fczlet egy komplex szolg\u00e1ltat\u00e1si csomagot ny\u00fajt, aminek a v\u00e1s\u00e1rl\u00e1s csak az els\u0151 l\u00e9p\u00e9se. Gondoljunk r\u00e1 \u00fagy, mint egy partnerre a ker\u00e9kp\u00e1ros kalandjaink sor\u00e1n.<\/p>\n<h3>Szak\u00e9rt\u0151 tan\u00e1csad\u00e1s \u00e9s sz\u00e9les modellv\u00e1laszt\u00e9k<\/h3>\n<p>Az els\u0151 \u00e9s legfontosabb a szak\u00e9rtelem. Az elad\u00f3nak nem csak azt kell tudnia, mi van rakt\u00e1ron, hanem \u00e9rtenie kell a felhaszn\u00e1l\u00f3i ig\u00e9nyeket. Meg kell k\u00e9rdeznie, hol \u00e9s hogyan szeretn\u00e9nk haszn\u00e1lni a bring\u00e1t. Egy hegyvid\u00e9ki \u00f6sv\u00e9nyekre v\u00e1gy\u00f3 kalandornak eg\u00e9szen m\u00e1sra van sz\u00fcks\u00e9ge, mint egy v\u00e1rosi ing\u00e1z\u00f3nak. A megfelel\u0151 KTM ker\u00e9kp\u00e1r \u00fczlet szem\u00e9lyre szabott tan\u00e1csot ad, seg\u00edt eligazodni a modellek k\u00f6z\u00f6tt, \u00e9s nem pr\u00f3b\u00e1l r\u00e1nk s\u00f3zni egy dr\u00e1g\u00e1bb, de sz\u00e1munkra felesleges modellt. A sz\u00e9les v\u00e1laszt\u00e9k pedig alapk\u00f6vetelm\u00e9ny.<\/p>\n<h3>Professzion\u00e1lis szerviz \u00e9s megb\u00edzhat\u00f3 garancia<\/h3>\n<p>A bringa megv\u00e1s\u00e1rl\u00e1sa ut\u00e1n kezd\u0151dik az igazi k\u00f6z\u00f6s \u00e9let. \u00c9s mint minden kapcsolatban, itt is sz\u00fcks\u00e9g van a gondoskod\u00e1sra. Egy profi szervizh\u00e1tt\u00e9r aranyat \u00e9r. Itt nem csak a defektet jav\u00edtj\u00e1k meg, hanem elv\u00e9gzik a rendszeres karbantart\u00e1st, finomhangol\u00e1st. A KTM ker\u00e9kp\u00e1r szerviz \u00e1rak elt\u00e9r\u0151ek lehetnek, de egy j\u00f3 KTM ker\u00e9kp\u00e1r \u00fczlet transzparens \u00e1raz\u00e1ssal dolgozik. Fontos tiszt\u00e1ban lenni a KTM ker\u00e9kp\u00e1r garancia felt\u00e9telei adta lehet\u0151s\u00e9gekkel is, amit egy hivatalos partner tud a leghitelesebben kezelni.<\/p>\n<h3>Kieg\u00e9sz\u00edt\u0151k \u00e9s alkatr\u00e9szek: Minden, amire sz\u00fcks\u00e9ge lehet<\/h3>\n<p>Egy ker\u00e9kp\u00e1r sosem csak a v\u00e1zb\u00f3l \u00e9s k\u00e9t ker\u00e9kb\u0151l \u00e1ll. L\u00e1mp\u00e1k, s\u00e1rv\u00e9d\u0151k, kulacstart\u00f3k, kilom\u00e9ter\u00f3ra \u2013 a lista v\u00e9gtelen. Egy j\u00f3l felszerelt KTM ker\u00e9kp\u00e1r \u00fczlet sz\u00e9les k\u00edn\u00e1latot tart ezekb\u0151l is, a gy\u00e1ri kieg\u00e9sz\u00edt\u0151kt\u0151l a min\u0151s\u00e9gi ut\u00e1ngy\u00e1rtott alkatr\u00e9szekig. Sokan nem is gondoln\u00e1k, de a megfelel\u0151 \u00f6lt\u00f6zet is kulcsfontoss\u00e1g\u00fa. A bring\u00e1z\u00e1s \u00e9lm\u00e9ny\u00e9t nagyban befoly\u00e1solja a k\u00e9nyelmes \u00e9s funkcion\u00e1lis ruh\u00e1zat, ez\u00e9rt \u00e9rdemes olyan helyeken is k\u00f6r\u00fcln\u00e9zni, mint egy <a href=\"https:\/\/worldpoint.eu\/hu\/under-armour-sportruhazat-uzlet\/\">Under Armour sportruh\u00e1zat \u00fczlet<\/a>, ahol technikai ruh\u00e1zatot tal\u00e1lhatunk. Egy j\u00f3 KTM ker\u00e9kp\u00e1r alkatr\u00e9szek webshop is nagy seg\u00edts\u00e9g lehet, ha m\u00e1r pontosan tudjuk, mire van sz\u00fcks\u00e9g\u00fcnk.<\/p>\n<h2>V\u00e1lasszon a KTM ker\u00e9kp\u00e1r t\u00edpusai k\u00f6z\u00fcl: Tal\u00e1lja meg az \u00d6nnek val\u00f3t!<\/h2>\n<p>A KTM palett\u00e1ja elk\u00e9peszt\u0151en sz\u00e9les. Laikusk\u00e9nt k\u00f6nny\u0171 elveszni a kateg\u00f3ri\u00e1k \u00e9s modellek \u00fatveszt\u0151j\u00e9ben. Melyik val\u00f3 nekem? Miel\u0151tt bemegy\u00fcnk egy KTM ker\u00e9kp\u00e1r \u00fczlet falai k\u00f6z\u00e9, \u00e9rdemes kicsit t\u00e1j\u00e9koz\u00f3dni.<\/p>\n<h3>Mountain bike-ok: Terepre \u00e9s extr\u00e9m kalandokhoz<\/h3>\n<p>Az igazi vad\u00e1llatok. Merevfar\u00fa (hardtail) vagy \u00f6sszteleszk\u00f3pos (fully), a KTM MTB-k a legkem\u00e9nyebb terepen is otthon \u00e9rzik magukat. Ha erd\u0151ben, hegyen-v\u00f6lgy\u00f6n szeretn\u00e9l sz\u00e1guldani, itt keresg\u00e9lj. A legjobb KTM mountain bike modellek legend\u00e1sak a megb\u00edzhat\u00f3s\u00e1gukr\u00f3l \u00e9s teljes\u00edtm\u00e9ny\u00fckr\u0151l.<\/p>\n<h3>Orsz\u00e1g\u00fati ker\u00e9kp\u00e1rok: Sebess\u00e9g \u00e9s teljes\u00edtm\u00e9ny<\/h3>\n<p>Aszfaltszaggat\u00f3k. K\u00f6nny\u0171 v\u00e1z, v\u00e9kony gumik, aerodinamikus testhelyzet. Az orsz\u00e1g\u00fati KTM modellek a sebess\u00e9g szerelmeseinek k\u00e9sz\u00fcltek. Ha a hossz\u00fa, temp\u00f3s edz\u00e9sek \u00e9s a suhan\u00e1s \u00e9lm\u00e9nye vonz, ez a te kateg\u00f3ri\u00e1d. \u00c9rdemes figyelni a KTM orsz\u00e1g\u00fati ker\u00e9kp\u00e1r akci\u00f3k felbukkan\u00e1s\u00e1t, mert sokat sp\u00f3rolhatunk.<\/p>\n<h3>E-bike-ok: K\u00e9nyelem \u00e9s elektromos r\u00e1seg\u00edt\u00e9s<\/h3>\n<p>A ker\u00e9kp\u00e1roz\u00e1s forradalma. Az e-bike nem egy robog\u00f3, hanem egy r\u00e1seg\u00edt\u00e9ses ker\u00e9kp\u00e1r, ami seg\u00edt legy\u0151zni az emelked\u0151ket \u00e9s hosszabb t\u00e1vokat megtenni. A KTM e-bike v\u00e1s\u00e1rl\u00e1s tan\u00e1csok kiemelik, hogy a motor \u00e9s az akkumul\u00e1tor min\u0151s\u00e9ge kulcsfontoss\u00e1g\u00fa. Egy j\u00f3 KTM ker\u00e9kp\u00e1r \u00fczlet lehet\u0151s\u00e9get ad egy KTM elektromos ker\u00e9kp\u00e1r teszt elv\u00e9gz\u00e9s\u00e9re is.<\/p>\n<h3>V\u00e1rosi \u00e9s trekking ker\u00e9kp\u00e1rok: A mindennapok praktikus t\u00e1rsai<\/h3>\n<p>A mindenesek. Munk\u00e1ba j\u00e1r\u00e1shoz, h\u00e9tv\u00e9gi t\u00far\u00e1khoz, bev\u00e1s\u00e1rl\u00e1shoz. K\u00e9nyelmes \u00fcl\u00e9spoz\u00edci\u00f3, praktikus felszerelts\u00e9g (csomagtart\u00f3, s\u00e1rv\u00e9d\u0151). Ha azt k\u00e9rdezed, milyen KTM biciklit vegyek v\u00e1rosba, akkor a trekking \u00e9s city modellek k\u00f6z\u00f6tt kell n\u00e9zel\u0151dn\u00f6d. A &#8220;hol kaphat\u00f3 KTM trekking ker\u00e9kp\u00e1r?&#8221; k\u00e9rd\u00e9sre a v\u00e1lasz egy\u00e9rtelm\u0171en egy min\u0151s\u00e9gi KTM ker\u00e9kp\u00e1r \u00fczlet.<\/p>\n<h2>V\u00e1s\u00e1rl\u00e1si tippek \u00e9s tan\u00e1csok KTM ker\u00e9kp\u00e1r v\u00e1s\u00e1rl\u00e1s\u00e1hoz<\/h2>\n<p>Megvan a kiv\u00e1lasztott kateg\u00f3ria? Szuper! De m\u00e9g miel\u0151tt a p\u00e9nzt\u00e1rc\u00e1d\u00e9rt ny\u00faln\u00e1l, van n\u00e9h\u00e1ny fontos szempont, amit \u00e9rdemes \u00e1tgondolni. Egy profi KTM ker\u00e9kp\u00e1r \u00fczlet seg\u00edt ezekben.<\/p>\n<h3>A megfelel\u0151 v\u00e1zm\u00e9ret kiv\u00e1laszt\u00e1sa: Elengedhetetlen az optim\u00e1lis k\u00e9nyelemhez<\/h3>\n<p>Ez tal\u00e1n a legkritikusabb pont. Egy rosszul megv\u00e1lasztott v\u00e1zm\u00e9ret t\u00f6nkreteheti a ker\u00e9kp\u00e1roz\u00e1s \u00e9lm\u00e9ny\u00e9t, s\u0151t, hossz\u00fa t\u00e1von h\u00e1t- \u00e9s \u00edz\u00fcleti f\u00e1jdalmakhoz vezethet. Ne higgy\u00fcnk az online kalkul\u00e1toroknak! A testmagass\u00e1g csak egy ir\u00e1nymutat\u00f3. A profi elad\u00f3 seg\u00edt a pontos be\u00e1ll\u00edt\u00e1sban. Egy KTM v\u00e1zm\u00e9ret t\u00e1bl\u00e1zat f\u00e9rfi \u00e9s n\u0151i modellekhez is ir\u00e1nymutat\u00f3, de a szem\u00e9lyes pr\u00f3ba elengedhetetlen. A megfelel\u0151 KTM ker\u00e9kp\u00e1r \u00fczlet szakemberei tudj\u00e1k ezt.<\/p>\n<h3>K\u00f6lts\u00e9gvet\u00e9s tervez\u00e9se \u00e9s finansz\u00edroz\u00e1si lehet\u0151s\u00e9gek<\/h3>\n<p>A KTM nem olcs\u00f3 mulats\u00e1g, de az \u00e1r-\u00e9rt\u00e9k ar\u00e1nya kiemelked\u0151. Fontos el\u0151re meghat\u00e1rozni a keretet, \u00e9s ebbe a kieg\u00e9sz\u00edt\u0151ket is bele kell sz\u00e1molni. \u00c9rdemes r\u00e1k\u00e9rdezni a KTM bicikli finansz\u00edroz\u00e1si lehet\u0151s\u00e9gek opci\u00f3ira, sok KTM ker\u00e9kp\u00e1r \u00fczlet k\u00edn\u00e1l r\u00e9szletfizet\u00e9st. Egy olcs\u00f3 KTM ker\u00e9kp\u00e1r akci\u00f3 vonz\u00f3 lehet, de mindig ellen\u0151rizz\u00fck, hogy az adott modell megfelel-e az ig\u00e9nyeinknek. A haszn\u00e1lt KTM ker\u00e9kp\u00e1r elad\u00f3 hirdet\u00e9sek is j\u00f3k lehetnek, de ott ugrik a garancia \u00e9s a szakszer\u0171 seg\u00edts\u00e9g.<\/p>\n<h3>A tesztvezet\u00e9s fontoss\u00e1ga: Miel\u0151tt d\u00f6ntene<\/h3>\n<p>Soha ne vegy\u00e9l biciklit pr\u00f3ba n\u00e9lk\u00fcl! Ahogy aut\u00f3t sem venn\u00e9nk tesztvezet\u00e9s n\u00e9lk\u00fcl. Egy k\u00f6r a bolt k\u00f6r\u00fcl m\u00e1r sokat el\u00e1rul. \u00c9rezni fogod, hogy k\u00e9nyelmes-e, passzol-e hozz\u00e1d a geometria. Egy komoly KTM ker\u00e9kp\u00e1r \u00fczlet biztos\u00edt erre lehet\u0151s\u00e9get. Ez a v\u00e9gs\u0151 pr\u00f3ba, ami meger\u0151s\u00edthet a d\u00f6nt\u00e9sedben.<\/p>\n<h2>Gondoz\u00e1s \u00e9s karbantart\u00e1s: Hossz\u00fa \u00e9lettartam a KTM ker\u00e9kp\u00e1rnak<\/h2>\n<p>A v\u00e1s\u00e1rl\u00e1ssal nem \u00e9r v\u00e9get a t\u00f6rt\u00e9net. Egy min\u0151s\u00e9gi bringa t\u00f6r\u0151d\u00e9st ig\u00e9nyel, cser\u00e9be pedig \u00e9vekig, ak\u00e1r \u00e9vtizedekig h\u0171 t\u00e1rsunk lesz. A karbantart\u00e1snak k\u00e9t szintje van: amit otthon is elv\u00e9gezhet\u00fcnk, \u00e9s amit \u00e9rdemes profikra b\u00edzni egy KTM ker\u00e9kp\u00e1r \u00fczlet szerviz\u00e9ben.<\/p>\n<h3>Alapvet\u0151 karbantart\u00e1si feladatok otthon<\/h3>\n<p>Nem kell szerel\u0151nek lenned ahhoz, hogy a bring\u00e1dat j\u00f3 \u00e1llapotban tartsd. A l\u00e1nc rendszeres tiszt\u00edt\u00e1sa \u00e9s olajoz\u00e1sa, a gumik megfelel\u0151 nyom\u00e1son tart\u00e1sa \u00e9s a f\u00e9kek ellen\u0151rz\u00e9se alapvet\u0151 feladat. Egy egyszer\u0171 KTM ker\u00e9kp\u00e1r be\u00e1ll\u00edt\u00e1si \u00fatmutat\u00f3 seg\u00edts\u00e9g\u00e9vel a nyereg magass\u00e1g\u00e1t is k\u00f6nnyen be\u00e1ll\u00edthatod.<\/p>\n<h3>Szakszerviz szerepe \u00e9s a rendszeres \u00e1tvizsg\u00e1l\u00e1s<\/h3>\n<p>Az otthoni gondoskod\u00e1s mellett \u00e9vente legal\u00e1bb egyszer \u00e9rdemes elvinni a ker\u00e9kp\u00e1rt egy szakszervizbe, amit a legjobb KTM ker\u00e9kp\u00e1r \u00fczlet biztos\u00edt. Itt \u00e1tn\u00e9zik a csap\u00e1gyakat, a v\u00e1lt\u00f3rendszert, a f\u00e9keket \u00e9s minden olyan alkatr\u00e9szt, ami speci\u00e1lis szersz\u00e1mokat \u00e9s szaktud\u00e1st ig\u00e9nyel. Ez a befektet\u00e9s megh\u00e1l\u00e1lja mag\u00e1t a bringa hossz\u00fa \u00e9lettartam\u00e1val \u00e9s a biztons\u00e1gos haszn\u00e1lattal.<\/p>\n<h2>Hogyan tal\u00e1lja meg a t\u00f6k\u00e9letes KTM ker\u00e9kp\u00e1r \u00fczletet az \u00d6n k\u00f6zel\u00e9ben?<\/h2>\n<p>Visszajutottunk a kiindul\u00f3ponthoz: hol van a Szent Gr\u00e1l, a t\u00f6k\u00e9letes bolt? A v\u00e1lasz t\u00f6bb forr\u00e1sb\u00f3l \u00e1ll \u00f6ssze. A j\u00f3 KTM ker\u00e9kp\u00e1r \u00fczlet megtal\u00e1l\u00e1sa detekt\u00edvmunka.<\/p>\n<h3>Online keres\u00e9s, v\u00e1s\u00e1rl\u00f3i v\u00e9lem\u00e9nyek \u00e9s aj\u00e1nl\u00e1sok<\/h3>\n<p>Az internet a bar\u00e1tunk, ha okosan haszn\u00e1ljuk. Keress r\u00e1 a &#8220;KTM bringa bolt k\u00f6zelben&#8221; vagy egy konkr\u00e9tabb &#8220;KTM ker\u00e9kp\u00e1r \u00fczlet XIV ker\u00fclet&#8221; kifejez\u00e9sre. De ne \u00e1llj meg itt! Olvass v\u00e9lem\u00e9nyeket, n\u00e9zz ut\u00e1na f\u00f3rumokon. A KTM ker\u00e9kp\u00e1r v\u00e9lem\u00e9nyek f\u00f3rum topikjaiban rengeteg hasznos, val\u00f3s tapasztalatot tal\u00e1lhatsz. Az online piacterek, mint a <a href=\"https:\/\/worldpoint.eu\/hu\/bestmarkt-uzlet\/\">BestMarkt \u00fczlet<\/a>, j\u00f3k az \u00e1rak \u00f6sszehasonl\u00edt\u00e1s\u00e1ra, de a szem\u00e9lyes tan\u00e1csad\u00e1st nem p\u00f3tolj\u00e1k. A KTM bringa bolt online is lehet j\u00f3, ha van m\u00f6g\u00f6tte fizikai \u00fczlet \u00e9s szerviz.<\/p>\n<h3>Szem\u00e9lyes l\u00e1togat\u00e1s \u00e9s az aj\u00e1nlatok \u00f6sszehasonl\u00edt\u00e1sa<\/h3>\n<p>A v\u00e9gs\u0151 l\u00e9p\u00e9s a szem\u00e9lyes vizit. A megfelel\u0151 KTM ker\u00e9kp\u00e1r \u00fczlet felkutat\u00e1sa nem olyan, mint leugrani a sarki k\u00f6z\u00e9rtbe tej\u00e9rt, amihez el\u00e9g egy <a href=\"https:\/\/worldpoint.eu\/hu\/spar-bolt-utmutato\/\">Spar bolt \u00fatmutat\u00f3<\/a>. Menj el t\u00f6bb helyre, besz\u00e9lgess az elad\u00f3kkal. Figyeld meg, mennyire seg\u00edt\u0151k\u00e9szek, mennyire \u00e9rtenek hozz\u00e1. Hol van a legjobb hangulat? Hol \u00e9rzed azt, hogy nem csak egy vev\u0151 vagy a sok k\u00f6z\u00fcl? Egy KTM ker\u00e9kp\u00e1r szak\u00fczlet Pest megye ter\u00fclet\u00e9n is lehet jobb v\u00e1laszt\u00e1s, mint egy belv\u00e1rosi hely, ha ott a szak\u00e9rtelem nagyobb. Ne a pl\u00e1z\u00e1kban keresg\u00e9lj! A nagy bev\u00e1s\u00e1rl\u00f3k\u00f6zpontok, mint amilyeneket a <a href=\"https:\/\/worldpoint.eu\/hu\/westend-uzletek-terkepe\/\">Westend \u00fczletek t\u00e9rk\u00e9pe<\/a> is mutat, ritk\u00e1n rejtenek magukban elhivatott szak\u00fczletet. Az olcs\u00f3s\u00e1g cs\u00e1b\u00edt\u00e1s\u00e1nak is \u00e1llj ellen; ne d\u0151lj be a nagy akci\u00f3knak, amiket az <a href=\"https:\/\/worldpoint.eu\/hu\/outlet-uzletek-budapesten\/\">outlet \u00fczletek Budapesten<\/a> k\u00edn\u00e1lnak, ha nincs m\u00f6g\u00f6tt\u00fck szakmai t\u00e1mogat\u00e1s. A v\u00e1laszt\u00e1sn\u00e1l a bizalom, a szervizh\u00e1tt\u00e9r \u00e9s a hozz\u00e1\u00e9rt\u00e9s legyen a d\u00f6nt\u0151. Az a KTM ker\u00e9kp\u00e1r \u00fczlet lesz a te helyed, ahonnan nemcsak egy bring\u00e1val, hanem egy j\u00f3 \u00e9lm\u00e9nnyel \u00e9s a megb\u00edzhat\u00f3 partners\u00e9g \u00edg\u00e9ret\u00e9vel t\u00e1vozol. Ez az, ami igaz\u00e1n sz\u00e1m\u00edt.<\/p>\n","protected":false},"excerpt":{"rendered":"<p>Amikor el\u0151sz\u00f6r d\u00f6nt\u00f6ttem el, hogy beruh\u00e1zok egy komolyabb bring\u00e1ra, a KTM m\u00e1rka szinte azonnal felmer\u00fclt. Azt hittem, a neheze a sp\u00f3rol\u00e1s lesz. Hatalmasat t\u00e9vedtem. Az igazi Od\u00fcsszeia akkor kezd\u0151d\u00f6tt, amikor be\u00edrtam a keres\u0151be: KTM ker\u00e9kp\u00e1r \u00fczlet. Az internet egy v\u00e9gtelennek t\u0171n\u0151 list\u00e1t dobott fel, tele webshopokkal, \u00e1ltal\u00e1nos sportboltokkal \u00e9s apr\u00f3hirdet\u00e9sekkel. P\u00e1r \u00f3ra ut\u00e1n teljesen elvesztem. [&hellip;]<\/p>\n","protected":false},"author":2,"featured_media":0,"comment_status":"","ping_status":"","sticky":false,"template":"","format":"standard","meta":{"footnotes":""},"categories":[4],"tags":[],"class_list":["post-402","post","type-post","status-publish","format-standard","hentry","category-sport"],"_links":{"self":[{"href":"https:\/\/worldpoint.eu\/hu\/wp-json\/wp\/v2\/posts\/402","targetHints":{"allow":["GET"]}}],"collection":[{"href":"https:\/\/worldpoint.eu\/hu\/wp-json\/wp\/v2\/posts"}],"about":[{"href":"https:\/\/worldpoint.eu\/hu\/wp-json\/wp\/v2\/types\/post"}],"author":[{"embeddable":true,"href":"https:\/\/worldpoint.eu\/hu\/wp-json\/wp\/v2\/users\/2"}],"replies":[{"embeddable":true,"href":"https:\/\/worldpoint.eu\/hu\/wp-json\/wp\/v2\/comments?post=402"}],"version-history":[{"count":0,"href":"https:\/\/worldpoint.eu\/hu\/wp-json\/wp\/v2\/posts\/402\/revisions"}],"wp:attachment":[{"href":"https:\/\/worldpoint.eu\/hu\/wp-json\/wp\/v2\/media?parent=402"}],"wp:term":[{"taxonomy":"category","embeddable":true,"href":"https:\/\/worldpoint.eu\/hu\/wp-json\/wp\/v2\/categories?post=402"},{"taxonomy":"post_tag","embeddable":true,"href":"https:\/\/worldpoint.eu\/hu\/wp-json\/wp\/v2\/tags?post=402"}],"curies":[{"name":"wp","href":"https:\/\/api.w.org\/{rel}","templated":true}]}}