{"id":389,"date":"2025-10-16T11:14:44","date_gmt":"2025-10-16T09:14:44","guid":{"rendered":"https:\/\/worldpoint.eu\/hu\/mac-uzlet-budapest\/"},"modified":"2025-10-16T11:14:44","modified_gmt":"2025-10-16T09:14:44","slug":"mac-uzlet-budapest","status":"publish","type":"post","link":"https:\/\/worldpoint.eu\/hu\/mac-uzlet-budapest\/","title":{"rendered":"A T\u00f6k\u00e9letes Mac \u00fczlet Budapest Sz\u00edv\u00e9ben: \u00datmutat\u00f3 \u00e9s Tippek"},"content":{"rendered":"<p>A r\u00e9gi laptopom haldoklott. T\u00e9nyleg. A ventil\u00e1tora \u00fagy hangzott, mint egy felsz\u00e1llni k\u00e9sz\u00fcl\u0151 Boeing 747-es, \u00e9s egyetlen Chrome f\u00fcl megnyit\u00e1sa is egzisztenci\u00e1lis v\u00e1ls\u00e1got okozott neki. Elj\u00f6tt az a pont, amikor kimondtam a b\u0171v\u00f6s szavakat: \u201eNekem egy Mac kell.\u201d \u00c9s ezzel el is kezd\u0151d\u00f6tt a nagy kaland, a t\u00f6k\u00e9letes <strong>Mac \u00fczlet Budapest<\/strong> sz\u00edv\u00e9ben t\u00f6rt\u00e9n\u0151 felkutat\u00e1sa. Nem is gondoltam volna, hogy ennyi lehet\u0151s\u00e9g van. Vagy ennyi k\u00e9rd\u00e9s. Melyik modell? Hol a legolcs\u00f3bb? \u00c9s egy\u00e1ltal\u00e1n, melyik a legjobb <strong>Mac \u00fczlet Budapest<\/strong> ter\u00fclet\u00e9n, ahol nem csak eladni akarnak nekem valamit, hanem seg\u00edtenek is? Ez a keres\u00e9s egy od\u00fcsszeia volt, tele felfedez\u00e9sekkel, \u00e9s most megosztom veletek a tapasztalataimat.<\/p>\n<h2>Fedezze fel a Mac vil\u00e1g\u00e1t Budapesten<\/h2>\n<p>Budapest egy igazi technol\u00f3giai olvaszt\u00f3t\u00e9gely. Egy v\u00e1ros, ahol a leg\u00fajabb k\u00fcty\u00fck \u00e9s a t\u00f6rt\u00e9nelmi \u00e9p\u00fcletek valahogy t\u00f6k\u00e9letes harm\u00f3ni\u00e1ban \u00e9lnek egym\u00e1s mellett. A Mac vil\u00e1ga pedig sokkal t\u00f6bb, mint egy sz\u00e9p alum\u00ednium h\u00e1zba z\u00e1rt hardver. Ez egy \u00e9let\u00e9rz\u00e9s. A kreativit\u00e1s, a letisztults\u00e1g \u00e9s a \u201ecsak m\u0171k\u00f6dik\u201d filoz\u00f3fi\u00e1ja. Amikor bel\u00e9psz egy min\u0151s\u00e9gi <strong>Mac \u00fczlet Budapest<\/strong> b\u00e1rmely pontj\u00e1n, nem csak term\u00e9keket l\u00e1tsz a polcokon, hanem egy gondosan fel\u00e9p\u00edtett \u00f6kosziszt\u00e9m\u00e1t. Telefonok, \u00f3r\u00e1k, tabletek \u00e9s sz\u00e1m\u00edt\u00f3g\u00e9pek, amik \u00fagy besz\u00e9lgetnek egym\u00e1ssal, mintha mindig is ismert\u00e9k volna egym\u00e1st. A k\u00e9rd\u00e9s m\u00e1r csak az, hol mer\u00fclj\u00fcnk el ebben a vil\u00e1gban? Egy\u00e1ltal\u00e1n nem mindegy, melyik <strong>Mac \u00fczlet Budapest<\/strong> ajtaj\u00e1n l\u00e9p\u00fcnk be, mert a v\u00e1s\u00e1rl\u00f3i \u00e9lm\u00e9ny legal\u00e1bb annyira fontos, mint maga a term\u00e9k. Az ide\u00e1lis helyen a v\u00e1s\u00e1rl\u00e1s nem egy tranzakci\u00f3, hanem egy \u00e9lm\u00e9ny kezdete. Az elad\u00f3k szak\u00e9rtelme \u00e9s a k\u00f6rnyezet inspir\u00e1l\u00f3 l\u00e9gk\u00f6re mind hozz\u00e1j\u00e1rulnak ahhoz, hogy a megfelel\u0151 d\u00f6nt\u00e9st hozzuk meg. \u00c9rdemes r\u00e1sz\u00e1nni az id\u0151t, hogy megtal\u00e1ljuk azt a helyet, ahol igaz\u00e1n otthon \u00e9rezz\u00fck magunkat a Mac univerzumban.<\/p>\n<h2>Mi\u00e9rt \u00e9rdemes Mac g\u00e9pet v\u00e1lasztani?<\/h2>\n<p>\u0150szint\u00e9n? Mert egyszer\u0171en j\u00f3. Persze, ez szubjekt\u00edv, de hadd fejtsem ki. \u00c9vekig voltam Windows-felhaszn\u00e1l\u00f3, \u00e9s nem mondom, hogy rossz volt, de a v\u00e1lt\u00e1s a macOS-re olyan volt, mint egy megk\u00f6nnyebb\u00fclt s\u00f3haj. Minden intuit\u00edv, a fel\u00fclet letisztult, \u00e9s nincsenek felesleges sallangok. A rendszer stabilit\u00e1sa legend\u00e1s. Elfelejtheted a k\u00e9k hal\u00e1lt \u00e9s a folyamatos \u00fajraind\u00edt\u00e1sokat. \u00c9s az optimaliz\u00e1ci\u00f3! Mivel a hardver \u00e9s a szoftver ugyanatt\u00f3l a c\u00e9gt\u0151l sz\u00e1rmazik, hihetetlen\u00fcl hat\u00e9konyan m\u0171k\u00f6dnek egy\u00fctt. Egy MacBook Air m\u00e9g \u00e9vek m\u00falt\u00e1n is vill\u00e1mgyorsan teszi a dolg\u00e1t. Azt\u00e1n ott van az anyaghaszn\u00e1lat. Az a h\u0171v\u00f6s, sz\u00e1lcsiszolt alum\u00ednium\u2026 egyszer\u0171en pr\u00e9mium \u00e9rzetet kelt. Tart\u00f3s, id\u0151t\u00e1ll\u00f3 diz\u00e1jn. Persze, az \u00e1r magasabb, de \u00e9n ezt befektet\u00e9sk\u00e9nt fogom fel. Egy Mac g\u00e9p \u00e9rt\u00e9k\u00e1ll\u00f3s\u00e1ga sokkal jobb, mint egy \u00e1tlagos laptop\u00e9. Ha p\u00e1r \u00e9v m\u00falva el akarod adni, meglep\u0151en j\u00f3 \u00e1ron teheted meg. A v\u00e1laszt\u00e1s sor\u00e1n persze felmer\u00fcl a k\u00e9rd\u00e9s, hogy a <strong>MacBook Air Pro k\u00fcl\u00f6nbs\u00e9gek Budapest \u00fczlet<\/strong> k\u00edn\u00e1lat\u00e1ban hogyan jelennek meg, de a l\u00e9nyeg, hogy mindkett\u0151 ugyanazt a megb\u00edzhat\u00f3 alapot ny\u00fajtja. A legjobb <strong>Mac \u00fczlet Budapest<\/strong> seg\u00edt eld\u00f6nteni, melyik illik hozz\u00e1d.<\/p>\n<h2>Hol tal\u00e1lhat\u00f3k Mac \u00fczletek Budapesten?<\/h2>\n<p>Na, ez egy remek k\u00e9rd\u00e9s. Budapest tele van lehet\u0151s\u00e9gekkel, de ezek k\u00f6z\u00f6tt navig\u00e1lni nem mindig egyszer\u0171. Vannak a hivatalos pr\u00e9mium partnerek, a nagyobb elektronikai \u00e1ruh\u00e1zak \u00e9s a haszn\u00e1lt g\u00e9pekre szakosodott boltok. Mindegyiknek megvan a maga el\u0151nye \u00e9s h\u00e1tr\u00e1nya. A d\u00f6nt\u00e9s att\u00f3l f\u00fcgg, mit keresel: a leg\u00fajabb modellt, a legjobb \u00e1rat, vagy egy megb\u00edzhat\u00f3 haszn\u00e1lt k\u00e9sz\u00fcl\u00e9ket. A j\u00f3 h\u00edr az, hogy szinte minden ker\u00fcletben tal\u00e1lni valamilyen megold\u00e1st, \u00edgy nem kell a f\u00e9l v\u00e1rost bej\u00e1rnod egy kis alm\u00e1s \u00e9lm\u00e9ny\u00e9rt. Egy j\u00f3 <strong>Mac \u00fczlet Budapest<\/strong> k\u00f6zpontj\u00e1ban \u00e9pp\u00fagy megtal\u00e1lhat\u00f3, mint a k\u00fcls\u0151bb ker\u00fcletekben.<\/p>\n<h3>Hivatalos Apple Pr\u00e9mium Reseller \u00fczletek<\/h3>\n<p>Ezek a szent\u00e9lyek. Amikor bel\u00e9psz egy iStyle vagy egy ePl (<strong>Epl Mac bolt Budapest<\/strong>) \u00fczletbe, az olyan, mintha egy mini Apple Store-ban lenn\u00e9l. A diz\u00e1jn minimalista, a term\u00e9kek sz\u00e9pen ki\u00e1ll\u00edtva, \u00e9s az elad\u00f3k\u2026 nos, \u0151k igazi szak\u00e9rt\u0151k. Itt mindent megtal\u00e1lsz, ami Apple. A legfrissebb MacBookok, iMacek, \u00e9s persze minden kieg\u00e9sz\u00edt\u0151. Az \u00e1rak itt a hivatalos lista\u00e1rak, nagy akci\u00f3kra ritk\u00e1n lehet sz\u00e1m\u00edtani, de a min\u0151s\u00e9g \u00e9s a hozz\u00e1\u00e9rt\u00e9s garant\u00e1lt. Ha a leg\u00fajabb <strong>iMac v\u00e1s\u00e1rl\u00e1s Budapest<\/strong> v\u00e1ros\u00e1ban a c\u00e9lod, vagy egy <strong>\u00faj Mac elad\u00f3 Budapest<\/strong> felirat\u00fa t\u00e1bl\u00e1t keresel, itt a legjobb helyen j\u00e1rsz. Egy ilyen <strong>Apple Premium Reseller Budapest<\/strong> \u00fczletben a v\u00e1s\u00e1rl\u00e1s maga egy program. P\u00e9ld\u00e1ul egy <strong>iStyle Mac \u00fczlet Budapest<\/strong> szinte minden nagyobb pl\u00e1z\u00e1ban jelen van, \u00edgy a <strong>Mac bolt Ar\u00e9na Pl\u00e1za Budapest<\/strong> \u00e9s a <strong>Mac bolt Allee Budapest<\/strong> is kiv\u00e1l\u00f3 c\u00e9lpont lehet. Ezek azok a helyek, ahol a legjobb tan\u00e1csokat kapod, \u00e9s biztos lehetsz a term\u00e9k eredetis\u00e9g\u00e9ben. A t\u00f6k\u00e9letes <strong>Mac \u00fczlet Budapest<\/strong> sokak sz\u00e1m\u00e1ra itt kezd\u0151dik.<\/p>\n<h3>Egy\u00e9b Apple term\u00e9keket forgalmaz\u00f3 boltok<\/h3>\n<p>A nagy elektronikai \u00e1ruh\u00e1zl\u00e1ncok, mint a MediaMarkt vagy az Euronics, szint\u00e9n tartanak Apple term\u00e9keket. Itt \u00e1ltal\u00e1ban van egy k\u00fcl\u00f6n \u201eshop-in-shop\u201d r\u00e9szleg, ahol megtal\u00e1lod a Mac-eket. Az el\u0151ny\u00fck, hogy gyakran vannak saj\u00e1t akci\u00f3ik vagy r\u00e9szletfizet\u00e9si konstrukci\u00f3ik, amik vonz\u00f3ak lehetnek. Ugyanakkor a szem\u00e9lyzet szak\u00e9rtelme vegyes lehet. M\u00edg egy dedik\u00e1lt <strong>Mac \u00fczlet Budapest<\/strong> minden munkat\u00e1rsa az Apple vil\u00e1g\u00e1ban \u00e9l, itt el\u0151fordulhat, hogy egy \u00e1ltal\u00e1nos elad\u00f3hoz ker\u00fclsz, aki a mos\u00f3g\u00e9pekhez jobban \u00e9rt, mint a macOS-hez. Ez nem felt\u00e9tlen\u00fcl baj, ha pontosan tudod, mit akarsz. De ha tan\u00e1csra van sz\u00fcks\u00e9ged, egy specializ\u00e1lt <strong>Mac \u00fczlet Budapest<\/strong> jobb v\u00e1laszt\u00e1s lehet. \u00d6sszehasonl\u00edt\u00e1sk\u00e9ppen, ez m\u00e1s, mint egy <a href=\"https:\/\/worldpoint.eu\/hu\/vodafone-uzlet-budapest\/\">Vodafone \u00fczlet Budapest<\/a>, ahol a f\u00f3kusz a mobil szolg\u00e1ltat\u00e1sokon \u00e9s a kapcsol\u00f3d\u00f3 telefonokon van; itt a sz\u00e1m\u00edt\u00f3g\u00e9pes szak\u00e9rtelem a kulcs. A <strong>WorldPoint Mac \u00fczlet Budapest<\/strong> is egyedi \u00e9lm\u00e9nyt k\u00edn\u00e1l, \u00e9rdemes felfedezni. A <strong>legjobb Mac \u00fczletek Budapesten<\/strong> gyakran a specializ\u00e1ci\u00f3jukkal t\u0171nnek ki.<\/p>\n<h3>Haszn\u00e1lt Mac beszerz\u00e9si lehet\u0151s\u00e9gek Budapesten<\/h3>\n<p>Ne f\u00e9lj\u00fcnk a haszn\u00e1lt piac\u00e1t\u00f3l! Egy j\u00f3 \u00e1llapot\u00fa, n\u00e9h\u00e1ny \u00e9ves Mac m\u00e9g mindig messze fel\u00fclm\u00falhat egy vadonat\u00faj, k\u00f6z\u00e9pkateg\u00f3ri\u00e1s Windows laptopot. A <strong>haszn\u00e1lt Mac v\u00e1s\u00e1rl\u00e1s Budapest garanci\u00e1val<\/strong> egyre n\u00e9pszer\u0171bb opci\u00f3. Rengeteg olyan \u00fczlet van, ami kifejezetten erre szakosodott. Ezek a boltok a g\u00e9peket \u00e1tvizsg\u00e1lj\u00e1k, fel\u00faj\u00edtj\u00e1k, \u00e9s garanci\u00e1t v\u00e1llalnak r\u00e1juk. Itt jelent\u0151s \u00f6sszegeket sp\u00f3rolhatsz. Ha a c\u00e9l az <strong>olcs\u00f3 Mac v\u00e1s\u00e1rl\u00e1s Budapest<\/strong> v\u00e1ros\u00e1ban, ez a te utad. R\u00e1ad\u00e1sul ez egy fenntarthat\u00f3bb v\u00e1laszt\u00e1s is. Persze, fontos, hogy megb\u00edzhat\u00f3 helyr\u0151l v\u00e1s\u00e1rolj. N\u00e9zz ut\u00e1na a v\u00e9lem\u00e9nyeknek, \u00e9s csak olyan helyr\u0151l vegy\u00e9l g\u00e9pet, ahol adnak r\u00e1 legal\u00e1bb n\u00e9h\u00e1ny h\u00f3nap garanci\u00e1t. N\u00e9ha m\u00e9g r\u00e9gebbi modellek is felbukkannak, \u00edgy ha egy j\u00f3 \u00e1llapot\u00fa <strong>Mac mini elad\u00f3 Budapesten<\/strong> \u00e9rdekel, itt \u00e9rdemes k\u00f6r\u00fcln\u00e9zni. S\u0151t, az ilyen helyek gyakran hasonl\u00edtanak az <a href=\"https:\/\/worldpoint.eu\/hu\/outlet-uzletek-budapesten\/\">outlet \u00fczletek Budapesten<\/a> tal\u00e1lhat\u00f3 k\u00edn\u00e1lat\u00e1hoz, ahol kifut\u00f3 vagy bemutat\u00f3 darabokat is elcs\u00edphetsz kedvezm\u00e9nyesen.<\/p>\n<h2>Szolg\u00e1ltat\u00e1sok \u00e9s szak\u00e9rtelem egy Mac \u00fczletben<\/h2>\n<p>Egy pr\u00e9mium term\u00e9khez pr\u00e9mium szolg\u00e1ltat\u00e1s j\u00e1r. Vagy legal\u00e1bbis ennek kellene lennie az alapnak. A legjobb <strong>Mac \u00fczlet Budapest<\/strong> ter\u00fclet\u00e9n nem \u00e9r v\u00e9get a kassz\u00e1n\u00e1l. A v\u00e1s\u00e1rl\u00e1s ut\u00e1ni t\u00e1mogat\u00e1s, a szerviz \u00e9s a tan\u00e1csad\u00e1s legal\u00e1bb ennyire fontos. Hiszen egy Mac nem csak egy eszk\u00f6z, hanem egy hossz\u00fa t\u00e1v\u00fa partner a munk\u00e1ban vagy a sz\u00f3rakoz\u00e1sban. Egy j\u00f3 <strong>Mac \u00fczlet Budapest<\/strong> ezt pontosan tudja.<\/p>\n<h3>Tan\u00e1csad\u00e1s \u00e9s term\u00e9kbemutat\u00f3k<\/h3>\n<p>Eml\u00e9kszem, amikor bementem az egyik \u00fczletbe, teljesen elveszve. MacBook Air? Vagy Pro? Melyik chip? Mennyi mem\u00f3ria? Az elad\u00f3 t\u00fcrelmesen v\u00e9gighallgatott, feltett p\u00e1r k\u00e9rd\u00e9st a felhaszn\u00e1l\u00e1si szok\u00e1saimr\u00f3l, majd elmagyar\u00e1zta a l\u00e9nyeget. Nem a technikai adatokat sz\u00f3rta, hanem azt, hogy sz\u00e1momra melyik modell mit jelentene a gyakorlatban. Ez a fajta tan\u00e1csad\u00e1s aranyat \u00e9r. Egy j\u00f3 <strong>Apple term\u00e9kek bemutat\u00f3terem Budapest<\/strong> sz\u00edv\u00e9ben lehet\u0151s\u00e9get ad arra, hogy k\u00e9zbe vedd a g\u00e9peket, kipr\u00f3b\u00e1ld a billenty\u0171zetet, l\u00e1sd a kijelz\u0151t. Ez seg\u00edt megv\u00e1laszolni a nagy k\u00e9rd\u00e9st: <strong>milyen Mac modellt vegyek Budapesten<\/strong>? Az elad\u00f3k profizmusa leny\u0171g\u00f6z\u0151 volt, szinte mintha egy hivatalos <a href=\"https:\/\/worldpoint.eu\/hu\/uzlet-inditasi-utmutato\/\">\u00fczlet ind\u00edt\u00e1si \u00fatmutat\u00f3<\/a> minden pontj\u00e1t betartott\u00e1k volna. Egy profi <strong>Mac \u00fczlet Budapest<\/strong> pontosan ilyen \u00e9lm\u00e9nyt ny\u00fajt.<\/p>\n<h3>Szerviz \u00e9s garancia \u00fcgyint\u00e9z\u00e9s<\/h3>\n<p>Rem\u00e9lj\u00fck, soha nem lesz r\u00e1 sz\u00fcks\u00e9g, de ha m\u00e9gis baj van, kulcsfontoss\u00e1g\u00fa a megb\u00edzhat\u00f3 szervizh\u00e1tt\u00e9r. A \u201e<strong>hol jav\u00edttassak Mac-et Budapesten<\/strong>?\u201d egy olyan k\u00e9rd\u00e9s, amit jobb el\u0151re tiszt\u00e1zni. A hivatalos viszontelad\u00f3k \u00e1ltal\u00e1ban hivatalos szervizpontk\u00e9nt is m\u0171k\u00f6dnek. Ez a legbiztosabb \u00fat, ha garanci\u00e1lis probl\u00e9m\u00e1d van. Az <strong>Apple szervizpont Budapest c\u00edmek<\/strong> k\u00f6nnyen fellelhet\u0151k online, de egy j\u00f3 <strong>Mac \u00fczlet Budapest<\/strong> helyben is int\u00e9zi a garanci\u00e1lis \u00fcgyeket. Ha s\u00fcrg\u0151s a dolog, a <strong>MacBook jav\u00edt\u00e1s Budapest gyorsan<\/strong> kulcsszavakra keresve tal\u00e1lhatsz f\u00fcggetlen szervizeket is, de itt mindig l\u00e9gy \u00f3vatos. A garancia elveszhet, ha nem hivatalos helyen ny\u00falnak a g\u00e9phez. \u00c9n a biztons\u00e1gra szavazok. A megb\u00edzhat\u00f3 <strong>Mac \u00fczlet Budapest<\/strong> garanci\u00e1t v\u00e1llal a munk\u00e1j\u00e1ra.<\/p>\n<h3>Kieg\u00e9sz\u00edt\u0151k \u00e9s szoftverek sz\u00e9les v\u00e1laszt\u00e9ka<\/h3>\n<p>A Mac \u00e9lm\u00e9ny a kieg\u00e9sz\u00edt\u0151kkel teljes. Egy j\u00f3 eg\u00e9r, egy k\u00fcls\u0151 monitor, egy min\u0151s\u00e9gi tok vagy t\u00e1ska mind hozz\u00e1j\u00e1rul a k\u00e9nyelemhez \u00e9s a hat\u00e9konys\u00e1ghoz. Egy j\u00f3l felszerelt <strong>Mac \u00fczlet Budapest<\/strong> polcain mindent megtal\u00e1lsz, amire sz\u00fcks\u00e9ged lehet. S\u0151t, m\u00e9g ann\u00e1l is t\u00f6bbet. A <strong>Mac kieg\u00e9sz\u00edt\u0151k v\u00e1s\u00e1rl\u00e1sa Budapest<\/strong> v\u00e1ros\u00e1ban egyszer\u0171, hiszen a k\u00edn\u00e1lat \u00f3ri\u00e1si. A hivatalos Apple kieg\u00e9sz\u00edt\u0151k mellett rengeteg harmadik f\u00e9lt\u0151l sz\u00e1rmaz\u00f3, min\u0151s\u00e9gi term\u00e9k is el\u00e9rhet\u0151. \u00c9s ne feledkezz\u00fcnk meg az \u00f6kosziszt\u00e9ma t\u00f6bbi elem\u00e9r\u0151l sem. Az Apple Watch p\u00e9ld\u00e1ul annyira n\u00e9pszer\u0171, hogy szinte m\u00e1r egy k\u00fcl\u00f6n\u00e1ll\u00f3 <a href=\"https:\/\/worldpoint.eu\/hu\/ora-uzlet-budapest\/\">\u00f3ra \u00fczlet Budapest<\/a> k\u00edn\u00e1lat\u00e1val vetekszik az el\u00e9rhet\u0151 sz\u00edjak \u00e9s tartoz\u00e9kok sz\u00e1ma. Az ide\u00e1lis <strong>Mac \u00fczlet Budapest<\/strong> egy helyen k\u00edn\u00e1l mindent, ami az alm\u00e1s vil\u00e1ghoz kell, legyen az hardver, szoftver vagy kieg\u00e9sz\u00edt\u0151. Az ilyen <strong>Apple term\u00e9kek boltja Budapest<\/strong> ter\u00fclet\u00e9n igazi kincsesb\u00e1nya.<\/p>\n<h2>Hogyan v\u00e1lasszuk ki a megfelel\u0151 Mac-et \u00e9s \u00fczletet?<\/h2>\n<p>A t\u00f6k\u00e9letes Mac \u00e9s a t\u00f6k\u00e9letes bolt megtal\u00e1l\u00e1sa k\u00e9t k\u00fcl\u00f6nb\u00f6z\u0151, de \u00f6sszef\u00fcgg\u0151 feladat. A legjobb g\u00e9p sem \u00e9r sokat, ha rossz helyen vessz\u00fck, \u00e9s a legjobb bolt sem tud seg\u00edteni, ha rossz g\u00e9pet v\u00e1lasztunk. Sz\u00f3val, hogyan d\u00f6nts\u00fcnk j\u00f3l? Kell egy kis \u00f6nvizsg\u00e1lat \u00e9s egy kis kutat\u00e1s. De ne agg\u00f3dj, nem agyseb\u00e9szet. A kiv\u00e1laszt\u00e1si folyamatban a <strong>MacBook Pro \u00e1r \u00f6sszehasonl\u00edt\u00e1s Budapest<\/strong> \u00fczleteiben kulcsfontoss\u00e1g\u00fa l\u00e9p\u00e9s lehet.<\/p>\n<h3>V\u00e1s\u00e1rl\u00e1si szempontok \u00e9s tippek<\/h3>\n<p>El\u0151sz\u00f6r is, gondold v\u00e9gig, mire fogod haszn\u00e1lni a g\u00e9pet. Alapvet\u0151 irodai munka, internetez\u00e9s, filmn\u00e9z\u00e9s? Egy MacBook Air t\u00f6k\u00e9letes v\u00e1laszt\u00e1s, \u00e9s a <strong>MacBook Air \u00e1r Budapest<\/strong> \u00fczleteiben a legkedvez\u0151bb bel\u00e9p\u0151 a Mac vil\u00e1g\u00e1ba. Vide\u00f3t v\u00e1gsz, programozol, vagy grafikai munk\u00e1t v\u00e9gzel? Akkor egy MacBook Pro erej\u00e9re lesz sz\u00fcks\u00e9ged. Itt \u00e9rdemes megn\u00e9zni, van-e \u00e9ppen valamilyen <strong>MacBook Pro akci\u00f3s \u00e1r Budapest<\/strong> boltjaiban. M\u00e1sodszor, hat\u00e1rozz meg egy keretet. Mennyit sz\u00e1nsz r\u00e1? Ez seg\u00edt sz\u0171k\u00edteni a k\u00f6rt. Harmadszor, olvass teszteket, n\u00e9zz vide\u00f3kat, de a v\u00e9gs\u0151 d\u00f6nt\u00e9s el\u0151tt mindenk\u00e9pp menj el egy \u00fczletbe \u00e9s pr\u00f3b\u00e1ld ki a g\u00e9peket. A <strong>Mac bolt nyitvatart\u00e1s Budapest<\/strong> ter\u00fclet\u00e9n \u00e1ltal\u00e1ban el\u00e9g rugalmas, \u00edgy munka ut\u00e1n is be tudsz ugrani. A k\u00e9rd\u00e9s, hogy <strong>melyik Mac bolt a legjobb Budapesten<\/strong>, gyakran a szem\u00e9lyes tapasztalaton m\u00falik.<\/p>\n<h3>Online vs. fizikai \u00fczlet el\u0151nyei \u00e9s h\u00e1tr\u00e1nyai<\/h3>\n<p>Az online v\u00e1s\u00e1rl\u00e1s k\u00e9nyelmes. P\u00e1r kattint\u00e1s, \u00e9s m\u00e1r \u00faton is van a g\u00e9p. Az \u00e1rak is jobban \u00f6sszehasonl\u00edthat\u00f3k. De elvesz\u00edted a szem\u00e9lyes kapcsolatot \u00e9s a kipr\u00f3b\u00e1l\u00e1s \u00e9lm\u00e9ny\u00e9t. Nem tudod megfogni, nem \u00e9rzed a s\u00faly\u00e1t, nem l\u00e1tod \u00e9l\u0151ben a kijelz\u0151t. Ezzel szemben egy fizikai <strong>Mac \u00fczlet Budapest<\/strong> lehet\u0151s\u00e9get ad a felfedez\u00e9sre. Besz\u00e9lhetsz egy szak\u00e9rt\u0151vel, aki seg\u00edt a d\u00f6nt\u00e9sben. Azonnal hazaviheted a term\u00e9ket. Sokszor a pl\u00e1z\u00e1kban tal\u00e1lhat\u00f3 \u00fczletek a legk\u00e9nyelmesebbek, hiszen a v\u00e1s\u00e1rl\u00e1st \u00f6sszek\u00f6theted m\u00e1s \u00fcgyint\u00e9z\u00e9ssel. Ha a Westendben j\u00e1rsz, \u00e9rdemes megn\u00e9zni a <a href=\"https:\/\/worldpoint.eu\/hu\/westend-uzletek-terkepe\/\">Westend \u00fczletek t\u00e9rk\u00e9pe<\/a> seg\u00edts\u00e9g\u00e9vel, hol tal\u00e1lod a legk\u00f6zelebbi elektronikai boltot. A d\u00f6nt\u00e9s a ti\u00e9d. Ha pontosan tudod, mit akarsz, az online rendel\u00e9s gyors \u00e9s hat\u00e9kony. Ha bizonytalan vagy, egy fizikai <strong>Mac \u00fczlet Budapest<\/strong> megl\u00e1togat\u00e1sa elengedhetetlen.<\/p>\n<h2>A j\u00f6v\u0151beli Mac \u00e9lm\u00e9ny Budapesten<\/h2>\n<p>A technol\u00f3gia folyamatosan v\u00e1ltozik, \u00e9s az Apple mindig az \u00e9len j\u00e1r. Az \u00faj chipek egyre er\u0151sebbek, a kijelz\u0151k egyre szebbek, a szoftverek pedig egyre okosabbak. A budapesti Mac k\u00f6z\u00f6ss\u00e9g pedig egyre csak n\u0151. Egyre t\u00f6bb <strong>Mac \u00fczlet Budapest<\/strong> ny\u00edlik, a szolg\u00e1ltat\u00e1sok sz\u00ednvonala pedig folyamatosan emelkedik. A j\u00f6v\u0151 izgalmas. Lehet, hogy p\u00e1r \u00e9v m\u00falva m\u00e1r AR-szem\u00fcvegen kereszt\u00fcl fogjuk kiv\u00e1lasztani a k\u00f6vetkez\u0151 Mac-\u00fcnket egy virtu\u00e1lis bemutat\u00f3teremben. De egy dolog biztos: a min\u0151s\u00e9g, a diz\u00e1jn \u00e9s a felhaszn\u00e1l\u00f3i \u00e9lm\u00e9ny ir\u00e1nti elk\u00f6telezetts\u00e9g megmarad. A t\u00f6k\u00e9letes <strong>Mac \u00fczlet Budapest<\/strong> megtal\u00e1l\u00e1sa ma m\u00e1r nem lehetetlen k\u00fcldet\u00e9s. Rem\u00e9lem, ez az \u00fatmutat\u00f3 seg\u00edtett abban, hogy a te od\u00fcsszei\u00e1d egy kicsit r\u00f6videbb \u00e9s sikeresebb legyen. A <strong>hivatalos Apple viszontelad\u00f3 Budapest<\/strong> mindig j\u00f3 kiindul\u00f3pont. Sok sikert a vad\u00e1szathoz!<\/p>\n","protected":false},"excerpt":{"rendered":"<p>A r\u00e9gi laptopom haldoklott. T\u00e9nyleg. A ventil\u00e1tora \u00fagy hangzott, mint egy felsz\u00e1llni k\u00e9sz\u00fcl\u0151 Boeing 747-es, \u00e9s egyetlen Chrome f\u00fcl megnyit\u00e1sa is egzisztenci\u00e1lis v\u00e1ls\u00e1got okozott neki. Elj\u00f6tt az a pont, amikor kimondtam a b\u0171v\u00f6s szavakat: \u201eNekem egy Mac kell.\u201d \u00c9s ezzel el is kezd\u0151d\u00f6tt a nagy kaland, a t\u00f6k\u00e9letes Mac \u00fczlet Budapest sz\u00edv\u00e9ben t\u00f6rt\u00e9n\u0151 felkutat\u00e1sa. Nem [&hellip;]<\/p>\n","protected":false},"author":2,"featured_media":0,"comment_status":"","ping_status":"","sticky":false,"template":"","format":"standard","meta":{"footnotes":""},"categories":[5],"tags":[],"class_list":["post-389","post","type-post","status-publish","format-standard","hentry","category-technologia"],"_links":{"self":[{"href":"https:\/\/worldpoint.eu\/hu\/wp-json\/wp\/v2\/posts\/389","targetHints":{"allow":["GET"]}}],"collection":[{"href":"https:\/\/worldpoint.eu\/hu\/wp-json\/wp\/v2\/posts"}],"about":[{"href":"https:\/\/worldpoint.eu\/hu\/wp-json\/wp\/v2\/types\/post"}],"author":[{"embeddable":true,"href":"https:\/\/worldpoint.eu\/hu\/wp-json\/wp\/v2\/users\/2"}],"replies":[{"embeddable":true,"href":"https:\/\/worldpoint.eu\/hu\/wp-json\/wp\/v2\/comments?post=389"}],"version-history":[{"count":0,"href":"https:\/\/worldpoint.eu\/hu\/wp-json\/wp\/v2\/posts\/389\/revisions"}],"wp:attachment":[{"href":"https:\/\/worldpoint.eu\/hu\/wp-json\/wp\/v2\/media?parent=389"}],"wp:term":[{"taxonomy":"category","embeddable":true,"href":"https:\/\/worldpoint.eu\/hu\/wp-json\/wp\/v2\/categories?post=389"},{"taxonomy":"post_tag","embeddable":true,"href":"https:\/\/worldpoint.eu\/hu\/wp-json\/wp\/v2\/tags?post=389"}],"curies":[{"name":"wp","href":"https:\/\/api.w.org\/{rel}","templated":true}]}}