{"id":368,"date":"2025-10-16T09:41:42","date_gmt":"2025-10-16T07:41:42","guid":{"rendered":"https:\/\/worldpoint.eu\/hu\/diva-jelentese\/"},"modified":"2025-10-16T09:41:42","modified_gmt":"2025-10-16T07:41:42","slug":"diva-jelentese","status":"publish","type":"post","link":"https:\/\/worldpoint.eu\/hu\/diva-jelentese\/","title":{"rendered":"A d\u00edva jelent\u00e9se: Mit takar val\u00f3j\u00e1ban a d\u00edva fogalma?"},"content":{"rendered":"<p>Amikor el\u0151sz\u00f6r hallottam a \u201ed\u00edva\u201d sz\u00f3t, bevallom, egy szesz\u00e9lyes, dr\u00e1makir\u00e1lyn\u0151re gondoltam. Egy megk\u00f6zel\u00edthetetlen szt\u00e1r, akinek a legkisebb k\u00e9r\u00e9s\u00e9t is lesni kell. De vajon t\u00e9nyleg ennyi a d\u00edva jelent\u00e9se? Az \u00e9vek sor\u00e1n r\u00e1j\u00f6ttem, hogy ez a k\u00e9p, nos, meglehet\u0151sen felsz\u00ednes. S\u0151t, egyenesen f\u00e9lrevezet\u0151. A d\u00edva fogalma sokkal \u00f6sszetettebb, m\u00e9lyebb \u00e9s inspir\u00e1l\u00f3bb, mint azt a pletykalapok sugallj\u00e1k. A d\u00edva jelent\u00e9se nem csup\u00e1n egy c\u00edmke, hanem egy attit\u0171d, egy \u00e9let\u00e9rz\u00e9s, \u00e9s egy hihetetlen\u00fcl er\u0151s n\u0151i archet\u00edpus. Ebben a cikkben darabokra szedj\u00fck a m\u00edtoszt, \u00e9s megvizsg\u00e1ljuk, mit is takar val\u00f3j\u00e1ban ez a sokat emlegetett kifejez\u00e9s. Mert a val\u00f3di d\u00edva jelent\u00e9se messze t\u00falmutat a sztereot\u00edpi\u00e1kon.<\/p>\n<h2>Bevezet\u00e9s: Ki is az a d\u00edva val\u00f3j\u00e1ban?<\/h2>\n<p>Sz\u00f3val, ki is az a d\u00edva? Egy opera\u00e9nekesn\u0151? Egy hollywoodi sz\u00edn\u00e9szlegenda? Vagy tal\u00e1n a szomsz\u00e9dasszony, aki mindig kifog\u00e1stalanul n\u00e9z ki \u00e9s magabiztosan j\u00e1rja az \u00fatj\u00e1t? A v\u00e1lasz: mindegyik lehet. \u00c9s egyik sem. A helyzet az, hogy a d\u00edva jelent\u00e9se folyamatosan v\u00e1ltozott az id\u0151k sor\u00e1n, \u00e9s ma m\u00e1r egy sokkal sz\u00e9lesebb spektrumot \u00f6lel fel. Nem k\u00f6thet\u0151 egyetlen szakm\u00e1hoz vagy t\u00e1rsadalmi r\u00e9teghez sem. Manaps\u00e1g, amikor a d\u00edva jelent\u00e9se ker\u00fcl sz\u00f3ba, egy olyan n\u0151re gondolunk, aki tehets\u00e9ges, karizmatikus, er\u0151s, \u00e9s nem f\u00e9l ki\u00e1llni \u00f6nmag\u00e1\u00e9rt. Persze, n\u00e9ha t\u00e1rsul hozz\u00e1 egy kis dr\u00e1mai hajlam, de ez gyakran csak a szenved\u00e9ly\u00e9nek mell\u00e9kterm\u00e9ke. Az igazi k\u00e9rd\u00e9s az, hogy mi az a d\u00edva jelent\u00e9se a te \u00e9letedben? Mert a d\u00edva benned is ott \u00e9l.<\/p>\n<h3>A d\u00edva sz\u00f3 eredete \u00e9s t\u00f6rt\u00e9nelmi gy\u00f6kerei<\/h3>\n<p>Miel\u0151tt m\u00e9lyebbre \u00e1sn\u00e1nk, \u00e9rdemes visszamenni a gy\u00f6kerekhez. A \u201ed\u00edva\u201d sz\u00f3 az olasz nyelvb\u0151l sz\u00e1rmazik, \u00e9s sz\u00f3 szerinti jelent\u00e9se \u201eistenn\u0151\u201d. Gondolj csak bele. Istenn\u0151. Ez m\u00e1r \u00f6nmag\u00e1ban is sokat el\u00e1rul. Eredetileg a kiemelked\u0151en tehets\u00e9ges, \u00fcnnepelt opera\u00e9nekesn\u0151kre haszn\u00e1lt\u00e1k a 19. sz\u00e1zad v\u00e9g\u00e9n. \u0150k voltak a sz\u00ednpad istenn\u0151i, akiknek hangja t\u00f6megeket b\u0171v\u00f6lt el. A d\u00edva sz\u00f3 eredete teh\u00e1t a legmagasabb szint\u0171 m\u0171v\u00e9szi tehets\u00e9g elismer\u00e9s\u00e9ben gy\u00f6kerezik. Akkoriban a d\u00edva st\u00e1tusz el\u00e9r\u00e9se a szakma cs\u00facs\u00e1t jelentette. Ezek a n\u0151k nem csup\u00e1n \u00e9nekesek voltak; \u0151k voltak a show, a var\u00e1zslat, az esem\u00e9ny. A teljes\u00edtm\u00e9ny\u00fck transzcendens \u00e9lm\u00e9nyt ny\u00fajtott. A d\u00edva fogalma a m\u0171v\u00e9szetben kezd\u0151d\u00f6tt, \u00e9s ez a m\u0171v\u00e9szi kiv\u00e1l\u00f3s\u00e1g a mai napig a d\u00edva jelent\u00e9se egyik alappill\u00e9re maradt.<\/p>\n<h2>A d\u00edva fogalm\u00e1nak fejl\u0151d\u00e9se a m\u0171v\u00e9szett\u0151l a popkult\u00far\u00e1ig<\/h2>\n<p>Az operah\u00e1zak aranykor\u00e1b\u00f3l a d\u00edva lassan, de biztosan \u00e1tsziv\u00e1rgott a kult\u00fara m\u00e1s ter\u00fcleteire is. A 20. sz\u00e1zad elhozta a mozi t\u00fcnd\u00f6kl\u00e9s\u00e9t, \u00e9s vele egy\u00fctt a filmszt\u00e1rokat, akik a v\u00e1sznon testes\u00edtett\u00e9k meg az \u00faj kor istenn\u0151it. Greta Garbo, Marlene Dietrich, Bette Davis \u2013 \u0151k voltak a mozi els\u0151 d\u00edv\u00e1i. Rejt\u00e9lyesek, er\u0151sek, ut\u00e1nozhatatlan st\u00edlussal rendelkeztek. A d\u00edva jelent\u00e9se ekkor m\u00e1r nemcsak a hangr\u00f3l, hanem a kisug\u00e1rz\u00e1sr\u00f3l, a jelenl\u00e9tr\u0151l \u00e9s a szem\u00e9lyes m\u00e1rk\u00e1r\u00f3l is sz\u00f3lt. Azt\u00e1n j\u00f6tt a zeneipar forradalma, \u00e9s a popd\u00edv\u00e1k korszaka. Madonna, Whitney Houston, Mariah Carey, Beyonc\u00e9. \u0150k \u00fajra\u00e9rtelmezt\u00e9k, hogy mit jelent d\u00edv\u00e1nak lenni a modern vil\u00e1gban. M\u00e1r nem voltak el\u00e9rhetetlen istenn\u0151k, hanem h\u00fas-v\u00e9r n\u0151k, akik a zen\u00e9j\u00fck\u00f6n kereszt\u00fcl besz\u00e9ltek az erej\u00fckr\u0151l, a sebezhet\u0151s\u00e9g\u00fckr\u0151l, a k\u00fczdelmeikr\u0151l \u00e9s a gy\u0151zelmeikr\u0151l. A d\u00edva jelent\u00e9se egyre ink\u00e1bb az \u00f6nazonoss\u00e1ggal \u00e9s a hatalommal forrt \u00f6ssze.<\/p>\n<h3>Az opera d\u00edv\u00e1k \u00f6r\u00f6ks\u00e9ge<\/h3>\n<p>Nem szabad elfelejteni azokat, akik elind\u00edtott\u00e1k az eg\u00e9szet. Az olyan legend\u00e1k, mint Maria Callas, \u00f6r\u00f6kre be\u00edrt\u00e1k magukat a t\u00f6rt\u00e9nelembe. Callas nemcsak a hangj\u00e1val h\u00f3d\u00edtott, hanem a dr\u00e1mai erej\u00e9vel, a teljes \u00e1tl\u00e9nyeg\u00fcl\u00e9s\u00e9vel. \u0150 volt a megtestes\u00fclt szenved\u00e9ly. A sz\u00ednpadon k\u00edv\u00fcl is bonyolult, ellentmond\u00e1sos szem\u00e9lyis\u00e9g volt, ami csak tov\u00e1bb t\u00e1pl\u00e1lta a d\u00edva m\u00edtosz\u00e1t. Az \u0151 \u00f6r\u00f6ks\u00e9g\u00fck mutatja meg, hogy a d\u00edva jelent\u00e9se m\u00e9lyen gy\u00f6kerezik a m\u0171v\u00e9szi elhivatotts\u00e1gban \u00e9s a t\u00f6k\u00e9letess\u00e9gre val\u00f3 t\u00f6rekv\u00e9sben. Ez az \u00f6r\u00f6ks\u00e9g ma is \u00e9l, \u00e9s inspir\u00e1lja a m\u0171v\u00e9szek \u00faj gener\u00e1ci\u00f3it, akik meg\u00e9rtik, hogy a d\u00edva t\u00f6bb mint egy popszt\u00e1r; \u0151 egy ikon.<\/p>\n<h3>A modern d\u00edva archet\u00edpusa: Ikonok \u00e9s inspir\u00e1ci\u00f3k<\/h3>\n<p>\u00c9s kik a mai d\u00edv\u00e1k? A modern d\u00edva defin\u00edci\u00f3ja soksz\u00edn\u0171bb, mint valaha. Lehet egy \u00fczletasszony, aki birodalmat \u00e9p\u00edt (mint Rihanna a Fentyvel), egy aktivista, aki a hangj\u00e1t haszn\u00e1lja a v\u00e1ltoz\u00e1s\u00e9rt (mint Lady Gaga), vagy egy sportol\u00f3, aki led\u00f6nti a korl\u00e1tokat (mint Serena Williams). A k\u00f6z\u00f6s benn\u00fck a megalkuv\u00e1st nem t\u0171r\u0151 \u00f6nbizalom \u00e9s az, hogy a saj\u00e1t szab\u00e1lyaik szerint j\u00e1tszanak. \u0150k azok a <a href=\"https:\/\/worldpoint.eu\/hu\/divat-nagyasszonyok-stilusikonok-oroksege\/\">divat nagyasszonyok \u00e9s st\u00edlusikonok<\/a>, akik nemcsak a tehets\u00e9g\u00fckkel, hanem a szem\u00e9lyis\u00e9g\u00fckkel is hatnak r\u00e1nk. A modern d\u00edva defin\u00edci\u00f3ja szerint egy d\u00edva nem v\u00e1r enged\u00e9lyre, hanem megteremti a saj\u00e1t lehet\u0151s\u00e9geit. A d\u00edva jelent\u00e9se ma m\u00e1r egyet jelent az \u00f6nmegval\u00f3s\u00edt\u00e1ssal \u00e9s az inspir\u00e1ci\u00f3val. \u0150 az, akire feln\u00e9z\u00fcnk, mert mer \u00f6nmaga lenni, hangosan \u00e9s b\u00fcszk\u00e9n.<\/p>\n<h2>A d\u00edva jellemz\u0151i: St\u00edlus, tehets\u00e9g \u00e9s \u00f6nbizalom<\/h2>\n<p>Rendben, de konkr\u00e9tan miben k\u00fcl\u00f6nb\u00f6zik a d\u00edva egy \u00e1tlagembert\u0151l? H\u00e1rom kulcsfontoss\u00e1g\u00fa ter\u00fclet van, ahol a d\u00edva igaz\u00e1n ragyog: a st\u00edlus, a tehets\u00e9g \u00e9s a kikezdhetetlen \u00f6nbizalom. Ez a h\u00e1romsz\u00f6g alkotja a d\u00edva esszenci\u00e1j\u00e1t. Nem el\u00e9g csak egyben j\u00f3nak lenni; az igazi d\u00edva mindh\u00e1rom ter\u00fcleten brill\u00edrozik. A d\u00edva jellegzetes von\u00e1sai ezekb\u0151l a tulajdons\u00e1gokb\u00f3l fakadnak, \u00e9s egy olyan aur\u00e1t teremtenek k\u00f6r\u00e9, ami egyszerre vonz\u00f3 \u00e9s tiszteletet parancsol\u00f3. Ez a komplexit\u00e1s teszi a d\u00edva jelent\u00e9se t\u00e9mak\u00f6r\u00e9t olyan \u00e9rdekess\u00e9.<\/p>\n<h3>A d\u00edva \u00f6lt\u00f6zk\u00f6d\u00e9se \u00e9s megjelen\u00e9se<\/h3>\n<p>Egy d\u00edva soha nem marad \u00e9szrev\u00e9tlen. A st\u00edlusa mer\u00e9sz, tudatos \u00e9s \u00f6nkifejez\u0151. Nem k\u00f6veti a trendeket; dikt\u00e1lja \u0151ket. Minden ruhadarab, minden kieg\u00e9sz\u00edt\u0151 egy \u00e1ll\u00edt\u00e1s. Az \u00f6lt\u00f6zk\u00f6d\u00e9se a szem\u00e9lyis\u00e9g\u00e9nek kiterjeszt\u00e9se, egy eszk\u00f6z, amivel kommunik\u00e1l a vil\u00e1ggal. Gondolj csak Jennifer Lopez ikonikus z\u00f6ld Versace ruh\u00e1j\u00e1ra vagy Cher mer\u00e9sz, \u00e1ttetsz\u0151 szettjeire. Ezek nemcsak ruh\u00e1k, hanem kultur\u00e1lis momentumok. A d\u00edva \u00f6lt\u00f6zk\u00f6d\u00e9si tan\u00e1csok nem a visszafogotts\u00e1gr\u00f3l sz\u00f3lnak. Hanem arr\u00f3l, hogy viseld azt, amiben er\u0151snek \u00e9s gy\u00f6ny\u00f6r\u0171nek \u00e9rzed magad, f\u00fcggetlen\u00fcl att\u00f3l, mit gondolnak m\u00e1sok. Az <a href=\"https:\/\/worldpoint.eu\/hu\/atelier-fontana-a-divat-nagyasszonyai\/\">Atelier Fontana n\u0151v\u00e9rek munk\u00e1ss\u00e1ga<\/a> is j\u00f3l p\u00e9ld\u00e1zza ezt a fajta glam\u00fart, amely a d\u00edva saj\u00e1tja. A d\u00edva st\u00edlus tippek l\u00e9nyege: l\u00e9gy felejthetetlen! A k\u00fcls\u0151 megjelen\u00e9s a teljes d\u00edva jelent\u00e9se csomagnak csak egy r\u00e9sze, de k\u00e9ts\u00e9gtelen\u00fcl egy fontos r\u00e9sze.<\/p>\n<h3>Milyen tulajdons\u00e1gok tesznek valakit d\u00edv\u00e1v\u00e1?<\/h3>\n<p>A ruha alatt azonban ott kell lennie a tartalomnak. A tehets\u00e9g megk\u00e9rd\u0151jelezhetetlen. Legyen sz\u00f3 \u00e9nekl\u00e9sr\u0151l, sz\u00edn\u00e9szetr\u0151l, \u00edr\u00e1sr\u00f3l vagy b\u00e1rmi m\u00e1sr\u00f3l, a d\u00edva a szakter\u00fclet\u00e9nek mestere. Maximalista, aki folyamatosan feszegeti a saj\u00e1t hat\u00e1rait. De a tehets\u00e9g \u00f6nmag\u00e1ban kev\u00e9s. A d\u00edva rendelkezik egyfajta bels\u0151 t\u0171zzel, egy karizm\u00e1val, ami mag\u00e1val ragadja az embereket. Tudja, mit \u00e9r, \u00e9s nem f\u00e9l ezt kimutatni. Ez a magabiztoss\u00e1g nem \u00f6sszet\u00e9vesztend\u0151 az arroganci\u00e1val, b\u00e1r a hat\u00e1r n\u00e9ha v\u00e9kony. A pozit\u00edv d\u00edva tulajdons\u00e1gok k\u00f6z\u00e9 tartozik a c\u00e9ltudatoss\u00e1g, a reziliencia \u00e9s a rendk\u00edv\u00fcli munkab\u00edr\u00e1s. Ez a d\u00edva jelent\u00e9se m\u00f6g\u00f6tt rejl\u0151 hajt\u00f3er\u0151.<\/p>\n<h2>A d\u00edva m\u00edtoszai \u00e9s val\u00f3s\u00e1ga: Pozit\u00edv \u00e9s negat\u00edv asszoci\u00e1ci\u00f3k<\/h2>\n<p>Ahogy m\u00e1r \u00e9rintett\u00fck, a d\u00edva sz\u00f3 nem mindig pozit\u00edv kicseng\u00e9s\u0171. Sokszor negat\u00edv c\u00edmkek\u00e9nt ragasztj\u00e1k r\u00e1 az er\u0151s, hat\u00e1rozott n\u0151kre. Fontos meg\u00e9rteni a d\u00edva sz\u00f3haszn\u00e1lat jelent\u00e9se m\u00f6g\u00f6tti kett\u0151ss\u00e9get, hogy teljes k\u00e9pet kapjunk. A d\u00edva jelent\u00e9se egy \u00e9rme, aminek k\u00e9t oldala van: a csod\u00e1lt istenn\u0151 \u00e9s a rettegett sz\u00f6rnyeteg. A val\u00f3s\u00e1g pedig, mint \u00e1ltal\u00e1ban, valahol a kett\u0151 k\u00f6z\u00f6tt van.<\/p>\n<h3>Amikor a d\u00edva sz\u00f3 kritik\u00e1t hordoz<\/h3>\n<p>L\u00e1ssuk be, hallottunk m\u00e1r r\u00e9mt\u00f6rt\u00e9neteket. A szt\u00e1r, aki irre\u00e1lis k\u00f6vetel\u00e9sekkel \u00e1ll el\u0151 a backstage-ben, a sz\u00edn\u00e9szn\u0151, aki terroriz\u00e1lja a st\u00e1bot. A negat\u00edv d\u00edva jelent\u00e9s ezekb\u0151l a t\u00f6rt\u00e9netekb\u0151l t\u00e1pl\u00e1lkozik. Itt a d\u00edva a szesz\u00e9lyess\u00e9g, az \u00f6nz\u0151s\u00e9g \u00e9s a bek\u00e9pzelts\u00e9g szinonim\u00e1ja. Arra a szem\u00e9lyre mondj\u00e1k, aki a tehets\u00e9g\u00e9t pajzsk\u00e9nt haszn\u00e1lva b\u00e1nik lekezel\u0151en m\u00e1sokkal. Ez az a pont, ahol felmer\u00fcl a k\u00e9rd\u00e9s: mi\u00e9rt mondj\u00e1k valakire hogy d\u00edva ilyen kontextusban? Gyakran az\u00e9rt, mert egy n\u0151, aki tudja, mit akar, \u00e9s nem f\u00e9l k\u00e9rni, m\u00e9g mindig ijeszt\u0151nek vagy \u201eneh\u00e9z esetnek\u201d t\u0171nhet egy patriarch\u00e1lis vil\u00e1gban. N\u00e9ha a kritika jogos, de sokszor csak egy m\u00f3dja annak, hogy elnyomj\u00e1k a sikeres n\u0151ket. A d\u00edva viselked\u00e9sform\u00e1k elemz\u00e9se sor\u00e1n fontos k\u00fcl\u00f6nbs\u00e9get tenni a jogos elv\u00e1r\u00e1sok \u00e9s a puszta hiszti k\u00f6z\u00f6tt.<\/p>\n<h3>Az \u00f6n\u00e1ll\u00f3, er\u0151s n\u0151 megtestes\u00edt\u0151je<\/h3>\n<p>\u00c9s itt j\u00f6n a k\u00e9pbe az \u00e9rme m\u00e1sik oldala. Az \u00f6n\u00e1ll\u00f3, er\u0151s n\u0151, aki nem k\u00e9r bocs\u00e1natot a l\u00e9tez\u00e9s\u00e9\u00e9rt. A pozit\u00edv d\u00edva tulajdons\u00e1gok list\u00e1ja hossz\u00fa: f\u00fcggetlens\u00e9g, intelligencia, szenved\u00e9ly, lojalit\u00e1s. \u0150 az, aki megk\u00fczd\u00f6tt a siker\u00e9rt, \u00e9s pontosan tudja, mennyi munka van benne. Ez a d\u00edva inspir\u00e1l. Megmutatja, hogy egy n\u0151 lehet egyszerre sikeres, gy\u00f6ny\u00f6r\u0171 \u00e9s ir\u00e1ny\u00edt\u00f3. A d\u00edva szerepe a kult\u00far\u00e1ban \u00e9ppen ez\u00e9rt kulcsfontoss\u00e1g\u00fa: p\u00e9ldak\u00e9peket ad a fiatal l\u00e1nyoknak, akik l\u00e1tj\u00e1k, hogy nem kell csendben maradniuk \u00e9s megfelelni\u00fck az elv\u00e1r\u00e1soknak. A d\u00edva jelent\u00e9se ebben az \u00e9rtelemben a n\u0151i er\u0151 \u00fcnnepl\u00e9se. A teljesebb d\u00edva jelent\u00e9se mag\u00e1ban foglalja ezt a feminista vonalat is.<\/p>\n<h2>Hogyan \u00e9lj\u00fcnk d\u00edva \u00e9letet an\u00e9lk\u00fcl, hogy bek\u00e9pzeltek lenn\u00e9nk?<\/h2>\n<p>Ok\u00e9, teh\u00e1t szeretn\u00e9nk a pozit\u00edv d\u00edva \u00fatj\u00e1t j\u00e1rni. De hogyan? Hogyan legyek igazi d\u00edva a mindennapokban, an\u00e9lk\u00fcl, hogy elviselhetetlen persz\u00f3n\u00e1v\u00e1 v\u00e1ln\u00e9k? A kulcs az egyens\u00falyban rejlik. Az \u00f6nbizalom \u00e9s az al\u00e1zat, a magabiztoss\u00e1g \u00e9s az emp\u00e1tia k\u00f6z\u00f6tti egyens\u00falyban. A d\u00edva \u00e9letm\u00f3d mit takar val\u00f3j\u00e1ban? Nem a luxust \u00e9s a csillog\u00e1st, hanem a tudatos \u00e9letvezet\u00e9st.<\/p>\n<h3>\u00d6nbizalom\u00e9p\u00edt\u00e9s \u00e9s \u00f6nkifejez\u00e9s<\/h3>\n<p>Az els\u0151 \u00e9s legfontosabb l\u00e9p\u00e9s az \u00f6nbizalom. Ismerd meg az er\u0151ss\u00e9geidet \u00e9s a gyenges\u00e9geidet. T\u0171zz ki c\u00e9lokat, \u00e9s dolgozz \u00e9rt\u00fck kem\u00e9nyen. \u00dcnnepeld meg a sikereidet, m\u00e9g a legkisebbeket is. Az \u00f6nkifejez\u00e9s a m\u00e1sodik l\u00e9p\u00e9s. Tal\u00e1ld meg a saj\u00e1t hangodat \u00e9s st\u00edlusodat. Mit szeretn\u00e9l kommunik\u00e1lni a vil\u00e1gnak? \u00d6lt\u00f6zk\u00f6dj \u00fagy, ahogy neked tetszik, mondd el a v\u00e9lem\u00e9nyedet tisztelettud\u00f3an, de hat\u00e1rozottan. Ne f\u00e9lj kil\u00f3gni a sorb\u00f3l. A d\u00edva jelent\u00e9se nem a t\u00f6k\u00e9letess\u00e9gr\u0151l sz\u00f3l, hanem az autentikuss\u00e1gr\u00f3l. Hogyan viselkedik egy d\u00edva? \u00d6nazonosan. Ez a legfontosabb.<\/p>\n<h3>A bels\u0151 d\u00edva felfedez\u00e9se<\/h3>\n<p>Mindenkiben ott rejt\u0151zik egy d\u00edva. Igen, benned is. Lehet, hogy csendes, lehet, hogy m\u00e9g alszik, de ott van. A felfedez\u00e9s\u00e9hez \u00f6nreflexi\u00f3ra van sz\u00fcks\u00e9g. Mi az, amiben igaz\u00e1n j\u00f3 vagy? Mi az, ami\u00e9rt szenved\u00e9lyesen rajongsz? Mikor \u00e9rzed magad a leger\u0151sebbnek? Tedd fel magadnak ezeket a k\u00e9rd\u00e9seket. T\u00f6lts id\u0151t magaddal, k\u00e9nyeztesd magad. Olvass, tanulj, fejl\u0151dj. A bels\u0151 d\u00edva nem egy k\u00fcls\u0151 m\u00e1z, hanem a legbels\u0151bb \u00e9ned magabiztos kisug\u00e1rz\u00e1sa. Ahogy egyre jobban megismered \u00e9s elfogadod \u00f6nmagad, a bels\u0151 d\u00edva term\u00e9szetesen fog el\u0151bukkanni. A d\u00edva jelent\u00e9se ezen a ponton v\u00e1lik szem\u00e9lyess\u00e9 \u00e9s k\u00e9zzelfoghat\u00f3v\u00e1.<\/p>\n<h2>D\u00edva a mindennapokban: Inspir\u00e1ci\u00f3 \u00e9s \u00f6nazonos \u00e9let<\/h2>\n<p>Nem kell v\u00f6r\u00f6s sz\u0151nyeg ahhoz, hogy d\u00edvak\u00e9nt \u00e9lj. A d\u00edva attit\u0171d a mindennapi apr\u00f3s\u00e1gokban is megnyilv\u00e1nulhat. Amikor nemet mondasz valamire, ami nem szolg\u00e1l t\u00e9ged. Amikor ki\u00e1llsz egy koll\u00e9g\u00e1d mellett. Amikor b\u00fcszk\u00e9n viseled a kedvenc r\u00fazsodat egy sz\u00fcrke keddi napon. A diva inspir\u00e1ci\u00f3 a mindennapokban azt jelenti, hogy minden napot megpr\u00f3b\u00e1lsz egy kicsit k\u00fcl\u00f6nlegesebb\u00e9 tenni. Hogy m\u00e9lt\u00f3s\u00e1ggal \u00e9s humorral kezeled a kih\u00edv\u00e1sokat. A <a href=\"https:\/\/worldpoint.eu\/hu\/diva-eletmod-angyali-inspiraciok\/\">d\u00edva \u00e9letm\u00f3d angyali inspir\u00e1ci\u00f3kat<\/a> mer\u00edt a h\u00e9tk\u00f6znapokb\u00f3l, \u00e9s a legapr\u00f3bb cselekedeteket is megt\u00f6lti jelent\u00e9ssel. A l\u00e9nyeg, hogy te legy\u00e9l a saj\u00e1t \u00e9leted f\u0151szerepl\u0151je, ne csak egy statiszta. A d\u00edva jelent\u00e9se a te \u00e9letedben az, ahogyan meg\u00e9led a napjaidat. Mi az a d\u00edva jelent\u00e9se, ha nem az, hogy minden napot a lehet\u0151 legteljesebben \u00e9l\u00fcnk meg?<\/p>\n<h2>\u00d6sszegz\u00e9s: A d\u00edva jelent\u00e9se napjainkban<\/h2>\n<p>\u00d6sszefoglalva, a d\u00edva jelent\u00e9se elk\u00e9peszt\u0151 utat j\u00e1rt be az olasz operah\u00e1zakt\u00f3l napjaink digit\u00e1lis vil\u00e1g\u00e1ig. M\u00e1r r\u00e9g nem csup\u00e1n egy tehets\u00e9ges \u00e9nekesn\u0151t jelent. A mai d\u00edva egy komplex, sokr\u00e9t\u0171 figura: er\u0151s, tehets\u00e9ges, magabiztos, st\u00edlusos \u00e9s \u00f6nazonos. Lehet, hogy n\u00e9ha megoszt\u00f3, de mindig hat\u00e1ssal van a k\u00f6rnyezet\u00e9re. A d\u00edva sz\u00f3 negat\u00edv konnot\u00e1ci\u00f3i lassan elhalv\u00e1nyulnak, \u00e9s egyre ink\u00e1bb a n\u0151i er\u0151 \u00e9s az \u00f6nmegval\u00f3s\u00edt\u00e1s szimb\u00f3lum\u00e1v\u00e1 v\u00e1lik. A d\u00edva szinonim\u00e1i magyarul lehetn\u00e9nek: ikon, p\u00e9ldak\u00e9p, \u00fatt\u00f6r\u0151. A v\u00e9gs\u0151 d\u00edva jelent\u00e9se tal\u00e1n az, hogy merj\u00fcnk istenn\u0151k\u00e9nt tekinteni magunkra, \u00e9s eszerint \u00e9lni az \u00e9let\u00fcnket. Merj\u00fcnk ragyogni. Sz\u00f3val, a k\u00e9rd\u00e9s m\u00e1r nem az, hogy mi a d\u00edva jelent\u00e9se, hanem az, hogy te hogyan fogod meg\u00e9lni a benned rejl\u0151 d\u00edv\u00e1t. A v\u00e1lasz csakis rajtad m\u00falik. A hogyan legyek igazi d\u00edva k\u00e9rd\u00e9sre a v\u00e1lasz egyszer\u0171: l\u00e9gy \u00f6nmagad, kompromisszumok n\u00e9lk\u00fcl. Ez a modern d\u00edva jelent\u00e9se.<\/p>\n","protected":false},"excerpt":{"rendered":"<p>Amikor el\u0151sz\u00f6r hallottam a \u201ed\u00edva\u201d sz\u00f3t, bevallom, egy szesz\u00e9lyes, dr\u00e1makir\u00e1lyn\u0151re gondoltam. Egy megk\u00f6zel\u00edthetetlen szt\u00e1r, akinek a legkisebb k\u00e9r\u00e9s\u00e9t is lesni kell. De vajon t\u00e9nyleg ennyi a d\u00edva jelent\u00e9se? Az \u00e9vek sor\u00e1n r\u00e1j\u00f6ttem, hogy ez a k\u00e9p, nos, meglehet\u0151sen felsz\u00ednes. S\u0151t, egyenesen f\u00e9lrevezet\u0151. A d\u00edva fogalma sokkal \u00f6sszetettebb, m\u00e9lyebb \u00e9s inspir\u00e1l\u00f3bb, mint azt a pletykalapok sugallj\u00e1k. [&hellip;]<\/p>\n","protected":false},"author":2,"featured_media":0,"comment_status":"","ping_status":"","sticky":false,"template":"","format":"standard","meta":{"footnotes":""},"categories":[1],"tags":[],"class_list":["post-368","post","type-post","status-publish","format-standard","hentry","category-uzlet"],"_links":{"self":[{"href":"https:\/\/worldpoint.eu\/hu\/wp-json\/wp\/v2\/posts\/368","targetHints":{"allow":["GET"]}}],"collection":[{"href":"https:\/\/worldpoint.eu\/hu\/wp-json\/wp\/v2\/posts"}],"about":[{"href":"https:\/\/worldpoint.eu\/hu\/wp-json\/wp\/v2\/types\/post"}],"author":[{"embeddable":true,"href":"https:\/\/worldpoint.eu\/hu\/wp-json\/wp\/v2\/users\/2"}],"replies":[{"embeddable":true,"href":"https:\/\/worldpoint.eu\/hu\/wp-json\/wp\/v2\/comments?post=368"}],"version-history":[{"count":0,"href":"https:\/\/worldpoint.eu\/hu\/wp-json\/wp\/v2\/posts\/368\/revisions"}],"wp:attachment":[{"href":"https:\/\/worldpoint.eu\/hu\/wp-json\/wp\/v2\/media?parent=368"}],"wp:term":[{"taxonomy":"category","embeddable":true,"href":"https:\/\/worldpoint.eu\/hu\/wp-json\/wp\/v2\/categories?post=368"},{"taxonomy":"post_tag","embeddable":true,"href":"https:\/\/worldpoint.eu\/hu\/wp-json\/wp\/v2\/tags?post=368"}],"curies":[{"name":"wp","href":"https:\/\/api.w.org\/{rel}","templated":true}]}}