{"id":363,"date":"2025-10-16T09:18:20","date_gmt":"2025-10-16T07:18:20","guid":{"rendered":"https:\/\/worldpoint.eu\/hu\/ferfi-szakall-divat\/"},"modified":"2025-10-16T09:18:20","modified_gmt":"2025-10-16T07:18:20","slug":"ferfi-szakall-divat","status":"publish","type":"post","link":"https:\/\/worldpoint.eu\/hu\/ferfi-szakall-divat\/","title":{"rendered":"F\u00e9rfi Szak\u00e1ll Divat \u00datmutat\u00f3 A T\u00f6k\u00e9letes Megjelen\u00e9shez"},"content":{"rendered":"<p>A szak\u00e1ll nem csup\u00e1n arcsz\u0151rzet. \u00c1, dehogy. Sokkal t\u00f6bb ann\u00e1l: egy nyilatkozat, egyfajta \u00f6nkifejez\u00e9s, a st\u00edlus esszenci\u00e1ja. A f\u00e9rfi szak\u00e1ll divat folyamatosan v\u00e1ltozik, m\u00e9gis van benne valami \u0151si \u00e9s \u00e1lland\u00f3. Eml\u00e9kszem, tin\u00e9dzserk\u00e9nt az els\u0151 borost\u00e1mra \u00fagy vigy\u00e1ztam, mint a szemem f\u00e9ny\u00e9re, persze katasztrof\u00e1lis eredm\u00e9nnyel. Ma m\u00e1r tudom, hogy egy j\u00f3l \u00e1polt szak\u00e1ll m\u00f6g\u00f6tt tudatoss\u00e1g \u00e9s odafigyel\u00e9s rejlik. Ez nem csak arr\u00f3l sz\u00f3l, hogy nem borotv\u00e1lkozol. Ez egy d\u00f6nt\u00e9s. Egy \u00e9let\u00e9rz\u00e9s. A f\u00e9rfi szak\u00e1ll divat \u00e9ppen ez\u00e9rt izgalmas ter\u00fclet, mert egyszerre sz\u00f3l a leg\u00fajabb trendekr\u0151l \u00e9s egy id\u0151tlen, maszkulin hagyom\u00e1nyr\u00f3l. Ebben a cikkben m\u00e9ly\u00e9re \u00e1sunk a t\u00e9m\u00e1nak, a t\u00f6rt\u00e9nelemt\u0151l az \u00e1pol\u00e1si tippeken \u00e1t a legmen\u0151bb st\u00edlusokig.<\/p>\n<h2>A f\u00e9rfi szak\u00e1ll divat id\u0151tlen vonzereje \u00e9s evol\u00faci\u00f3ja<\/h2>\n<p>A szak\u00e1ll v\u00e9gigk\u00eds\u00e9rte az emberis\u00e9g t\u00f6rt\u00e9nelm\u00e9t, hol a b\u00f6lcsess\u00e9g, hol a hatalom, hol pedig a l\u00e1zad\u00e1s szimb\u00f3lumak\u00e9nt. Gondoljunk csak az \u00f3kori g\u00f6r\u00f6g filoz\u00f3fusokra vagy a f\u00e9lelmetes viking harcosokra. Mindegyik\u00fckh\u00f6z hozz\u00e1tartozott a karakteres arcsz\u0151rzet.<\/p>\n<h3>A szak\u00e1ll t\u00f6rt\u00e9nelmi jelent\u0151s\u00e9ge \u00e9s modern renesz\u00e1nsza<\/h3>\n<p>Az \u00e9vsz\u00e1zadok sor\u00e1n a f\u00e9rfi szak\u00e1ll divat hull\u00e1mzott. Volt, amikor a csupasz arc volt az etalon, m\u00e1skor pedig elk\u00e9pzelhetetlen volt egy \u00fariember szak\u00e1ll n\u00e9lk\u00fcl. A huszadik sz\u00e1zad nagy r\u00e9sz\u00e9ben a sim\u00e1ra borotv\u00e1lt arc domin\u00e1lt, k\u00fcl\u00f6n\u00f6sen a v\u00e1llalati vil\u00e1gban. Azt\u00e1n j\u00f6tt az \u00faj \u00e9vezred, \u00e9s vele egy\u00fctt a szak\u00e1ll renesz\u00e1nsza. Hirtelen mindenki szak\u00e1llt akart. Hipsterek, \u00fczletemberek, m\u0171v\u00e9szek. Mi\u00e9rt? Mert a szak\u00e1ll \u00fajra a f\u00e9rfiass\u00e1g \u00e9s az egy\u00e9nis\u00e9g kifejez\u0151eszk\u00f6z\u00e9v\u00e9 v\u00e1lt.<\/p>\n<h3>Mi\u00e9rt v\u00e1lt ism\u00e9t a szak\u00e1ll a f\u00e9rfias st\u00edlus szimb\u00f3lum\u00e1v\u00e1?<\/h3>\n<p>A v\u00e1lasz \u00f6sszetett. Egyr\u00e9szt l\u00e1zad\u00e1s a \u201ecorporate\u201d uniformiz\u00e1l\u00f3d\u00e1s ellen. M\u00e1sr\u00e9szt a term\u00e9szetess\u00e9ghez, a gy\u00f6kerekhez val\u00f3 visszat\u00e9r\u00e9s. Egy j\u00f3l megv\u00e1lasztott szak\u00e1ll er\u0151t, magabiztoss\u00e1got sug\u00e1roz. Persze, a divatipar is r\u00e1\u00e9rzett a dolog \u00edz\u00e9re, \u00e9s el\u00e1rasztott\u00e1k a piacot a jobbn\u00e1l jobb \u00e1pol\u00e1si term\u00e9kek. A mai f\u00e9rfi szak\u00e1ll divat m\u00e1r nem a v\u00e9letlenr\u0151l sz\u00f3l, hanem a tudatos st\u00edlusteremt\u00e9sr\u0151l, ami t\u00f6k\u00e9letesen illeszkedik a naprak\u00e9sz <a href=\"https:\/\/worldpoint.eu\/hu\/aktualis-divattrendek-stilus-utmutato\/\">aktu\u00e1lis divattrendek st\u00edlus \u00fatmutat\u00f3<\/a> alapelveihez.<\/p>\n<h2>A legn\u00e9pszer\u0171bb szak\u00e1llst\u00edlusok \u00e9s hogyan v\u00e1laszd ki a hozz\u00e1d ill\u0151t<\/h2>\n<p>Na, ez az igazi kih\u00edv\u00e1s. Annyi st\u00edlus l\u00e9tezik, hogy az ember k\u00f6nnyen elveszik a lehet\u0151s\u00e9gek tenger\u00e9ben. A legfontosabb, hogy olyat v\u00e1lassz, ami illik az arcform\u00e1dhoz \u00e9s a szem\u00e9lyis\u00e9gedhez. Ne csak a trendeket k\u00f6vesd vakon!<\/p>\n<h3>Klasszikus \u00e9s modern szak\u00e1llt\u00edpusok bemutat\u00e1sa<\/h3>\n<p>L\u00e1ssuk a legn\u00e9pszer\u0171bb versenyz\u0151ket. Mindegyiknek megvan a maga karaktere, \u00e9s mindegyik m\u00e1sfajta t\u00f6r\u0151d\u00e9st ig\u00e9nyel. A modern f\u00e9rfi szak\u00e1ll divat szerencs\u00e9re rendk\u00edv\u00fcl megenged\u0151.<\/p>\n<h4>Teljes szak\u00e1ll: A f\u00e9rfiass\u00e1g ikonja<\/h4>\n<p>A klasszikus, teljes szak\u00e1ll a f\u00e9rfiass\u00e1g szimb\u00f3luma. Leny\u0171g\u00f6z\u0151 tud lenni, de rengeteg gondoz\u00e1st ig\u00e9nyel. A t\u00fcrelem itt kulcsfontoss\u00e1g\u00fa. A <b>teljes szak\u00e1ll n\u00f6veszt\u00e9s l\u00e9p\u00e9sr\u0151l l\u00e9p\u00e9sre<\/b> egy maraton, nem egy sprint. Odafigyel\u00e9s n\u00e9lk\u00fcl k\u00f6nnyen elvadulhat. Rendszeres trimmel\u00e9st, olajoz\u00e1st \u00e9s form\u00e1z\u00e1st ig\u00e9nyel, hogy a legjobb form\u00e1j\u00e1t hozza.<\/p>\n<h4>R\u00f6vid szak\u00e1ll \u00e9s borosta: Az eleg\u00e1ns lazas\u00e1g<\/h4>\n<p>A borosta vagy a r\u00f6vidre v\u00e1gott szak\u00e1ll a &#8220;j\u00f3l \u00e1polt, de nem t\u00faltolt&#8221; kateg\u00f3ria gy\u0151ztese. Eleg\u00e1ns, sokoldal\u00fa, \u00e9s szinte mindenkinek j\u00f3l \u00e1ll. A <b>r\u00f6vid szak\u00e1ll v\u00e1g\u00e1sa h\u00e1zilag<\/b> sem \u00f6rd\u00f6ng\u00f6ss\u00e9g egy j\u00f3 min\u0151s\u00e9g\u0171 szak\u00e1llv\u00e1g\u00f3val. Ez a st\u00edlus t\u00f6k\u00e9letes v\u00e1laszt\u00e1s, ha egy professzion\u00e1lis, m\u00e9gis modern megjelen\u00e9sre v\u00e1gysz.<\/p>\n<h4>Kecskeszak\u00e1ll \u00e9s Van Dyke: A karakteres v\u00e1laszt\u00e1s<\/h4>\n<p>Ezek a st\u00edlusok m\u00e1r mer\u00e9szebb v\u00e1laszt\u00e1snak sz\u00e1m\u00edtanak. A kecskeszak\u00e1ll \u00e9s a Van Dyke (bajusz \u00e9s kecskesak\u00e1ll kombin\u00e1ci\u00f3ja, az \u00e1ll t\u00f6bbi r\u00e9sze borotv\u00e1lva) mark\u00e1ns, karakteres megjelen\u00e9st k\u00f6lcs\u00f6n\u00f6z. A <b>kecskeszak\u00e1ll st\u00edlus form\u00e1z\u00e1sa<\/b> precizit\u00e1st ig\u00e9nyel, a vonalaknak \u00e9lesnek \u00e9s tiszt\u00e1nak kell lenni\u00fck.<\/p>\n<h4>Bajusz: A st\u00edlusos kieg\u00e9sz\u00edt\u0151<\/h4>\n<p>A bajusz renesz\u00e1nsz\u00e1t \u00e9li! R\u00e9gen r\u00e9gim\u00f3dinak tartott\u00e1k, ma viszont a kifinomult st\u00edlus egyik legmen\u0151bb kieg\u00e9sz\u00edt\u0151je lehet. A <b>bajusz \u00e1pol\u00e1s \u00e9s form\u00e1z\u00e1s tr\u00fckk\u00f6k<\/b> ismerete elengedhetetlen, ha egy igaz\u00e1n eleg\u00e1ns, p\u00f6dr\u00f6tt bajuszt szeretn\u00e9l. Ez a kieg\u00e9sz\u00edt\u0151 egy igazi statement darab lehet.<\/p>\n<h3>Arcforma \u00e9s szak\u00e1llst\u00edlus: Tal\u00e1ld meg a t\u00f6k\u00e9letes harm\u00f3ni\u00e1t<\/h3>\n<p>Ez a legfontosabb szab\u00e1ly. A c\u00e9l, hogy a szak\u00e1lladdal az ov\u00e1lis arcforma ill\u00fazi\u00f3j\u00e1t keltsd. A k\u00e9rd\u00e9s, hogy <b>milyen szak\u00e1ll st\u00edlus illik arcform\u00e1mhoz<\/b>, minden szak\u00e1llra v\u00e1gy\u00f3 f\u00e9rfit foglalkoztat. Egy kerek archoz p\u00e9ld\u00e1ul egy hosszabb, az \u00e1ll vonal\u00e1t ny\u00fajt\u00f3 szak\u00e1ll illik, m\u00edg egy sz\u00f6gletes archoz a l\u00e1gyabb, r\u00f6videbb form\u00e1k passzolnak. A harm\u00f3nia a l\u00e9nyeg, \u00e9s ez nemcsak a szak\u00e1llra, de p\u00e9ld\u00e1ul a szem\u00fcvegre is igaz; a <a href=\"https:\/\/worldpoint.eu\/hu\/ferfi-szemuveg-divat-stilus-utmutato\/\">f\u00e9rfi szem\u00fcveg divat st\u00edlus \u00fatmutat\u00f3<\/a> is hasonl\u00f3 elveken alapul.<\/p>\n<h2>A hib\u00e1tlan szak\u00e1ll titka: \u00c1pol\u00e1s \u00e9s karbantart\u00e1s<\/h2>\n<p>Megvan a st\u00edlus? Szuper. Most j\u00f6n a munka. A f\u00e9rfi szak\u00e1ll divat nem \u00e1ll meg a n\u00f6veszt\u00e9sn\u00e9l. S\u0151t, ott kezd\u0151dik igaz\u00e1n. Egy \u00e1polatlan szak\u00e1ll senkinek sem vonz\u00f3. Senkinek.<\/p>\n<h3>Alapvet\u0151 szak\u00e1ll\u00e1pol\u00e1si rutinok l\u00e9p\u00e9sr\u0151l l\u00e9p\u00e9sre<\/h3>\n<p>A napi rutin egyszer\u0171: mos\u00e1s, sz\u00e1r\u00edt\u00e1s, olajoz\u00e1s\/balzsamoz\u00e1s, f\u00e9s\u00fcl\u00e9s. Ennyi. De ezt minden \u00e1ldott nap meg kell csin\u00e1lni. A <b>szak\u00e1ll \u00e1pol\u00e1sa otthoni tippek kezd\u0151knek<\/b> pont err\u0151l sz\u00f3l: a k\u00f6vetkezetess\u00e9gr\u0151l. Ez olyan, mint a fogmos\u00e1s. Nem hagyod ki, igaz?<\/p>\n<h4>Tiszt\u00edt\u00e1s \u00e9s hidrat\u00e1l\u00e1s: A szak\u00e1ll eg\u00e9szs\u00e9g\u00e9nek alapja<\/h4>\n<p>Soha ne haszn\u00e1lj sima sampont a szak\u00e1lladra! Na ne m\u00e1r. A hajsamponok t\u00fal er\u0151sek, kisz\u00e1r\u00edtj\u00e1k az arcb\u0151r\u00f6det, ami viszket\u00e9shez \u00e9s korp\u00e1sod\u00e1shoz vezet. Haszn\u00e1lj speci\u00e1lis szak\u00e1llsampont, ami gyeng\u00e9d \u00e9s hidrat\u00e1l. A megfelel\u0151 tiszt\u00edt\u00e1s a kulcsa mindennek, ez a f\u00e9rfi szak\u00e1ll divat alapk\u00f6ve.<\/p>\n<h4>Szak\u00e1llolajok, balzsamok \u00e9s waxok: Melyik mire val\u00f3?<\/h4>\n<p>Ez egy eg\u00e9sz univerzum. Az olajok hidrat\u00e1lj\u00e1k a b\u0151rt \u00e9s a sz\u0151rt, megel\u0151zve a viszket\u00e9st. A <b>szak\u00e1ll olaj haszn\u00e1lata helyesen<\/b> azt jelenti, hogy eg\u00e9szen a b\u0151rig bemassz\u00edrozod. A balzsamok s\u0171r\u0171bbek, t\u00e1pl\u00e1lnak \u00e9s enyhe tart\u00e1st adnak. A waxok pedig a form\u00e1z\u00e1s bajnokai, k\u00fcl\u00f6n\u00f6sen a hosszabb szak\u00e1llak \u00e9s bajuszok eset\u00e9ben. A min\u0151s\u00e9gi term\u00e9kek, hasonl\u00f3an a <a href=\"https:\/\/worldpoint.eu\/hu\/francia-szepsegapolasi-tippek\/\">francia sz\u00e9ps\u00e9g\u00e1pol\u00e1si tippek<\/a> sor\u00e1n aj\u00e1nlott k\u00e9sz\u00edtm\u00e9nyekhez, term\u00e9szetes \u00f6sszetev\u0151kb\u0151l \u00e1llnak.<\/p>\n<h4>Trimmel\u00e9s \u00e9s form\u00e1z\u00e1s: A prec\u00edz megjelen\u00e9s\u00e9rt<\/h4>\n<p>Egy j\u00f3 szak\u00e1llv\u00e1g\u00f3 g\u00e9p elengedhetetlen. Hetente legal\u00e1bb egyszer \u00e9rdemes form\u00e1ra igaz\u00edtani a szak\u00e1llt, elt\u00e1vol\u00edtani a k\u00f3sza sz\u00e1lakat \u00e9s \u00e9lesen tartani a kont\u00farokat a nyakon \u00e9s az arcon. A prec\u00edz megjelen\u00e9s a gondozotts\u00e1g jele, ami a f\u00e9rfi szak\u00e1ll divat alf\u00e1ja \u00e9s omeg\u00e1ja.<\/p>\n<h2>A szak\u00e1lln\u00f6veszt\u00e9s kih\u00edv\u00e1sai \u00e9s megold\u00e1sai<\/h2>\n<p>A szak\u00e1lln\u00f6veszt\u00e9s nem mindig fen\u00e9kig tejfel. Viszket\u00e9s, foltosod\u00e1s, lass\u00fa n\u00f6veked\u00e9s. Ismer\u0151s? A legt\u00f6bben feladj\u00e1k az els\u0151 hetekben. Pedig a megold\u00e1s gyakran egyszer\u0171bb, mint gondoln\u00e1nk. Sokan teszik fel a k\u00e9rd\u00e9st, <b>hogyan n\u00f6veszt\u00fcnk szak\u00e1llat gyorsabban<\/b>, de a t\u00fcrelem a legfontosabb &#8220;gyors\u00edt\u00f3&#8221;.<\/p>\n<p>A viszket\u00e9s az els\u0151 f\u00e1zisban norm\u00e1lis, a b\u0151r\u00f6d szokja az \u00faj helyzetet. A szak\u00e1llolaj seg\u00edt enyh\u00edteni. A foltos n\u00f6veked\u00e9s genetika, de egy j\u00f3 borb\u00e9ly tud olyan form\u00e1t v\u00e1gni, ami optikailag elfedi a hi\u00e1nyoss\u00e1gokat. A <b>szak\u00e1ll viszket\u00e9s ellen h\u00e1zilag<\/b> is sokat tehetsz rendszeres hidrat\u00e1l\u00e1ssal.<\/p>\n<h2>Szak\u00e1ll divat \u00e9s szem\u00e9lyes st\u00edlus: T\u00f6bb mint sz\u0151r az arcon<\/h2>\n<p>A szak\u00e1llad a szem\u00e9lyes m\u00e1rk\u00e1d r\u00e9sze. Egy kieg\u00e9sz\u00edt\u0151, ami meghat\u00e1rozza a megjelen\u00e9sedet. A f\u00e9rfi szak\u00e1ll divat arr\u00f3l sz\u00f3l, hogyan integr\u00e1lod ezt a kieg\u00e9sz\u00edt\u0151t a teljes outfitedbe.<\/p>\n<h3>A szak\u00e1ll mint \u00f6nkifejez\u00e9s \u00e9s divatkieg\u00e9sz\u00edt\u0151<\/h3>\n<p>A szak\u00e1llad kommunik\u00e1l. Egy rendezett, r\u00f6vid szak\u00e1ll professzionalizmust sugall, m\u00edg egy vadabb, hosszabb szak\u00e1ll kreativit\u00e1st \u00e9s szabads\u00e1got. Gondold \u00e1t, mit szeretn\u00e9l \u00fczenni a vil\u00e1gnak. A f\u00e9rfi szak\u00e1ll divat egy eszk\u00f6z a kezedben.<\/p>\n<h3>Hogyan illeszkedik a szak\u00e1ll a k\u00fcl\u00f6nb\u00f6z\u0151 \u00f6lt\u00f6zk\u00f6d\u00e9si st\u00edlusokhoz?<\/h3>\n<p>T\u00f6k\u00e9letesen. Egy \u00e9lesre v\u00e1gott borosta remek\u00fcl mutat egy \u00f6lt\u00f6nnyel, ahogy a <b>szak\u00e1ll visel\u00e9se \u00fczleti k\u00f6rnyezetben<\/b> ma m\u00e1r teljesen elfogadott. Egy teljes szak\u00e1ll passzol a lezser, &#8220;fav\u00e1g\u00f3&#8221; st\u00edlushoz, de ak\u00e1r egy eleg\u00e1nsabb, boh\u00e9m szetthez is. A l\u00e9nyeg a harm\u00f3nia. A <b>szak\u00e1ll \u00e9s haj st\u00edlus kombin\u00e1ci\u00f3k<\/b> ter\u00e9n is \u00e9rdemes k\u00eds\u00e9rletezni; egy men\u0151 frizura, mint amilyeneket a <a href=\"https:\/\/worldpoint.eu\/hu\/haj-divat-trendek-2\/\">haj divat trendek<\/a> k\u00f6z\u00f6tt tal\u00e1lsz, csod\u00e1kra k\u00e9pes. Az eg\u00e9sz megjelen\u00e9sednek \u00f6sszhangban kell lennie, ahogy a <a href=\"https:\/\/worldpoint.eu\/hu\/ferfi-divat-trendek-stilus-utmutato\/\">f\u00e9rfi divat trendek st\u00edlus \u00fatmutat\u00f3<\/a> is hangs\u00falyozza.<\/p>\n<h2>Gyakori t\u00e9vhitek \u00e9s tippek a szak\u00e1llvisel\u00e9shez<\/h2>\n<p>A szak\u00e1ll k\u00f6r\u00fcl rengeteg a t\u00e9vhit. Ideje eloszlatni n\u00e9h\u00e1nyat.<\/p>\n<h3>Szak\u00e1lln\u00f6veszt\u00e9si m\u00edtoszok leleplez\u00e9se<\/h3>\n<p>Nem, a gyakori borotv\u00e1lkoz\u00e1st\u00f3l nem lesz s\u0171r\u0171bb a szak\u00e1llad. Ez a legnagyobb t\u00e9vhit. A n\u00f6veked\u00e9s \u00fcteme \u00e9s s\u0171r\u0171s\u00e9ge 99%-ban genetika. Fejben d\u0151l el. A <b>szak\u00e1ll n\u00f6veszt\u00e9s nincsenek foltok<\/b> el\u00e9r\u00e9se ink\u00e1bb a megfelel\u0151 fazon kiv\u00e1laszt\u00e1s\u00e1n m\u00falik, nem csodaszereken. A f\u00e9rfi szak\u00e1ll divat a val\u00f3s\u00e1g elfogad\u00e1s\u00e1r\u00f3l is sz\u00f3l.<\/p>\n<h3>Pro tippek a szak\u00e1llas f\u00e9rfiaknak<\/h3>\n<p>F\u00e9s\u00fcld rendszeresen! Ez serkenti a kering\u00e9st \u00e9s seg\u00edt a form\u00e1z\u00e1sban. \u00c9tkez\u00e9s ut\u00e1n mindig ellen\u0151rizd a t\u00fck\u00f6rben. Igen, a morzs\u00e1k megb\u00fajhatnak benne. \u00c9s v\u00e9g\u00fcl: l\u00e9gy b\u00fcszke r\u00e1! A magabiztoss\u00e1g a legjobb kieg\u00e9sz\u00edt\u0151. Ez a f\u00e9rfi szak\u00e1ll divat legfontosabb leck\u00e9je.<\/p>\n<h2>A f\u00e9rfi szak\u00e1ll divat j\u00f6v\u0151je: Trendek \u00e9s innov\u00e1ci\u00f3k<\/h2>\n<p>A szak\u00e1ll vel\u00fcnk marad, ez biztos. De a trendek v\u00e1ltoznak. A f\u00e9rfi szak\u00e1ll divat folyamatosan fejl\u0151dik.<\/p>\n<h3>Fenntarthat\u00f3 \u00e9s term\u00e9szetes szak\u00e1ll\u00e1pol\u00e1s<\/h3>\n<p>Egyre nagyobb a hangs\u00faly a term\u00e9szetes, organikus \u00f6sszetev\u0151k\u00f6n. A f\u00e9rfiak is tudatosabbak, keresik a kemik\u00e1li\u00e1kt\u00f3l mentes term\u00e9keket. A <b>term\u00e9szetes szak\u00e1ll\u00e1pol\u00f3 term\u00e9kek v\u00e9lem\u00e9nyek<\/b> alapj\u00e1n egyre n\u00e9pszer\u0171bbek. A j\u00f6v\u0151 a fenntarthat\u00f3s\u00e1g\u00e9, ez a f\u00e9rfi szak\u00e1ll divat vil\u00e1g\u00e1ban is megmutatkozik.<\/p>\n<h3>A technol\u00f3gia szerepe a szak\u00e1ll\u00e1pol\u00e1sban<\/h3>\n<p>A modern technol\u00f3gia is besziv\u00e1rog a f\u00fcrd\u0151szob\u00e1ba. L\u00e9zeres prec\u00edzi\u00f3s trimmel\u0151k, applik\u00e1ci\u00f3k, amik virtu\u00e1lisan megmutatj\u00e1k, milyen szak\u00e1ll \u00e1llna j\u00f3l neked. A <b>szak\u00e1ll form\u00e1z\u00e1sa modern technik\u00e1kkal<\/b> m\u00e1r nem csak a borb\u00e9lyok kiv\u00e1lts\u00e1ga. A f\u00e9rfi szak\u00e1ll divat is halad a korral.<\/p>\n<h2>\u00d6sszefoglal\u00e1s: A szak\u00e1ll, mint a magabiztos st\u00edlus r\u00e9sze<\/h2>\n<p>A szak\u00e1ll teh\u00e1t sokkal t\u00f6bb, mint egy divath\u00f3bort. Egy eszk\u00f6z az \u00f6nkifejez\u00e9sre, egy kapocs a m\u00falthoz, \u00e9s a modern f\u00e9rfi st\u00edlus\u00e1nak egyik legfontosabb eleme. A f\u00e9rfi szak\u00e1ll divat meg\u00e9rt\u00e9se \u00e9s alkalmaz\u00e1sa seg\u00edt, hogy a legt\u00f6bbet hozd ki magadb\u00f3l. A megfelel\u0151 st\u00edlus kiv\u00e1laszt\u00e1sa, a tudatos \u00e1pol\u00e1s \u00e9s a magabiztos visel\u00e9s egy\u00fctt alkotj\u00e1k azt a pluszt, ami egy arcot karakteress\u00e9 tesz. Legyen sz\u00f3 r\u00f6vid borost\u00e1r\u00f3l vagy impoz\u00e1ns teljes szak\u00e1llr\u00f3l, a l\u00e9nyeg, hogy viseld b\u00fcszk\u00e9n. Mert a te szak\u00e1llad a te t\u00f6rt\u00e9netedet mes\u00e9li el. A f\u00e9rfi szak\u00e1ll divat pedig seg\u00edt, hogy ezt a t\u00f6rt\u00e9netet a legst\u00edlusosabban add el\u0151.<\/p>\n<p>A f\u00e9rfi szak\u00e1ll divat vil\u00e1ga v\u00e9gtelen\u00fcl soksz\u00edn\u0171, \u00e9s meg\u00e9ri elmer\u00fclni benne. A k\u00eds\u00e9rletez\u00e9s, a tanul\u00e1s \u00e9s a napi rutin mind hozz\u00e1j\u00e1rulnak ahhoz, hogy megtal\u00e1ld a saj\u00e1t, \u00f6sszet\u00e9veszthetetlen st\u00edlusodat. A f\u00e9rfi szak\u00e1ll divat nem csup\u00e1n a k\u00fcls\u0151s\u00e9gekr\u0151l, hanem a bels\u0151 magabiztoss\u00e1gr\u00f3l is sz\u00f3l.<\/p>\n<p>V\u00e9gs\u0151 soron a f\u00e9rfi szak\u00e1ll divat l\u00e9nyege az, hogy j\u00f3l \u00e9rezd magad a b\u0151r\u00f6dben \u2013 \u00e9s az arcsz\u0151rzetedben. Ez a legfontosabb. A f\u00e9rfi szak\u00e1ll divat folyamatosan v\u00e1ltozik, de az ig\u00e9ny a min\u0151s\u00e9gi, \u00e1polt megjelen\u00e9sre \u00e1lland\u00f3 marad.<\/p>\n","protected":false},"excerpt":{"rendered":"<p>A szak\u00e1ll nem csup\u00e1n arcsz\u0151rzet. \u00c1, dehogy. Sokkal t\u00f6bb ann\u00e1l: egy nyilatkozat, egyfajta \u00f6nkifejez\u00e9s, a st\u00edlus esszenci\u00e1ja. A f\u00e9rfi szak\u00e1ll divat folyamatosan v\u00e1ltozik, m\u00e9gis van benne valami \u0151si \u00e9s \u00e1lland\u00f3. Eml\u00e9kszem, tin\u00e9dzserk\u00e9nt az els\u0151 borost\u00e1mra \u00fagy vigy\u00e1ztam, mint a szemem f\u00e9ny\u00e9re, persze katasztrof\u00e1lis eredm\u00e9nnyel. Ma m\u00e1r tudom, hogy egy j\u00f3l \u00e1polt szak\u00e1ll m\u00f6g\u00f6tt tudatoss\u00e1g \u00e9s [&hellip;]<\/p>\n","protected":false},"author":2,"featured_media":0,"comment_status":"","ping_status":"","sticky":false,"template":"","format":"standard","meta":{"footnotes":""},"categories":[1],"tags":[],"class_list":["post-363","post","type-post","status-publish","format-standard","hentry","category-uzlet"],"_links":{"self":[{"href":"https:\/\/worldpoint.eu\/hu\/wp-json\/wp\/v2\/posts\/363","targetHints":{"allow":["GET"]}}],"collection":[{"href":"https:\/\/worldpoint.eu\/hu\/wp-json\/wp\/v2\/posts"}],"about":[{"href":"https:\/\/worldpoint.eu\/hu\/wp-json\/wp\/v2\/types\/post"}],"author":[{"embeddable":true,"href":"https:\/\/worldpoint.eu\/hu\/wp-json\/wp\/v2\/users\/2"}],"replies":[{"embeddable":true,"href":"https:\/\/worldpoint.eu\/hu\/wp-json\/wp\/v2\/comments?post=363"}],"version-history":[{"count":0,"href":"https:\/\/worldpoint.eu\/hu\/wp-json\/wp\/v2\/posts\/363\/revisions"}],"wp:attachment":[{"href":"https:\/\/worldpoint.eu\/hu\/wp-json\/wp\/v2\/media?parent=363"}],"wp:term":[{"taxonomy":"category","embeddable":true,"href":"https:\/\/worldpoint.eu\/hu\/wp-json\/wp\/v2\/categories?post=363"},{"taxonomy":"post_tag","embeddable":true,"href":"https:\/\/worldpoint.eu\/hu\/wp-json\/wp\/v2\/tags?post=363"}],"curies":[{"name":"wp","href":"https:\/\/api.w.org\/{rel}","templated":true}]}}