{"id":362,"date":"2025-10-16T09:16:03","date_gmt":"2025-10-16T07:16:03","guid":{"rendered":"https:\/\/worldpoint.eu\/hu\/il-divo-regresa-a-mi-dal-elemzes\/"},"modified":"2025-10-16T09:16:03","modified_gmt":"2025-10-16T07:16:03","slug":"il-divo-regresa-a-mi-dal-elemzes","status":"publish","type":"post","link":"https:\/\/worldpoint.eu\/hu\/il-divo-regresa-a-mi-dal-elemzes\/","title":{"rendered":"R\u00e9szletes Il Divo Regresa a M\u00ed dal elemz\u00e9s \u00e9s jelent\u00e9s"},"content":{"rendered":"<p>Van az a pillanat, amikor egy dal nem csup\u00e1n hangjegyek sorozata, hanem valami sokkal t\u00f6bb. Egy \u00e9rzelmi cunami, ami letarol \u00e9s \u00fajj\u00e1\u00e9p\u00edt egyszerre. Nekem ilyen \u00e9lm\u00e9ny volt el\u0151sz\u00f6r hallani az Il Divo \u201eRegresa a M\u00ed\u201d c\u00edm\u0171 dal\u00e1t. Eml\u00e9kszem, az aut\u00f3ban \u00fcltem, \u00e9s egyszer\u0171en le kellett h\u00faz\u00f3dnom az \u00fat sz\u00e9l\u00e9re. Ez a cikk nem csup\u00e1n egy felsz\u00ednes ismertet\u0151; ez egy m\u00e9lyrehat\u00f3 <b>Il Divo Regresa a M\u00ed dal elemz\u00e9s<\/b>, amely megpr\u00f3b\u00e1lja megfejteni a var\u00e1zslat r\u00e9tegeit. Mi\u00e9rt k\u00e9pes ez a dal ennyi \u00e9v ut\u00e1n is libab\u0151rt okozni? Hogyan \u00e9p\u00fcl fel ez a zenei remekm\u0171? Tartsanak velem ezen az \u00faton, ahol a zene, a sz\u00f6veg \u00e9s az emberi hang ereje \u00f6sszefon\u00f3dik.<\/p>\n<h2>Bevezet\u00e9s: Il Divo \u00e9s a &#8220;Regresa a M\u00ed&#8221; elemz\u00e9s\u00e9nek fontoss\u00e1ga<\/h2>\n<p>Az Il Divo jelens\u00e9get felesleges b\u00e1rkinek is bemutatni. A klasszikus zene \u00e9s a pop hat\u00e1r\u00e1n egyens\u00falyoz\u00f3 n\u00e9gyes fogat egy teljesen \u00faj m\u0171fajt teremtett. De a hatalmas diszkogr\u00e1fi\u00e1jukb\u00f3l is kiemelkedik a \u201eRegresa a M\u00ed\u201d. Ennek a dalnak a boncolgat\u00e1sa, egy alapos <b>Il Divo Regresa a M\u00ed dal elemz\u00e9s<\/b> elv\u00e9gz\u00e9se kulcsfontoss\u00e1g\u00fa ahhoz, hogy meg\u00e9rts\u00fck a zenekar siker\u00e9nek esszenci\u00e1j\u00e1t. Nem csak egy sl\u00e1ger. Ez egy \u00e9rzelmi nyilatkozat, egy zenei mestermunka, amelynek minden szeglete gondos tervez\u00e9s eredm\u00e9nye. Ez\u00e9rt fontos, hogy ne csak hallgassuk, hanem \u00e9rts\u00fck is. \u00c9s pontosan ez a c\u00e9lja ennek az \u00edr\u00e1snak. Egy \u0151szinte, m\u00e9lyrehat\u00f3 <b>Il Divo Regresa a M\u00ed dal elemz\u00e9s<\/b>.<\/p>\n<h3>A dal t\u00f6rt\u00e9nete \u00e9s kultur\u00e1lis h\u00e1ttere<\/h3>\n<p>Miel\u0151tt belev\u00e1gn\u00e1nk a s\u0171r\u0171j\u00e9be, n\u00e9zz\u00fck a kontextust. Sokan teszik fel a k\u00e9rd\u00e9st, hogy <b>ki \u00edrta Il Divo Regresa a M\u00ed dalt<\/b>? Az eredeti dallam Diane Warren nev\u00e9hez f\u0171z\u0151dik, \u00e9s \u201eUn-Break My Heart\u201d c\u00edmen Toni Braxton tette vil\u00e1gh\u00edr\u0171v\u00e9. De! \u00c9s ez egy hatalmas \u201ede\u201d. Az Il Divo verzi\u00f3ja nem egyszer\u0171 feldolgoz\u00e1s. A spanyol sz\u00f6veg, az operai hangszerel\u00e9s \u00e9s a vok\u00e1lis megk\u00f6zel\u00edt\u00e9s egy teljesen \u00faj entit\u00e1st hozott l\u00e9tre. A dal kultur\u00e1lis h\u00e1tter\u00e9nek meg\u00e9rt\u00e9s\u00e9hez elengedhetetlen a <a href=\"https:\/\/worldpoint.eu\/hu\/il-divo-regresa-a-mi-dal-tortenete\/\">Regresa a M\u00ed dal h\u00e1tt\u00e9r inform\u00e1ci\u00f3k<\/a> ismerete, ami r\u00e1vil\u00e1g\u00edt a dal \u00e1talakul\u00e1s\u00e1nak leny\u0171g\u00f6z\u0151 folyamat\u00e1ra. Ez a metamorf\u00f3zis k\u00f6zponti eleme minden komoly <b>Il Divo Regresa a M\u00ed dal elemz\u00e9s<\/b> k\u00eds\u00e9rletnek.<\/p>\n<h2>A &#8220;Regresa a M\u00ed&#8221; zenei fel\u00e9p\u00edt\u00e9s\u00e9nek m\u00e9lyrehat\u00f3 vizsg\u00e1lata<\/h2>\n<p>Na, itt kezd\u0151dik az igazi m\u00e1gia. A zenei alapok. Egy \u00e1tfog\u00f3 <b>Il Divo Regresa a M\u00ed zenei elemz\u00e9se<\/b> megmutatja, hogy a dal sikere nem a v\u00e9letlen m\u0171ve. A dal fel\u00e9p\u00edt\u00e9se tank\u00f6nyvbe ill\u0151 p\u00e9ld\u00e1ja annak, hogyan lehet az \u00e9rzelmeket zenei eszk\u00f6z\u00f6kkel a v\u00e9gletekig fokozni. A <b>Regresa a M\u00ed zenei fel\u00e9p\u00edt\u00e9se r\u00e9szletesen<\/b> megvizsg\u00e1lva egy t\u00f6k\u00e9letes \u00edvet t\u00e1r el\u00e9nk.<\/p>\n<h3>Mel\u00f3dia, harm\u00f3nia \u00e9s hangszerel\u00e9s elemz\u00e9se<\/h3>\n<p>A dal egy finom, szinte t\u00f6r\u00e9keny zongora dallammal indul, ami azonnal megteremti a melankolikus alaphangulatot. Az <b>Il Divo Regresa a M\u00ed hangnem<\/b> t\u00f6k\u00e9letesen szolg\u00e1lja ezt a c\u00e9lt, megalapozva a v\u00e1gy\u00f3d\u00e1s \u00e9rz\u00e9s\u00e9t. Azt\u00e1n lassan, szinte \u00e9szrev\u00e9tlen\u00fcl k\u00fasznak be a von\u00f3sok, r\u00e9tegr\u0151l r\u00e9tegre \u00e9p\u00edtve a fesz\u00fclts\u00e9get. A harm\u00f3ni\u00e1k egyszerre klasszikusak \u00e9s modernek. Nem egy egyszer\u0171 popdal akkordmenet\u00e9r\u0151l besz\u00e9l\u00fcnk; a <b>Regresa a M\u00ed git\u00e1r akkordok elemz\u00e9se<\/b>, vagyis ink\u00e1bb a harm\u00f3niamenet vizsg\u00e1lata komplex zenei tudatoss\u00e1got fed fel. A hangszerel\u00e9s maga a t\u00f6k\u00e9ly. Minden hangszernek megvan a maga helye \u00e9s szerepe, \u00e9s mind a n\u00e9gy \u00e9nekhangot szolg\u00e1lja. Ez az apr\u00f3l\u00e9kos kidolgozotts\u00e1g teszi annyira gazdagg\u00e1 a hallgat\u00f3i \u00e9lm\u00e9nyt, \u00e9s ez az, ami\u00e9rt az <b>Il Divo Regresa a M\u00ed dal elemz\u00e9s<\/b> annyira izgalmas.<\/p>\n<h3>A vok\u00e1lis arrangemant \u00e9s a k\u00f3rus ereje<\/h3>\n<p>\u00c9s akkor j\u00f6jjenek a hangok. Az Il Divo esszenci\u00e1ja. A vok\u00e1lis hangszerel\u00e9s egyszer\u0171en zseni\u00e1lis. Az, ahogy a n\u00e9gy, teljesen k\u00fcl\u00f6nb\u00f6z\u0151 karakter\u0171 hang (a dr\u00e1mai bariton, a l\u00edrai tenor, a klasszikus tenor \u00e9s a poposabb tenor) kieg\u00e9sz\u00edti egym\u00e1st, az maga a csoda. A verz\u00e9kben gyakran egy-egy sz\u00f3lista viszi a dallamot, de a refr\u00e9n&#8230; az valami m\u00e1s. A refr\u00e9nben a n\u00e9gy hang egyetlen, els\u00f6pr\u0151 erej\u0171 hangfolyamm\u00e1 olvad \u00f6ssze. A k\u00f3rus ereje letagl\u00f3z\u00f3. Egy komoly <b>Regresa a M\u00ed vok\u00e1lis technika elemz\u00e9s<\/b> kimutatn\u00e1, hogy a t\u00f6k\u00e9letes inton\u00e1ci\u00f3 \u00e9s a dinamikai \u00f6sszhang milyen elk\u00e9peszt\u0151 precizit\u00e1st ig\u00e9nyel. Ez a vok\u00e1lis t\u00f6k\u00e9letess\u00e9g adja a dal gerinc\u00e9t. Az <b>Il Divo Regresa a M\u00ed dal elemz\u00e9s<\/b> sor\u00e1n ez a pont tal\u00e1n a legfontosabb.<\/p>\n<h3>A dal dinamik\u00e1ja \u00e9s \u00e9rzelmi \u00edve<\/h3>\n<p>A dal dinamik\u00e1ja egy t\u00f6k\u00e9letesen megkompon\u00e1lt \u00e9rzelmi hull\u00e1mvas\u00fat. A halk, suttog\u00f3 kezd\u00e9st\u0151l a monument\u00e1lis, szinte eget renget\u0151 cs\u00facspontig vezet. Ez az \u00edv t\u00f6k\u00e9letesen lek\u00f6veti a dalsz\u00f6veg \u00e9rzelmi utaz\u00e1s\u00e1t: a kezdeti szomor\u00fas\u00e1gt\u00f3l a k\u00e9ts\u00e9gbeesett k\u00f6ny\u00f6rg\u00e9sig. Az <b>Il Divo dalok \u00e9rzelmi hat\u00e1sa<\/b> legend\u00e1s, \u00e9s ebben a dalban cs\u00facsosodik ki igaz\u00e1n. A zene \u00e9s az \u00e9nek dinamikai j\u00e1t\u00e9ka n\u00e9lk\u00fcl a dal feleannyira sem lenne hat\u00e1sos. Minden <b>Il Divo Regresa a M\u00ed dal elemz\u00e9s<\/b> kiemeli ezt a tudatosan \u00e9p\u00edtkez\u0151 strukt\u00far\u00e1t. Egyszer\u0171en mestermunka.<\/p>\n<h2>A &#8220;Regresa a M\u00ed&#8221; dalsz\u00f6veg\u00e9nek r\u00e9szletes elemz\u00e9se<\/h2>\n<p>A zene mellett a sz\u00f6veg az, ami a sz\u00edv\u00fcnkig hatol. A <b>Regresa a M\u00ed dalsz\u00f6veg elemz\u00e9s<\/b> n\u00e9lk\u00fcl a k\u00e9p hi\u00e1nyos lenne. A spanyol nyelv szenved\u00e9lyess\u00e9ge t\u00f6k\u00e9letes t\u00e1ptalajt biztos\u00edt a dal mondanival\u00f3j\u00e1nak. Egy alapos <b>Il Divo Regresa a M\u00ed dal elemz\u00e9s<\/b> nem hagyhatja figyelmen k\u00edv\u00fcl a szavak erej\u00e9t.<\/p>\n<h3>A szerelem, vesztes\u00e9g \u00e9s v\u00e1gy\u00f3d\u00e1s t\u00e9m\u00e1i<\/h3>\n<p>A dal k\u00f6zponti t\u00e9m\u00e1i univerz\u00e1lisak: a elvesztett szerelem ut\u00e1ni f\u00e1jdalom, a mag\u00e1ny \u00e9s a k\u00e9ts\u00e9gbeesett v\u00e1gyakoz\u00e1s, hogy a m\u00e1sik t\u00e9rjen vissza. \u201eRegresa a m\u00ed, qui\u00e9reme otra vez\u201d \u2013 \u201eT\u00e9rj vissza hozz\u00e1m, szeress \u00fajra\u201d. Enn\u00e9l egy\u00e9rtelm\u0171bb \u00e9s \u0151szint\u00e9bb k\u00f6ny\u00f6rg\u00e9s aligha l\u00e9tezik. Az <b>Il Divo Regresa a M\u00ed dal \u00fczenete<\/b> krist\u00e1lytiszta. A sz\u00f6veg nem pr\u00f3b\u00e1l k\u00f6d\u00f6s\u00edteni, ny\u00edltan \u00e9s \u0151szint\u00e9n besz\u00e9l a sz\u00edvf\u00e1jdalomr\u00f3l. Ez a nyers \u0151szintes\u00e9g teszi annyira \u00e1t\u00e9lhet\u0151v\u00e9 mindenki sz\u00e1m\u00e1ra. A teljes <b>Il Divo Regresa a M\u00ed dal elemz\u00e9s<\/b> sor\u00e1n l\u00e1tni fogjuk, hogy a zene \u00e9s a sz\u00f6veg t\u00f6k\u00e9letes szimbi\u00f3zisban \u00e9l.<\/p>\n<h3>K\u00f6lt\u0151i k\u00e9pek \u00e9s metafor\u00e1k a sz\u00f6vegben<\/h3>\n<p>B\u00e1r a sz\u00f6veg alapvet\u0151en direkt, m\u00e9gis haszn\u00e1l finom k\u00f6lt\u0151i k\u00e9peket. A \u201eborra el dolor\u201d (t\u00f6r\u00f6ld el a f\u00e1jdalmat) vagy az \u201eextra\u00f1o tu amor\u201d (hi\u00e1nyzik a szerelmed) egyszer\u0171, de er\u0151teljes kifejez\u00e9sek. A sz\u00f6veg nem bonyolult, \u00e9s tal\u00e1n pont ett\u0151l m\u0171k\u00f6dik. Nem akar t\u00f6bbnek l\u00e1tszani, mint ami: egy \u00f6sszet\u00f6rt sz\u00edv seg\u00e9lyki\u00e1lt\u00e1sa. A <b>hogyan \u00e9rtelmezz\u00fck Regresa a M\u00ed<\/b> k\u00e9rd\u00e9sre a v\u00e1lasz egyszer\u0171: a sz\u00edv\u00fcnkkel. A sz\u00f6veg nem ig\u00e9nyel komplex irodalmi elemz\u00e9st, el\u00e9g hagyni, hogy hasson. Az <b>Il Divo Regresa a M\u00ed dal elemz\u00e9s<\/b> ezen pontj\u00e1n az \u00e9rzelmek\u00e9 a f\u0151szerep.<\/p>\n<h3>A spanyol nyelv sz\u00e9ps\u00e9ge \u00e9s jelent\u0151s\u00e9ge a kifejez\u00e9sben<\/h3>\n<p>K\u00e9pzelj\u00fck el ezt a dalt angolul. Vagy magyarul. Ugye, hogy nem m\u0171k\u00f6dne ugyan\u00fagy? A spanyol nyelv dallamoss\u00e1ga, szenved\u00e9lyess\u00e9ge \u00e9s dr\u00e1mais\u00e1ga elengedhetetlen a dal atmoszf\u00e9r\u00e1j\u00e1hoz. A <b>Regresa a M\u00ed spanyol sz\u00f6veg ford\u00edt\u00e1s<\/b> sokat seg\u00edt a meg\u00e9rt\u00e9sben, de az eredeti nyelv hangz\u00e1sa adja hozz\u00e1 azt a pluszt, amit\u0151l a dal igaz\u00e1n k\u00fcl\u00f6nleges lesz. Az <b>Il Divo Regresa a M\u00ed jelent\u00e9se magyarul<\/b> a v\u00e1gy\u00f3d\u00e1s, de a spanyol kiejt\u00e9sben benne van a k\u00f6ny\u00f6rg\u00e9s minden \u00e1rnyalata. Ez a nyelvi v\u00e1laszt\u00e1s tudatos \u00e9s zseni\u00e1lis d\u00f6nt\u00e9s volt, \u00e9s a sikeres <b>Il Divo Regresa a M\u00ed dal elemz\u00e9s<\/b> ezt nem hagyhatja figyelmen k\u00edv\u00fcl.<\/p>\n<h2>Il Divo el\u0151ad\u00e1s\u00e1nak mesteri kivitelez\u00e9se<\/h2>\n<p>Egy dal lehet j\u00f3l meg\u00edrva, de az el\u0151ad\u00e1s az, ami \u00e9letre kelti. \u00c9s az Il Divo el\u0151ad\u00e1sa&#8230; nos, az egy m\u00e1sik szint. A <b>Regresa a M\u00ed el\u0151ad\u00e1s elemz\u00e9s Il Divo<\/b> szemsz\u00f6gb\u0151l a technikai tud\u00e1s \u00e9s a nyers \u00e9rzelem t\u00f6k\u00e9letes f\u00fazi\u00f3j\u00e1t mutatja. Minden egyes \u00e9l\u0151 fell\u00e9p\u00e9s bizony\u00edtja, hogy ez nem st\u00fadi\u00f3tr\u00fckk. Ez tiszta tehets\u00e9g.<\/p>\n<h3>Az \u00e9nekesek egy\u00e9ni hozz\u00e1j\u00e1rul\u00e1sa a dalhoz<\/h3>\n<p>Mind a n\u00e9gy \u00e9nekes hozz\u00e1teszi a saj\u00e1t, egyedi f\u0171szer\u00e9t. Carlos Mar\u00edn (Isten nyugosztalja) dr\u00e1mai baritonja a szenved\u00e9lyt \u00e9s a f\u00e1jdalmat hozta, Urs B\u00fchler klasszikus tenorja a tisztas\u00e1got \u00e9s a rem\u00e9nyt, David Miller amerikai tenorja az er\u0151t, S\u00e9bastien Izambard poposabb hangsz\u00edne pedig a sebezhet\u0151s\u00e9get. A dal egy utaz\u00e1s a n\u00e9gy hangon kereszt\u00fcl. Az alapos <b>Il Divo Regresa a M\u00ed dal elemz\u00e9s<\/b> megk\u00f6veteli az egyes \u00e9nekesek szerep\u00e9nek k\u00fcl\u00f6n vizsg\u00e1lat\u00e1t.<\/p>\n<h3>A vok\u00e1lis harm\u00f3ni\u00e1k t\u00f6k\u00e9letess\u00e9ge<\/h3>\n<p>M\u00e1r \u00e9rintett\u00fck, de nem lehet el\u00e9gszer hangs\u00falyozni. A harm\u00f3ni\u00e1k. Amikor a n\u00e9gy hang egyszerre sz\u00f3lal meg a refr\u00e9nben, az maga a defin\u00edci\u00f3ja a szinergi\u00e1nak. Az eg\u00e9sz t\u00f6bb, mint a r\u00e9szek \u00f6sszege. Olyan hangz\u00e1st hoznak l\u00e9tre, ami egyszerre er\u0151teljes \u00e9s b\u00e1rsonyos. Ez az a pont, ahol az <b>Il Divo legjobb ballad\u00e1inak elemz\u00e9se<\/b> sor\u00e1n mindig eljutunk a cs\u00facshoz: a t\u00f6k\u00e9letes \u00f6sszhanghoz. Ez az \u00f6sszhang teszi az <b>Il Divo Regresa a M\u00ed dal elemz\u00e9s<\/b> folyamat\u00e1t annyira \u00e9lvezetess\u00e9.<\/p>\n<h3>Az \u00e9rzelmek k\u00f6zvet\u00edt\u00e9se a hangokon kereszt\u00fcl<\/h3>\n<p>Ez nem csak technika. Ez sz\u00edntiszta \u00e9rzelem. Hallod a hangjukban a f\u00e1jdalmat, a k\u00f6ny\u00f6rg\u00e9st, a rem\u00e9nyvesztetts\u00e9get. Nem csak el\u00e9neklik a szavakat, hanem \u00e1t\u00e9lik azokat. Ez a hiteless\u00e9g az, ami a hallgat\u00f3t azonnal rabul ejti. Az <b>Il Divo dalok m\u00e9lyebb jelent\u00e9se<\/b> gyakran ebben a vok\u00e1lis \u00e9rzelemk\u00f6zvet\u00edt\u00e9sben rejlik. Egy t\u00f6k\u00e9letes <b>Il Divo Regresa a M\u00ed dal elemz\u00e9s<\/b> nem lehet teljes az el\u0151ad\u00e1sm\u00f3d \u00e9rzelmi aspektus\u00e1nak m\u00e9ltat\u00e1sa n\u00e9lk\u00fcl.<\/p>\n<h2>A &#8220;Regresa a M\u00ed&#8221; hat\u00e1sa \u00e9s \u00f6r\u00f6ks\u00e9ge<\/h2>\n<p>Egy dal nagys\u00e1g\u00e1t az is mutatja, hogy milyen nyomot hagy a vil\u00e1gban. A \u201eRegresa a M\u00ed\u201d pedig egy\u00e9rtelm\u0171en nyomot hagyott. Az \u00f6r\u00f6ks\u00e9ge vitathatatlan, \u00e9s egy \u00e1tfog\u00f3 <b>Il Divo Regresa a M\u00ed dal elemz\u00e9s<\/b> ezt is g\u00f3rcs\u0151 al\u00e1 kell, hogy vegye.<\/p>\n<h3>K\u00f6z\u00f6ns\u00e9gre gyakorolt hat\u00e1s \u00e9s n\u00e9pszer\u0171s\u00e9g<\/h3>\n<p>A dal \u00f3ri\u00e1si siker lett vil\u00e1gszerte. De a sz\u00e1mokon t\u00fal a val\u00f3di hat\u00e1sa az, ahogyan az emberekhez kapcsol\u00f3dott. Esk\u00fcv\u0151k, megeml\u00e9kez\u00e9sek, vagy csak egy neh\u00e9z nap ut\u00e1ni vigasz \u2013 a dal sz\u00e1mtalan ember \u00e9let\u00e9nek r\u00e9sz\u00e9v\u00e9 v\u00e1lt. A <b>mi\u00e9rt n\u00e9pszer\u0171 Regresa a M\u00ed Il Divo<\/b> k\u00e9rd\u00e9sre a v\u00e1lasz az univerzalit\u00e1s\u00e1ban rejlik. Mindenki \u00e1t\u00e9lt m\u00e1r hasonl\u00f3t. A dal hangot ad ennek az \u00e9rz\u00e9snek. Egy <b>Il Divo Regresa a M\u00ed vide\u00f3 klip elemz\u00e9s<\/b> is megmutatn\u00e1 a dal dr\u00e1mai, filmszer\u0171 hat\u00e1s\u00e1t. A n\u00e9pszer\u0171s\u00e9ge az\u00f3ta is t\u00f6retlen, ami bizony\u00edtja id\u0151t\u00e1ll\u00f3s\u00e1g\u00e1t.<\/p>\n<h3>Kritikai visszhangok \u00e9s elismer\u00e9sek<\/h3>\n<p>A kritikusok is elismert\u00e9k a dal erej\u00e9t. Persze, mindig voltak fanyalg\u00f3k, akik a \u201epopera\u201d m\u0171fajt giccsesnek tartott\u00e1k, de a legt\u00f6bb <b>Regresa a M\u00ed dal kritika \u00e9s elemz\u00e9s<\/b> elismerte a vok\u00e1lis teljes\u00edtm\u00e9ny kimagasl\u00f3 min\u0151s\u00e9g\u00e9t \u00e9s a dal \u00e9rzelmi erej\u00e9t. A dal hozz\u00e1j\u00e1rult ahhoz, hogy a klasszikus crossover m\u0171faj a f\u0151sodorba ker\u00fclj\u00f6n \u00e9s sz\u00e9les k\u00f6rben elfogadott\u00e1 v\u00e1ljon. A kritikai elismer\u00e9s fontos r\u00e9sze a teljes <b>Il Divo Regresa a M\u00ed dal elemz\u00e9s<\/b> kontextus\u00e1nak.<\/p>\n<h3>A dal helye Il Divo diszkogr\u00e1fi\u00e1j\u00e1ban<\/h3>\n<p>B\u00e1r rengeteg sl\u00e1ger\u00fck van, a \u201eRegresa a M\u00ed\u201d sokak sz\u00e1m\u00e1ra AZ Il Divo dal. Ez a z\u00e1szl\u00f3shaj\u00f3. Az <b>Il Divo diszkogr\u00e1fia elemz\u00e9s Regresa a M\u00ed<\/b> szempontj\u00e1b\u00f3l azt mutatja, hogy ez a dal t\u00f6k\u00e9letesen \u00f6sszefoglalja a zenekar l\u00e9nyeg\u00e9t: a romantik\u00e1t, a dr\u00e1m\u00e1t, a klasszikus eleganci\u00e1t \u00e9s a popzenei fog\u00f3ss\u00e1got. Ez a dal alapozta meg a glob\u00e1lis siker\u00fcket, \u00e9s a mai napig a koncertjeik kihagyhatatlan cs\u00facspontja. Egy alapos <b>Il Divo Regresa a M\u00ed dal elemz\u00e9s<\/b> meger\u0151s\u00edti, hogy ez a dal a zenekar \u00e9letm\u0171v\u00e9nek sarokk\u00f6ve.<\/p>\n<h2>\u00d6sszefoglal\u00e1s: A &#8220;Regresa a M\u00ed&#8221; id\u0151tlen vonzereje \u00e9s \u00fczenete<\/h2>\n<p>V\u00e9g\u00e9re \u00e9rt\u00fcnk. Rem\u00e9lem, ez a r\u00e9szletes <b>Il Divo Regresa a M\u00ed dal elemz\u00e9s<\/b> seg\u00edtett meg\u00e9rteni, mi rejlik a felsz\u00edn alatt. A dal id\u0151tlen vonzereje a zseni\u00e1lis zenei fel\u00e9p\u00edt\u00e9s, a m\u00e9lyen emberi sz\u00f6veg \u00e9s a hib\u00e1tlan, \u00e9rzelemmel teli el\u0151ad\u00e1sm\u00f3d t\u00f6k\u00e9letes egys\u00e9g\u00e9ben rejlik. Ez nem csak egy dal a sok k\u00f6z\u00fcl. Ez egy \u00e9lm\u00e9ny, egy utaz\u00e1s a sz\u00edv legm\u00e9lyebb zugaiba. A v\u00e9gs\u0151 <b>Il Divo Regresa a M\u00ed dal elemz\u00e9s<\/b> konkl\u00fazi\u00f3ja az, hogy a dal az\u00e9rt m\u0171k\u00f6dik, mert \u0151szinte. \u00c9s az \u0151szintes\u00e9g sosem megy ki a divatb\u00f3l. Soha.<\/p>\n","protected":false},"excerpt":{"rendered":"<p>Van az a pillanat, amikor egy dal nem csup\u00e1n hangjegyek sorozata, hanem valami sokkal t\u00f6bb. Egy \u00e9rzelmi cunami, ami letarol \u00e9s \u00fajj\u00e1\u00e9p\u00edt egyszerre. Nekem ilyen \u00e9lm\u00e9ny volt el\u0151sz\u00f6r hallani az Il Divo \u201eRegresa a M\u00ed\u201d c\u00edm\u0171 dal\u00e1t. Eml\u00e9kszem, az aut\u00f3ban \u00fcltem, \u00e9s egyszer\u0171en le kellett h\u00faz\u00f3dnom az \u00fat sz\u00e9l\u00e9re. Ez a cikk nem csup\u00e1n egy [&hellip;]<\/p>\n","protected":false},"author":2,"featured_media":0,"comment_status":"","ping_status":"","sticky":false,"template":"","format":"standard","meta":{"footnotes":""},"categories":[1],"tags":[],"class_list":["post-362","post","type-post","status-publish","format-standard","hentry","category-uzlet"],"_links":{"self":[{"href":"https:\/\/worldpoint.eu\/hu\/wp-json\/wp\/v2\/posts\/362","targetHints":{"allow":["GET"]}}],"collection":[{"href":"https:\/\/worldpoint.eu\/hu\/wp-json\/wp\/v2\/posts"}],"about":[{"href":"https:\/\/worldpoint.eu\/hu\/wp-json\/wp\/v2\/types\/post"}],"author":[{"embeddable":true,"href":"https:\/\/worldpoint.eu\/hu\/wp-json\/wp\/v2\/users\/2"}],"replies":[{"embeddable":true,"href":"https:\/\/worldpoint.eu\/hu\/wp-json\/wp\/v2\/comments?post=362"}],"version-history":[{"count":0,"href":"https:\/\/worldpoint.eu\/hu\/wp-json\/wp\/v2\/posts\/362\/revisions"}],"wp:attachment":[{"href":"https:\/\/worldpoint.eu\/hu\/wp-json\/wp\/v2\/media?parent=362"}],"wp:term":[{"taxonomy":"category","embeddable":true,"href":"https:\/\/worldpoint.eu\/hu\/wp-json\/wp\/v2\/categories?post=362"},{"taxonomy":"post_tag","embeddable":true,"href":"https:\/\/worldpoint.eu\/hu\/wp-json\/wp\/v2\/tags?post=362"}],"curies":[{"name":"wp","href":"https:\/\/api.w.org\/{rel}","templated":true}]}}