{"id":342,"date":"2025-10-15T14:40:02","date_gmt":"2025-10-15T12:40:02","guid":{"rendered":"https:\/\/worldpoint.eu\/hu\/inspiralo-divat-idezetek\/"},"modified":"2025-10-15T14:40:02","modified_gmt":"2025-10-15T12:40:02","slug":"inspiralo-divat-idezetek","status":"publish","type":"post","link":"https:\/\/worldpoint.eu\/hu\/inspiralo-divat-idezetek\/","title":{"rendered":"inspir\u00e1l\u00f3 divat id\u00e9zetek &#8211; St\u00edlus \u00e9s \u00d6nkifejez\u00e9s Szavakban"},"content":{"rendered":"<p>Eml\u00e9kszem, tin\u00e9dzserk\u00e9nt a szob\u00e1m fala tele volt ragasztva magazinokb\u00f3l kiv\u00e1gott k\u00e9pekkel \u00e9s id\u00e9zetekkel. Divatfot\u00f3k, szupermodellek \u00e9s persze, r\u00f6vid, vel\u0151s mondatok, amik valahogy t\u00f6bbet mondtak ezer sz\u00f3n\u00e1l. Ezek voltak az \u00e9n els\u0151 tal\u00e1lkoz\u00e1saim azzal, amit ma \u00fagy h\u00edvunk: <b>inspir\u00e1l\u00f3 divat id\u00e9zetek<\/b>. Akkor m\u00e9g nem tudtam, de ezek a szavak form\u00e1lt\u00e1k a st\u00edlusomr\u00f3l, az \u00f6nkifejez\u00e9sr\u0151l \u00e9s a magabiztoss\u00e1gr\u00f3l alkotott k\u00e9pemet. Mert egy j\u00f3 id\u00e9zet nem csak egy mondat. Hanem egy gondolat, egy \u00e9rz\u00e9s, egy komplett filoz\u00f3fia s\u0171r\u00edtve.<\/p>\n<h3>A divat id\u00e9zetek ereje: Mi\u00e9rt inspir\u00e1lnak minket?<\/h3>\n<p>De mi\u00e9rt is van ekkora hatalmuk ezeknek a szavaknak? Egyszer\u0171. Az\u00e9rt, mert a divat sokkal t\u00f6bb, mint puszta anyagok \u00e9s form\u00e1k halmaza. A divat kommunik\u00e1ci\u00f3, m\u0171v\u00e9szet \u00e9s \u00f6nkifejez\u00e9s. Amikor egy h\u00edres tervez\u0151, egy st\u00edlusikon vagy egy divat\u00fajs\u00e1g\u00edr\u00f3 megfogalmaz egy gondolatot, akkor val\u00f3j\u00e1ban a divat m\u00f6g\u00f6tti m\u00e9lyebb jelent\u00e9sr\u00e9tegeket t\u00e1rja fel. Pontosan ez a v\u00e1lasz arra, hogy <b>mi\u00e9rt fontosak a divat id\u00e9zetek<\/b>. Nem a ruh\u00e1r\u00f3l besz\u00e9lnek, hanem arr\u00f3l, amit\u0151l a ruha \u00e9lni kezd: a szem\u00e9lyis\u00e9gr\u0151l. Egy-egy j\u00f3l eltal\u00e1lt mondat k\u00e9pes egy pillanat alatt megv\u00e1ltoztatni a hozz\u00e1\u00e1ll\u00e1sunkat az \u00f6lt\u00f6zk\u00f6d\u00e9shez, s\u0151t, n\u00e9ha m\u00e9g \u00f6nmagunkhoz is. Ezek az <b>inspir\u00e1l\u00f3 divat id\u00e9zetek<\/b> mank\u00f3k\u00e9nt szolg\u00e1lnak, amikor elveszettnek \u00e9rezz\u00fck magunkat a trendek tenger\u00e9ben. Eml\u00e9keztetnek, hogy a st\u00edlus nem v\u00e1s\u00e1rolhat\u00f3 meg, hanem bel\u00fclr\u0151l fakad. \u00c9s pontosan ez\u00e9rt van az, <b>hogyan inspir\u00e1lnak a divat id\u00e9zetek<\/b>: nem a leg\u00fajabb t\u00e1ska megv\u00e9tel\u00e9re \u00f6szt\u00f6n\u00f6znek, hanem a saj\u00e1t egyedis\u00e9g\u00fcnk felfedez\u00e9s\u00e9re. <b>A divat id\u00e9zetek jelent\u00e9se<\/b> teh\u00e1t sokkal m\u00e9lyebb, mint gondoln\u00e1nk; ir\u00e1nyt\u0171k a szem\u00e9lyes st\u00edlusunk \u00fatveszt\u0151j\u00e9ben. Olyanok, mint egy bar\u00e1t, aki a f\u00fcl\u00fcnkbe s\u00fagja: merj \u00f6nmagad lenni!<\/p>\n<h3>\u00d6r\u00f6k\u00e9rv\u00e9ny\u0171 b\u00f6lcsess\u00e9gek: Klasszikus divat id\u00e9zetek, amik sosem mennek ki a divatb\u00f3l<\/h3>\n<p>Vannak mondatok, amik egyszer\u0171en nem fakulnak. Id\u0151tlenek. Mint egy t\u00f6k\u00e9letes szab\u00e1s\u00fa kis fekete ruha vagy egy klasszikus ballonkab\u00e1t. Ezek a gondolatok gener\u00e1ci\u00f3kon \u00e1t\u00edvelve adj\u00e1k tov\u00e1bb a st\u00edlus esszenci\u00e1j\u00e1t. \u00c9s ha m\u00e1r klasszikusok, ki m\u00e1ssal is kezdhetn\u00e9nk, mint Coco Chanellel? Az \u0151 szavai tal\u00e1n a legismertebbek, \u00e9s nem v\u00e9letlen\u00fcl. \u201eA divat v\u00e1ltozik, a st\u00edlus \u00f6r\u00f6k.\u201d Bumm. Enn\u00e9l pontosabban tal\u00e1n senki sem fogalmazta meg a l\u00e9nyeget. Ez a mondat t\u00f6k\u00e9letesen \u00f6sszefoglalja a <b>Coco Chanel divat id\u00e9zetek st\u00edlus<\/b> l\u00e9nyeg\u00e9t: a trendek j\u00f6nnek-mennek, de az, aki te vagy, az \u00e1lland\u00f3. Az \u0151 gondolatai arra tan\u00edtanak, hogy a kevesebb t\u00f6bb, \u00e9s az igazi elegancia a r\u00e9szletekben rejlik. A <b>klasszikus divat id\u00e9zetek eleganci\u00e1r\u00f3l<\/b> sz\u00f3lnak, de nem a megk\u00f6zel\u00edthetetlen, rideg fajt\u00e1r\u00f3l. Nem. Hanem arr\u00f3l a bels\u0151 tart\u00e1sr\u00f3l, ami egy egyszer\u0171 feh\u00e9r ingben is kir\u00e1lyn\u0151v\u00e9 tesz. Ezek az <b>inspir\u00e1l\u00f3 divat id\u00e9zetek<\/b> \u00e9vtizedekkel ezel\u0151tt sz\u00fclettek, m\u00e9gis ma is ugyanolyan relev\u00e1nsak. Tal\u00e1n m\u00e9g jobban is. A mai, felgyorsult vil\u00e1gban k\u00fcl\u00f6n\u00f6sen fontos eml\u00e9kezni az alapokra. Az ilyen <b>vintage divat id\u00e9zetek inspir\u00e1ci\u00f3<\/b> forr\u00e1sai lehetnek, amikor egy kicsit lelass\u00edtan\u00e1nk.<\/p>\n<h3>St\u00edlus \u00e9s elegancia esszenci\u00e1ja: A divat nagyjainak gondolatai<\/h3>\n<p>A nagy tervez\u0151k nem csak ruh\u00e1kat, hanem filoz\u00f3fi\u00e1kat is alkottak. \u00c1lmodtak, \u00e9s az \u00e1lmaikat anyagg\u00e1 form\u00e1lt\u00e1k. A mondataik pedig betekint\u00e9st engednek a zsenialit\u00e1sukba. Ott van p\u00e9ld\u00e1ul Yves Saint Laurent. Az \u0151 szavai, az <b>Yves Saint Laurent inspir\u00e1l\u00f3 gondolatai<\/b>, mindig a n\u0151iess\u00e9get \u00e9s az er\u0151t \u00fcnneplik. \u201eAz \u00e9vek sor\u00e1n megtanultam, hogy a ruh\u00e1ban a n\u0151 a legfontosabb.\u201d Ez a gondolat ma is annyira \u00e9rv\u00e9nyes! Eml\u00e9keztet, hogy a ruha csak egy eszk\u00f6z, a val\u00f3di var\u00e1zslat mi magunk vagyunk. A <b>h\u00edres divattervez\u0151k id\u00e9zetei magyarul<\/b> olvasva is \u00e1tadj\u00e1k azt a szenved\u00e9lyt \u00e9s l\u00e1t\u00e1sm\u00f3dot, ami \u0151ket a cs\u00facsra emelte. Giorgio Armani, Karl Lagerfeld, vagy \u00e9ppen Christian Dior \u2013 mindannyian hagytak r\u00e1nk olyan gondolatokat, amelyek seg\u00edtenek meg\u00e9rteni, hogy a <a href=\"https:\/\/worldpoint.eu\/hu\/prestige-divat-kalauz-stilus-es-elegancia\/\">st\u00edlus \u00e9s elegancia<\/a> nem a p\u00e9nzr\u0151l, hanem a tudatoss\u00e1gr\u00f3l \u00e9s az \u00f6nismeretr\u0151l sz\u00f3l. Az \u0151 \u00f6r\u00f6ks\u00e9g\u00fck nem csup\u00e1n a m\u00fazeumokban l\u00f3g\u00f3 ruhak\u00f6ltem\u00e9nyek, hanem ezek az <b>inspir\u00e1l\u00f3 divat id\u00e9zetek<\/b> is, amelyek tov\u00e1bb \u00e9lnek \u00e9s hatnak r\u00e1nk. Ezek a mondatok s\u0171r\u00edtett form\u00e1ban tartalmazz\u00e1k a divatt\u00f6rt\u00e9nelem legfontosabb leck\u00e9it.<\/p>\n<h3>Az \u00f6nkifejez\u00e9s \u00e9s kreativit\u00e1s dics\u00e9rete a divatban<\/h3>\n<p>A divat a p\u00e1nc\u00e9lod. Vagy a j\u00e1tsz\u00f3tered. Teljesen mindegy. A l\u00e9nyeg, hogy a ti\u00e9d. Az \u00f6lt\u00f6zk\u00f6d\u00e9s az egyik leger\u0151sebb non-verb\u00e1lis kommunik\u00e1ci\u00f3s eszk\u00f6z\u00fcnk. Miel\u0151tt megsz\u00f3laln\u00e1nk, a ruh\u00e1nk m\u00e1r mes\u00e9l r\u00f3lunk. \u00c9ppen ez\u00e9rt az <b>\u00f6nkifejez\u00e9s a divaton kereszt\u00fcl id\u00e9zetek<\/b> annyira n\u00e9pszer\u0171ek. Arra b\u00e1tor\u00edtanak, hogy ne f\u00e9lj\u00fcnk megmutatni, kik vagyunk. Iris Apfel, a st\u00edlus nagyasszonya, aki 100 felett is igazi ikon, azt mondta: \u201eHa nem \u00f6lt\u00f6z\u00f6l \u00fagy, mint mindenki m\u00e1s, nem is kell \u00fagy gondolkodnod, mint mindenki m\u00e1s.\u201d Ez a szabads\u00e1g! A divat nem szab\u00e1lyokr\u00f3l sz\u00f3l, hanem a szab\u00e1lyok felr\u00fag\u00e1s\u00e1r\u00f3l. A kreativit\u00e1sr\u00f3l. Arr\u00f3l, hogy mersz k\u00eds\u00e9rletezni, j\u00e1tszani a sz\u00ednekkel, form\u00e1kkal, text\u00far\u00e1kkal. A <b>divat id\u00e9zetek a kreat\u00edv \u00f6lt\u00f6zk\u00f6d\u00e9shez<\/b> adnak mun\u00edci\u00f3t. Elt\u00e1vol\u00edtanak a \u201emit fognak sz\u00f3lni m\u00e1sok\u201d gondolat\u00e1t\u00f3l, \u00e9s k\u00f6zelebb visznek a \u201e\u00e9n \u00edgy \u00e9rzem j\u00f3l magam\u201d \u00e1llapothoz. N\u00e9ha egyetlen b\u00e1tor\u00edt\u00f3 id\u00e9zet el\u00e9g ahhoz, hogy felvegy\u00fck azt a ruh\u00e1t, amit eddig a szekr\u00e9ny m\u00e9ly\u00e9n \u0151rizgett\u00fcnk. Ezek az <b>inspir\u00e1l\u00f3 divat id\u00e9zetek<\/b> felhatalmaznak minket.<\/p>\n<h3>Modern inspir\u00e1ci\u00f3k: A mai divat form\u00e1l\u00f3i \u00e9s \u00fczeneteik<\/h3>\n<p>A divat vil\u00e1ga folyamatosan v\u00e1ltozik, \u00e9s a klasszikusok mellett \u00faj hangok, \u00faj gondolatok is megjelennek. A mai tervez\u0151k \u00e9s v\u00e9lem\u00e9nyvez\u00e9rek m\u00e1r nem csak a sz\u00e9ps\u00e9gr\u0151l besz\u00e9lnek. Sokkal ink\u00e1bb a k\u00f6z\u00f6ss\u00e9gr\u0151l, az elfogad\u00e1sr\u00f3l \u00e9s a felel\u0151ss\u00e9gv\u00e1llal\u00e1sr\u00f3l. A <b>modern st\u00edlus\u00fa divat id\u00e9zetek<\/b> gyakran r\u00f6videbbek, \u00fct\u0151sebbek, \u00e9s t\u00f6k\u00e9letesen passzolnak az Instagram kor\u00e1hoz. Gondoljunk csak Virgil Abloh \u00f6r\u00f6ks\u00e9g\u00e9re, aki a streetwear \u00e9s a luxus divat hat\u00e1rait mosta el. Az \u0151 \u00fczenetei a fiatal gener\u00e1ci\u00f3hoz sz\u00f3ltak, arra buzd\u00edtva \u0151ket, hogy merjenek nagyot \u00e1lmodni \u00e9s megk\u00e9rd\u0151jelezni a status qu\u00f3t. A mai <b>inspir\u00e1l\u00f3 divat id\u00e9zetek<\/b> reflekt\u00e1lnak a t\u00e1rsadalmi v\u00e1ltoz\u00e1sokra. Egyre t\u00f6bbet hallani az inkluzivit\u00e1sr\u00f3l, a testpozitivit\u00e1sr\u00f3l \u00e9s a soksz\u00edn\u0171s\u00e9g dics\u00e9ret\u00e9r\u0151l. Ezek a modern gondolatok form\u00e1lj\u00e1k a divat j\u00f6v\u0151j\u00e9t, \u00e9s megmutatj\u00e1k, hogy a st\u00edlus mindenki\u00e9. A <a href=\"https:\/\/worldpoint.eu\/hu\/jovo-divat-trendjei-kalauz\/\">j\u00f6v\u0151 divat trendjei<\/a> nem csak a sz\u00ednekr\u0151l \u00e9s szab\u00e1svonalakr\u00f3l sz\u00f3lnak, hanem ezekr\u0151l az \u00faj \u00e9rt\u00e9kekr\u0151l is, amelyeket ezek a modern id\u00e9zetek k\u00e9pviselnek.<\/p>\n<h3>A divat mint \u00e9let\u00e9rz\u00e9s: Gondolatok az \u00f6lt\u00f6zk\u00f6d\u00e9s \u00f6r\u00f6m\u00e9r\u0151l<\/h3>\n<p>Nekem a divat a reggeli k\u00e1v\u00e9. Vagy a kedvenc zen\u00e9m. Egy ritu\u00e1l\u00e9, ami seg\u00edt r\u00e1hangol\u00f3dni a napra. Az a pillanat, amikor kinyitom a szekr\u00e9nyt, \u00e9s eld\u00f6nt\u00f6m, ma ki akarok lenni. Harcos? \u00c1lmodoz\u00f3? Vagy csak egy k\u00e9nyelmes pulcsiba burkol\u00f3z\u00f3 valaki? Az \u00f6lt\u00f6zk\u00f6d\u00e9s \u00f6r\u00f6me nem a dr\u00e1ga m\u00e1rk\u00e1kr\u00f3l sz\u00f3l. Hanem arr\u00f3l az \u00e9rz\u00e9sr\u0151l, amikor a kedvenc farmered van rajtad, \u00e9s \u00fagy \u00e9rzed, ti\u00e9d a vil\u00e1g. Vagy amikor egy es\u0151s napon egy \u00e9l\u00e9nk sz\u00edn\u0171 s\u00e1llal dobsz fel mindent. Az err\u0151l sz\u00f3l\u00f3 <b>inspir\u00e1l\u00f3 divat id\u00e9zetek<\/b> a kedvenceim. Eml\u00e9keztetnek, hogy ne vegy\u00fck t\u00fal komolyan. A divat j\u00e1t\u00e9k. \u00d6r\u00f6mforr\u00e1s. Egy eszk\u00f6z, amivel kifejezhetj\u00fck a hangulatunkat. Bill Cunningham fot\u00f3s mondta: \u201eA divat a mindennapi val\u00f3s\u00e1g el\u0151l val\u00f3 menek\u00fcl\u00e9s p\u00e1nc\u00e9lja.\u201d \u00c9s milyen igaza van! N\u00e9ha a legnagyobb sz\u00fcrkes\u00e9gben egy j\u00f3l megv\u00e1lasztott szett k\u00e9pes visszahozni a sz\u00edneket az \u00e9let\u00fcnkbe. Ez a divat igazi, h\u00e9tk\u00f6znapi var\u00e1zsa.<\/p>\n<h3>Fenntarthat\u00f3s\u00e1g \u00e9s tudatoss\u00e1g: \u00daj \u00fczenetek a divatvil\u00e1gb\u00f3l<\/h3>\n<p>De a csillog\u00e1s mellett van egy komolyabb oldala is. A divatipar az egyik legszennyez\u0151bb a vil\u00e1gon, \u00e9s ezzel ma m\u00e1r musz\u00e1j szemben\u00e9zni. Szerencs\u00e9re egyre t\u00f6bb tervez\u0151 \u00e9s aktivista emeli fel a szav\u00e1t a v\u00e1ltoz\u00e1s\u00e9rt. Vivienne Westwood, a punk nagyasszonya m\u00e1r \u00e9vekkel ezel\u0151tt megmondta: \u201eV\u00e1s\u00e1rolj kevesebbet, v\u00e1lassz j\u00f3l, tartson sok\u00e1ig.\u201d Enn\u00e9l jobban nem is lehetne \u00f6sszefoglalni a tudatos divat l\u00e9nyeg\u00e9t. A <b>divat id\u00e9zetek a fenntarthat\u00f3s\u00e1gr\u00f3l<\/b> ma m\u00e1r legal\u00e1bb annyira fontosak, mint az eleganci\u00e1r\u00f3l sz\u00f3l\u00f3k. Arra \u00f6szt\u00f6n\u00f6znek, hogy gondoljuk \u00e1t a fogyaszt\u00e1si szok\u00e1sainkat. Hogy ne d\u0151lj\u00fcnk be a fast fashion cs\u00e1b\u00edt\u00e1s\u00e1nak, \u00e9s \u00e9rt\u00e9kelj\u00fck a min\u0151s\u00e9get a mennyis\u00e9g helyett. A <b>divat id\u00e9zetek a tudatos \u00f6lt\u00f6zk\u00f6d\u00e9sr\u0151l<\/b> sz\u00f3lnak, a F\u00f6ld ir\u00e1nti felel\u0151ss\u00e9g\u00fcnkr\u0151l. Ezek az \u00faj t\u00edpus\u00fa <b>inspir\u00e1l\u00f3 divat id\u00e9zetek<\/b> egy csendes forradalmat ind\u00edtottak el, amelynek c\u00e9lja egy etikusabb \u00e9s fenntarthat\u00f3bb divatvil\u00e1g megteremt\u00e9se. Ez a j\u00f6v\u0151. Vagyis, ennek kell lennie a j\u00f6v\u0151nek.<\/p>\n<h3>Hogyan haszn\u00e1ld a divat id\u00e9zeteket a mindennapokban?<\/h3>\n<p>Ok\u00e9, szuper, de mit kezdjek egy id\u00e9zettel h\u00e9tf\u0151 reggel, amikor \u00f6t percem van elk\u00e9sz\u00fclni? Nagyon is sokat! Az <b>inspir\u00e1l\u00f3 divat id\u00e9zetek<\/b> nem csak falv\u00e9d\u0151re val\u00f3k. Konkr\u00e9t, gyakorlati hasznuk van. El\u0151sz\u00f6r is, tal\u00e1lj egyet, ami igaz\u00e1n rezon\u00e1l veled. Legyen az a mott\u00f3d. \u00cdrd fel egy cetlire, \u00e9s ragaszd a t\u00fckr\u00f6dre. Vagy \u00e1ll\u00edtsd be a telefonod k\u00e9perny\u0151v\u00e9d\u0151j\u00e9nek. Ez lesz a napi eml\u00e9keztet\u0151d. Amikor bizonytalan vagy egy szettben, gondolj r\u00e1. Seg\u00edteni fog d\u00f6nteni. Pontosan ez az, <b>hogyan \u00e9p\u00edts\u00fck be a divat id\u00e9zeteket<\/b> a rutinunkba: tegy\u00fck \u0151ket l\u00e1that\u00f3v\u00e1 \u00e9s k\u00e9zzelfoghat\u00f3v\u00e1. Haszn\u00e1lhatod \u0151ket inspir\u00e1ci\u00f3k\u00e9nt a gardr\u00f3brendez\u00e9shez is. Vagy amikor v\u00e1s\u00e1rolni indulsz. A <b>st\u00edlus tippek divat id\u00e9zetekkel<\/b> kombin\u00e1lva a leghat\u00e9konyabbak, mert nem csak a \u201emit\u201d k\u00e9rd\u00e9sre adnak v\u00e1laszt, hanem a \u201emi\u00e9rt\u201d-re is. \u00cdgy nem csak a <a href=\"https:\/\/worldpoint.eu\/hu\/aktualis-divattrendek-stilus-utmutato\/\">aktu\u00e1lis divattrendek<\/a> majmol\u00e1s\u00e1r\u00f3l lesz sz\u00f3, hanem a saj\u00e1t, szem\u00e9lyes st\u00edlusod tudatos \u00e9p\u00edt\u00e9s\u00e9r\u0151l. Ez a szintl\u00e9p\u00e9s.<\/p>\n<h3>Szem\u00e9lyes st\u00edlusod alak\u00edt\u00e1sa inspir\u00e1l\u00f3 gondolatokkal<\/h3>\n<p>A st\u00edlusod a te t\u00f6rt\u00e9neted. A te k\u00e9zjegyed. \u00c9s az <b>inspir\u00e1l\u00f3 divat id\u00e9zetek<\/b> a legjobb seg\u00e9deszk\u00f6z\u00f6k ennek a t\u00f6rt\u00e9netnek a meg\u00edr\u00e1s\u00e1hoz. Nem kell mindenkinek megfelelned. S\u0151t. A l\u00e9nyeg, hogy \u00f6nmagadnak megfelelj. A <b>divat b\u00f6lcsess\u00e9gek a st\u00edlushoz<\/b> pont ebben seg\u00edtenek: megtal\u00e1lni a saj\u00e1t hangodat. Lehet, hogy te a minimalizmus h\u00edve vagy, \u00e9s egy letisztult, egyszer\u0171 id\u00e9zet illik hozz\u00e1d. Vagy tal\u00e1n a maximalizmus vonz, \u00e9s egy mer\u00e9sz, bev\u00e1llal\u00f3s mondat ad er\u0151t. A folyamat egyszer\u0171: olvass sok id\u00e9zetet, \u00e9s figyeld meg, melyikn\u00e9l b\u00f3lintasz hevesen. Melyik az, amelyikr\u0151l \u00fagy \u00e9rzed, neked sz\u00f3l? Azok a te vez\u00e9rcsillagaid. Gondolj csak az olasz n\u0151kre, akik a \u201esprezzatura\u201d, a j\u00f3l megtervezett lazas\u00e1g mesterei. Az \u0151 st\u00edlusuk m\u00f6g\u00f6tt is egy filoz\u00f3fia \u00e1ll, amit a <a href=\"https:\/\/worldpoint.eu\/hu\/olasz-noi-divat-tippek\/\">olasz n\u0151i divat<\/a> esszenci\u00e1ja t\u00f6k\u00e9letesen t\u00fckr\u00f6z. Tal\u00e1ld meg a te filoz\u00f3fi\u00e1dat, \u00e9s \u00e9p\u00edtsd k\u00f6r\u00e9 a ruhat\u00e1radat. Az eredm\u00e9ny egyedi \u00e9s megism\u00e9telhetetlen lesz. Pont, mint te.<\/p>\n<h3>Motiv\u00e1ci\u00f3 a gardr\u00f3bfriss\u00edt\u00e9shez \u00e9s a tudatos v\u00e1s\u00e1rl\u00e1shoz<\/h3>\n<p>N\u00e9ha a legnagyobb kih\u00edv\u00e1s a saj\u00e1t szekr\u00e9ny\u00fcnk. Tele van ruh\u00e1kkal, m\u00e9g sincs egy rongyunk se, amit felvegy\u00fcnk. Ismer\u0151s? Persze, hogy az. Ilyenkor j\u00f6nnek j\u00f3l az <b>inspir\u00e1l\u00f3 divat id\u00e9zetek<\/b>, mint egy energial\u00f6ket. \u201eMiel\u0151tt kim\u00e9sz a h\u00e1zb\u00f3l, n\u00e9zz a t\u00fck\u00f6rbe, \u00e9s vegy\u00e9l le egy dolgot.\u201d \u2013 tan\u00e1csolta Coco Chanel. Ez a mondat egymaga k\u00e9pes forradalmas\u00edtani a reggeli k\u00e9sz\u00fcl\u0151d\u00e9st. Vagy egy m\u00e1sik klasszikus: \u201eA ruh\u00e1idnak azt kellene bemutatniuk, aki vagy, nem azt, akit el akarsz rejteni.\u201d Haszn\u00e1ld ezeket a gondolatokat, amikor \u00e1tn\u00e9zed a gardr\u00f3bodat. Tegy\u00e9l fel k\u00e9rd\u00e9seket. Ez a ruha t\u00e9nyleg \u00e9n vagyok? \u00d6r\u00f6met okoz, ha viselem? A <b>divat id\u00e9zetek a fenntarthat\u00f3s\u00e1gr\u00f3l<\/b> pedig a v\u00e1s\u00e1rl\u00e1sn\u00e1l lesznek a legjobb tan\u00e1csad\u00f3id. Seg\u00edtenek ellen\u00e1llni az impulzusv\u00e1s\u00e1rl\u00e1snak, \u00e9s arra \u00f6szt\u00f6n\u00f6znek, hogy olyan darabokba fektess, amiket \u00e9vekig szeretni fogsz. A tudatos gardr\u00f3b alapja a tudatos gondolkod\u00e1s.<\/p>\n<h3>A divat id\u00e9zetek hat\u00e1sa a magabiztoss\u00e1gra \u00e9s \u00f6nbizalomra<\/h3>\n<p>Egy j\u00f3 szett megv\u00e1ltoztatja a tart\u00e1sod. Kih\u00fazod magad, m\u00e1sk\u00e9pp j\u00e1rsz, m\u00e1sk\u00e9pp besz\u00e9lsz. A ruh\u00e1knak pszichol\u00f3giai hat\u00e1suk van r\u00e1nk. \u00c9s az <b>inspir\u00e1l\u00f3 divat id\u00e9zetek<\/b> ezt a hat\u00e1st er\u0151s\u00edtik fel. A <b>n\u0151i divat id\u00e9zetek magabiztoss\u00e1ghoz<\/b> olyanok, mint a verb\u00e1lis l\u00f6ket. Amikor elolvasol egy mondatot arr\u00f3l, hogy a st\u00edlusnak semmi k\u00f6ze a m\u00e9rethez vagy az \u00e9letkorhoz, elhiszed. Mert igaz. Ezek a mondatok lebontj\u00e1k a benn\u00fcnk \u00e9l\u0151 korl\u00e1tokat \u00e9s a t\u00e1rsadalmi elv\u00e1r\u00e1sokat. A <b>divat id\u00e9zetek n\u0151knek \u00f6nbizalom n\u00f6vel\u00e9s\u00e9hez<\/b> k\u00fcl\u00f6n\u00f6sen fontosak, mert egy olyan vil\u00e1gban \u00e9l\u00fcnk, ami folyamatosan a t\u00f6k\u00e9letess\u00e9get sulykolja. Egy id\u00e9zet Diane von Furstenbergt\u0151l \u2013 \u201e\u00c9rezd magad n\u0151nek, viselj ruh\u00e1t.\u201d \u2013 egyszer\u0171, m\u00e9gis felszabad\u00edt\u00f3 erej\u0171. Arra eml\u00e9keztet, hogy a n\u0151iess\u00e9g\u00fcnk \u00fcnnepl\u00e9sre m\u00e9lt\u00f3. A <a href=\"https:\/\/worldpoint.eu\/hu\/divat-nagyasszonyok-stilusikonok-oroksege\/\">divat nagyasszonyainak \u00f6r\u00f6ks\u00e9ge<\/a> pont ebben rejlik: megmutatt\u00e1k, hogy a st\u00edlus az \u00f6nbizalom legszebb kieg\u00e9sz\u00edt\u0151je. Az \u0151 szavaik ma is er\u0151t adnak. N\u00e9ha t\u00f6bb er\u0151t, mint egy gyilkos magassark\u00fa. Vagy nem. Tal\u00e1n a kett\u0151 egy\u00fctt az igazi. A <b>h\u00edres divattervez\u0151k id\u00e9zetei magyarul<\/b> is ezt az er\u0151t sug\u00e1rozz\u00e1k.<\/p>\n<h3>Tal\u00e1ld meg a hozz\u00e1d ill\u0151 divat mott\u00f3t: \u00d6sszefoglal\u00e1s \u00e9s tov\u00e1bbi inspir\u00e1ci\u00f3<\/h3>\n<p>A l\u00e9nyeg, hogy megtal\u00e1ld a saj\u00e1t mantr\u00e1dat. Azt az egy mondatot, ami te vagy. Ami \u00f6sszefoglalja a st\u00edlusodat, a hozz\u00e1\u00e1ll\u00e1sodat, a filoz\u00f3fi\u00e1dat. Lehet, hogy ez egy klasszikus gondolat Chanelt\u0151l, vagy egy modern, provokat\u00edv \u00fczenet egy fiatal tervez\u0151t\u0151l. Teljesen mindegy. A tied. Az utaz\u00e1s, am\u00edg megtal\u00e1lod, maga az \u00f6nismeret. A <b>legjobb divat mott\u00f3k a szem\u00e9lyes st\u00edlushoz<\/b> azok, amelyek szem\u00e9lyesen hozz\u00e1d sz\u00f3lnak. Amikor meg\u00e9rtj\u00fck, <b>mit jelentenek a divat id\u00e9zetek<\/b> \u2013 hogy nem a ruh\u00e1kr\u00f3l, hanem r\u00f3lunk sz\u00f3lnak \u2013, akkor ny\u00edlik ki egy \u00faj vil\u00e1g. Egy vil\u00e1g, ahol az \u00f6lt\u00f6zk\u00f6d\u00e9s nem ny\u0171g, hanem \u00f6r\u00f6m. Nem megfelel\u00e9si k\u00e9nyszer, hanem a szabads\u00e1g kifejez\u00e9se. A <b>n\u0151i divat id\u00e9zetek magabiztoss\u00e1ghoz<\/b> vezetnek, utat mutatnak. Rem\u00e9lem, ez a gy\u0171jtem\u00e9ny seg\u00edtett elindulni ezen az \u00faton. Most pedig rajtad a sor. Olvass, keress, inspir\u00e1l\u00f3dj, \u00e9s tal\u00e1ld meg azt a hangot, ami a legink\u00e1bb a ti\u00e9d. Hiszen a nap v\u00e9g\u00e9n a legfontosabb <b>inspir\u00e1l\u00f3 divat id\u00e9zetek<\/b> azok, amiket te magad \u00edrsz a saj\u00e1t st\u00edlusoddal, minden \u00e1ldott nap. Mert a legjobb st\u00edlusikon mindig te magad vagy.<\/p>\n<p>Ez a cikk sz\u00e1mtalan <b>inspir\u00e1l\u00f3 divat id\u00e9zetek<\/b> gy\u0171jtem\u00e9ny\u00e9t dolgozta fel, hogy a legjobbakat hozza el neked. A <b>legjobb divat mott\u00f3k a szem\u00e9lyes st\u00edlushoz<\/b> megtal\u00e1l\u00e1sa egy utaz\u00e1s, amelyben ezek a gondolatok a legjobb \u00fatit\u00e1rsaid lesznek. Ne feledd, az <b>\u00f6nkifejez\u00e9s a divaton kereszt\u00fcl id\u00e9zetek<\/b> seg\u00edts\u00e9g\u00e9vel sokkal k\u00f6nnyebb. V\u00e1gj bele b\u00e1tran!<\/p>\n","protected":false},"excerpt":{"rendered":"<p>Eml\u00e9kszem, tin\u00e9dzserk\u00e9nt a szob\u00e1m fala tele volt ragasztva magazinokb\u00f3l kiv\u00e1gott k\u00e9pekkel \u00e9s id\u00e9zetekkel. Divatfot\u00f3k, szupermodellek \u00e9s persze, r\u00f6vid, vel\u0151s mondatok, amik valahogy t\u00f6bbet mondtak ezer sz\u00f3n\u00e1l. Ezek voltak az \u00e9n els\u0151 tal\u00e1lkoz\u00e1saim azzal, amit ma \u00fagy h\u00edvunk: inspir\u00e1l\u00f3 divat id\u00e9zetek. Akkor m\u00e9g nem tudtam, de ezek a szavak form\u00e1lt\u00e1k a st\u00edlusomr\u00f3l, az \u00f6nkifejez\u00e9sr\u0151l \u00e9s a [&hellip;]<\/p>\n","protected":false},"author":2,"featured_media":0,"comment_status":"","ping_status":"","sticky":false,"template":"","format":"standard","meta":{"footnotes":""},"categories":[1],"tags":[],"class_list":["post-342","post","type-post","status-publish","format-standard","hentry","category-uzlet"],"_links":{"self":[{"href":"https:\/\/worldpoint.eu\/hu\/wp-json\/wp\/v2\/posts\/342","targetHints":{"allow":["GET"]}}],"collection":[{"href":"https:\/\/worldpoint.eu\/hu\/wp-json\/wp\/v2\/posts"}],"about":[{"href":"https:\/\/worldpoint.eu\/hu\/wp-json\/wp\/v2\/types\/post"}],"author":[{"embeddable":true,"href":"https:\/\/worldpoint.eu\/hu\/wp-json\/wp\/v2\/users\/2"}],"replies":[{"embeddable":true,"href":"https:\/\/worldpoint.eu\/hu\/wp-json\/wp\/v2\/comments?post=342"}],"version-history":[{"count":0,"href":"https:\/\/worldpoint.eu\/hu\/wp-json\/wp\/v2\/posts\/342\/revisions"}],"wp:attachment":[{"href":"https:\/\/worldpoint.eu\/hu\/wp-json\/wp\/v2\/media?parent=342"}],"wp:term":[{"taxonomy":"category","embeddable":true,"href":"https:\/\/worldpoint.eu\/hu\/wp-json\/wp\/v2\/categories?post=342"},{"taxonomy":"post_tag","embeddable":true,"href":"https:\/\/worldpoint.eu\/hu\/wp-json\/wp\/v2\/tags?post=342"}],"curies":[{"name":"wp","href":"https:\/\/api.w.org\/{rel}","templated":true}]}}