{"id":338,"date":"2025-10-15T14:18:17","date_gmt":"2025-10-15T12:18:17","guid":{"rendered":"https:\/\/worldpoint.eu\/hu\/retro-divat\/"},"modified":"2025-10-15T14:18:17","modified_gmt":"2025-10-15T12:18:17","slug":"retro-divat","status":"publish","type":"post","link":"https:\/\/worldpoint.eu\/hu\/retro-divat\/","title":{"rendered":"Retr\u00f3 Divat \u00datmutat\u00f3 A M\u00falt Id\u0151tlen St\u00edlus\u00e1nak Felfedez\u00e9se"},"content":{"rendered":"<p>Van valami megmagyar\u00e1zhatatlanul vonz\u00f3 a m\u00faltban, nem igaz? Egyfajta nosztalgikus var\u00e1zslat, ami \u00fajra \u00e9s \u00fajra visszacs\u00e1b\u00edt minket. Ez hatv\u00e1nyozottan igaz az \u00f6lt\u00f6zk\u00f6d\u00e9sre. A retr\u00f3 divat nem csup\u00e1n ruh\u00e1k halmaza; ez egy id\u0151utaz\u00e1s, egyfajta tisztelg\u00e9s a let\u0171nt korok mer\u00e9szs\u00e9ge, eleganci\u00e1ja \u00e9s egyedis\u00e9ge el\u0151tt. Nem arr\u00f3l sz\u00f3l, hogy jelmezbe \u00f6lt\u00f6z\u00fcnk, hanem hogy a m\u00falt legizgalmasabb darabjait \u00e1temelj\u00fck a jelenbe, \u00e9s a saj\u00e1t szem\u00e9lyis\u00e9g\u00fcnkre form\u00e1ljuk \u0151ket. Egy olyan j\u00e1t\u00e9k, ahol a szab\u00e1lyokat mi \u00edrjuk, \u00e9s a v\u00e9geredm\u00e9ny mindig valami elk\u00e9peszt\u0151en st\u00edlusos.<\/p>\n<h2>A retr\u00f3 st\u00edlus gy\u00f6kerei \u00e9s vonzereje: Mi\u00e9rt inspir\u00e1l minket a m\u00falt?<\/h2>\n<p>De mi\u00e9rt vonz\u00f3dunk ennyire a r\u00e9gihez egy olyan vil\u00e1gban, ami a folyamatos \u00fajdons\u00e1gra \u00e9p\u00fcl? A v\u00e1lasz egyszer\u0171bb, mint gondoln\u00e1nk. A mai, gyorsan v\u00e1ltoz\u00f3 divat vil\u00e1g\u00e1ban a retr\u00f3 darabok min\u0151s\u00e9get, tart\u00f3ss\u00e1got \u00e9s karaktert k\u00e9pviselnek. Egy r\u00e9gi b\u0151rdzseki, egy nagymam\u00e1t\u00f3l \u00f6r\u00f6k\u00f6lt selyemkend\u0151 \u2013 ezeknek t\u00f6rt\u00e9net\u00fck van. Lehet, hogy m\u00e1r akkor is l\u00e9teztek, amikor mi m\u00e9g meg sem sz\u00fclett\u00fcnk. Ez a fajta kapcsol\u00f3d\u00e1s a m\u00falthoz biztons\u00e1got \u00e9s egyfajta \u00e1lland\u00f3s\u00e1got ad. R\u00e1ad\u00e1sul a retr\u00f3 divat egyfajta l\u00e1zad\u00e1s is a t\u00f6megtermel\u00e9s ellen. Amikor egy ilyen darabot viselsz, szinte biztos lehetsz benne, hogy nem fog veled szembej\u00f6nni az utc\u00e1n. Ez az egyedis\u00e9g teszi a retr\u00f3 divat eg\u00e9sz\u00e9t annyira vonz\u00f3v\u00e1 \u00e9s szem\u00e9lyess\u00e9. Val\u00f3j\u00e1ban ez a titka, hogy mi\u00e9rt n\u00e9pszer\u0171 a retr\u00f3 st\u00edlus ennyire: egyedi t\u00f6rt\u00e9neteket mes\u00e9l.<\/p>\n<h2>Az inspir\u00e1l\u00f3 \u00e9vtizedek: Honnan mer\u00edt a mai retr\u00f3?<\/h2>\n<p>A retr\u00f3 nem egyetlen, egys\u00e9ges st\u00edlust takar. \u00c9pp ellenkez\u0151leg. Egy hatalmas, sz\u00ednes mer\u00edt\u00e9si alap, tele k\u00fcl\u00f6nb\u00f6z\u0151 \u00e9vtizedek legmeghat\u00e1roz\u00f3bb trendjeivel. A huszadik sz\u00e1zad m\u00e1sodik fele k\u00fcl\u00f6n\u00f6sen gazdag forr\u00e1sa a mai retr\u00f3 divat inspir\u00e1ci\u00f3inak, hiszen minden egyes \u00e9vtized egy-egy mark\u00e1ns, j\u00f3l elk\u00fcl\u00f6n\u00edthet\u0151 eszt\u00e9tik\u00e1t hozott mag\u00e1val, a maga t\u00e1rsadalmi \u00e9s kultur\u00e1lis lenyomat\u00e1val egy\u00fctt. Most ezekbe az izgalmas korszakokba fogunk egy kicsit m\u00e9lyebben bele\u00e1sni.<\/p>\n<h2>Kiemelked\u0151 korszakok a retr\u00f3 divat t\u00f6rt\u00e9net\u00e9ben<\/h2>\n<p>Minden \u00e9vtizednek megvolt a maga forradalma, l\u00e1zad\u00e1sa \u00e9s sz\u00e9ps\u00e9gide\u00e1lja, ami l\u00e1tv\u00e1nyosan megjelent az \u00f6lt\u00f6zk\u00f6d\u00e9sben is. Ezek a korszakok form\u00e1lt\u00e1k azt, amit ma gy\u0171jt\u0151n\u00e9ven retr\u00f3 divat n\u00e9ven emleget\u00fcnk. Utazzunk vissza az id\u0151ben, \u00e9s n\u00e9zz\u00fck meg, melyek voltak a legmeghat\u00e1roz\u00f3bb \u00e1llom\u00e1sok!<\/p>\n<h2>A &#8217;60-as \u00e9vek: J\u00e1t\u00e9koss\u00e1g \u00e9s forradalmi \u00faj\u00edt\u00e1sok<\/h2>\n<p>A hatvanas \u00e9vek a felszabadul\u00e1s \u00e9s a fiatals\u00e1g \u00fcnnepl\u00e9s\u00e9nek kora volt. \u00d3ri\u00e1si v\u00e1ltoz\u00e1sok. A divat k\u00f6z\u00e9ppontj\u00e1ba London ker\u00fclt a &#8220;Swinging London&#8221; mozgalommal. Megjelent a miniszoknya, ami val\u00f3s\u00e1gos sokk\u00e9nt \u00e9rte a konzervat\u00edvabb vil\u00e1got, \u00e9s egy csap\u00e1sra a n\u0151i emancip\u00e1ci\u00f3 szimb\u00f3lum\u00e1v\u00e1 v\u00e1lt. A trap\u00e9z szab\u00e1s\u00fa ruh\u00e1k, a geometrikus mint\u00e1k, az \u00e9l\u00e9nk, szinte pszichedelikus sz\u00ednek \u00e9s a m\u0171anyag kieg\u00e9sz\u00edt\u0151k mind a korszak optimizmus\u00e1t \u00e9s j\u00f6v\u0151be vetett hit\u00e9t t\u00fckr\u00f6zt\u00e9k. A korabeli retr\u00f3 divat nem f\u00e9lt a k\u00eds\u00e9rletez\u00e9st\u0151l. A sziluettek egyszer\u0171s\u00f6dtek, a vonalak letisztultak lettek, amihez hozz\u00e1j\u00e1rult az <a href=\"https:\/\/worldpoint.eu\/hu\/olasz-noi-divat-tippek\/\">olasz retr\u00f3 divat st\u00edlus<\/a> \u00e9les szab\u00e1svonalainak hat\u00e1sa is. Ez az \u00e9vtized alapozta meg a modern retr\u00f3 divat j\u00e1t\u00e9koss\u00e1g\u00e1t, \u00e9s megmutatta, hogy az \u00f6lt\u00f6zk\u00f6d\u00e9s lehet vid\u00e1m \u00e9s felszabad\u00edt\u00f3 is. A &#8217;60-as \u00e9vek divatja jellemz\u0151k ter\u00e9n abszol\u00fat \u00fatt\u00f6r\u0151 volt.<\/p>\n<h2>A &#8217;70-es \u00e9vek: Szabads\u00e1g, diszk\u00f3 \u00e9s boh\u00e9m elegancia<\/h2>\n<p>A hetvenes \u00e9vek egy kett\u0151s \u00e9vtized volt: egyszerre volt jelen a hippi mozgalom f\u00f6ldk\u00f6zeli, laza st\u00edlusa \u00e9s a diszk\u00f3korszak csillog\u00f3, vibr\u00e1l\u00f3 vil\u00e1ga. Ez a kett\u0151ss\u00e9g teszi annyira izgalmass\u00e1 ezt az id\u0151szakot a retr\u00f3 divat szempontj\u00e1b\u00f3l. Egyik oldalon ott voltak a trap\u00e9znadr\u00e1gok, a horgolt mell\u00e9nyek, a rojtos t\u00e1sk\u00e1k \u00e9s a vir\u00e1gmint\u00e1s maxiruh\u00e1k, amelyek a term\u00e9szet szeretet\u00e9t \u00e9s a b\u00e9k\u00e9t hirdett\u00e9k. A m\u00e1sik oldalon pedig j\u00f6tt a diszk\u00f3l\u00e1z. F\u00e9nyes anyagok, csillog\u00f3 flitterek, mer\u00e9sz kiv\u00e1g\u00e1sok \u00e9s persze az elmaradhatatlan platfomcip\u0151k. A korabeli <a href=\"https:\/\/worldpoint.eu\/hu\/retro-disco-divat-utmutato\/\">retr\u00f3 disco ruh\u00e1zat inspir\u00e1ci\u00f3<\/a> ma is hatalmas, ha egy igaz\u00e1n felt\u0171n\u0151 szettre v\u00e1gyunk. A hetvenes \u00e9vek a szabads\u00e1gr\u00f3l sz\u00f3lt, arr\u00f3l, hogy merj \u00f6nmagad lenni, ak\u00e1r egy lenge hippi ruh\u00e1ban, ak\u00e1r egy csillog\u00f3 over\u00e1lban. Az ebb\u0151l a korb\u00f3l sz\u00e1rmaz\u00f3 retr\u00f3 divat darabok, k\u00fcl\u00f6n\u00f6sen a min\u0151s\u00e9gi &#8217;70-es \u00e9vek st\u00edlus\u00fa ruh\u00e1k, ma is rendk\u00edv\u00fcl keresettek. A trap\u00e9zfarmer p\u00e9ld\u00e1ul \u00f6r\u00f6k darabja lett a retr\u00f3 divat reperto\u00e1rj\u00e1nak.<\/p>\n<h2>A &#8217;80-as \u00e9vek: Mer\u00e9sz sz\u00ednek, extravag\u00e1ns form\u00e1k<\/h2>\n<p>Ha egy sz\u00f3val kellene jellemezni a nyolcvanas \u00e9veket, az a &#8220;t\u00falz\u00e1s&#8221; lenne. De a legjobb \u00e9rtelemben! Ez volt a power dressing, a v\u00e1llt\u00f6m\u00e9sek, a neon sz\u00ednek \u00e9s az extra m\u00e9ret\u0171 log\u00f3k \u00e9vtizede. Minden hars\u00e1ny volt, hangos \u00e9s felt\u0171n\u0151. A n\u0151k maszkulin szab\u00e1s\u00fa bl\u00e9zereket hordtak, hogy megmutass\u00e1k erej\u00fcket az \u00fczleti vil\u00e1gban, m\u00edg az edz\u0151termekb\u0151l kiszabadult a fesz\u00fcl\u0151s, sz\u00ednes leggings \u00e9s a l\u00e1bsz\u00e1rv\u00e9d\u0151, mint utcai viselet. A zenei szubkult\u00far\u00e1k, mint a pop, a rock \u00e9s a new wave, \u00f3ri\u00e1si hat\u00e1ssal voltak az \u00f6lt\u00f6zk\u00f6d\u00e9sre. Gondoljunk csak Madonna csipk\u00e9s, fesz\u00fcl\u0151s szettjeire vagy a Duran Duran eleg\u00e1ns, m\u00e9gis laza st\u00edlus\u00e1ra. Az akkori retr\u00f3 divat a maximalizmusr\u00f3l sz\u00f3lt. A &#8217;80-as \u00e9vek divat trendek k\u00f6z\u00e9ppontj\u00e1ban a magabiztoss\u00e1g \u00e9s az \u00f6nkifejez\u00e9s \u00e1llt, \u00e9s nem f\u00e9lt mindezt a vil\u00e1g arc\u00e1ba kiab\u00e1lni. Egy igazi, hamis\u00edtatlan retr\u00f3 divat korszak!<\/p>\n<h2>A &#8217;90-es \u00e9vek: Minimalizmus, grunge \u00e9s laza elegancia<\/h2>\n<p>A nyolcvanas \u00e9vek hars\u00e1nys\u00e1ga ut\u00e1n a kilencvenes \u00e9vek egyfajta megnyugv\u00e1st hozott. Vagy ink\u00e1bb egy m\u00e1sfajta l\u00e1zad\u00e1st. A grunge szubkult\u00fara Seattle-b\u0151l indult, \u00e9s mag\u00e1val hozta a szakadt farmereket, a kock\u00e1s ingeket \u00e9s a slampos, r\u00e9teges \u00f6lt\u00f6zk\u00f6d\u00e9st. Ez volt az anti-divat, ami v\u00e9g\u00fcl maga is \u00f3ri\u00e1si divatt\u00e1 v\u00e1lt. Ezzel p\u00e1rhuzamosan h\u00f3d\u00edtott a minimalizmus is, letisztult sziluettekkel, semleges sz\u00ednekkel \u00e9s egyszer\u0171, de min\u0151s\u00e9gi anyagokkal. A spagettip\u00e1ntos ruh\u00e1k, a szat\u00e9n szokny\u00e1k \u00e9s a testhez\u00e1ll\u00f3 garb\u00f3k a korszak meghat\u00e1roz\u00f3 darabjai lettek. A retr\u00f3 divat ebb\u0151l az \u00e9r\u00e1b\u00f3l a lazas\u00e1got \u00e9s a k\u00f6nnyed eleganci\u00e1t vette \u00e1t. A &#8217;90-es \u00e9vek ruhatrendek ma \u00fajra f\u00e9nykorukat \u00e9lik, bizony\u00edtva, hogy a j\u00f3 retr\u00f3 divat mindig visszat\u00e9r.<\/p>\n<h2>Hogyan illessz\u00fck be a retr\u00f3 elemeket a modern gardr\u00f3bunkba?<\/h2>\n<p>Ok\u00e9, de a nagy k\u00e9rd\u00e9s az, hogyan \u00f6lt\u00f6zz\u00fcnk retr\u00f3 st\u00edlusban an\u00e9lk\u00fcl, hogy jelmezb\u00e1lba k\u00e9sz\u00fcln\u00e9nk? A kulcs a m\u00e9rt\u00e9kletess\u00e9g \u00e9s a tudatos kombin\u00e1l\u00e1s. Nem kell tet\u0151t\u0151l talpig egy adott korszakba \u00f6lt\u00f6zni. S\u0151t, kifejezetten nem aj\u00e1nlott! A c\u00e9l az, hogy egy-egy karakteres retr\u00f3 darabbal dobd fel a modern, letisztult szettjeidet. Ez a megk\u00f6zel\u00edt\u00e9s teszi a retr\u00f3 divat visel\u00e9s\u00e9t izgalmass\u00e1 \u00e9s v\u00e9gtelen\u00fcl kreat\u00edvv\u00e1. Mutatjuk a legjobb tr\u00fckk\u00f6ket!<\/p>\n<h2>Mix &amp; Match: A r\u00e9gi \u00e9s az \u00faj harm\u00f3ni\u00e1ja<\/h2>\n<p>Ez a legfontosabb szab\u00e1ly. Fogj egyetlen retr\u00f3 darabot, \u00e9s \u00e9p\u00edtsd k\u00f6r\u00e9 a szettedet modern elemekkel. P\u00e9ld\u00e1ul egy hetvenes \u00e9vekbeli, mint\u00e1s bl\u00fazt p\u00e1ros\u00edts egy mai szab\u00e1s\u00fa, magas derek\u00fa farmerral \u00e9s egy minimalista sportcip\u0151vel. Vagy egy hatvanas \u00e9vekbeli trap\u00e9zruh\u00e1t viselj egy modern b\u0151rdzsekivel. Az ellent\u00e9tek vonzz\u00e1k egym\u00e1st, \u00e9s ez a divatban sincs m\u00e1sk\u00e9pp. A r\u00e9gi \u00e9s az \u00faj kombin\u00e1ci\u00f3ja egyens\u00falyt teremt, \u00e9s megakad\u00e1lyozza, hogy a megjelen\u00e9sed &#8220;t\u00fal sok&#8221; legyen. Ez a retr\u00f3 divat tippek n\u0151knek egyik alappill\u00e9re. K\u00eds\u00e9rletezz b\u00e1tran! Egy r\u00f6vid <a href=\"https:\/\/worldpoint.eu\/hu\/bolero-divat-utmutato\/\">boler\u00f3 retr\u00f3 divat kombin\u00e1ci\u00f3k<\/a> eset\u00e9ben is t\u00f6k\u00e9letesen m\u0171k\u00f6dhet egy modern, testhez\u00e1ll\u00f3 ruh\u00e1val. A l\u00e9nyeg, hogy a retr\u00f3 divat inspir\u00e1ljon, ne pedig korl\u00e1tozzon.<\/p>\n<h2>A kieg\u00e9sz\u00edt\u0151k ereje: M\u00faltid\u00e9z\u0151 darabok a mai szettekben<\/h2>\n<p>Ha m\u00e9g csak ismerkedsz a retr\u00f3val, a legjobb kezd\u00e9s a kieg\u00e9sz\u00edt\u0151k vil\u00e1ga. Egy-egy j\u00f3l megv\u00e1lasztott darabbal is hatalmas hat\u00e1st \u00e9rhetsz el an\u00e9lk\u00fcl, hogy teljesen megv\u00e1ltoztatn\u00e1d a st\u00edlusodat. Egy hetvenes \u00e9veket id\u00e9z\u0151, nagym\u00e9ret\u0171 napszem\u00fcveg, egy art deco st\u00edlus\u00fa t\u00e1ska, egy p\u00e1r statement f\u00fclbeval\u00f3 a nyolcvanas \u00e9vekb\u0151l, vagy egy selyemkend\u0151 a nyakadban \u2013 ezek mind-mind apr\u00f3, de ann\u00e1l hat\u00e1sosabb utal\u00e1sok a m\u00faltra. A kieg\u00e9sz\u00edt\u0151kkel k\u00f6nnyed\u00e9n csemp\u00e9szhetsz egy kis retr\u00f3 hangulatot a legegyszer\u0171bb p\u00f3l\u00f3-farmer szettbe is. Ez a retr\u00f3 divat legegyszer\u0171bb form\u00e1ja, ami azonnal feldobja a megjelen\u00e9sedet.<\/p>\n<h2>Autentikus retr\u00f3 kincsek felkutat\u00e1sa \u00e9s visel\u00e9se<\/h2>\n<p>Az igazi retr\u00f3 \u00e9lm\u00e9nyhez hozz\u00e1tartozik a kincsvad\u00e1szat is. Persze, ma m\u00e1r sok m\u00e1rka k\u00e9sz\u00edt retr\u00f3 ihlet\u00e9s\u0171 ruh\u00e1kat, de az igazi, autentikus daraboknak lelk\u00fck van. Hol tal\u00e1lhatsz ilyet? Turiz\u00f3kban, bolhapiacokon, vintage boltokban \u00e9s online platformokon. Eml\u00e9kszem, egyszer egy apr\u00f3, eldugott boltban tal\u00e1ltam r\u00e1 egy t\u00f6k\u00e9letes \u00e1llapot\u00fa, hetvenes \u00e9vekbeli vel\u00far rojtos dzsekire. Ahogy felvettem, \u00e9reztem, hogy ennek a kab\u00e1tnak t\u00f6rt\u00e9nete van. Koncerteken j\u00e1rt, bulikban t\u00e1ncolt, nevetett \u00e9s s\u00edrt. Ez az \u00e9rz\u00e9s p\u00f3tolhatatlan. Persze, az autentikus retr\u00f3 darabok lel\u0151helye n\u00e9ha t\u00fcrelmet ig\u00e9nyel, de a v\u00e9geredm\u00e9ny meg\u00e9ri a f\u00e1radoz\u00e1st. Az ilyen ruh\u00e1k visel\u00e9se egy k\u00fcl\u00f6nleges kapcsol\u00f3d\u00e1s a m\u00falthoz, ami a retr\u00f3 divat egyik legnagyobb vonzereje.<\/p>\n<h2>A f\u00e9rfi retr\u00f3 divat: Klasszikus elegancia \u00e9s karakteres megjelen\u00e9s<\/h2>\n<p>Nem szabad megfeledkezni arr\u00f3l, hogy a retr\u00f3 nem csak a n\u0151i ruhat\u00e1rban h\u00f3d\u00edt. A f\u00e9rfi retr\u00f3 divat is tele van ikonikus darabokkal, amelyek ma is ugyanolyan st\u00edlusosak, mint \u00e9vtizedekkel ezel\u0151tt. Gondoljunk csak James Dean farmer-p\u00f3l\u00f3 kombin\u00e1ci\u00f3j\u00e1ra, Marlon Brando b\u0151rdzsekij\u00e9re vagy a hatvanas \u00e9vek mod st\u00edlus\u00e1nak \u00e9les szab\u00e1s\u00fa \u00f6lt\u00f6nyeire. A klasszikus ballonkab\u00e1t, a tweed zak\u00f3, a mint\u00e1s ingek vagy egy j\u00f3 min\u0151s\u00e9g\u0171, r\u00e9gi farmer mind-mind olyan elemek, amelyek karaktert \u00e9s id\u0151tlen eleganci\u00e1t adnak egy f\u00e9rfi megjelen\u00e9s\u00e9nek. A mai <a href=\"https:\/\/worldpoint.eu\/hu\/ferfi-divat-trendek-stilus-utmutato\/\">retr\u00f3 divat f\u00e9rfiaknak \u00f6tletek<\/a> ter\u00e9n is rengeteg lehet\u0151s\u00e9get k\u00edn\u00e1l, \u00f6tv\u00f6zve a m\u00falt macs\u00f3 s\u00e1rmj\u00e1t a jelen lazas\u00e1g\u00e1val.<\/p>\n<h2>St\u00edlusikonok, akik \u00f6r\u00f6kre be\u00edrt\u00e1k magukat a retr\u00f3 divat t\u00f6rt\u00e9nelm\u00e9be<\/h2>\n<p>Minden korszaknak megvoltak a maga arcai, akik nemcsak viselt\u00e9k, de form\u00e1lt\u00e1k is a divatot. \u0150k azok a h\u00edres retr\u00f3 divat ikonok, akiknek a st\u00edlusa ma is inspir\u00e1ci\u00f3k milli\u00f3inak szolg\u00e1l. Audrey Hepburn klasszikus eleganci\u00e1ja a hatvanas \u00e9vekben, Jane Birkin laza, francia sikkes megjelen\u00e9se a hetvenes \u00e9vekben, vagy Kate Moss minimalista vonzereje a kilencvenes \u00e9vekben mind-mind \u00f6r\u00f6k \u00e9rv\u00e9ny\u0171ek. Ezek a n\u0151k nemcsak ruh\u00e1kat viseltek, hanem egy \u00e9let\u00e9rz\u00e9st k\u00e9pviseltek, ami \u00e1thatotta a st\u00edlusukat. Az \u0151 \u00f6r\u00f6ks\u00e9g\u00fck a bizony\u00edt\u00e9k arra, hogy a retr\u00f3 divat t\u00f6bb mint trend: ez egyfajta hozz\u00e1\u00e1ll\u00e1s. Az \u0151 <a href=\"https:\/\/worldpoint.eu\/hu\/divat-nagyasszonyok-stilusikonok-oroksege\/\">st\u00edlusikonok \u00f6r\u00f6ks\u00e9ge<\/a> ma is vel\u00fcnk \u00e9l.<\/p>\n<h2>A retr\u00f3 divat j\u00f6v\u0151je: \u00d6r\u00f6kk\u00e9val\u00f3 trend vagy folyamatos meg\u00fajul\u00e1s?<\/h2>\n<p>Vajon a retr\u00f3 csak egy m\u00fal\u00f3 h\u00f3bort? Aligha. A m\u00falt ir\u00e1nti vonzalom \u00e1lland\u00f3, \u00e9s a divat ciklikuss\u00e1ga garant\u00e1lja, hogy a r\u00e9gi trendek \u00fajra \u00e9s \u00fajra visszat\u00e9rnek, persze mindig egy kicsit m\u00e1sk\u00e9pp, a jelen kornak megfelel\u0151en \u00fajra\u00e9rtelmezve. S\u0151t, egyre fontosabb\u00e1 v\u00e1lik a fenntarthat\u00f3 retr\u00f3 divat gondolata is. A haszn\u00e1lt, vintage ruh\u00e1k v\u00e1s\u00e1rl\u00e1sa a legk\u00f6rnyezettudatosabb m\u00f3dja az \u00f6lt\u00f6zk\u00f6d\u00e9snek, hiszen nem ig\u00e9nyel \u00faj er\u0151forr\u00e1sokat. A retr\u00f3 divat teh\u00e1t nemcsak st\u00edlusos \u00e9s egyedi, de felel\u0151ss\u00e9gteljes v\u00e1laszt\u00e1s is. A j\u00f6v\u0151je \u00e9ppen ebben a kett\u0151ss\u00e9gben rejlik: a m\u00falt sz\u00e9ps\u00e9g\u00e9nek meg\u0151rz\u00e9s\u00e9ben \u00e9s a j\u00f6v\u0151 fenntarthat\u00f3s\u00e1g\u00e1nak \u00e9p\u00edt\u00e9s\u00e9ben.<\/p>\n","protected":false},"excerpt":{"rendered":"<p>Van valami megmagyar\u00e1zhatatlanul vonz\u00f3 a m\u00faltban, nem igaz? Egyfajta nosztalgikus var\u00e1zslat, ami \u00fajra \u00e9s \u00fajra visszacs\u00e1b\u00edt minket. Ez hatv\u00e1nyozottan igaz az \u00f6lt\u00f6zk\u00f6d\u00e9sre. A retr\u00f3 divat nem csup\u00e1n ruh\u00e1k halmaza; ez egy id\u0151utaz\u00e1s, egyfajta tisztelg\u00e9s a let\u0171nt korok mer\u00e9szs\u00e9ge, eleganci\u00e1ja \u00e9s egyedis\u00e9ge el\u0151tt. Nem arr\u00f3l sz\u00f3l, hogy jelmezbe \u00f6lt\u00f6z\u00fcnk, hanem hogy a m\u00falt legizgalmasabb darabjait \u00e1temelj\u00fck [&hellip;]<\/p>\n","protected":false},"author":2,"featured_media":0,"comment_status":"","ping_status":"","sticky":false,"template":"","format":"standard","meta":{"footnotes":""},"categories":[1],"tags":[],"class_list":["post-338","post","type-post","status-publish","format-standard","hentry","category-uzlet"],"_links":{"self":[{"href":"https:\/\/worldpoint.eu\/hu\/wp-json\/wp\/v2\/posts\/338","targetHints":{"allow":["GET"]}}],"collection":[{"href":"https:\/\/worldpoint.eu\/hu\/wp-json\/wp\/v2\/posts"}],"about":[{"href":"https:\/\/worldpoint.eu\/hu\/wp-json\/wp\/v2\/types\/post"}],"author":[{"embeddable":true,"href":"https:\/\/worldpoint.eu\/hu\/wp-json\/wp\/v2\/users\/2"}],"replies":[{"embeddable":true,"href":"https:\/\/worldpoint.eu\/hu\/wp-json\/wp\/v2\/comments?post=338"}],"version-history":[{"count":0,"href":"https:\/\/worldpoint.eu\/hu\/wp-json\/wp\/v2\/posts\/338\/revisions"}],"wp:attachment":[{"href":"https:\/\/worldpoint.eu\/hu\/wp-json\/wp\/v2\/media?parent=338"}],"wp:term":[{"taxonomy":"category","embeddable":true,"href":"https:\/\/worldpoint.eu\/hu\/wp-json\/wp\/v2\/categories?post=338"},{"taxonomy":"post_tag","embeddable":true,"href":"https:\/\/worldpoint.eu\/hu\/wp-json\/wp\/v2\/tags?post=338"}],"curies":[{"name":"wp","href":"https:\/\/api.w.org\/{rel}","templated":true}]}}