{"id":328,"date":"2025-10-15T12:49:54","date_gmt":"2025-10-15T10:49:54","guid":{"rendered":"https:\/\/worldpoint.eu\/hu\/viktoria-divat-gyor-uzlet\/"},"modified":"2025-10-15T12:49:54","modified_gmt":"2025-10-15T10:49:54","slug":"viktoria-divat-gyor-uzlet","status":"publish","type":"post","link":"https:\/\/worldpoint.eu\/hu\/viktoria-divat-gyor-uzlet\/","title":{"rendered":"Vikt\u00f3ria divat Gy\u0151r \u00fczlet &#8211; St\u00edlus \u00e9s Elegancia Egy Helyen"},"content":{"rendered":"<p>Belef\u00e1radt m\u00e1r abba, hogy ugyanazokat a ruh\u00e1kat l\u00e1tja mindenhol? \u00c9n igen. Gy\u0151r utc\u00e1it j\u00e1rva n\u00e9ha az az \u00e9rz\u00e9sem, hogy a nagy divatl\u00e1ncok uniformiz\u00e1ltak mindent \u00e9s mindenkit. Ugyanaz a szab\u00e1s, ugyanaz a minta, ugyanaz a l\u00e9lektelen t\u00f6megtermel\u00e9s. De mi van akkor, ha valami t\u00f6bbre v\u00e1gyik az ember? Valami egyedire, min\u0151s\u00e9gire, ami t\u00e9nyleg t\u00fckr\u00f6zi a szem\u00e9lyis\u00e9g\u00e9t. Pontosan ezt a frusztr\u00e1ci\u00f3t \u00e9reztem, amikor egy bar\u00e1tom azt suttogta a f\u00fclembe: \u201ePr\u00f3b\u00e1ld ki a Vikt\u00f3ria divatot.\u201d \u00c9s \u00e9n kipr\u00f3b\u00e1ltam. Az\u00f3ta a ruhat\u00e1ram \u00e9s a st\u00edlushoz val\u00f3 hozz\u00e1\u00e1ll\u00e1som is teljesen megv\u00e1ltozott. Ez nem csak egy bolt. Ez a <b>Vikt\u00f3ria divat Gy\u0151r \u00fczlet<\/b>, a v\u00e1ros rejtett kincse, ahol a divat m\u00e9g m\u0171v\u00e9szet.<\/p>\n<h2>Fedezze fel a Vikt\u00f3ria Divat Gy\u0151r Eleganci\u00e1j\u00e1t \u00e9s St\u00edlus\u00e1t<\/h2>\n<p>Amikor el\u0151sz\u00f6r bel\u00e9ptem az ajt\u00f3n, azonnal megcsapott egyfajta megfoghatatlan hangulat. Nem az a tipikus, rohan\u00f3 pl\u00e1za\u00e9lm\u00e9ny. Csend volt, kifinomults\u00e1g \u00e9s egy olyan l\u00e9gk\u00f6r, ami azt sugallta: itt id\u0151t sz\u00e1nnak r\u00e1d. A <b>Vikt\u00f3ria divat Gy\u0151r \u00fczlet<\/b> nem csup\u00e1n ruh\u00e1kat \u00e1rul, hanem egy \u00e9let\u00e9rz\u00e9st k\u00edn\u00e1l. Egy olyan vil\u00e1got, ahol az elegancia nem luxus, hanem alapvet\u0151 elv\u00e1r\u00e1s. Ahol a min\u0151s\u00e9gi anyagok \u00e9s a t\u00f6k\u00e9letes szab\u00e1svonalak harm\u00f3ni\u00e1ja minden egyes darabon \u00e9rz\u0151dik. Itt minden v\u00e1llfa egy t\u00f6rt\u00e9netet mes\u00e9l. Egy gondosan v\u00e1logatott kollekci\u00f3 fogadja a v\u00e1s\u00e1rl\u00f3kat, amely messze elker\u00fcli a fast fashion sablonjait. Ez az a hely, ahol a st\u00edlus val\u00f3ban megsz\u00fcletik, \u00e9s ahol mindenki megtal\u00e1lhatja azt a darabot, amit\u0151l magabiztosabbnak \u00e9s k\u00fcl\u00f6nlegesebbnek \u00e9rzi mag\u00e1t. A gy\u0151ri divat palett\u00e1j\u00e1n ez az \u00fczlet egy igazi \u00e9kszerdoboz, amely a klasszikus vonalakat \u00f6tv\u00f6zi a legfrissebb trendekkel. Egyszer\u0171en m\u00e1s.<\/p>\n<h2>Milyen K\u00edn\u00e1lattal V\u00e1rja \u00d6nt a Gy\u0151ri Vikt\u00f3ria Divat?<\/h2>\n<p>Sokan felteszik a k\u00e9rd\u00e9st: <b>milyen ruh\u00e1kat \u00e1rul Vikt\u00f3ria divat Gy\u0151r<\/b>? A v\u00e1lasz sokkal \u00f6sszetettebb, mint egy egyszer\u0171 lista. A k\u00edn\u00e1latuk a gondos kur\u00e1tori munka eredm\u00e9nye, ahol a min\u0151s\u00e9g \u00e9s az egyedis\u00e9g a legf\u0151bb szempont. Nem fognak itt tal\u00e1lni tucat\u00e1rut; minden egyes darab egy gondosan kiv\u00e1lasztott gy\u00f6ngyszem.<\/p>\n<h3>N\u0151i \u00e9s F\u00e9rfi Kollekci\u00f3k \u00c1ttekint\u00e9se<\/h3>\n<p>A h\u00f6lgyek sz\u00e1m\u00e1ra a k\u00edn\u00e1lat leny\u0171g\u00f6z\u0151. A <b>Vikt\u00f3ria divat Gy\u0151r n\u0151i ruh\u00e1k<\/b> k\u00f6z\u00f6tt megtal\u00e1lhat\u00f3k a t\u00f6k\u00e9letesen szabott bl\u00e9zerek, a l\u00e9gies selyembl\u00fazok \u00e9s az alakot kiemel\u0151, eleg\u00e1ns ruh\u00e1k. Legyen sz\u00f3 egy fontos \u00fczleti megbesz\u00e9l\u00e9sr\u0151l vagy egy esti partir\u00f3l, itt garant\u00e1ltan r\u00e1tal\u00e1l a megfelel\u0151 \u00f6lt\u00f6z\u00e9kre. Az \u00fczlet k\u00fcl\u00f6n\u00f6s figyelmet ford\u00edt arra, hogy a kollekci\u00f3k soksz\u00edn\u0171ek legyenek, \u00edgy a letisztult, minimalista st\u00edlus kedvel\u0151i \u00e9pp\u00fagy megtal\u00e1lj\u00e1k a kedvenceiket, mint azok, akik a mer\u00e9szebb, felt\u0171n\u0151bb darabokat r\u00e9szes\u00edtik el\u0151nyben. Az <b>eleg\u00e1ns ruh\u00e1k Gy\u0151r Vikt\u00f3ria<\/b> k\u00edn\u00e1lat\u00e1ban nem csak sz\u00e9pek, de k\u00e9nyelmesek is. \u00c9s a f\u00e9rfiak? R\u00e1juk is gondoltak. A <b>Vikt\u00f3ria divat Gy\u0151r f\u00e9rfi \u00f6lt\u00f6ny\u00f6k<\/b> kollekci\u00f3ja kifog\u00e1stalan. Nem a szok\u00e1sos, unalmas konfekci\u00f3. Ezek az \u00f6lt\u00f6ny\u00f6k pr\u00e9mium anyagokb\u00f3l k\u00e9sz\u00fclnek, modern szab\u00e1ssal, amelyek magabiztoss\u00e1got sug\u00e1roznak. Emellett a h\u00e9tk\u00f6znapi eleganci\u00e1t k\u00e9pvisel\u0151 ingek, nadr\u00e1gok \u00e9s pul\u00f3verek is sz\u00e9les v\u00e1laszt\u00e9kban el\u00e9rhet\u0151k. A megfelel\u0151 \u00f6lt\u00f6z\u00e9k kiv\u00e1laszt\u00e1sa nem mindig egyszer\u0171, de egy j\u00f3l \u00f6ssze\u00e1ll\u00edtott <a href=\"https:\/\/worldpoint.eu\/hu\/divatos-ruha-uzlet-utmutato\/\">divatos ruha \u00fczlet \u00fatmutat\u00f3<\/a> sokat seg\u00edthet eligazodni a lehet\u0151s\u00e9gek k\u00f6z\u00f6tt. A <b>Vikt\u00f3ria divat Gy\u0151r \u00fczlet<\/b> k\u00edn\u00e1lata mindk\u00e9t nem sz\u00e1m\u00e1ra biztos\u00edtja a st\u00edlusos megjelen\u00e9st.<\/p>\n<h3>Kieg\u00e9sz\u00edt\u0151k \u00e9s Egyedi Darabok<\/h3>\n<p>Egy \u00f6lt\u00f6z\u00e9k mit sem \u00e9r a t\u00f6k\u00e9letes kieg\u00e9sz\u00edt\u0151k n\u00e9lk\u00fcl. Ezt a <b>Vikt\u00f3ria divat Gy\u0151r \u00fczlet<\/b> falai k\u00f6z\u00f6tt pontosan tudj\u00e1k. A polcokon gondosan elhelyezett t\u00e1sk\u00e1k, s\u00e1lak, \u00f6vek \u00e9s \u00e9kszerek v\u00e1rj\u00e1k, hogy teljess\u00e9 tegy\u00e9k a megjelen\u00e9s\u00e9t. Ezek nem csup\u00e1n egyszer\u0171 kieg\u00e9sz\u00edt\u0151k, hanem karakteres darabok, amelyek egy egyszer\u0171 szettet is k\u00e9pesek feldobni. Eml\u00e9kszem, egyszer egy egyszer\u0171 fekete ruh\u00e1hoz kerestem valamit, ami feldobja. Az elad\u00f3 h\u00f6lgy egy felt\u0171n\u0151, m\u00e9gis \u00edzl\u00e9ses nyakl\u00e1ncot aj\u00e1nlott. Soha nem gondoltam volna r\u00e1, de t\u00f6k\u00e9letes volt. Az\u00f3ta is az egyik kedvencem. Ez az a fajta hozz\u00e1\u00e9rt\u00e9s, ami megk\u00fcl\u00f6nb\u00f6zteti \u0151ket m\u00e1sokt\u00f3l. Az egyedi darabok felkutat\u00e1sa a szenved\u00e9ly\u00fck.<\/p>\n<h2>Mi\u00e9rt \u00c9rdemes a Vikt\u00f3ria Divatot V\u00e1lasztani Gy\u0151rben?<\/h2>\n<p>Mert ez t\u00f6bb, mint egy bolt. Sokkal t\u00f6bb. Ez egy olyan hely, ahol az ember nem csak v\u00e1s\u00e1rol, hanem felt\u00f6lt\u0151dik. A <b>Vikt\u00f3ria divat Gy\u0151r \u00fczlet<\/b> a v\u00e1ros sz\u00edv\u00e9ben egy biztos pont azok sz\u00e1m\u00e1ra, akiknek fontos a min\u0151s\u00e9g, a st\u00edlus \u00e9s a szem\u00e9lyes figyelem. A v\u00e1lasz egyszer\u0171en az, mert meg\u00e9rdemli.<\/p>\n<h3>A Min\u0151s\u00e9g \u00e9s az \u00dcgyf\u00e9lk\u00f6zpont\u00fas\u00e1g Garanci\u00e1ja<\/h3>\n<p>A min\u0151s\u00e9g itt nem egy \u00fcres marketingszlogen. Tapinthat\u00f3. Minden varr\u00e1sban, minden gombban, minden anyagban ott van a gondoskod\u00e1s. A <b>min\u0151s\u00e9gi ruh\u00e1zat Gy\u0151r Vikt\u00f3ria divat<\/b> k\u00edn\u00e1lat\u00e1ban olyan m\u00e1rk\u00e1k \u00e9s tervez\u0151k darabjai szerepelnek, akik elk\u00f6telezettek a kiv\u00e1l\u00f3s\u00e1g mellett. De a min\u0151s\u00e9g mit sem \u00e9rne a megfelel\u0151 hozz\u00e1\u00e1ll\u00e1s n\u00e9lk\u00fcl. Az \u00fcgyf\u00e9lk\u00f6zpont\u00fas\u00e1g itt a legmagasabb szinten val\u00f3sul meg. Az elad\u00f3k nem csup\u00e1n alkalmazottak; \u0151k st\u00edlustan\u00e1csad\u00f3k, seg\u00edt\u0151k, akik \u0151szinte v\u00e9lem\u00e9nyt mondanak, \u00e9s val\u00f3ban a legjobbat akarj\u00e1k a v\u00e1s\u00e1rl\u00f3nak. A rengeteg pozit\u00edv <b>Vikt\u00f3ria divat Gy\u0151r v\u00e9lem\u00e9nyek<\/b> is ezt t\u00e1masztja al\u00e1. Az emberek h\u00e1l\u00e1sak a szem\u00e9lyes t\u00f6r\u0151d\u00e9s\u00e9rt. M\u00edg a <a href=\"https:\/\/worldpoint.eu\/hu\/parizsi-divat-gyorben\/\">p\u00e1rizsi divat Gy\u0151rben<\/a> is el\u00e9rhet\u0151, a Vikt\u00f3ria egyedi, helyi \u00edzt \u00e9s p\u00e1ratlan figyelmet ad hozz\u00e1. A <b>Vikt\u00f3ria divat Gy\u0151r \u00fczlet<\/b> bebizony\u00edtja, hogy a v\u00e1s\u00e1rl\u00e1s lehet \u00e9lm\u00e9ny.<\/p>\n<h3>Szem\u00e9lyre Szabott St\u00edlustan\u00e1csad\u00e1s<\/h3>\n<p>Ez az, ami igaz\u00e1n megk\u00fcl\u00f6nb\u00f6zteti \u0151ket a t\u00f6megt\u0151l. A <b>st\u00edlustan\u00e1csad\u00e1s Gy\u0151r Vikt\u00f3ria divat<\/b> \u00fczlet\u00e9ben nem egy extra szolg\u00e1ltat\u00e1s, hanem az alapfiloz\u00f3fia r\u00e9sze. H\u00e1nyszor j\u00e1rtam m\u00e1r \u00fagy, hogy egy pr\u00f3bababa t\u00f6k\u00e9letesen \u00e1ll\u00f3 ruha rajtam katasztrof\u00e1lisan mutatott? Vagy megvettem valamit, ami a boltban m\u00e9g j\u00f3nak t\u0171nt, de otthon m\u00e1r soha t\u00f6bb\u00e9 nem vettem fel. Na, itt ilyen nincs. A szak\u00e9rt\u0151 szemek azonnal felm\u00e9rik, hogy mi illik az alkatodhoz, a sz\u00ednt\u00edpusodhoz, az egy\u00e9nis\u00e9gedhez. Seg\u00edtenek kombin\u00e1lni a darabokat, \u00e9s olyan szetteket \u00e1ll\u00edtanak \u00f6ssze, amikre magadt\u00f3l tal\u00e1n sosem gondoln\u00e1l. Ez a fajta t\u00f6r\u0151d\u00e9s felbecs\u00fclhetetlen, \u00e9s hossz\u00fa t\u00e1von rengeteg p\u00e9nzt \u00e9s fejf\u00e1j\u00e1st sp\u00f3rol meg az embernek. A <b>ruhav\u00e1s\u00e1rl\u00e1s Gy\u0151r Vikt\u00f3ria divat<\/b> \u00fczlet\u00e9ben befektet\u00e9s a saj\u00e1t st\u00edlusodba.<\/p>\n<h2>A T\u00f6k\u00e9letes V\u00e1s\u00e1rl\u00e1si \u00c9lm\u00e9ny: Megk\u00f6zel\u00edt\u00e9s \u00e9s Szolg\u00e1ltat\u00e1sok<\/h2>\n<p>A v\u00e1s\u00e1rl\u00e1snak nem szabad stresszesnek lennie. \u00c9pp ellenkez\u0151leg. Egy kis \u00e9nid\u0151nek, egy kellemes kikapcsol\u00f3d\u00e1snak kellene lennie. A <b>Vikt\u00f3ria divat Gy\u0151r \u00fczlet<\/b> mindent megtesz az\u00e9rt, hogy ez val\u00f3ban \u00edgy legyen, a k\u00f6nny\u0171 megk\u00f6zel\u00edthet\u0151s\u00e9gt\u0151l kezdve a bar\u00e1ts\u00e1gos kiszolg\u00e1l\u00e1sig.<\/p>\n<h3>Vikt\u00f3ria Divat Gy\u0151r: Elhelyezked\u00e9s \u00e9s Nyitvatart\u00e1s<\/h3>\n<p>Gyakran mer\u00fcl fel a k\u00e9rd\u00e9s, <b>hol tal\u00e1lhat\u00f3 Vikt\u00f3ria divat Gy\u0151r<\/b>? Szerencs\u00e9re a v\u00e1lasz egyszer\u0171: az \u00fczlet a v\u00e1ros egyik frekvent\u00e1lt, m\u00e9gis nyugodt r\u00e9sz\u00e9n tal\u00e1lhat\u00f3, k\u00f6nnyen megk\u00f6zel\u00edthet\u0151 aut\u00f3val \u00e9s t\u00f6megk\u00f6zleked\u00e9ssel is. A pontos <b>Vikt\u00f3ria divat Gy\u0151r c\u00edme<\/b> k\u00f6nnyen megtal\u00e1lhat\u00f3 az online t\u00e9rk\u00e9peken, \u00edgy senki sem t\u00e9vedhet el. Ami pedig a <b>Vikt\u00f3ria divat Gy\u0151r nyitvatart\u00e1s<\/b> idej\u00e9t illeti, rugalmasan igazodik a v\u00e1s\u00e1rl\u00f3k ig\u00e9nyeihez, lehet\u0151v\u00e9 t\u00e9ve, hogy munka ut\u00e1n is k\u00e9nyelmesen be lehessen t\u00e9rni. Miel\u0151tt elindul, mindig \u00e9rdemes ellen\u0151rizni az aktu\u00e1lis nyitvatart\u00e1st, hogy biztosan ne \u00e9rje meglepet\u00e9s. A <b>Vikt\u00f3ria divat Gy\u0151r \u00fczlet<\/b> t\u00f6k\u00e9letes elhelyezked\u00e9se miatt is n\u00e9pszer\u0171 v\u00e1laszt\u00e1s.<\/p>\n<h3>Kapcsolatfelv\u00e9tel \u00e9s Online Inform\u00e1ci\u00f3k<\/h3>\n<p>B\u00e1r a szem\u00e9lyes v\u00e1s\u00e1rl\u00e1si \u00e9lm\u00e9nyt semmi sem p\u00f3tolhatja, a <b>Vikt\u00f3ria divat Gy\u0151r \u00fczlet<\/b> online is jelen van. A k\u00f6z\u00f6ss\u00e9gi m\u00e9dia oldalaikon \u00edzel\u00edt\u0151t kaphatunk a leg\u00fajabb kollekci\u00f3kb\u00f3l, \u00e9s \u00e9rtes\u00fclhet\u00fcnk az aktu\u00e1lis akci\u00f3kr\u00f3l. B\u00e1r a klasszikus \u00e9rtelemben vett <b>Vikt\u00f3ria divat Gy\u0151r online v\u00e1s\u00e1rl\u00e1s<\/b> lehet\u0151s\u00e9ge korl\u00e1tozott lehet, hiszen a szem\u00e9lyes pr\u00f3b\u00e1t \u00e9s tan\u00e1csad\u00e1st helyezik el\u0151t\u00e9rbe, telefonon mindig k\u00e9szs\u00e9gesen adnak t\u00e1j\u00e9koztat\u00e1st. A <b>Vikt\u00f3ria divat Gy\u0151r telefonsz\u00e1m<\/b> k\u00f6nnyen fellelhet\u0151, ha k\u00e9rd\u00e9se van egy adott term\u00e9kkel vagy m\u00e9rettel kapcsolatban. Ez a hibrid megk\u00f6zel\u00edt\u00e9s \u2013 az er\u0151s online jelenl\u00e9t \u00e9s a p\u00e1ratlan szem\u00e9lyes kiszolg\u00e1l\u00e1s \u2013 teszi \u0151ket igaz\u00e1n modernn\u00e9 \u00e9s v\u00e1s\u00e1rl\u00f3bar\u00e1tt\u00e1.<\/p>\n<h2>A Vikt\u00f3ria Divat Helye a Gy\u0151ri \u00e9s Magyar Divatvil\u00e1gban<\/h2>\n<p>Egy v\u00e1ros divatkult\u00far\u00e1j\u00e1t nem a nagy, nemzetk\u00f6zi l\u00e1ncok hat\u00e1rozz\u00e1k meg, hanem az olyan egyedi, karakteres \u00fczletek, mint a <b>Vikt\u00f3ria divat Gy\u0151r \u00fczlet<\/b>. Ezek a helyek adj\u00e1k egy v\u00e1ros st\u00edlus\u00e1nak lelk\u00e9t, \u00e9s form\u00e1lj\u00e1k a helyi \u00edzl\u00e9st.<\/p>\n<h3>Gy\u0151r Divatj\u00e1nak Alappill\u00e9rei<\/h3>\n<p>Amikor a <b>gy\u0151ri divat \u00fczletek Vikt\u00f3ria<\/b> neve mellett sz\u00f3ba ker\u00fclnek, egy\u00e9rtelm\u0171, hogy a min\u0151s\u00e9gi szegmens egyik legfontosabb k\u00e9pvisel\u0151j\u00e9r\u0151l besz\u00e9l\u00fcnk. M\u00edg m\u00e1s v\u00e1rosokban is vannak kiemelked\u0151 butikok, mint p\u00e9ld\u00e1ul a <a href=\"https:\/\/worldpoint.eu\/hu\/nessy-divat-miskolc-uzlet-kalauz\/\">Nessy divat Miskolcon<\/a>, Gy\u0151rben a Vikt\u00f3ria t\u00f6lt be hasonl\u00f3an fontos szerepet. Nem csup\u00e1n egy a sok k\u00f6z\u00fcl; egy int\u00e9zm\u00e9ny. Egy olyan hely, ahov\u00e1 gener\u00e1ci\u00f3k j\u00e1rnak vissza, mert tudj\u00e1k, hogy itt sosem fognak csal\u00f3dni. Sokan \u00e1ll\u00edtj\u00e1k, hogy ez a <b>legjobb divat \u00fczlet Gy\u0151r<\/b> ter\u00fclet\u00e9n, \u00e9s ez a c\u00edm nem \u00e9rdemtelen. A <b>Vikt\u00f3ria divat Gy\u0151r \u00fczlet<\/b> seg\u00edtett abban, hogy a v\u00e1ros divatt\u00e9rk\u00e9pe sokkal sz\u00ednesebb \u00e9s gazdagabb legyen. Az \u0151 jelenl\u00e9t\u00fck emeli a l\u00e9cet a t\u00f6bbi szerepl\u0151 sz\u00e1m\u00e1ra is, ami v\u00e9gs\u0151 soron a v\u00e1s\u00e1rl\u00f3knak kedvez.<\/p>\n<h3>Divattrendek \u00e9s a Vikt\u00f3ria Divat<\/h3>\n<p>Hogyan lehet egyszerre id\u0151t\u00e1ll\u00f3 \u00e9s divatos? Ez a nagy k\u00e9rd\u00e9s, amire a <b>Vikt\u00f3ria divat Gy\u0151r \u00fczlet<\/b> ismeri a v\u00e1laszt. Nem k\u00f6vetnek vakon minden m\u00fal\u00f3 szesz\u00e9lyt. Ehelyett gondosan \u00e1tsz\u0171rik a trendeket, \u00e9s csak azokat az elemeket emelik be a k\u00edn\u00e1latukba, amelyek \u00f6sszhangban vannak a klasszikus eleganci\u00e1val \u00e9s a hordhat\u00f3s\u00e1ggal. Az <b>aktu\u00e1lis divattrendek Vikt\u00f3ria Gy\u0151r<\/b> interpret\u00e1ci\u00f3j\u00e1ban mindig kifinomultak \u00e9s \u00edzl\u00e9sesek. Itt nem fog tal\u00e1lni extr\u00e9m, egy szezonos darabokat. Helyett\u00fck olyan ruh\u00e1kat k\u00edn\u00e1lnak, amelyek \u00e9vek m\u00falva is a gardr\u00f3b kedvencei lesznek. Az olyan nagy m\u00e1rk\u00e1k mellett, mint amilyeneket egy <a href=\"https:\/\/worldpoint.eu\/hu\/street-one-divatuzlet\/\">Street One divat\u00fczlet<\/a> k\u00edn\u00e1l, vagy ak\u00e1r a <a href=\"https:\/\/worldpoint.eu\/hu\/tatuum-divat-uzletek\/\">Tatuum \u00fczletei<\/a>, a <b>Vikt\u00f3ria divat Gy\u0151r \u00fczlet<\/b> egyedi, v\u00e1logatott k\u00edn\u00e1lata friss\u00edt\u0151 alternat\u00edv\u00e1t ny\u00fajt. Az \u00fczlet filoz\u00f3fi\u00e1ja, hogy a divat nem a trendek m\u00e1sol\u00e1s\u00e1r\u00f3l, hanem az egy\u00e9ni st\u00edlus megtal\u00e1l\u00e1s\u00e1r\u00f3l sz\u00f3l. Az <b>\u00fczleti \u00f6lt\u00f6z\u00e9k Gy\u0151r Vikt\u00f3ria<\/b> k\u00edn\u00e1lata p\u00e9ld\u00e1ul t\u00f6k\u00e9letesen \u00f6tv\u00f6zi a professzion\u00e1lis megjelen\u00e9st a modern divattal. \u00c9s ha k\u00fcl\u00f6nleges alkalomra keres ruh\u00e1t, az <b>alkalmi ruha Vikt\u00f3ria divat Gy\u0151r<\/b> kollekci\u00f3ja garant\u00e1ltan nem hagyja cserben. A <b>Vikt\u00f3ria divat Gy\u0151r akci\u00f3s aj\u00e1nlatok<\/b> pedig lehet\u0151v\u00e9 teszik, hogy pr\u00e9mium min\u0151s\u00e9ghez kedvez\u0151bb \u00e1ron jusson hozz\u00e1.<\/p>\n<h2>\u00d6sszefoglal\u00e1s: A Gy\u0151ri St\u00edlus Megtestes\u00edt\u0151je<\/h2>\n<p>V\u00e9g\u00fcl is, mi tesz egy \u00fczletet nagyszer\u0171v\u00e9? A k\u00edn\u00e1lat? A min\u0151s\u00e9g? A kiszolg\u00e1l\u00e1s? A hangulat? A v\u00e1lasz az, hogy mindezek egy\u00fctt. De m\u00e9g valami kell hozz\u00e1. Szenved\u00e9ly. \u00c9s a <b>Vikt\u00f3ria divat Gy\u0151r \u00fczlet<\/b> minden szeglet\u00e9t \u00e1titatja a divat ir\u00e1nti szenved\u00e9ly. Ez nem csak egy munka az ott dolgoz\u00f3knak; ez a hivat\u00e1suk. Az, hogy seg\u00edtsenek m\u00e1soknak megtal\u00e1lni \u00f6nmagukat a ruh\u00e1kon kereszt\u00fcl. Hogy a v\u00e1s\u00e1rl\u00e1sb\u00f3l \u00e9lm\u00e9nyt var\u00e1zsoljanak, a ruh\u00e1kb\u00f3l pedig \u00f6nbizalmat. Ha Gy\u0151rben j\u00e1r, \u00e9s egy val\u00f3ban k\u00fcl\u00f6nleges divat\u00e9lm\u00e9nyre v\u00e1gyik, ne hagyja ki. T\u00e9rjen be, n\u00e9zzen k\u00f6r\u00fcl, besz\u00e9lgessen a tulajdonossal. Garant\u00e1lom, hogy nem fogja megb\u00e1nni. Mert a <b>Vikt\u00f3ria divat Gy\u0151r \u00fczlet<\/b> t\u00f6bb, mint egy hely, ahol ruh\u00e1kat lehet venni. Ez az a hely, ahol a st\u00edlus otthonra tal\u00e1l. Az \u00e9n st\u00edlusom is itt tal\u00e1lt otthonra.<\/p>\n","protected":false},"excerpt":{"rendered":"<p>Belef\u00e1radt m\u00e1r abba, hogy ugyanazokat a ruh\u00e1kat l\u00e1tja mindenhol? \u00c9n igen. Gy\u0151r utc\u00e1it j\u00e1rva n\u00e9ha az az \u00e9rz\u00e9sem, hogy a nagy divatl\u00e1ncok uniformiz\u00e1ltak mindent \u00e9s mindenkit. Ugyanaz a szab\u00e1s, ugyanaz a minta, ugyanaz a l\u00e9lektelen t\u00f6megtermel\u00e9s. De mi van akkor, ha valami t\u00f6bbre v\u00e1gyik az ember? Valami egyedire, min\u0151s\u00e9gire, ami t\u00e9nyleg t\u00fckr\u00f6zi a szem\u00e9lyis\u00e9g\u00e9t. Pontosan [&hellip;]<\/p>\n","protected":false},"author":2,"featured_media":0,"comment_status":"","ping_status":"","sticky":false,"template":"","format":"standard","meta":{"footnotes":""},"categories":[1],"tags":[],"class_list":["post-328","post","type-post","status-publish","format-standard","hentry","category-uzlet"],"_links":{"self":[{"href":"https:\/\/worldpoint.eu\/hu\/wp-json\/wp\/v2\/posts\/328","targetHints":{"allow":["GET"]}}],"collection":[{"href":"https:\/\/worldpoint.eu\/hu\/wp-json\/wp\/v2\/posts"}],"about":[{"href":"https:\/\/worldpoint.eu\/hu\/wp-json\/wp\/v2\/types\/post"}],"author":[{"embeddable":true,"href":"https:\/\/worldpoint.eu\/hu\/wp-json\/wp\/v2\/users\/2"}],"replies":[{"embeddable":true,"href":"https:\/\/worldpoint.eu\/hu\/wp-json\/wp\/v2\/comments?post=328"}],"version-history":[{"count":0,"href":"https:\/\/worldpoint.eu\/hu\/wp-json\/wp\/v2\/posts\/328\/revisions"}],"wp:attachment":[{"href":"https:\/\/worldpoint.eu\/hu\/wp-json\/wp\/v2\/media?parent=328"}],"wp:term":[{"taxonomy":"category","embeddable":true,"href":"https:\/\/worldpoint.eu\/hu\/wp-json\/wp\/v2\/categories?post=328"},{"taxonomy":"post_tag","embeddable":true,"href":"https:\/\/worldpoint.eu\/hu\/wp-json\/wp\/v2\/tags?post=328"}],"curies":[{"name":"wp","href":"https:\/\/api.w.org\/{rel}","templated":true}]}}