{"id":325,"date":"2025-10-15T12:41:34","date_gmt":"2025-10-15T10:41:34","guid":{"rendered":"https:\/\/worldpoint.eu\/hu\/csaladi-divat-szentes-utmutato\/"},"modified":"2025-10-15T12:41:34","modified_gmt":"2025-10-15T10:41:34","slug":"csaladi-divat-szentes-utmutato","status":"publish","type":"post","link":"https:\/\/worldpoint.eu\/hu\/csaladi-divat-szentes-utmutato\/","title":{"rendered":"Csal\u00e1di divat Szentes &#8211; A Teljes \u00datmutat\u00f3"},"content":{"rendered":"<p>Eml\u00e9kszem, ott \u00e1lltunk a Tisza-parton, a nap \u00e9ppen lemen\u0151ben volt, \u00e9s a fot\u00f3s pr\u00f3b\u00e1lt minket egy t\u00f6k\u00e9letes csal\u00e1di k\u00e9pbe rendezni. Katasztr\u00f3fa volt. A fiamon egy rik\u00edt\u00f3 z\u00f6ld dinoszauruszos p\u00f3l\u00f3 volt, a l\u00e1nyom ragaszkodott a csill\u00e1mos t\u00fcllszokny\u00e1j\u00e1hoz, a f\u00e9rjem pedig egy agyonmosott rekl\u00e1mp\u00f3l\u00f3t kapott fel. \u00c9n? \u00c9n meg pr\u00f3b\u00e1ltam eleg\u00e1nsan mosolyogni a vir\u00e1gos ruh\u00e1mban, ami tot\u00e1lisan el\u00fct\u00f6tt mindenki m\u00e1s\u00e9t\u00f3l. Akkor \u00e9s ott fogadtam meg, hogy ut\u00e1naj\u00e1rok, mit is jelent a <strong>Csal\u00e1di divat Szentes<\/strong> vil\u00e1g\u00e1ban, mert ez \u00edgy nem mehetett tov\u00e1bb. Nem arr\u00f3l van sz\u00f3, hogy mindenkinek egyenruh\u00e1ban kell lennie, dehogyis! Sokkal ink\u00e1bb arr\u00f3l, hogy az \u00f6lt\u00f6zk\u00f6d\u00e9s\u00fcnk is t\u00fckr\u00f6zze azt az egys\u00e9get \u00e9s harm\u00f3ni\u00e1t, ami a csal\u00e1dunkat jellemzi. Vagy amit szeretn\u00e9nk, hogy jellemezzen, legal\u00e1bb a fot\u00f3kon.<\/p>\n<h2>Bevezet\u00e9s a csal\u00e1di divat vil\u00e1g\u00e1ba Szentesen<\/h2>\n<p>A <strong>Csal\u00e1di divat Szentes<\/strong> nem egy megfoghatatlan, luxus dolog. Nem, ez a val\u00f3s\u00e1g. Ez a mindennapokr\u00f3l, az \u00f6sszetartoz\u00e1sr\u00f3l \u00e9s a k\u00f6z\u00f6s eml\u00e9kekr\u0151l sz\u00f3l. Arr\u00f3l, hogy j\u00f3 \u00e9rz\u00e9s r\u00e1n\u00e9zni a csal\u00e1dunkra, \u00e9s l\u00e1tni, hogy vizu\u00e1lisan is egy csapatot alkotunk. Ez egyfajta non-verb\u00e1lis kommunik\u00e1ci\u00f3 a k\u00fclvil\u00e1g fel\u00e9: igen, mi \u00f6sszetartozunk. \u00c9s persze \u00f6nmagunknak is egy meger\u0151s\u00edt\u00e9s.<\/p>\n<h3>Mi\u00e9rt fontos az \u00f6sszehangolt megjelen\u00e9s?<\/h3>\n<p>\u0150szint\u00e9n? Mert egyszer\u0171en j\u00f3l n\u00e9z ki. De enn\u00e9l az\u00e9rt t\u00f6bb van a dologban. Az \u00f6sszehangolt \u00f6lt\u00f6zk\u00f6d\u00e9s magabiztoss\u00e1got ad, k\u00fcl\u00f6n\u00f6sen k\u00fcl\u00f6nleges esem\u00e9nyeken vagy egy profi fot\u00f3z\u00e1son. Gondolj csak bele, mennyivel szebbek az eml\u00e9kek, ha a k\u00e9peken nem a kaotikus ruh\u00e1k vonj\u00e1k el a figyelmet a boldog arcokr\u00f3l. Egy j\u00f3l megv\u00e1lasztott, harmoniz\u00e1l\u00f3 szett kiemeli a csal\u00e1di k\u00f6tel\u00e9ket, \u00e9s egyfajta vizu\u00e1lis keretet ad a k\u00f6z\u00f6s pillanatoknak. A <strong>Csal\u00e1di divat Szentes<\/strong> l\u00e9nyege pont ebben a finomhangol\u00e1sban rejlik.<\/p>\n<h3>A divat szerepe a csal\u00e1di \u00f6sszetartoz\u00e1sban<\/h3>\n<p>A k\u00f6z\u00f6s k\u00e9sz\u00fcl\u0151d\u00e9s, a ruh\u00e1k kiv\u00e1laszt\u00e1sa egy program is lehet. Egy lehet\u0151s\u00e9g arra, hogy a gyerekeket is bevonjuk a d\u00f6nt\u00e9sekbe, hogy megbesz\u00e9lj\u00fck, kinek mi tetszik. A divat itt egy eszk\u00f6z. Egy eszk\u00f6z, ami seg\u00edt kifejezni a csal\u00e1d egyedi st\u00edlus\u00e1t \u00e9s szem\u00e9lyis\u00e9g\u00e9t. Amikor a csal\u00e1d egy\u00fctt d\u00f6nt a ruh\u00e1kr\u00f3l, az egy kreat\u00edv, k\u00f6z\u00f6s projekt, ami er\u0151s\u00edti a kapcsolatokat. Az egys\u00e9ges megjelen\u00e9s, m\u00e9g ha csak apr\u00f3 r\u00e9szletekben is nyilv\u00e1nul meg, tudat alatt is azt \u00fczeni: egy csapat vagyunk, sz\u00e1m\u00edthatunk egym\u00e1sra. Ez a <strong>Csal\u00e1di divat Szentes<\/strong> pszichol\u00f3gi\u00e1ja.<\/p>\n<h2>Szentesi csal\u00e1di divat trendek \u00e9s st\u00edlusok<\/h2>\n<p>Szentesen az emberek praktikusan gondolkodnak. A divatnak itt egyszerre kell k\u00e9nyelmesnek, funkcion\u00e1lisnak \u00e9s persze st\u00edlusosnak lennie. Felejtsd el a kifut\u00f3k el\u00e9rhetetlen kre\u00e1ci\u00f3it! Itt a val\u00f3di \u00e9lethez kell \u00f6lt\u00f6zni, amihez a <strong>Csal\u00e1di divat Szentes<\/strong> t\u00f6k\u00e9letesen alkalmazkodott. A helyi trendek a hordhat\u00f3s\u00e1got \u00e9s a term\u00e9szetess\u00e9get helyezik el\u0151t\u00e9rbe, ami szerintem sokkal emberk\u00f6zelibb, mint a nagyv\u00e1rosi h\u00f3bortok. Szerencs\u00e9re az <strong>aktu\u00e1lis divat trendek csal\u00e1doknak Szentes<\/strong> v\u00e1ros\u00e1ban is k\u00f6vetik a k\u00e9nyelmet.<\/p>\n<h3>Aktu\u00e1lis \u00f6lt\u00f6zk\u00f6d\u00e9si ir\u00e1nyzatok csal\u00e1doknak<\/h3>\n<p>Jelenleg a term\u00e9szetes anyagok, mint a len \u00e9s a pamut, h\u00f3d\u00edtanak. A f\u00f6ldsz\u00ednek \u2013 b\u00e9zs, khaki, terrakotta, t\u00f6rtfeh\u00e9r \u2013 domin\u00e1lnak, amelyeket k\u00f6nny\u0171 egym\u00e1ssal kombin\u00e1lni. Nincs sz\u00fcks\u00e9g arra, hogy mindenki ugyanolyan sz\u00edn\u0171 p\u00f3l\u00f3t viseljen; el\u00e9g, ha a sz\u00ednpaletta harmoniz\u00e1l. P\u00e9ld\u00e1ul az anya egy terrakotta ruh\u00e1ban, az apa egy b\u00e9zs nadr\u00e1gban \u00e9s feh\u00e9r ingben, a gyerekek pedig a khaki \u00e9s a b\u00e9zs k\u00fcl\u00f6nb\u00f6z\u0151 \u00e1rnyalataiban. Ez a fajta visszafogott elegancia jellemzi most a modern <strong>Csal\u00e1di divat Szentes<\/strong> st\u00edlus\u00e1t. A <strong>csal\u00e1di ruha kollekci\u00f3k Szentesen<\/strong> is ezt az ir\u00e1nyt k\u00f6vetik.<\/p>\n<h3>Helyi saj\u00e1toss\u00e1gok \u00e9s preferenci\u00e1k<\/h3>\n<p>Szentesen a v\u00edzpart, a term\u00e9szet k\u00f6zels\u00e9ge meghat\u00e1roz\u00f3. Ez megl\u00e1tszik az \u00f6lt\u00f6zk\u00f6d\u00e9sben is. A helyiek el\u0151nyben r\u00e9szes\u00edtik a strapab\u00edr\u00f3, k\u00f6nnyen tiszt\u00edthat\u00f3, m\u00e9gis csinos darabokat. A <strong>Csal\u00e1di divat Szentes<\/strong> figyelembe veszi a helyi \u00e9letm\u00f3dot: a bicikliz\u00e9st a g\u00e1ton, a h\u00e9tv\u00e9gi kir\u00e1ndul\u00e1sokat, a ny\u00e1ri tiszai programokat. A csillog\u00f3, k\u00e9nyes anyagok helyett itt a praktikum \u00e9s a tart\u00f3ss\u00e1g a nyer\u0151. \u00c9s ez \u00edgy van j\u00f3l.<\/p>\n<h2>Hol v\u00e1s\u00e1roljunk Szentesen? A legjobb csal\u00e1di divat \u00fczletek<\/h2>\n<p>Na, ez a nagy k\u00e9rd\u00e9s! Hol lehet olyan ruh\u00e1kat kapni, amelyek az eg\u00e9sz csal\u00e1dnak megfelelnek? A v\u00e1lasz nem mindig egyszer\u0171, de szerencs\u00e9re vannak opci\u00f3k. Felmer\u00fcl a k\u00e9rd\u00e9s, <strong>milyen csal\u00e1di divat \u00fczletek vannak Szentesen<\/strong>? L\u00e1ssuk a lehet\u0151s\u00e9geket, amelyek a <strong>legjobb csal\u00e1di ruh\u00e1zati boltok Szentes<\/strong> k\u00edn\u00e1lat\u00e1t jelentik.<\/p>\n<h3>Helyi butikok \u00e9s kisv\u00e1llalkoz\u00e1sok<\/h3>\n<p>\u00c9n szem\u00e9ly szerint im\u00e1dom a kis, helyi \u00fczleteket. Itt gyakran tal\u00e1lni olyan egyedi darabokat, amik nem j\u00f6nnek szembe minden sarkon. A tulajdonosok ismerik a vev\u0151iket, \u00e9s szem\u00e9lyre szabott tan\u00e1csokat tudnak adni. B\u00e1r a <strong>Csal\u00e1di divat Szentes<\/strong> ter\u00e9n nincs annyi specializ\u00e1lt butik, \u00e9rdemes nyitott szemmel j\u00e1rni a belv\u00e1rosban. A <strong>helyi ruhaboltok Szentes csal\u00e1di<\/strong> k\u00edn\u00e1lata n\u00e9ha kincseket rejt. Ezek a <strong>Szentesi divat\u00fczletek csal\u00e1doknak<\/strong> sokszor szem\u00e9lyesebb \u00e9lm\u00e9nyt ny\u00fajtanak. Az ilyen rejtett kincsek felkutat\u00e1s\u00e1hoz n\u00e9ha egy j\u00f3 kalauzra van sz\u00fcks\u00e9g, ahogy p\u00e9ld\u00e1ul Miskolcon is j\u00f3l j\u00f6n egy <a href=\"https:\/\/worldpoint.eu\/hu\/nessy-divat-miskolc-uzlet-kalauz\/\">\u00fatmutat\u00f3 a helyi divat\u00fczletekhez<\/a>.<\/p>\n<h3>Nagyobb \u00fczletl\u00e1ncok k\u00edn\u00e1lata<\/h3>\n<p>Persze, ott vannak a nagyobb, orsz\u00e1gos h\u00e1l\u00f3zattal rendelkez\u0151 boltok is. El\u0151ny\u00fck a sz\u00e9les v\u00e1laszt\u00e9k \u00e9s gyakran a kedvez\u0151bb \u00e1r. Itt egy helyen meg lehet tal\u00e1lni mindent: <strong>feln\u0151tt \u00e9s gyerek ruh\u00e1zat Szentes<\/strong> v\u00e1ros\u00e1ban is el\u00e9rhet\u0151 ezekben az \u00fczletekben. H\u00e1tr\u00e1nyuk viszont, hogy a k\u00edn\u00e1lat uniformiz\u00e1lt. Neh\u00e9z egyedi, igaz\u00e1n szem\u00e9lyes szetteket \u00f6ssze\u00e1ll\u00edtani. De a mindennapi alapdarabok beszerz\u00e9s\u00e9re t\u00f6k\u00e9letesek, \u00e9s a <strong>Csal\u00e1di divat Szentes<\/strong> alapjait itt is le lehet fektetni.<\/p>\n<h3>Tippek online v\u00e1s\u00e1rl\u00e1shoz Szentesr\u0151l<\/h3>\n<p>Az online vil\u00e1g kinyitja a kapukat. Ha helyben nem tal\u00e1lod meg, amit keresel, az interneten garant\u00e1ltan ott lesz. A <strong>csal\u00e1di ruh\u00e1k online rendel\u00e9s Szentes<\/strong> v\u00e1ros\u00e1b\u00f3l is pofonegyszer\u0171. Rengeteg webshop k\u00edn\u00e1l m\u00e1r komplett csal\u00e1di szetteket, ami \u00f3ri\u00e1si seg\u00edts\u00e9g. A tr\u00fckk a m\u00e9retez\u00e9sben rejlik; mindig alaposan tanulm\u00e1nyozd a m\u00e9rett\u00e1bl\u00e1zatot! \u00c9rdemes olyan oldalakat keresni, ahol a visszak\u00fcld\u00e9s egyszer\u0171 \u00e9s ingyenes. A sikeres online v\u00e1s\u00e1rl\u00e1shoz egy \u00e1tfog\u00f3 <a href=\"https:\/\/worldpoint.eu\/hu\/divatos-ruha-uzlet-utmutato\/\">divatos ruha \u00fczlet \u00fatmutat\u00f3<\/a> is seg\u00edts\u00e9get ny\u00fajthat, tele hasznos tan\u00e1csokkal.<\/p>\n<h2>\u00d6lt\u00f6zk\u00f6d\u00e9si tan\u00e1csok a harmonikus csal\u00e1di megjelen\u00e9s\u00e9rt<\/h2>\n<p>A harmonikus megjelen\u00e9s nem egyenl\u0151 az unalmas egyformas\u00e1ggal. A c\u00e9l a vizu\u00e1lis \u00f6sszhang, nem a katon\u00e1s egyenruha. Vagyis, a <strong>hogyan \u00f6lt\u00f6zz\u00f6n a csal\u00e1d \u00f6sszehangoltan Szentesen<\/strong> k\u00e9rd\u00e9sre a v\u00e1lasz a r\u00e9szletekben rejlik.<\/p>\n<h3>Sz\u00ednek \u00e9s anyagok \u00f6sszehangol\u00e1sa<\/h3>\n<p>A legbiztosabb m\u00f3dszer, ha kiv\u00e1lasztotok egy 3-4 sz\u00ednb\u0151l \u00e1ll\u00f3 palett\u00e1t, \u00e9s mindenki ebb\u0151l \u00f6lt\u00f6zk\u00f6dik. P\u00e9ld\u00e1ul: tenger\u00e9szk\u00e9k, feh\u00e9r, b\u00e9zs \u00e9s egy csipetnyi piros. \u00cdgy mindenki viselheti a saj\u00e1t st\u00edlus\u00e1nak megfelel\u0151 ruh\u00e1t, a v\u00e9geredm\u00e9ny m\u00e9gis egys\u00e9ges lesz. Az anyagokkal is lehet j\u00e1tszani: egy farmer-feh\u00e9r p\u00f3l\u00f3 kombin\u00e1ci\u00f3 mindenkin\u00e9l m\u0171k\u00f6dik, kort\u00f3l \u00e9s nemt\u0151l f\u00fcggetlen\u00fcl. Ez a praktikus <strong>Csal\u00e1di divat Szentes<\/strong> egyik alappill\u00e9re.<\/p>\n<h3>K\u00e9nyelem \u00e9s praktikum a mindennapokban<\/h3>\n<p>Ne is mondd! Hi\u00e1ba a legszebb ruha, ha a gyerek feszeng benne. A k\u00e9nyelem mindenn\u00e9l fontosabb. V\u00e1lasszatok puha, rugalmas anyagokat, amikben lehet mozogni, j\u00e1tszani. A <strong>Csal\u00e1di divat Szentes<\/strong> a val\u00f3 \u00e9letr\u0151l sz\u00f3l, nem a magazinok be\u00e1ll\u00edtott k\u00e9peir\u0151l. Egy j\u00f3 min\u0151s\u00e9g\u0171, k\u00e9nyelmes szett magabiztoss\u00e1got ad az eg\u00e9sz csal\u00e1dnak. A <strong>min\u0151s\u00e9gi csal\u00e1di ruh\u00e1zat Szentes<\/strong> beszerz\u00e9se hossz\u00fa t\u00e1v\u00fa befektet\u00e9s.<\/p>\n<h3>K\u00fcl\u00f6nleges alkalmakra val\u00f3 felk\u00e9sz\u00fcl\u00e9s<\/h3>\n<p>Esk\u00fcv\u0151, keresztel\u0151, sz\u00fclet\u00e9snap vagy egy csal\u00e1di fot\u00f3z\u00e1s. Ezek azok az esem\u00e9nyek, ahol t\u00e9nyleg sz\u00e1m\u00edt az \u00f6sszhang. Itt \u00e9rdemes el\u0151re tervezni. Besz\u00e9lj\u00e9tek meg a koncepci\u00f3t! Egy eleg\u00e1nsabb esem\u00e9nyre a pasztellsz\u00ednek mindig j\u00f3 v\u00e1laszt\u00e1snak bizonyulnak. Egy profi fot\u00f3z\u00e1shoz pedig a fot\u00f3ssal is \u00e9rdemes egyeztetni a helysz\u00ednhez legjobban passzol\u00f3 sz\u00ednekr\u0151l. A j\u00f3 <strong>csal\u00e1di fot\u00f3z\u00e1s \u00f6lt\u00f6zet tippek Szentes<\/strong> k\u00f6rny\u00e9k\u00e9n aranyat \u00e9rnek. Egy sz\u00e9p <strong>csal\u00e1di esem\u00e9nyre ruha Szentes<\/strong> v\u00e1ros\u00e1ban is beszerezhet\u0151, csak tudni kell, hol keress\u00fck. A helyi st\u00edlus persze m\u00e1s, mint a nagyv\u00e1rosi, hiszen ami Gy\u0151rben a <a href=\"https:\/\/worldpoint.eu\/hu\/parizsi-divat-gyorben\/\">p\u00e1rizsi divat<\/a>, az itt tal\u00e1n t\u00falz\u00e1snak hatna.<\/p>\n<h2>Gyermekdivat Szentesen: St\u00edlus \u00e9s funkcionalit\u00e1s<\/h2>\n<p>A gyerekdivat egy k\u00fcl\u00f6n univerzum. Itt a st\u00edlusnak \u00e9s a strapab\u00edr\u00e1snak k\u00e9z a k\u00e9zben kell j\u00e1rnia. Ez a <strong>Csal\u00e1di divat Szentes<\/strong> legdinamikusabban v\u00e1ltoz\u00f3 ter\u00fclete.<\/p>\n<h3>A leg\u00fajabb gyerekruha trendek<\/h3>\n<p>A gyerekruh\u00e1kn\u00e1l is a term\u00e9szetess\u00e9g h\u00f3d\u00edt: organikus pamut, vid\u00e1m, de nem giccses mint\u00e1k, \u00e9s uniszex fazonok. A c\u00e9l, hogy a ruha ne korl\u00e1tozza a gyereket a mozg\u00e1sban, \u00e9s hagyja \u00e9rv\u00e9nyes\u00fclni a szem\u00e9lyis\u00e9g\u00e9t. A <strong>hol vehetek gyerekruh\u00e1t Szentesen<\/strong> k\u00e9rd\u00e9sre a v\u00e1lasz a helyi boltok \u00e9s a nagyobb l\u00e1ncok kombin\u00e1ci\u00f3ja. Sokszor egy-egy m\u00e1rka, mint amit a <a href=\"https:\/\/worldpoint.eu\/hu\/tunde-divat-kecskemet\/\">kecskem\u00e9ti T\u00fcnde Divat<\/a> is k\u00e9pvisel, inspir\u00e1ci\u00f3t adhat a helyi keresg\u00e9l\u00e9shez.<\/p>\n<h3>Tart\u00f3s \u00e9s k\u00e9nyelmes viseletek<\/h3>\n<p>Egy gyerekruha legnagyobb ellens\u00e9ge a j\u00e1tsz\u00f3t\u00e9r, a f\u0171folt \u00e9s a paradicsomsz\u00f3sz. Ez\u00e9rt a tart\u00f3ss\u00e1g kulcsfontoss\u00e1g\u00fa. Er\u0151s varr\u00e1sok, j\u00f3 min\u0151s\u00e9g\u0171 anyagok \u00e9s k\u00f6nny\u0171 tiszt\u00edthat\u00f3s\u00e1g \u2013 ezek a sz\u00fcl\u0151k szenth\u00e1roms\u00e1ga. \u00c9rdemes figyelni az akci\u00f3kat, egy j\u00f3 <strong>gyerekruha bolt Szentes akci\u00f3s<\/strong> k\u00edn\u00e1lata sokat seg\u00edthet a csal\u00e1di kassz\u00e1n. A <strong>Csal\u00e1di divat Szentes<\/strong> itt tal\u00e1lkozik a k\u0151kem\u00e9ny realit\u00e1ssal.<\/p>\n<h2>Fenntarthat\u00f3 csal\u00e1di divat \u00e9s k\u00f6lts\u00e9ghat\u00e9kony megold\u00e1sok<\/h2>\n<p>Nem kell minden szezonban lecser\u00e9lni a teljes gardr\u00f3bot. S\u0151t! A tudatos v\u00e1s\u00e1rl\u00e1s \u00e9s a fenntarthat\u00f3s\u00e1g a <strong>Csal\u00e1di divat Szentes<\/strong> vil\u00e1g\u00e1ban is egyre fontosabb. \u00c9s a p\u00e9nzt\u00e1rc\u00e1nknak is j\u00f3t tesz.<\/p>\n<h3>M\u00e1sodik es\u00e9lyt ad\u00f3 ruh\u00e1k \u00e9s \u00fajrahasznos\u00edt\u00e1s<\/h3>\n<p>A haszn\u00e1ltruha-boltok, vagy ahogy mi h\u00edvjuk, &#8220;turik&#8221;, igazi kincsesb\u00e1ny\u00e1k. T\u00fcrelemmel \u00e9s egy kis szerencs\u00e9vel m\u00e1rk\u00e1s, alig hordott darabokat lehet tal\u00e1lni a bolti \u00e1r t\u00f6red\u00e9k\u00e9\u00e9rt. Ez a <strong>fenntarthat\u00f3 csal\u00e1di \u00f6lt\u00f6zk\u00f6d\u00e9s Szentes<\/strong> alapja. A kin\u0151tt, de j\u00f3 \u00e1llapot\u00fa ruh\u00e1kat pedig tov\u00e1bb lehet adni a csal\u00e1dban vagy bar\u00e1toknak. Az <strong>olcs\u00f3 csal\u00e1di ruh\u00e1k Szentesen<\/strong> legink\u00e1bb \u00edgy \u00e9rhet\u0151k el.<\/p>\n<h3>Okos v\u00e1s\u00e1rl\u00e1si strat\u00e9gi\u00e1k<\/h3>\n<p>V\u00e1s\u00e1rolj id\u0151tlen, klasszikus alapdarabokat, amiket t\u00f6bb szezonon kereszt\u00fcl is lehet hordani. Egy j\u00f3 farmer, egy feh\u00e9r ing, egy egyszer\u0171 pul\u00f3ver sosem megy ki a divatb\u00f3l. Ezeket azt\u00e1n fel lehet dobni n\u00e9h\u00e1ny szezon\u00e1lis, divatos kieg\u00e9sz\u00edt\u0151vel. A <strong>csal\u00e1di szettek v\u00e1s\u00e1rl\u00e1sa Szentes<\/strong> eset\u00e9ben is m\u0171k\u00f6dhet okosan, ha az alapok k\u00f6z\u00f6sek. Nem kell mindennek dr\u00e1g\u00e1nak lennie, a st\u00edlus nem p\u00e9nz k\u00e9rd\u00e9se. Ez a <strong>Csal\u00e1di divat Szentes<\/strong> filoz\u00f3fi\u00e1ja.<\/p>\n<h2>A csal\u00e1di divat j\u00f6v\u0151je Szentesen<\/h2>\n<p>A <strong>Csal\u00e1di divat Szentes<\/strong> folyamatosan v\u00e1ltozik, ahogy mi magunk is. Az ig\u00e9nyek, a technol\u00f3gia \u00e9s a szeml\u00e9letm\u00f3d alak\u00edtja a j\u00f6v\u0151 trendjeit.<\/p>\n<h3>Innov\u00e1ci\u00f3k \u00e9s v\u00e1ltoz\u00f3 ig\u00e9nyek<\/h3>\n<p>A j\u00f6v\u0151 a multifunkcion\u00e1lis, okos anyagok\u00e9 lehet. Olyan ruh\u00e1k\u00e9, amik tasz\u00edtj\u00e1k a vizet, ellen\u00e1llnak a foltoknak, vagy ak\u00e1r a testh\u0151m\u00e9rs\u00e9kletet is szab\u00e1lyozz\u00e1k. A helyi tervez\u0151k \u00e9s kisv\u00e1llalkoz\u00e1sok szerepe fel\u00e9rt\u00e9kel\u0151dhet, akik egyedi, szem\u00e9lyre szabott megold\u00e1sokat k\u00edn\u00e1lnak. Az online platformok m\u00e9g ink\u00e1bb \u00f6sszek\u00f6tik majd a szentesi csal\u00e1dokat a glob\u00e1lis trendekkel, ahogy az a <a href=\"https:\/\/worldpoint.eu\/hu\/mania-divat-monor\/\">Mania Divat Monor<\/a> eset\u00e9ben is l\u00e1that\u00f3. Az emberek egyre ink\u00e1bb keresik majd az egyedi megold\u00e1sokat, tal\u00e1n m\u00e9g az <strong>egyenruha csal\u00e1dnak Szentes<\/strong> form\u00e1j\u00e1ban is, de egy sokkal kreat\u00edvabb, modernebb k\u00f6nt\u00f6sben. A <strong>divat Szentes csal\u00e1dnak v\u00e9lem\u00e9nyek<\/strong> alapj\u00e1n is egyre ink\u00e1bb a min\u0151s\u00e9g \u00e9s egyedis\u00e9g fel\u00e9 tol\u00f3dik.<\/p>\n<h3>\u00d6sszegz\u00e9s \u00e9s z\u00e1r\u00f3 gondolatok<\/h3>\n<p>A <strong>Csal\u00e1di divat Szentes<\/strong> sokkal t\u00f6bb, mint egyszer\u0171 ruhav\u00e1s\u00e1rl\u00e1s. Ez egy k\u00f6z\u00f6s j\u00e1t\u00e9k, egy kreat\u00edv folyamat, ami k\u00f6zelebb hozza egym\u00e1shoz a csal\u00e1dtagokat. Arr\u00f3l sz\u00f3l, hogy megtal\u00e1ljuk a saj\u00e1t, k\u00f6z\u00f6s st\u00edlusunkat, ami kifejezi az \u00f6sszetartoz\u00e1sunkat \u00e9s t\u00fckr\u00f6zi a szem\u00e9lyis\u00e9g\u00fcnket. Nem kell t\u00f6k\u00e9letesnek lennie, csak a mi\u00e9nknek. Legyen sz\u00f3 a helyi butikok felfedez\u00e9s\u00e9r\u0151l vagy egy online kincsvad\u00e1szatr\u00f3l, a l\u00e9nyeg a k\u00f6z\u00f6s \u00e9lm\u00e9ny. A harmonikus \u00f6lt\u00f6zk\u00f6d\u00e9s csak a hab a tort\u00e1n, ami megkoron\u00e1zza a csal\u00e1di egys\u00e9get. A <strong>Csal\u00e1di divat Szentes<\/strong> egy eszk\u00f6z a kez\u00fcnkben, hogy a mindennapokat \u00e9s az \u00fcnnepeket is egy kicsit szebb\u00e9, eml\u00e9kezetesebb\u00e9 tegy\u00fck.<\/p>\n","protected":false},"excerpt":{"rendered":"<p>Eml\u00e9kszem, ott \u00e1lltunk a Tisza-parton, a nap \u00e9ppen lemen\u0151ben volt, \u00e9s a fot\u00f3s pr\u00f3b\u00e1lt minket egy t\u00f6k\u00e9letes csal\u00e1di k\u00e9pbe rendezni. Katasztr\u00f3fa volt. A fiamon egy rik\u00edt\u00f3 z\u00f6ld dinoszauruszos p\u00f3l\u00f3 volt, a l\u00e1nyom ragaszkodott a csill\u00e1mos t\u00fcllszokny\u00e1j\u00e1hoz, a f\u00e9rjem pedig egy agyonmosott rekl\u00e1mp\u00f3l\u00f3t kapott fel. \u00c9n? \u00c9n meg pr\u00f3b\u00e1ltam eleg\u00e1nsan mosolyogni a vir\u00e1gos ruh\u00e1mban, ami tot\u00e1lisan [&hellip;]<\/p>\n","protected":false},"author":2,"featured_media":0,"comment_status":"","ping_status":"","sticky":false,"template":"","format":"standard","meta":{"footnotes":""},"categories":[1],"tags":[],"class_list":["post-325","post","type-post","status-publish","format-standard","hentry","category-uzlet"],"_links":{"self":[{"href":"https:\/\/worldpoint.eu\/hu\/wp-json\/wp\/v2\/posts\/325","targetHints":{"allow":["GET"]}}],"collection":[{"href":"https:\/\/worldpoint.eu\/hu\/wp-json\/wp\/v2\/posts"}],"about":[{"href":"https:\/\/worldpoint.eu\/hu\/wp-json\/wp\/v2\/types\/post"}],"author":[{"embeddable":true,"href":"https:\/\/worldpoint.eu\/hu\/wp-json\/wp\/v2\/users\/2"}],"replies":[{"embeddable":true,"href":"https:\/\/worldpoint.eu\/hu\/wp-json\/wp\/v2\/comments?post=325"}],"version-history":[{"count":0,"href":"https:\/\/worldpoint.eu\/hu\/wp-json\/wp\/v2\/posts\/325\/revisions"}],"wp:attachment":[{"href":"https:\/\/worldpoint.eu\/hu\/wp-json\/wp\/v2\/media?parent=325"}],"wp:term":[{"taxonomy":"category","embeddable":true,"href":"https:\/\/worldpoint.eu\/hu\/wp-json\/wp\/v2\/categories?post=325"},{"taxonomy":"post_tag","embeddable":true,"href":"https:\/\/worldpoint.eu\/hu\/wp-json\/wp\/v2\/tags?post=325"}],"curies":[{"name":"wp","href":"https:\/\/api.w.org\/{rel}","templated":true}]}}