{"id":314,"date":"2025-10-15T11:47:54","date_gmt":"2025-10-15T09:47:54","guid":{"rendered":"https:\/\/worldpoint.eu\/hu\/egeszseg-vilagnapja-jelentosege\/"},"modified":"2025-10-15T11:47:54","modified_gmt":"2025-10-15T09:47:54","slug":"egeszseg-vilagnapja-jelentosege","status":"publish","type":"post","link":"https:\/\/worldpoint.eu\/hu\/egeszseg-vilagnapja-jelentosege\/","title":{"rendered":"Az eg\u00e9szs\u00e9g vil\u00e1gnapja jelent\u0151s\u00e9ge \u00e9s glob\u00e1lis \u00fczenete"},"content":{"rendered":"<p>Vannak napok, amik csak \u00fagy elsuhannak mellett\u00fcnk a napt\u00e1rban. Tudjuk, hogy l\u00e9teznek, de nem igaz\u00e1n \u00e9rezz\u00fck a s\u00falyukat. Azt\u00e1n vannak azok, amelyek meg\u00e1ll\u00e1sra k\u00e9sztetnek. Sz\u00e1momra az eg\u00e9szs\u00e9g vil\u00e1gnapja pont ilyen. Nem csak egy d\u00e1tum. Sokkal t\u00f6bb ann\u00e1l. Egy glob\u00e1lis eml\u00e9keztet\u0151, egy k\u00f6z\u00f6s s\u00f3haj \u00e9s egy hatalmas lehet\u0151s\u00e9g. De vajon t\u00e9nyleg \u00e9rtj\u00fck, hogy mi az igazi <b>eg\u00e9szs\u00e9g vil\u00e1gnapja jelent\u0151s\u00e9ge<\/b>? Nem csak a szlogenek szintj\u00e9n, hanem a mindennapi \u00e9let\u00fcnkben. Mert itt van a kutya el\u00e1sva. A val\u00f3di v\u00e1ltoz\u00e1s nem a konferenciatermekben kezd\u0151dik, hanem a saj\u00e1t konyh\u00e1nkban, a fut\u00f3cip\u0151nkben \u00e9s a gondolatainkban.<\/p>\n<h2>Bevezet\u00e9s: Az Eg\u00e9szs\u00e9g Vil\u00e1gnapj\u00e1nak Jelent\u0151s\u00e9ge \u00e9s C\u00e9lja<\/h2>\n<p>Minden \u00e9v \u00e1prilis 7-\u00e9n a vil\u00e1g egy pillanatra meg\u00e1ll, hogy az egyik leg\u00e9rt\u00e9kesebb kincs\u00fcnkre, az eg\u00e9szs\u00e9gre f\u00f3kusz\u00e1ljon. De mi\u00e9rt? <b>Mi\u00e9rt fontos az eg\u00e9szs\u00e9g vil\u00e1gnapja<\/b> annyira, hogy egy eg\u00e9sz napot szentelj\u00fcnk neki? A v\u00e1lasz egyszer\u0171bb \u00e9s \u00f6sszetettebb is, mint gondoln\u00e1nk. Egyszer\u0171, mert az eg\u00e9szs\u00e9g minden alapja. \u00d6sszetett, mert az eg\u00e9szs\u00e9ghez vezet\u0151 \u00fat mindenki sz\u00e1m\u00e1ra m\u00e1s. Az <b>eg\u00e9szs\u00e9g vil\u00e1gnapja jelent\u0151s\u00e9ge<\/b> abban rejlik, hogy felh\u00edvja a figyelmet a glob\u00e1lis eg\u00e9szs\u00e9g\u00fcgyi egyenl\u0151tlens\u00e9gekre \u00e9s k\u00f6z\u00f6s felel\u0151ss\u00e9g\u00fcnkre. C\u00e9lja, hogy \u00f6szt\u00f6n\u00f6zz\u00f6n minket \u2013 egy\u00e9neket, k\u00f6z\u00f6ss\u00e9geket \u00e9s korm\u00e1nyokat \u2013, hogy tegy\u00fcnk az eg\u00e9szs\u00e9gesebb j\u00f6v\u0151\u00e9rt. Nem csak egy napig. Hanem minden \u00e1ldott nap. Az <b>eg\u00e9szs\u00e9g vil\u00e1gnapj\u00e1nak c\u00e9lja \u00e9s t\u00f6rt\u00e9nete<\/b> szorosan \u00f6sszefon\u00f3dik a kollekt\u00edv tudatoss\u00e1g er\u0151s\u00edt\u00e9s\u00e9vel.<\/p>\n<h2>Az Eg\u00e9szs\u00e9g Vil\u00e1gnapj\u00e1nak Gy\u00f6kerei \u00e9s T\u00f6rt\u00e9nelmi Fejl\u0151d\u00e9se<\/h2>\n<p>A t\u00f6rt\u00e9net eg\u00e9szen 1948-ig ny\u00falik vissza. El\u00e9g r\u00e9g, igaz? Ekkor alakult meg az Eg\u00e9szs\u00e9g\u00fcgyi Vil\u00e1gszervezet, ismertebb nev\u00e9n a WHO. Egy olyan korban, amikor a vil\u00e1g m\u00e9g a m\u00e1sodik vil\u00e1gh\u00e1bor\u00fa sebeib\u0151l l\u00e1badozott, a nemzetek felismert\u00e9k: a b\u00e9ke \u00e9s a biztons\u00e1g alapfelt\u00e9tele az emberek eg\u00e9szs\u00e9ge. Ez a felismer\u00e9s adta meg a kezd\u0151l\u00f6k\u00e9st.<\/p>\n<h3>A WHO alap\u00edt\u00f3 szerepe \u00e9s az els\u0151 \u00fcnneps\u00e9gek<\/h3>\n<p>A WHO alapokm\u00e1ny\u00e1nak \u00e9letbe l\u00e9p\u00e9s\u00e9t \u00fcnnepelj\u00fck \u00e1prilis 7-\u00e9n. Az els\u0151 eg\u00e9szs\u00e9g vil\u00e1gnapj\u00e1t 1950-ben tartott\u00e1k meg, \u00e9s az\u00f3ta is ez a nap a szervezet legfontosabb glob\u00e1lis figyelemfelh\u00edv\u00f3 kamp\u00e1nya. Az alap\u00edt\u00f3k v\u00edzi\u00f3ja egy olyan vil\u00e1g volt, ahol mindenki sz\u00e1m\u00e1ra el\u00e9rhet\u0151 a legmagasabb szint\u0171 eg\u00e9szs\u00e9g\u00fcgyi ell\u00e1t\u00e1s. Nos, ett\u0151l m\u00e9g messze vagyunk, de az ir\u00e1nyt kijel\u00f6lt\u00e9k. Az <b>eg\u00e9szs\u00e9g vil\u00e1gnapja jelent\u0151s\u00e9ge<\/b> \u00e9ppen az, hogy \u00e9vr\u0151l \u00e9vre eml\u00e9keztet minket erre a nemes c\u00e9lra. A kezdeti \u00fcnneps\u00e9gek m\u00e9g szer\u00e9nyebbek voltak, de a magot elvetett\u00e9k, \u00e9s az \u00fczenet lassan gy\u00f6keret vert a k\u00f6ztudatban, r\u00e1vil\u00e1g\u00edtva az <b>eg\u00e9szs\u00e9g vil\u00e1gnapja jelent\u0151s\u00e9ge<\/b> melletti \u00e9rvekre.<\/p>\n<h3>Hogyan alakult a vil\u00e1gnap tematik\u00e1ja<\/h3>\n<p>Ami igaz\u00e1n izgalmass\u00e1 teszi ezt a napot, az a dinamizmusa. A WHO minden \u00e9vben m\u00e1s \u00e9s m\u00e1s t\u00e9m\u00e1t v\u00e1laszt, amely egy aktu\u00e1lis, s\u00fcrget\u0151 eg\u00e9szs\u00e9g\u00fcgyi probl\u00e9m\u00e1ra ir\u00e1ny\u00edtja a figyelmet. Volt m\u00e1r sz\u00f3 a ment\u00e1lis eg\u00e9szs\u00e9gr\u0151l, a cukorbetegs\u00e9gr\u0151l, az \u00e9lelmiszerbiztons\u00e1gr\u00f3l vagy \u00e9ppen az eg\u00e9szs\u00e9g\u00fcgyi dolgoz\u00f3k p\u00f3tolhatatlan munk\u00e1j\u00e1r\u00f3l. Ez a tematikus megk\u00f6zel\u00edt\u00e9s biztos\u00edtja, hogy a vil\u00e1gnap relev\u00e1ns \u00e9s hat\u00e1sos maradjon. Az <b>eg\u00e9szs\u00e9g vil\u00e1gnapja jelent\u0151s\u00e9ge<\/b> abban is megmutatkozik, hogy k\u00e9pes adapt\u00e1l\u00f3dni a kor kih\u00edv\u00e1saihoz. A kiv\u00e1lasztott t\u00e9m\u00e1k r\u00e1mutatnak arra, hogy az eg\u00e9szs\u00e9g nem statikus \u00e1llapot, hanem folyamatosan v\u00e1ltoz\u00f3, komplex rendszer, ahol a <b>WHO eg\u00e9szs\u00e9g vil\u00e1gnapja kamp\u00e1nyai<\/b> ir\u00e1nyt mutatnak.<\/p>\n<h2>Glob\u00e1lis Kih\u00edv\u00e1sok \u00e9s Az Eg\u00e9szs\u00e9g Vil\u00e1gnapj\u00e1nak F\u00f3kuszpontjai<\/h2>\n<p>A vil\u00e1g tele van kih\u00edv\u00e1sokkal. \u00c9s ezek al\u00f3l az eg\u00e9szs\u00e9g\u00fcgy sem kiv\u00e9tel. S\u0151t. J\u00e1rv\u00e1nyok, kr\u00f3nikus betegs\u00e9gek, ment\u00e1lis eg\u00e9szs\u00e9g\u00fcgyi kr\u00edzis, az ell\u00e1t\u00f3rendszerek t\u00falterhelts\u00e9ge. A lista v\u00e9gtelennek t\u0171nik. \u0150szint\u00e9n, n\u00e9ha eg\u00e9szen nyomaszt\u00f3 belegondolni. De a homokba dugni a fej\u00fcnket nem megold\u00e1s. Az <b>eg\u00e9szs\u00e9g vil\u00e1gnapja jelent\u0151s\u00e9ge<\/b> pont az, hogy szemben\u00e9zz\u00fcnk ezekkel a probl\u00e9m\u00e1kkal. A <b>glob\u00e1lis eg\u00e9szs\u00e9g\u00fcgyi kih\u00edv\u00e1sok tudatos\u00edt\u00e1sa<\/b> az els\u0151 l\u00e9p\u00e9s a megold\u00e1s fel\u00e9. Ez a nap platformot teremt a p\u00e1rbesz\u00e9dre, a k\u00f6z\u00f6s gondolkod\u00e1sra \u00e9s a cselekv\u00e9sre.<\/p>\n<h3>A legfontosabb eg\u00e9szs\u00e9g\u00fcgyi probl\u00e9m\u00e1k \u00e9s megold\u00e1sok<\/h3>\n<p>Ma a nem fert\u0151z\u0151 betegs\u00e9gek, mint a sz\u00edv- \u00e9s \u00e9rrendszeri megbeteged\u00e9sek, a r\u00e1k vagy a cukorbetegs\u00e9g jelentik az egyik legnagyobb terhet. Ezek nagyr\u00e9szt \u00e9letm\u00f3dbeli t\u00e9nyez\u0151kre vezethet\u0151k vissza. A megold\u00e1s? R\u00e9szben a mi kez\u00fcnkben van. Egy m\u00e1sik \u00f3ri\u00e1si ter\u00fclet a ment\u00e1lis eg\u00e9szs\u00e9g. V\u00e9gre kezdj\u00fck meg\u00e9rteni, hogy a lelki j\u00f3ll\u00e9t legal\u00e1bb annyira fontos, mint a fizikai. Az <b>eg\u00e9szs\u00e9g vil\u00e1gnapja jelent\u0151s\u00e9ge<\/b> itt kiemelked\u0151, mert seg\u00edt lebontani a stigm\u00e1kat. A megold\u00e1sok komplexek: jobb hozz\u00e1f\u00e9r\u00e9s a ment\u00e1lhigi\u00e9n\u00e9s szolg\u00e1ltat\u00e1sokhoz, a munkahelyi stressz cs\u00f6kkent\u00e9se \u00e9s a t\u00e1rsadalmi t\u00e1mogat\u00e1s er\u0151s\u00edt\u00e9se. A vil\u00e1gnap r\u00e1vil\u00e1g\u00edt, hogy az eg\u00e9szs\u00e9g\u00fcgyi k\u00e9rd\u00e9sek mennyire sokr\u00e9t\u0171ek; a <a href=\"https:\/\/worldpoint.eu\/hu\/noi-egeszseg-utmutato\/\">n\u0151i eg\u00e9szs\u00e9g \u00fatmutat\u00f3<\/a> p\u00e9ld\u00e1ul teljesen m\u00e1s kih\u00edv\u00e1sokra f\u00f3kusz\u00e1l, mint az id\u0151skori probl\u00e9m\u00e1k.<\/p>\n<h3>A prevenci\u00f3 \u00e9s az eg\u00e9szs\u00e9gfejleszt\u00e9s szerepe<\/h3>\n<p>Megel\u0151zni a bajt mindig k\u00f6nnyebb, mint kezelni a k\u00f6vetkezm\u00e9nyeket. Klis\u00e9, de igaz. Az <b>eg\u00e9szs\u00e9g vil\u00e1gnapja \u00fczenete a megel\u0151z\u00e9sr\u0151l<\/b> sz\u00f3l. Arra tan\u00edt, hogy proakt\u00edvan tegy\u00fcnk magunk\u00e9rt. Az eg\u00e9szs\u00e9gfejleszt\u00e9s nem csup\u00e1n arr\u00f3l sz\u00f3l, hogy ne legy\u00fcnk betegek. Arr\u00f3l sz\u00f3l, hogy j\u00f3l legy\u00fcnk. Testileg, lelkileg, szoci\u00e1lisan. Ez egy holisztikus szeml\u00e9let, amelynek k\u00f6z\u00e9ppontj\u00e1ban az \u00e9letmin\u0151s\u00e9g jav\u00edt\u00e1sa \u00e1ll. Az <b>eg\u00e9szs\u00e9g vil\u00e1gnapja jelent\u0151s\u00e9ge<\/b> abban \u00e1ll, hogy ezt a proakt\u00edv szeml\u00e9letet n\u00e9pszer\u0171s\u00edti, \u00e9s seg\u00edt meg\u00e9rteni, hogy az eg\u00e9szs\u00e9g egy befektet\u00e9s a j\u00f6v\u0151nkbe.<\/p>\n<h2>Az Egy\u00e9ni Felel\u0151ss\u00e9g \u00e9s A K\u00f6z\u00f6ss\u00e9gi R\u00e9szv\u00e9tel Jelent\u0151s\u00e9ge<\/h2>\n<p>K\u00f6nny\u0171 a korm\u00e1nyokra vagy a nagy szervezetekre mutogatni. De a v\u00e1ltoz\u00e1s vel\u00fcnk kezd\u0151dik. Az <b>eg\u00e9szs\u00e9g vil\u00e1gnapja jelent\u0151s\u00e9ge<\/b> egy t\u00fck\u00f6r, ami megmutatja a saj\u00e1t felel\u0151ss\u00e9g\u00fcnket. A mindennapi d\u00f6nt\u00e9seink \u2013 mit esz\u00fcnk, mennyit mozgunk, hogyan kezelj\u00fck a stresszt \u2013 \u00f6sszead\u00f3dnak. Ezek az apr\u00f3 l\u00e9p\u00e9sek form\u00e1lj\u00e1k az eg\u00e9szs\u00e9gi \u00e1llapotunkat. De nem vagyunk egyed\u00fcl. A k\u00f6z\u00f6ss\u00e9g ereje \u00f3ri\u00e1si. Egy t\u00e1mogat\u00f3 csal\u00e1d, bar\u00e1ti k\u00f6r vagy helyi civil szervezet csod\u00e1kra k\u00e9pes.<\/p>\n<h3>Hogyan tehet\u00fcnk mi is az eg\u00e9szs\u00e9g\u00e9rt a vil\u00e1gnapon \u00e9s azon t\u00fal<\/h3>\n<p>De mit tehet\u00fcnk konkr\u00e9tan? A lehet\u0151s\u00e9gek t\u00e1rh\u00e1za v\u00e9gtelen. Elmehet\u00fcnk egy sz\u0171r\u0151vizsg\u00e1latra, amit m\u00e1r r\u00e9g\u00f3ta halogatunk. Kipr\u00f3b\u00e1lhatunk egy \u00faj, eg\u00e9szs\u00e9ges receptet. Tarthatunk egy digit\u00e1lis detox napot. Vagy egyszer\u0171en csak besz\u00e9lgethet\u00fcnk valakivel arr\u00f3l, hogy van. A l\u00e9nyeg a tudatoss\u00e1g. Az, hogy aznap egy kicsit jobban odafigyelj\u00fcnk magunkra \u00e9s m\u00e1sokra. Ez az, <b>hogyan \u00fcnnepelj\u00fck az eg\u00e9szs\u00e9g vil\u00e1gnapj\u00e1t<\/b> a leg\u00e9rtelmesebben. A val\u00f3di c\u00e9l persze az, hogy ezek a j\u00f3 szok\u00e1sok ne csak egy napra sz\u00f3ljanak. Az a c\u00e9l, hogy egy <a href=\"https:\/\/worldpoint.eu\/hu\/egeszseges-es-eros-eletmod\/\">eg\u00e9szs\u00e9ges \u00e9s er\u0151s \u00e9letm\u00f3d<\/a> a mindennapjaink r\u00e9sz\u00e9v\u00e9 v\u00e1ljon. A <b>hogyan vehet\u00fcnk r\u00e9szt az eg\u00e9szs\u00e9g vil\u00e1gnapj\u00e1n<\/b> k\u00e9rd\u00e9sre a v\u00e1lasz teh\u00e1t a szem\u00e9lyes elk\u00f6telez\u0151d\u00e9s.<\/p>\n<h3>Tudatoss\u00e1g n\u00f6vel\u00e9se \u00e9s az eg\u00e9szs\u00e9ges \u00e9letm\u00f3d n\u00e9pszer\u0171s\u00edt\u00e9se<\/h3>\n<p>Az inform\u00e1ci\u00f3 hatalom. Min\u00e9l t\u00f6bbet tudunk az eg\u00e9szs\u00e9gmeg\u0151rz\u00e9s lehet\u0151s\u00e9geir\u0151l, ann\u00e1l jobb d\u00f6nt\u00e9seket hozhatunk. Ebben a folyamatban az <b>eg\u00e9szs\u00e9g vil\u00e1gnapja jelent\u0151s\u00e9ge<\/b> vitathatatlan. Ez a nap egy glob\u00e1lis megafon, amely eljuttatja a hiteles inform\u00e1ci\u00f3kat az emberekhez. Az <b>eg\u00e9szs\u00e9ges \u00e9letm\u00f3d tippek az eg\u00e9szs\u00e9g vil\u00e1gnapj\u00e1ra<\/b> ilyenkor el\u00e1rasztj\u00e1k az internetet. Ez remek! Haszn\u00e1ljuk ki! Olvassunk, t\u00e1j\u00e9koz\u00f3djunk, \u00e9s osszuk meg a tud\u00e1st m\u00e1sokkal is. N\u00e9ha a legegyszer\u0171bb <a href=\"https:\/\/worldpoint.eu\/hu\/egeszseges-eletmod-tippek-2\/\">eg\u00e9szs\u00e9ges \u00e9letm\u00f3d tippek<\/a> hozz\u00e1k a legnagyobb v\u00e1ltoz\u00e1st. S\u0151t, a <b>ment\u00e1lis eg\u00e9szs\u00e9g t\u00e1mogat\u00e1sa a vil\u00e1gnapon<\/b> is egyre nagyobb hangs\u00falyt kap, ami fantasztikus. Egy \u0151szinte besz\u00e9lget\u00e9s vagy egy <a href=\"https:\/\/worldpoint.eu\/hu\/mentalis-egeszseg-teszt\/\">ment\u00e1lis eg\u00e9szs\u00e9g teszt<\/a> kit\u00f6lt\u00e9se is sokat seg\u00edthet. Az <b>eg\u00e9szs\u00e9g vil\u00e1gnapja hat\u00e1sa a k\u00f6zeg\u00e9szs\u00e9gre<\/b> hossz\u00fa t\u00e1von a tudatoss\u00e1g n\u00f6veked\u00e9s\u00e9ben m\u00e9rhet\u0151.<\/p>\n<h2>Nemzetk\u00f6zi Egy\u00fcttm\u0171k\u00f6d\u00e9sek \u00e9s Az Eg\u00e9szs\u00e9g\u00fcgyi Szervezetek Hozz\u00e1j\u00e1rul\u00e1sa<\/h2>\n<p>Az egy\u00e9ni felel\u0151ss\u00e9g fontos, de a nagy rendszerszint\u0171 probl\u00e9m\u00e1kat csak glob\u00e1lis \u00f6sszefog\u00e1ssal lehet megoldani. Egyetlen orsz\u00e1g sem k\u00e9pes egyed\u00fcl megbirk\u00f3zni egy vil\u00e1gj\u00e1rv\u00e1nnyal vagy felsz\u00e1molni a m\u00e9lyszeg\u00e9nys\u00e9g okozta eg\u00e9szs\u00e9g\u00fcgyi probl\u00e9m\u00e1kat. Itt j\u00f6n k\u00e9pbe az <b>eg\u00e9szs\u00e9g vil\u00e1gnapja jelent\u0151s\u00e9ge<\/b> a diplom\u00e1cia \u00e9s a nemzetk\u00f6zi egy\u00fcttm\u0171k\u00f6d\u00e9s szintj\u00e9n.<\/p>\n<h3>A glob\u00e1lis \u00f6sszefog\u00e1s ereje az eg\u00e9szs\u00e9g\u00fcgyi c\u00e9lok el\u00e9r\u00e9s\u00e9ben<\/h3>\n<p>Amikor a nemzetek k\u00f6z\u00f6sen l\u00e9pnek fel, megsokszoroz\u00f3dik az erej\u00fck. A WHO koordin\u00e1lja ezeket az er\u0151fesz\u00edt\u00e9seket, adatokat gy\u0171jt, szakmai ir\u00e1nyelveket dolgoz ki, \u00e9s seg\u00edt a forr\u00e1sok eloszt\u00e1s\u00e1ban. A vil\u00e1gnap egy olyan alkalom, amikor a politikai vezet\u0151k is k\u00e9nytelenek az eg\u00e9szs\u00e9g\u00fcggyel foglalkozni. Ilyenkor \u00faj \u03b4\u03b5\u03c3\u03bc\u03b5\u03cd\u03c3\u03b5\u03b9\u03c2 sz\u00fcletnek, programok indulnak, \u00e9s a figyelem azokra a ter\u00fcletekre ir\u00e1nyul, amelyek a legt\u00f6bb seg\u00edts\u00e9get ig\u00e9nylik. Ez a glob\u00e1lis reflektorf\u00e9ny elengedhetetlen a halad\u00e1shoz, \u00e9s al\u00e1t\u00e1masztja az <b>eg\u00e9szs\u00e9g vil\u00e1gnapja jelent\u0151s\u00e9ge<\/b> melletti \u00e9rveket.<\/p>\n<h3>Civil szervezetek \u00e9s helyi kezdem\u00e9nyez\u00e9sek t\u00e1mogat\u00e1sa<\/h3>\n<p>A nagy nemzetk\u00f6zi szervezetek mellett \u00f3ri\u00e1si szerep\u00fck van a civil szervezeteknek \u00e9s a helyi k\u00f6z\u00f6ss\u00e9geknek. \u0150k azok, akik a legk\u00f6zelebb vannak az emberekhez. Ismerik a helyi ig\u00e9nyeket, a kultur\u00e1lis saj\u00e1toss\u00e1gokat. Az <b>eg\u00e9szs\u00e9g vil\u00e1gnapja programok Magyarorsz\u00e1gon<\/b> is gyakran ilyen szervezetekhez k\u00f6t\u0151dnek. Lehet ez egy ingyenes sz\u0171r\u0151nap, egy k\u00f6z\u00f6s sportesem\u00e9ny vagy egy felvil\u00e1gos\u00edt\u00f3 kamp\u00e1ny az iskol\u00e1kban. A <b>k\u00f6z\u00f6ss\u00e9gi eg\u00e9szs\u00e9gfejleszt\u00e9s az eg\u00e9szs\u00e9g vil\u00e1gnapj\u00e1val<\/b> k\u00e9z a k\u00e9zben j\u00e1r. Ezek a kezdem\u00e9nyez\u00e9sek bizony\u00edtj\u00e1k, hogy az <b>eg\u00e9szs\u00e9g vil\u00e1gnapja jelent\u0151s\u00e9ge<\/b> a gyakorlatban, a val\u00f3di tettekben teljesedik ki. L\u00e1tni, ahogy egy k\u00f6z\u00f6ss\u00e9g \u00f6sszefog egy j\u00f3 \u00fcgy\u00e9rt, hihetetlen\u00fcl inspir\u00e1l\u00f3.<\/p>\n<h2>Az Eg\u00e9szs\u00e9g Vil\u00e1gnapja: J\u00f6v\u0151beli Perspekt\u00edv\u00e1k \u00e9s Tart\u00f3s \u00dczenetek<\/h2>\n<p>A vil\u00e1g folyamatosan v\u00e1ltozik, \u00e9s vele egy\u00fctt az eg\u00e9szs\u00e9g\u00fcgyi kih\u00edv\u00e1sok is. A kl\u00edmav\u00e1ltoz\u00e1s hat\u00e1sai, az antibiotikum-rezisztencia, az id\u0151s\u00f6d\u0151 t\u00e1rsadalmak probl\u00e9m\u00e1i. A j\u00f6v\u0151 nem lesz egyszer\u0171bb. \u00c9ppen ez\u00e9rt az <b>eg\u00e9szs\u00e9g vil\u00e1gnapja aktualit\u00e1sa napjainkban<\/b> tal\u00e1n fontosabb, mint valaha. A j\u00f6v\u0151ben m\u00e9g nagyobb hangs\u00falyt kell fektetni a holisztikus szeml\u00e9letre, amely az emberi eg\u00e9szs\u00e9get a k\u00f6rnyezet eg\u00e9szs\u00e9g\u00e9vel k\u00f6ti \u00f6ssze. Az \u201eEgy Eg\u00e9szs\u00e9g\u201d (One Health) koncepci\u00f3 pontosan ezt k\u00e9pviseli. A tart\u00f3s \u00fczenet pedig v\u00e1ltozatlan: az eg\u00e9szs\u00e9g alapvet\u0151 emberi jog. Nem privil\u00e9gium. Ez az az \u00fczenet, ami\u00e9rt \u00e9vr\u0151l \u00e9vre k\u00fczdeni kell, \u00e9s amiben az <b>eg\u00e9szs\u00e9g vil\u00e1gnapja jelent\u0151s\u00e9ge<\/b> megk\u00e9rd\u0151jelezhetetlen.<\/p>\n<h2>Z\u00e1rsz\u00f3: Mi\u00e9rt L\u00e9tfontoss\u00e1g\u00fa Az Eg\u00e9szs\u00e9g Vil\u00e1gnapja Mindenki Sz\u00e1m\u00e1ra<\/h2>\n<p>Teh\u00e1t, mi\u00e9rt is olyan fontos ez az eg\u00e9sz? Mert r\u00f3lunk sz\u00f3l. R\u00f3lad, r\u00f3lam, a szeretteinkr\u0151l. Az <b>eg\u00e9szs\u00e9g vil\u00e1gnapja jelent\u0151s\u00e9ge<\/b> nem mer\u00fcl ki abban, hogy egy napig eg\u00e9szs\u00e9gesen \u00e9tkez\u00fcnk. A val\u00f3di jelent\u0151s\u00e9ge az a szeml\u00e9letv\u00e1lt\u00e1s, amit elind\u00edthat benn\u00fcnk. Az a felismer\u00e9s, hogy a test\u00fcnk \u00e9s a lelk\u00fcnk a legnagyobb kincs\u00fcnk, amire vigy\u00e1znunk kell. Ez a nap egy lehet\u0151s\u00e9g, hogy meg\u00e1lljunk, \u00e9rt\u00e9kelj\u00fcnk, \u00e9s ha kell, v\u00e1ltoztassunk. Hogy er\u0151t mer\u00edts\u00fcnk m\u00e1sok t\u00f6rt\u00e9neteib\u0151l, \u00e9s tal\u00e1n mi magunk is inspir\u00e1ljunk m\u00e1sokat. Ahogy a leghat\u00e1sosabb <a href=\"https:\/\/worldpoint.eu\/hu\/inspiralo-egeszseg-idezetek\/\">inspir\u00e1l\u00f3 eg\u00e9szs\u00e9g id\u00e9zetek<\/a> is mondj\u00e1k, a legnagyobb gazdags\u00e1g az eg\u00e9szs\u00e9g. Az <b>eg\u00e9szs\u00e9g vil\u00e1gnapja jelent\u0151s\u00e9ge<\/b> az, hogy seg\u00edt ezt soha nem elfelejteni. \u00c9s ez mindenn\u00e9l t\u00f6bbet \u00e9r.<\/p>\n","protected":false},"excerpt":{"rendered":"<p>Vannak napok, amik csak \u00fagy elsuhannak mellett\u00fcnk a napt\u00e1rban. Tudjuk, hogy l\u00e9teznek, de nem igaz\u00e1n \u00e9rezz\u00fck a s\u00falyukat. Azt\u00e1n vannak azok, amelyek meg\u00e1ll\u00e1sra k\u00e9sztetnek. Sz\u00e1momra az eg\u00e9szs\u00e9g vil\u00e1gnapja pont ilyen. Nem csak egy d\u00e1tum. Sokkal t\u00f6bb ann\u00e1l. Egy glob\u00e1lis eml\u00e9keztet\u0151, egy k\u00f6z\u00f6s s\u00f3haj \u00e9s egy hatalmas lehet\u0151s\u00e9g. De vajon t\u00e9nyleg \u00e9rtj\u00fck, hogy mi az igazi [&hellip;]<\/p>\n","protected":false},"author":2,"featured_media":0,"comment_status":"","ping_status":"","sticky":false,"template":"","format":"standard","meta":{"footnotes":""},"categories":[4],"tags":[],"class_list":["post-314","post","type-post","status-publish","format-standard","hentry","category-sport"],"_links":{"self":[{"href":"https:\/\/worldpoint.eu\/hu\/wp-json\/wp\/v2\/posts\/314","targetHints":{"allow":["GET"]}}],"collection":[{"href":"https:\/\/worldpoint.eu\/hu\/wp-json\/wp\/v2\/posts"}],"about":[{"href":"https:\/\/worldpoint.eu\/hu\/wp-json\/wp\/v2\/types\/post"}],"author":[{"embeddable":true,"href":"https:\/\/worldpoint.eu\/hu\/wp-json\/wp\/v2\/users\/2"}],"replies":[{"embeddable":true,"href":"https:\/\/worldpoint.eu\/hu\/wp-json\/wp\/v2\/comments?post=314"}],"version-history":[{"count":0,"href":"https:\/\/worldpoint.eu\/hu\/wp-json\/wp\/v2\/posts\/314\/revisions"}],"wp:attachment":[{"href":"https:\/\/worldpoint.eu\/hu\/wp-json\/wp\/v2\/media?parent=314"}],"wp:term":[{"taxonomy":"category","embeddable":true,"href":"https:\/\/worldpoint.eu\/hu\/wp-json\/wp\/v2\/categories?post=314"},{"taxonomy":"post_tag","embeddable":true,"href":"https:\/\/worldpoint.eu\/hu\/wp-json\/wp\/v2\/tags?post=314"}],"curies":[{"name":"wp","href":"https:\/\/api.w.org\/{rel}","templated":true}]}}