{"id":303,"date":"2025-10-15T10:39:05","date_gmt":"2025-10-15T08:39:05","guid":{"rendered":"https:\/\/worldpoint.eu\/hu\/il-divo-regresa-a-mi-dal-tortenete\/"},"modified":"2025-10-15T10:39:05","modified_gmt":"2025-10-15T08:39:05","slug":"il-divo-regresa-a-mi-dal-tortenete","status":"publish","type":"post","link":"https:\/\/worldpoint.eu\/hu\/il-divo-regresa-a-mi-dal-tortenete\/","title":{"rendered":"Il Divo Regresa A M\u00ed dal &#8211; Egy klasszikus himnusz \u00f6r\u00f6ks\u00e9ge"},"content":{"rendered":"<p>Vannak dalok, amelyek egyszer\u0171en meg\u00e1ll\u00edtj\u00e1k az id\u0151t. Leteszed a vill\u00e1t, f\u00e9lbehagyod a mondatot, \u00e9s csak figyelsz, mert a zene beszippant. Az Il Divo \u201eRegresa A M\u00ed\u201d c\u00edm\u0171 dala pontosan ilyen. Egy olyan zenei \u00e9lm\u00e9ny, amely t\u00faln\u0151 a nyelveken, a kult\u00far\u00e1kon, \u00e9s egyenesen a l\u00e9lek legm\u00e9lyebb h\u00farjait pend\u00edti meg. Nem csup\u00e1n egy dal. Hanem egy \u00e1llapot. Egy vallom\u00e1s. Egy olyan \u00e9rzelmi cunami, ami ut\u00e1n m\u00e1sk\u00e9pp l\u00e1tod a romantikus zen\u00e9t. Eml\u00e9kszem, amikor el\u0151sz\u00f6r hallottam. Teljesen led\u00f6bbentem. Hogy lehet ennyi \u00e9rzelmet, er\u0151t \u00e9s t\u00f6r\u00e9kenys\u00e9get beles\u0171r\u00edteni n\u00e9gy percbe? Ez a dal nem k\u00e9rdez, hanem \u00e1ll\u00edt. Nem kopogtat, hanem ber\u00fagja az ajt\u00f3t, \u00e9s ott marad veled \u00f6r\u00f6kre.<\/p>\n<h2>Az Il Divo \u201eRegresa A M\u00ed\u201d dal\u00e1nak id\u0151tlen vonzereje<\/h2>\n<p>Mi teszi ezt a dalt halhatatlann\u00e1? Tal\u00e1n a dr\u00e1mai hangszerel\u00e9s, ami egy hollywoodi filmeposz bet\u00e9tdal\u00e1nak is beillene. Vagy a n\u00e9gy, egym\u00e1st t\u00f6k\u00e9letesen kieg\u00e9sz\u00edt\u0151, m\u00e9gis egy\u00e9ni karakterrel b\u00edr\u00f3 hang. De szerintem a titok az \u0151szintes\u00e9g\u00e9ben rejlik. Nincs benne mesterk\u00e9lts\u00e9g, nincs benne j\u00e1tszma. Csak a tiszta, elemi erej\u0171 v\u00e1gyakoz\u00e1s egy elvesztett szerelem ut\u00e1n. A dal minden egyes hangjegye egy-egy k\u00f6nnycsepp, egy-egy s\u00f3haj, egy-egy rem\u00e9nyteli foh\u00e1sz. Ez az a fajta zene, amit akkor hallgatsz, amikor \u00f6sszet\u00f6rt a sz\u00edved, de akkor is, amikor \u00e9pp f\u00fclig szerelmes vagy. Egyszer\u0171en univerz\u00e1lis.<\/p>\n<h2>Egy klasszikus crossover himnusz sz\u00fclet\u00e9se<\/h2>\n<p>Az Il Divo nem tal\u00e1lta fel a spanyolviaszt, de t\u00f6k\u00e9letes\u00edtette a receptet. A klasszikus crossover, vagyis a komolyzene \u00e9s a popzene h\u00e1zas\u00edt\u00e1sa m\u00e1r l\u00e9tezett el\u0151tt\u00fck is, de \u0151k adtak neki egy \u00faj, s\u00e1rmos \u00e9s glob\u00e1lisan vonz\u00f3 arculatot. A \u201eRegresa A M\u00ed\u201d lett ennek a m\u0171fajnak a z\u00e1szl\u00f3shaj\u00f3ja. Megmutatta a vil\u00e1gnak, hogy az opera\u00e9nekl\u00e9s technik\u00e1ja \u00e9s a popzene f\u00fclbem\u00e1sz\u00f3 dallamvil\u00e1ga nemcsak megf\u00e9r egym\u00e1s mellett, de valami eg\u00e9szen \u00fajat \u00e9s katartikusat k\u00e9pes l\u00e9trehozni. Ez a dal nyitotta ki a kapukat a sz\u00e9lesebb k\u00f6z\u00f6ns\u00e9g fel\u00e9, \u00e9s bizony\u00edtotta, hogy a magas kult\u00fara \u00e9s a popul\u00e1ris sz\u00f3rakoztat\u00e1s k\u00f6z\u00f6tt igenis van \u00e1tj\u00e1r\u00e1s. S\u0151t, az \u00e1tj\u00e1r\u00e1s maga a l\u00e9nyeg.<\/p>\n<h2>A \u201eRegresa A M\u00ed\u201d zenei utaz\u00e1sa \u00e9s m\u00e9lyebb jelent\u00e9se<\/h2>\n<p>A dal szerkezete egy mesterm\u0171. Lassan, szinte suttogva indul, egy zongora finom akkordjaival, majd fokozatosan \u00e9p\u00edtkezik. Bel\u00e9pnek a von\u00f3sok, a hangok egyre er\u0151teljesebb\u00e9 v\u00e1lnak, \u00e9s a refr\u00e9nn\u00e9l m\u00e1r egy teljes \u00e9rzelmi robban\u00e1snak lehet\u00fcnk tan\u00fai. Ez a zenei \u00edv t\u00f6k\u00e9letesen lek\u00f6veti a gy\u00e1sz \u00e9s a rem\u00e9ny pszichol\u00f3giai f\u00e1zisait. Az elej\u00e9n ott a csendes belet\u00f6r\u0151d\u00e9s, a f\u00e1jdalom, majd j\u00f6n a d\u00fch\u00f6s k\u00f6vetel\u00e9s, a k\u00f6ny\u00f6rg\u00e9s, v\u00e9g\u00fcl pedig a katarzis, a rem\u00e9ny utols\u00f3 szikr\u00e1ja. A komplett <b>Regresa A M\u00ed dal elemz\u00e9s t\u00f6rt\u00e9nete<\/b> tulajdonk\u00e9ppen egy \u00e9rzelmi hull\u00e1mvas\u00fat, ami a legm\u00e9lyebb pontr\u00f3l a legmagasabbra rep\u00edt, majd onnan enged vissza a val\u00f3s\u00e1gba, de m\u00e1r megv\u00e1ltozva, megtisztulva.<\/p>\n<h2>A dal eredete \u00e9s inspir\u00e1ci\u00f3i<\/h2>\n<p>Sokan tal\u00e1n nem is tudj\u00e1k, de a dal eredetije egy angol nyelv\u0171 sl\u00e1ger, Toni Braxton \u201eUn-Break My Heart\u201d c\u00edm\u0171 dala. De amit az Il Divo \u00e9s a producer\u00fck, Simon Cowell ezzel a dallal tett, az nem egyszer\u0171 feldolgoz\u00e1s. Az egy teljes \u00e1tl\u00e9nyeg\u00edt\u00e9s. Fogt\u00e1k az eredeti popsl\u00e1ger v\u00e1z\u00e1t, \u00e9s egy operai l\u00e9pt\u00e9k\u0171, dr\u00e1mai himnuszt \u00e9p\u00edtettek r\u00e1. A spanyol sz\u00f6veg, a szenved\u00e9lyesebb hangszerel\u00e9s \u00e9s a klasszikusan k\u00e9pzett hangok egy teljesen \u00faj dimenzi\u00f3t adtak a dalnak. M\u00edg az eredeti egy szomork\u00e1s popballada volt, a \u201eRegresa A M\u00ed\u201d egy sz\u00edvszaggat\u00f3 szerelmi dr\u00e1ma lett. Mer\u00e9sz h\u00faz\u00e1s volt, de bej\u00f6tt. \u00d3, mennyire bej\u00f6tt.<\/p>\n<h2>A dalsz\u00f6veg \u00e9rzelmi ereje \u00e9s \u00fczenete<\/h2>\n<p>\u201eVuelve a m\u00ed, qui\u00e9reme otra vez\u2026\u201d \u2013 T\u00e9rj vissza hozz\u00e1m, szeress \u00fajra. A dalsz\u00f6veg nem bonyolult, nem haszn\u00e1l k\u00f6lt\u0151i metafor\u00e1kat. K\u00f6zvetlen, nyers \u00e9s \u0151szinte. Egy ember seg\u00e9lyki\u00e1lt\u00e1sa, aki elvesztette a mindent jelent\u0151 szerelmet. Az <b>Il Divo Regresa A M\u00ed jelent\u00e9se magyarul<\/b> pontosan ez: a visszat\u00e9r\u00e9s ir\u00e1nti esdekl\u00e9s. A sz\u00f6veg ereje abban rejlik, hogy b\u00e1rki \u00e1t tudja \u00e9rezni. Mindannyian voltunk m\u00e1r olyan helyzetben, amikor vissza akartunk kapni valakit vagy valamit. Ez az univerz\u00e1lis \u00e9rz\u00e9s teszi a dalt annyira er\u0151teljess\u00e9. A spanyol nyelv pedig, a maga szenved\u00e9lyes dallamoss\u00e1g\u00e1val, csak tov\u00e1bb fokozza ezt a hat\u00e1st. Minden sz\u00f3 egy t\u0151r a sz\u00edvbe.<\/p>\n<h2>Il Divo: A hangok harm\u00f3ni\u00e1ja a \u201eRegresa A M\u00ed\u201d el\u0151ad\u00e1s\u00e1ban<\/h2>\n<p>Sokan felteszik a k\u00e9rd\u00e9st, <b>ki \u00e9nekli Regresa A M\u00ed dalt<\/b>? A v\u00e1lasz nem egyetlen szem\u00e9ly, hanem egy t\u00f6k\u00e9letes egys\u00e9g: az Il Divo. A zenekar var\u00e1zsa a n\u00e9gy, teljesen k\u00fcl\u00f6nb\u00f6z\u0151 hangt\u00edpus t\u00f6k\u00e9letes f\u00fazi\u00f3j\u00e1ban rejlik. Ott van a sv\u00e1jci Urs B\u00fchler l\u00edrai tenorja, az amerikai David Miller er\u0151teljes, klasszikus tenorja, a francia S\u00e9bastien Izambard poposabb, l\u00e1gyabb hangja, \u00e9s persze a felejthetetlen spanyol bariton, a n\u00e9hai Carlos Mar\u00edn dr\u00e1mai, szenved\u00e9lyes org\u00e1numa. Az <b>Il Divo zenekar tagjai nevei<\/b> \u00f6sszeforrtak ezzel a dallal. Ahogy a hangjaik \u00f6sszefon\u00f3dnak a refr\u00e9nben, az maga a zenei csoda. Kieg\u00e9sz\u00edtik, feler\u0151s\u00edtik \u00e9s kontrasztba \u00e1ll\u00edtj\u00e1k egym\u00e1st. Ez a vok\u00e1lis dinamika adja a legend\u00e1s <b>Il Divo Regresa A M\u00ed dal<\/b> igazi erej\u00e9t. N\u00e9lk\u00fcl\u00fck ez a dal csak egy lenne a sok k\u00f6z\u00fcl.<\/p>\n<h2>A vok\u00e1lis egy\u00fcttes egyed\u00fcl\u00e1ll\u00f3 st\u00edlusa<\/h2>\n<p>Az Il Divo st\u00edlusa, a popera, nem volt teljesen \u00faj, de \u0151k tett\u00e9k mainstreamm\u00e9. A titkuk az volt, hogy nem akartak tiszt\u00e1n opera\u00e9nekesek lenni egy popsz\u00ednpadon, \u00e9s nem is pop\u00e9nekesek, akik oper\u00e1t pr\u00f3b\u00e1lnak \u00e9nekelni. \u0150k a kett\u0151 k\u00f6z\u00f6tti senkif\u00f6ldj\u00e9n hoztak l\u00e9tre valami egyedit. Megtartott\u00e1k az opera technikai tud\u00e1s\u00e1t, a hangk\u00e9pz\u00e9s precizit\u00e1s\u00e1t, a dr\u00e1mai kifejez\u0151er\u0151t, de mindezt a popzene keretein bel\u00fcl alkalmazt\u00e1k: h\u00e1rom-n\u00e9gy perces dalok, f\u00fclbem\u00e1sz\u00f3 refr\u00e9nek, modern hangszerel\u00e9s. Ez a hibrid megk\u00f6zel\u00edt\u00e9s tette \u0151ket annyira vonz\u00f3v\u00e1 a legk\u00fcl\u00f6nb\u00f6z\u0151bb zenei \u00edzl\u00e9s\u0171 emberek sz\u00e1m\u00e1ra. Nem kellett operarajong\u00f3nak lenned ahhoz, hogy szeresd \u0151ket, el\u00e9g volt, ha szereted a j\u00f3 zen\u00e9t.<\/p>\n<h2>Az \u00e9l\u0151 el\u0151ad\u00e1sok felejthetetlen pillanatai<\/h2>\n<p>L\u00e1tni \u0151ket \u00e9l\u0151ben el\u0151adni ezt a dalt\u2026 az egy m\u00e1sik szint. Elfelejtheted a st\u00fadi\u00f3verzi\u00f3t. Az \u00e9l\u0151 el\u0151ad\u00e1s maga a nyers, sz\u0171retlen \u00e9rzelem. Eml\u00e9kszem egy felv\u00e9telre egy amszterdami koncertr\u0151l. Amikor Carlos Mar\u00edn belekezdett a maga sz\u00f3l\u00f3j\u00e1ba, a k\u00f6z\u00f6ns\u00e9g l\u00e9legzetvisszafojtva figyelt. Csend volt. Majd ahogy a dal a cs\u00facspontj\u00e1hoz \u00e9rt, \u00e9s mind a n\u00e9gyen egyszerre \u00e9nekelt\u00e9k a refr\u00e9nt, az ar\u00e9na felrobbant. Az az energia, az a szenved\u00e9ly, ami a sz\u00ednpadr\u00f3l \u00e1radt, egyszer\u0171en le\u00edrhatatlan. Nem csak \u00e9nekeltek. Im\u00e1dkoztak, k\u00f6ny\u00f6r\u00f6gtek, k\u00f6veteltek a hangjukkal. \u00c9s a k\u00f6z\u00f6ns\u00e9g minden egyes rezd\u00fcl\u00e9s\u00fcket vel\u00fck egy\u00fctt \u00e9lte \u00e1t. Ezek a pillanatok teszik \u0151ket t\u00f6bb\u00e9 egyszer\u0171 \u00e9nekesekn\u00e9l. El\u0151ad\u00f3m\u0171v\u00e9szekk\u00e9, akik k\u00e9pesek a lelkekhez sz\u00f3lni.<\/p>\n<h2>A \u201eRegresa A M\u00ed\u201d kultur\u00e1lis hat\u00e1sa \u00e9s \u00f6r\u00f6ks\u00e9ge<\/h2>\n<p>Ez a dal \u00e1tt\u00f6rte a nyelvi korl\u00e1tokat. Hi\u00e1ba spanyol nyelv\u0171, az eg\u00e9sz vil\u00e1gon meg\u00e9rtett\u00e9k az \u00fczenet\u00e9t. Jap\u00e1nt\u00f3l Mexik\u00f3ig, Ausztr\u00e1li\u00e1t\u00f3l Finnorsz\u00e1gig mindenhol a list\u00e1k \u00e9l\u00e9re ker\u00fclt. Az <b>Il Divo Regresa A M\u00ed dal<\/b> egy glob\u00e1lis jelens\u00e9gg\u00e9 v\u00e1lt. Megmutatta a zeneiparnak, hogy nem kell felt\u00e9tlen\u00fcl angolul \u00e9nekelni ahhoz, hogy valaki vil\u00e1gszt\u00e1r legyen. A dal sikere rengeteg m\u00e1s, nem angolsz\u00e1sz el\u0151ad\u00f3 el\u0151tt is megnyitotta az utat. Az \u00f6r\u00f6ks\u00e9ge abban rejlik, hogy bebizony\u00edtotta: az \u00e9rzelemnek nincs anyanyelve. A zene univerz\u00e1lis kommunik\u00e1ci\u00f3s forma, \u00e9s ha egy dal sz\u00edvb\u0151l j\u00f6n, azt a vil\u00e1g b\u00e1rmely pontj\u00e1n meg fogj\u00e1k \u00e9rteni.<\/p>\n<h2>Mi\u00e9rt rezon\u00e1l a dal a k\u00f6z\u00f6ns\u00e9ggel vil\u00e1gszerte?<\/h2>\n<p>A v\u00e1lasz borzaszt\u00f3an egyszer\u0171. Mert emberi. A \u201eRegresa A M\u00ed\u201d a leg\u0151sibb \u00e9s leguniverz\u00e1lisabb emberi \u00e9rz\u00e9sekr\u0151l sz\u00f3l: a szerelemr\u0151l, a vesztes\u00e9gr\u0151l \u00e9s a rem\u00e9nyr\u0151l. Ezek olyan t\u00e9m\u00e1k, amelyek kort\u00f3l, nemt\u0151l, nemzetis\u00e9gt\u0151l \u00e9s kult\u00far\u00e1t\u00f3l f\u00fcggetlen\u00fcl mindenkit meg\u00e9rintenek. Ki ne \u00e9rezte volna m\u00e1r \u00fagy, hogy menten belehal a szerelmi b\u00e1natba? Ki ne rem\u00e9nykedett volna abban, hogy egy r\u00e9gi szerelem visszat\u00e9r? A dal ebbe a k\u00f6z\u00f6s, kollekt\u00edv \u00e9rzelmi tudatba csatlakozik be. Nem kell \u00e9rtened a sz\u00f6veget ahhoz, hogy \u00e9rezd a f\u00e1jdalmat \u00e9s a v\u00e1gyakoz\u00e1st a hangokban. Ez a dal nem az esz\u00fcnkh\u00f6z, hanem a sz\u00edv\u00fcnkh\u00f6z sz\u00f3l. Ez\u00e9rt m\u0171k\u00f6dik. \u00c9s ez\u00e9rt fog m\u0171k\u00f6dni sz\u00e1z \u00e9v m\u00falva is.<\/p>\n<h2>Helye a romantikus dalok panteonj\u00e1ban<\/h2>\n<p>N\u00e9zz\u00fcnk szembe a t\u00e9nyekkel. Amikor a legnagyobb romantikus dalokr\u00f3l besz\u00e9l\u00fcnk, Whitney Houston \u201eI Will Always Love You\u201d-ja vagy Celine Dion \u201eMy Heart Will Go On\u201d-ja mellett ott a helye ennek a dalnak is. S\u0151t, mer\u00e9sz kijelent\u00e9s, de tal\u00e1n m\u00e9g egy fokkal feljebb is. M\u00edg a legt\u00f6bb szerelmes dal a szerelem sz\u00e9ps\u00e9g\u00e9r\u0151l vagy a szak\u00edt\u00e1s szomor\u00fas\u00e1g\u00e1r\u00f3l sz\u00f3l, az <b>Il Divo Regresa A M\u00ed dal<\/b> a kett\u0151 k\u00f6z\u00f6tti gy\u00f6trelmes \u00e1llapotot, a rem\u00e9ny \u00e9s a k\u00e9ts\u00e9gbees\u00e9s k\u00f6z\u00f6tti lebeg\u00e9st ragadja meg. Ez egy sokkal komplexebb, m\u00e9lyebb \u00e9s, valljuk be, sokkal dr\u00e1maibb \u00e9rzelem. Ez a dal nem egy egyszer\u0171 szerelmes ballada. Ez egy opera-minidr\u00e1ma, a romantikus zene cs\u00facsa. K\u00e9sz, ennyi.<\/p>\n<h2>Il Divo koncertek \u00e9s a \u201eRegresa A M\u00ed\u201d Magyarorsz\u00e1gon<\/h2>\n<p>A magyar k\u00f6z\u00f6ns\u00e9g mindig is fog\u00e9kony volt a nagy\u00edv\u0171, dr\u00e1mai dallamokra \u00e9s az \u00e9rzelmes el\u0151ad\u00e1sm\u00f3dra. Nem csoda, hogy az Il Divo \u00e9s a magyar rajong\u00f3k k\u00f6z\u00f6tt egy k\u00fcl\u00f6nleges k\u00f6tel\u00e9k alakult ki az \u00e9vek sor\u00e1n. Amikor a koncertjeiken felcsend\u00fclnek a \u201eRegresa A M\u00ed\u201d els\u0151 taktusai, a leveg\u0151 szinte megfagy. Egy\u00fctt l\u00e9legzik a k\u00f6z\u00f6ns\u00e9g a zenekarral, \u00e9s a dal v\u00e9g\u00e9n kit\u00f6r\u0151 ov\u00e1ci\u00f3 mindent el\u00e1rul. Az <b>Il Divo Regresa A M\u00ed dal<\/b> Magyarorsz\u00e1gon is ugyanazt jelenti, mint b\u00e1rhol m\u00e1shol a vil\u00e1gon: a szenved\u00e9lyes, mindent els\u00f6pr\u0151 romantika himnusz\u00e1t. Ez a dal egy biztos pont a koncertjeik programj\u00e1ban, egy olyan cs\u00facspont, amit mindenki v\u00e1r.<\/p>\n<h2>A zenekar kapcsolata a magyar k\u00f6z\u00f6ns\u00e9ggel<\/h2>\n<p>Az Il Divo t\u00f6bbsz\u00f6r is j\u00e1rt m\u00e1r Magyarorsz\u00e1gon, \u00e9s minden alkalommal telth\u00e1zas koncerteket adtak. A tagok interj\u00fakban is gyakran hangs\u00falyozt\u00e1k, mennyire szeretik a magyar k\u00f6z\u00f6ns\u00e9g lelkesed\u00e9s\u00e9t \u00e9s zene\u00e9rt\u00e9s\u00e9t. Ez a k\u00f6lcs\u00f6n\u00f6s szimp\u00e1tia \u00e9rz\u0151dik a koncerteken is. Van egyfajta k\u00fcl\u00f6nleges k\u00e9mia a sz\u00ednpad \u00e9s a n\u00e9z\u0151t\u00e9r k\u00f6z\u00f6tt. A magyar rajong\u00f3k nemcsak passz\u00edv szeml\u00e9l\u0151i az el\u0151ad\u00e1snak, hanem akt\u00edv r\u00e9sztvev\u0151i. Egy\u00fctt \u00e9nekelnek, tapsolnak, \u00e9s \u0151szinte, sz\u0171nni nem akar\u00f3 szeretettel \u00e1rasztj\u00e1k el a zenekart. Ez a kapcsolat teszi az Il Divo magyarorsz\u00e1gi fell\u00e9p\u00e9seit mindig egyed\u00fcl\u00e1ll\u00f3 \u00e9s felejthetetlen esem\u00e9nny\u00e9.<\/p>\n<h2>Hol hallhat\u00f3 az Il Divo \u00e9l\u0151ben?<\/h2>\n<p>A zenekar folyamatosan turn\u00e9zik a vil\u00e1g k\u00f6r\u00fcl, \u00e9s szerencs\u00e9re haz\u00e1nkat sem ker\u00fclik el. Aki \u00e9l\u0151ben is szeretn\u00e9 \u00e1t\u00e9lni a \u201eRegresa A M\u00ed\u201d var\u00e1zs\u00e1t, annak \u00e9rdemes figyelemmel k\u00eds\u00e9rnie a koncertnapt\u00e1rukat. A legjobb m\u00f3dja ennek, ha naprak\u00e9sz inform\u00e1ci\u00f3kat keres\u00fcnk. Az <a href=\"https:\/\/worldpoint.eu\/hu\/il-divo-koncertek-magyarorszagon\/\">Il Divo koncertek Magyarorsz\u00e1gon<\/a> t\u00f6rt\u00e9n\u0151 nyomon k\u00f6vet\u00e9se a rajong\u00f3i oldalakon \u00e9s a hivatalos jegy\u00e9rt\u00e9kes\u00edt\u0151 port\u00e1lokon a legc\u00e9lszer\u0171bb. Egy Il Divo koncert nem csup\u00e1n egy zenei esem\u00e9ny, hanem egy \u00e9rzelmi utaz\u00e1s, amelyet minden zenerajong\u00f3nak legal\u00e1bb egyszer \u00e1t kell \u00e9lnie. Az <b>Il Divo Regresa A M\u00ed dal<\/b> \u00e9l\u0151ben hallva garant\u00e1ltan felejthetetlen \u00e9lm\u00e9nyt ny\u00fajt.<\/p>\n<h2>Az Il Divo \u201eRegresa A M\u00ed\u201d dal\u00e1nak tart\u00f3s var\u00e1zsa<\/h2>\n<p>\u00d6sszefoglalva, mi teszi ezt a dalt \u00f6r\u00f6k\u00e9rv\u00e9ny\u0171v\u00e9? A t\u00f6k\u00e9letes zenei fel\u00e9p\u00edt\u00e9s, a n\u00e9gy brili\u00e1ns hang harm\u00f3ni\u00e1ja, a nyers \u00e9s \u0151szinte dalsz\u00f6veg, \u00e9s az az univerz\u00e1lis \u00fczenet, ami mindenkihez sz\u00f3l. Az <b>Il Divo Regresa A M\u00ed dal<\/b> egy olyan alkot\u00e1s, ami soha nem megy ki a divatb\u00f3l, mert nem egy trendre \u00e9p\u00fcl, hanem alapvet\u0151 emberi \u00e9rzelmekre. Am\u00edg l\u00e9tezik szerelem, b\u00e1nat \u00e9s rem\u00e9ny, addig ez a dal is \u00e9lni fog. Meghallgatjuk majd t\u00edz, h\u00fasz, vagy ak\u00e1r \u00f6tven \u00e9v m\u00falva is, \u00e9s ugyan\u00fagy meg fog \u00e9rinteni, mint legels\u0151 alkalommal. Mert a var\u00e1zsa nem a hangjegyekben, hanem a sz\u00edvben rejlik, amit megdobogtat. \u00c9s ez a legfontosabb.<\/p>\n","protected":false},"excerpt":{"rendered":"<p>Vannak dalok, amelyek egyszer\u0171en meg\u00e1ll\u00edtj\u00e1k az id\u0151t. Leteszed a vill\u00e1t, f\u00e9lbehagyod a mondatot, \u00e9s csak figyelsz, mert a zene beszippant. Az Il Divo \u201eRegresa A M\u00ed\u201d c\u00edm\u0171 dala pontosan ilyen. Egy olyan zenei \u00e9lm\u00e9ny, amely t\u00faln\u0151 a nyelveken, a kult\u00far\u00e1kon, \u00e9s egyenesen a l\u00e9lek legm\u00e9lyebb h\u00farjait pend\u00edti meg. Nem csup\u00e1n egy dal. Hanem egy \u00e1llapot. [&hellip;]<\/p>\n","protected":false},"author":2,"featured_media":0,"comment_status":"","ping_status":"","sticky":false,"template":"","format":"standard","meta":{"footnotes":""},"categories":[1],"tags":[],"class_list":["post-303","post","type-post","status-publish","format-standard","hentry","category-uzlet"],"_links":{"self":[{"href":"https:\/\/worldpoint.eu\/hu\/wp-json\/wp\/v2\/posts\/303","targetHints":{"allow":["GET"]}}],"collection":[{"href":"https:\/\/worldpoint.eu\/hu\/wp-json\/wp\/v2\/posts"}],"about":[{"href":"https:\/\/worldpoint.eu\/hu\/wp-json\/wp\/v2\/types\/post"}],"author":[{"embeddable":true,"href":"https:\/\/worldpoint.eu\/hu\/wp-json\/wp\/v2\/users\/2"}],"replies":[{"embeddable":true,"href":"https:\/\/worldpoint.eu\/hu\/wp-json\/wp\/v2\/comments?post=303"}],"version-history":[{"count":0,"href":"https:\/\/worldpoint.eu\/hu\/wp-json\/wp\/v2\/posts\/303\/revisions"}],"wp:attachment":[{"href":"https:\/\/worldpoint.eu\/hu\/wp-json\/wp\/v2\/media?parent=303"}],"wp:term":[{"taxonomy":"category","embeddable":true,"href":"https:\/\/worldpoint.eu\/hu\/wp-json\/wp\/v2\/categories?post=303"},{"taxonomy":"post_tag","embeddable":true,"href":"https:\/\/worldpoint.eu\/hu\/wp-json\/wp\/v2\/tags?post=303"}],"curies":[{"name":"wp","href":"https:\/\/api.w.org\/{rel}","templated":true}]}}