{"id":295,"date":"2025-10-15T10:05:17","date_gmt":"2025-10-15T08:05:17","guid":{"rendered":"https:\/\/worldpoint.eu\/hu\/ulmer-divat-trendek\/"},"modified":"2025-10-15T10:05:17","modified_gmt":"2025-10-15T08:05:17","slug":"ulmer-divat-trendek","status":"publish","type":"post","link":"https:\/\/worldpoint.eu\/hu\/ulmer-divat-trendek\/","title":{"rendered":"Ulmer divat trendek \u2013 A St\u00edlus \u00e9s Funkcionalit\u00e1s Tal\u00e1lkoz\u00e1sa"},"content":{"rendered":"<p>Amikor el\u0151sz\u00f6r s\u00e9t\u00e1ltam Ulm utc\u00e1in, valami azonnal megfogott. Nem a g\u00f3tikus katedr\u00e1lis fens\u00e9gess\u00e9ge, b\u00e1r az is leny\u0171g\u00f6z\u0151. Nem is a Duna b\u00e9k\u00e9s h\u00f6mp\u00f6lyg\u00e9se. Hanem az emberek. A tart\u00e1suk, a magabiztoss\u00e1guk, \u00e9s a ruh\u00e1ik. Volt benn\u00fck egyfajta csendes elegancia, egyfajta praktikus kifinomults\u00e1g, ami sz\u00f6ges ellent\u00e9tben \u00e1llt a fast fashion hars\u00e1ny vil\u00e1g\u00e1val. Akkor \u00e9rtettem meg, hogy az <b>Ulmer divat trendek<\/b> nem csak ruh\u00e1kr\u00f3l sz\u00f3lnak, hanem egy \u00e9letfiloz\u00f3fi\u00e1r\u00f3l. Ez egy olyan vil\u00e1g, ahol a kevesebb t\u00e9nyleg t\u00f6bb, \u00e9s ahol a st\u00edlus a funkcionalit\u00e1sban gy\u00f6kerezik.<\/p>\n<h2>Bevezet\u00e9s az Ulmer divat vil\u00e1g\u00e1ba<\/h2>\n<p>Mi\u00e9rt olyan k\u00fcl\u00f6nleges ez a st\u00edlus? Hadd mondjam el, ez nem az a csillog\u00f3, kifut\u00f3s vil\u00e1g. Nem. Ez valami sokkal m\u00e9lyebb. Az Ulmer st\u00edlus a h\u00edres Ulmi Formatervez\u00e9si F\u0151iskola (Hochschule f\u00fcr Gestaltung Ulm) \u00f6r\u00f6ks\u00e9g\u00e9b\u0151l t\u00e1pl\u00e1lkozik, ami a Bauhaus elveit vitte tov\u00e1bb. A mott\u00f3: a forma k\u00f6veti a funkci\u00f3t. Ez a gondolkod\u00e1sm\u00f3d m\u00e9lyen beleiv\u00f3dott a v\u00e1ros kultur\u00e1lis sz\u00f6vet\u00e9be, \u00e9s ez hat\u00e1rozza meg az \u00f6lt\u00f6zk\u00f6d\u00e9si szok\u00e1sokat is. Sokan k\u00e9rdezik, <b>mi a jellemz\u0151 az ulmer divatra<\/b>? A v\u00e1lasz egyszer\u0171: a tudatoss\u00e1g. Minden darabnak c\u00e9lja van, minden varr\u00e1snak \u00e9rtelme. Nincsenek felesleges d\u00edszek, csak tiszta vonalak \u00e9s min\u0151s\u00e9gi anyagok. Az <b>Ulmer divat trendek<\/b> a tart\u00f3ss\u00e1gr\u00f3l \u00e9s az id\u0151tlen megjelen\u00e9sr\u0151l sz\u00f3lnak.<\/p>\n<h3>Az Ulmer st\u00edlus legf\u0151bb jellemz\u0151i<\/h3>\n<p>A modern minimalizmus \u00e9s a funkcionalit\u00e1s k\u00e9z a k\u00e9zben j\u00e1rnak itt. Gondolj letisztult szab\u00e1sokra, semleges sz\u00ednpalett\u00e1ra \u2013 fekete, feh\u00e9r, sz\u00fcrke, b\u00e9zs, tenger\u00e9szk\u00e9k \u2013, amit n\u00e9ha egy-egy mer\u00e9szebb, de mindig \u00edzl\u00e9ses sz\u00ednnel dobnak fel. Az anyaghaszn\u00e1lat ter\u00e9n a term\u00e9szetess\u00e9g domin\u00e1l: pamut, len, gyapj\u00fa, b\u0151r. Csupa olyan text\u00edlia, ami nemcsak j\u00f3l n\u00e9z ki, de k\u00e9nyelmes \u00e9s tart\u00f3s is. Ez a <b>modern minimalista ulmi ruh\u00e1zat<\/b> l\u00e9nyege. A praktikum \u00e9s elegancia t\u00f6k\u00e9letes tal\u00e1lkoz\u00e1sa ez. Egy j\u00f3l szabott sz\u00f6vetkab\u00e1t, egy t\u00f6k\u00e9letes szab\u00e1s\u00fa farmer, egy egyszer\u0171, de min\u0151s\u00e9gi pamutp\u00f3l\u00f3. Ezek azok az alapdarabok, amelyek egy ulmi gardr\u00f3bot alkotnak. \u00c9s \u0151szint\u00e9n? N\u00e9ha frusztr\u00e1l\u00f3an neh\u00e9z megtal\u00e1lni a t\u00f6k\u00e9letes darabot. De meg\u00e9ri. Mert egy ilyen ruhat\u00e1rral sosem kell azon gondolkodnod, mit vegy\u00e9l fel. Az <b>Ulmer divat trendek<\/b> nem k\u00f6vetik a szezon\u00e1lisan v\u00e1ltoz\u00f3 h\u00f3bortokat, hanem egy stabil, megb\u00edzhat\u00f3 alapot adnak.<\/p>\n<h2>Ulmer divat a mindennapokban<\/h2>\n<p>Hogyan jelenik meg mindez a gyakorlatban? L\u00e1ssuk! Az <b>Ulmer divat a mindennapokra<\/b> lett tervezve, nem pedig a szekr\u00e9ny m\u00e9ly\u00e9re. A munkahelyi viselet p\u00e9ld\u00e1ul tele van inspir\u00e1ci\u00f3val. Egy eleg\u00e1ns, de m\u00e9gis <b>k\u00e9nyelmes \u00e9s eleg\u00e1ns ulmi viselet<\/b> alapja egy j\u00f3l megv\u00e1lasztott nadr\u00e1gkoszt\u00fcm vagy egy letisztult vonalvezet\u00e9s\u0171 ruha. Itt a hangs\u00faly a min\u0151s\u00e9gi anyagon \u00e9s a t\u00f6k\u00e9letes szab\u00e1son van. A k\u00e9rd\u00e9s, hogy <b>hogyan \u00f6lt\u00f6zk\u00f6dnek az ulmi n\u0151k<\/b>, k\u00f6nnyen megv\u00e1laszolhat\u00f3: magabiztosan \u00e9s funkcion\u00e1lisan. Szabadid\u0151ben \u00e9s az utc\u00e1n a lazas\u00e1g\u00e9 a f\u0151szerep, de ez sosem megy a st\u00edlus rov\u00e1s\u00e1ra. Egy min\u0151s\u00e9gi farmer, egy puha k\u00f6t\u00f6tt pul\u00f3ver \u00e9s egy k\u00e9nyelmes, de diz\u00e1jnos sportcip\u0151 t\u00f6k\u00e9letes <b>ulmi utcai divat inspir\u00e1ci\u00f3<\/b> lehet b\u00e1rki sz\u00e1m\u00e1ra. \u00c9s a f\u00e9rfiak? Az <b>ulmi st\u00edlus\u00fa f\u00e9rfi divat tippek<\/b> is hasonl\u00f3 elveken alapulnak: befektet\u00e9s az alapdarabokba, a min\u0151s\u00e9gi anyagok el\u0151nyben r\u00e9szes\u00edt\u00e9se \u00e9s a sallangmentes megjelen\u00e9s. Az aktu\u00e1lis divattrendekr\u0151l sz\u00f3l\u00f3 cikk\u00fcnkben m\u00e9lyebben is belemer\u00fcl\u00fcnk, hogyan lehet a glob\u00e1lis ir\u00e1nyzatokat a <a href=\"https:\/\/worldpoint.eu\/hu\/aktualis-divattrendek-stilus-utmutato\/\">helyi st\u00edlusba integr\u00e1lni<\/a>.<\/p>\n<h3>A kieg\u00e9sz\u00edt\u0151k finom szerepe<\/h3>\n<p>Az <b>Ulmer divat trendek<\/b> vil\u00e1g\u00e1ban a kieg\u00e9sz\u00edt\u0151k nem hars\u00e1nyak, hanem diszkr\u00e9ten emelik ki az \u00f6lt\u00f6z\u00e9ket. Egy k\u00e9zzel k\u00e9sz\u00edtett b\u0151rt\u00e1ska, egy minimalista ez\u00fcst \u00e9kszer, egy min\u0151s\u00e9gi selyems\u00e1l. Ezek a darabok nem elvonj\u00e1k a figyelmet, hanem kieg\u00e9sz\u00edtik a megjelen\u00e9st. A <b>divatos kieg\u00e9sz\u00edt\u0151k ulmi \u00f6lt\u00f6zk\u00f6d\u00e9shez<\/b> mindig a funkcionalit\u00e1st \u00e9s az eszt\u00e9tikumot \u00f6tv\u00f6zik. Az <b>egyedi ulmi kieg\u00e9sz\u00edt\u0151k v\u00e1s\u00e1rl\u00e1sa<\/b> egyfajta befektet\u00e9s a szem\u00e9lyes st\u00edlusba. A c\u00e9l nem a felt\u0171n\u00e9s, hanem a harm\u00f3nia megteremt\u00e9se. Egy j\u00f3l megv\u00e1lasztott kieg\u00e9sz\u00edt\u0151 \u00e9vekig h\u0171 t\u00e1rsunk lehet.<\/p>\n<h2>Fenntarthat\u00f3s\u00e1g \u00e9s etikus divat Ulmban<\/h2>\n<p>Az egyik legizgalmasabb aspektusa az ulmi divatnak a fenntarthat\u00f3s\u00e1g ir\u00e1nti elk\u00f6telezetts\u00e9g. Ez nem egy \u00fajkelet\u0171 h\u00f3bort, hanem a helyi filoz\u00f3fia szerves r\u00e9sze. A <b>fenntarthat\u00f3 \u00e9s etikus ulmer divat<\/b> a k\u00f6rnyezettudatos v\u00e1laszt\u00e1sokon \u00e9s a helyi \u00e9rt\u00e9kek tisztelet\u00e9n alapul. Egyre t\u00f6bben r\u00e9szes\u00edtik el\u0151nyben a helyi gy\u00e1rt\u00e1st \u00e9s a k\u00e9zm\u0171ves term\u00e9keket, t\u00e1mogatva ezzel a <b>helyi ulmi divat tervez\u0151k<\/b> k\u00f6z\u00f6ss\u00e9g\u00e9t. Ez a fajta tudatoss\u00e1g teljesen m\u00e1s, mint amit mondjuk a <a href=\"https:\/\/worldpoint.eu\/hu\/szigetszentmiklos-divat-trendek\/\">szigetszentmikl\u00f3si divat<\/a> eset\u00e9ben l\u00e1tunk, itt a glob\u00e1lis minimalizmus tal\u00e1lkozik a sv\u00e1b precizit\u00e1ssal. A <b>min\u0151s\u00e9gi ulmi ruhadarabok rendel\u00e9se<\/b> sor\u00e1n az emberek egyre ink\u00e1bb a t\u00f6rt\u00e9nettel rendelkez\u0151 m\u00e1rk\u00e1kat keresik.<\/p>\n<p>Eml\u00e9kszem, egyszer bet\u00e9vedtem egy apr\u00f3cska \u00fczletbe a Hal\u00e1sz-negyed egyik kanyarg\u00f3s utc\u00e1j\u00e1ban. Az id\u0151s tulajdonos maga k\u00e9sz\u00edtette a b\u0151rt\u00e1sk\u00e1kat. A leveg\u0151ben az a semmihez sem foghat\u00f3, m\u00e9ly b\u0151rillat terjengett. Mes\u00e9lt az anyagokr\u00f3l, a technik\u00e1kr\u00f3l, a szenved\u00e9ly\u00e9r\u0151l. Vettem egy t\u00e1sk\u00e1t, ami az\u00f3ta is a kedvencem. Nem csak egy t\u00e1rgyat vettem, hanem egy darabot Ulm lelk\u00e9b\u0151l. Az ilyen \u00e9lm\u00e9nyek teszik a v\u00e1s\u00e1rl\u00e1st k\u00fcl\u00f6nlegess\u00e9. Az <b>Ulmer divat trendek<\/b> pontosan err\u0151l sz\u00f3lnak.<\/p>\n<h3>Second-hand \u00e9s vintage kincsek<\/h3>\n<p>A fenntarthat\u00f3s\u00e1g m\u00e1sik fontos pill\u00e9re a m\u00e1sodk\u00e9zb\u0151l sz\u00e1rmaz\u00f3 ruh\u00e1k ir\u00e1nti szeretet. A <b>second hand vintage ulmi divat<\/b> vir\u00e1gzik a v\u00e1rosban. Kincsvad\u00e1szatra fel! A helyi kis boltok tele vannak egyedi darabokkal, amelyeknek t\u00f6rt\u00e9net\u00fck van. Egy vintage selyembl\u00faz vagy egy t\u00f6k\u00e9letes \u00e1llapot\u00fa gyapj\u00fazak\u00f3 nemcsak k\u00f6rnyezetbar\u00e1t v\u00e1laszt\u00e1s, de egyedi st\u00edlust is k\u00f6lcs\u00f6n\u00f6z visel\u0151j\u00e9nek. Az <b>Ulmer divat trendek<\/b> \u00f6szt\u00f6n\u00f6znek arra, hogy ne csak v\u00e1s\u00e1roljunk, hanem tudatosan \u00e9p\u00edts\u00fck a ruhat\u00e1runkat. A <b>st\u00edlusos ulmi ruh\u00e1k \u00e1rak \u00f6sszehasonl\u00edt\u00e1sa<\/b> sor\u00e1n gyakran kider\u00fcl, hogy egy min\u0151s\u00e9gi haszn\u00e1lt darab sokkal jobb befektet\u00e9s, mint egy olcs\u00f3, de sil\u00e1ny min\u0151s\u00e9g\u0171 \u00faj.<\/p>\n<h2>Hol v\u00e1s\u00e1roljunk Ulmer st\u00edlus\u00fa ruh\u00e1kat?<\/h2>\n<p>Ha valaki Ulmban j\u00e1r, \u00e9s szeretne elmer\u00fclni a helyi divatban, sz\u00e1mos lehet\u0151s\u00e9ge van. A v\u00e1ros tele van felt\u00f6rekv\u0151 tehets\u00e9gekkel \u00e9s k\u00fcl\u00f6nleges butikokkal. A k\u00e9rd\u00e9s, hogy <b>hol \u00e9rdemes ulmi divatot venni<\/b>, t\u00f6bb v\u00e1laszt is rejt. A nagy l\u00e1ncok mellett \u00e9rdemes felfedezni a kisebb, f\u00fcggetlen \u00fczleteket. Itt tal\u00e1lhatjuk meg az igazi gy\u00f6ngyszemeket. Az <b>ulmi butikok egyedi k\u00e9zm\u0171ves ruh\u00e1k<\/b> sz\u00e9les v\u00e1laszt\u00e9k\u00e1t k\u00edn\u00e1lj\u00e1k, amelyek garant\u00e1ltan nem j\u00f6nnek vel\u00fcnk szembe az utc\u00e1n. A <b>legjobb divat \u00fczletek Ulmban<\/b> azok, amelyek egyedi koncepci\u00f3val \u00e9s gondosan v\u00e1logatott k\u00edn\u00e1lattal rendelkeznek.<\/p>\n<p>Sok tervez\u0151 m\u00e1r online is jelen van, \u00edgy az <b>ulmi divat webshop h\u00e1zhozsz\u00e1ll\u00edt\u00e1s<\/b> lehet\u0151s\u00e9g\u00e9vel az otthonunk k\u00e9nyelm\u00e9b\u0151l is v\u00e1logathatunk. Az <b>ulmi ruhaboltok kedvezm\u00e9nyekkel online<\/b> is kecsegtetnek, f\u0151leg a szezon\u00e1lis le\u00e1raz\u00e1sok idej\u00e9n. \u00c9rdemes figyelni az <b>ulmi tervez\u0151k leg\u00fajabb kollekci\u00f3i<\/b> bemutat\u00f3it is, mert mindig hoznak valami frissess\u00e9get a palett\u00e1ra. Az <b>Ulmer divat trendek<\/b> k\u00f6vet\u00e9se nem neh\u00e9z, ha tudjuk, hol keress\u00fck \u0151ket.<\/p>\n<h3>Ulmer inspir\u00e1lt gardr\u00f3b \u00e9p\u00edt\u00e9se<\/h3>\n<p>Hogyan \u00e9p\u00edthet\u00fcnk fel egy ilyen gardr\u00f3bot, b\u00e1rhol is \u00e9lj\u00fcnk? A kulcs a tudatos tervez\u00e9s. El\u0151sz\u00f6r is, sz\u00fcks\u00e9g\u00fcnk van n\u00e9h\u00e1ny alapdarabra. Egy t\u00f6k\u00e9letes feh\u00e9r ing, egy fekete bl\u00e9zer, egy klasszikus farmer, egy b\u00e9zs ballonkab\u00e1t. Ezek azok a darabok, amelyek sosem mennek ki a divatb\u00f3l. Az <b>ulmi \u00f6lt\u00f6zk\u00f6d\u00e9si st\u00edlus tippek<\/b> k\u00f6z\u00fcl a legfontosabb, hogy a min\u0151s\u00e9gre t\u00f6rekedj\u00fcnk, ne a mennyis\u00e9gre. Egy <b>ulmi inspir\u00e1lt ruha m\u00e1rk\u00e1k list\u00e1ja<\/b> seg\u00edthet az elindul\u00e1sban, de a l\u00e9nyeg a szeml\u00e9letm\u00f3d elsaj\u00e1t\u00edt\u00e1sa. Az <b>aktu\u00e1lis ulmi divat trendek \u00e1ttekint\u00e9se<\/b> inspir\u00e1ci\u00f3t adhat, de a saj\u00e1t st\u00edlusunkat kell megtal\u00e1lnunk benne. Az <b>Ulmer divat trendek<\/b> nem szab\u00e1lyok, hanem ir\u00e1nymutat\u00e1sok. Az <b>Ulmer divat trendek<\/b> szabads\u00e1got adnak. Az \u00f6lt\u00f6zk\u00f6d\u00e9snek, k\u00fcl\u00f6n\u00f6sen a f\u00e9rfiak sz\u00e1m\u00e1ra, nem kell bonyolultnak lennie, ahogy azt a <a href=\"https:\/\/worldpoint.eu\/hu\/ferfi-divat-trendek-stilus-utmutato\/\">f\u00e9rfi divatr\u00f3l sz\u00f3l\u00f3 \u00fatmutat\u00f3nkban<\/a> is bemutatjuk. A szezon\u00e1lis v\u00e1lt\u00e1sokra is \u00e9rdemes felk\u00e9sz\u00fclni; a ny\u00e1ri k\u00f6nnyeds\u00e9get a <a href=\"https:\/\/worldpoint.eu\/hu\/nyari-divat-kalauz-trendek-tippek\/\">ny\u00e1ri divat kalauzunk<\/a>, m\u00edg a hidegebb h\u00f3napok r\u00e9tegz\u0151d\u00e9s\u00e9t az <a href=\"https:\/\/worldpoint.eu\/hu\/oszi-teli-divat-trendek\/\">\u0151szi-t\u00e9li trendekr\u0151l<\/a> sz\u00f3l\u00f3 \u00edr\u00e1sunk seg\u00edthet elsaj\u00e1t\u00edtani.<\/p>\n<h2>A j\u00f6v\u0151 perspekt\u00edv\u00e1i<\/h2>\n<p>Merre tartanak az <b>Ulmer divat trendek<\/b>? A digit\u00e1lis innov\u00e1ci\u00f3k \u00e9s a globaliz\u00e1ci\u00f3 biztosan hat\u00e1ssal lesznek r\u00e1, de a magja val\u00f3sz\u00edn\u0171leg v\u00e1ltozatlan marad. A funkcionalit\u00e1s, a min\u0151s\u00e9g \u00e9s a fenntarthat\u00f3s\u00e1g ir\u00e1nti elk\u00f6telezetts\u00e9g tov\u00e1bbra is az Ulmer st\u00edlus alapk\u00f6vei lesznek. Az <b>Ulmer divat trendek<\/b> nemzetk\u00f6zi hat\u00e1sa is egyre n\u0151, ahogy egyre t\u00f6bben ismerik fel a tudatos \u00f6lt\u00f6zk\u00f6d\u00e9sben rejl\u0151 \u00e9rt\u00e9ket. A helyi tervez\u0151k munk\u00e1i egyre t\u00f6bb nemzetk\u00f6zi platformon jelennek meg, \u00f6regb\u00edtve a v\u00e1ros h\u00edrnev\u00e9t. Az <b>ulmi divat blog cikkek olvas\u00e1sa<\/b> szint\u00e9n seg\u00edt naprak\u00e9sznek maradni. Az <b>Ulmer divat trendek<\/b> nem t\u0171nnek el, hanem fejl\u0151dnek.<\/p>\n<h3>\u00d6sszefoglal\u00e1s \u00e9s z\u00e1r\u00f3 gondolatok<\/h3>\n<p>Az <b>Ulmer divat trendek<\/b> sokkal t\u00f6bbet jelentenek egy egyszer\u0171 \u00f6lt\u00f6zk\u00f6d\u00e9si st\u00edlusn\u00e1l. Ez egyfajta hozz\u00e1\u00e1ll\u00e1s az \u00e9lethez: tudatoss\u00e1g, min\u0151s\u00e9gre val\u00f3 t\u00f6rekv\u00e9s \u00e9s a felesleges dolgok elhagy\u00e1sa. A <b>praktikus elegancia ulmi st\u00edlusban<\/b> nemcsak a ruh\u00e1inkban, hanem a mindennapi d\u00f6nt\u00e9seinkben is megjelenhet. Az <b>Ulmer divat trendek<\/b> inspir\u00e1ci\u00f3t adnak ahhoz, hogy kevesebb, de jobb min\u0151s\u00e9g\u0171 dolgot birtokoljunk, \u00e9s hogy megtal\u00e1ljuk a sz\u00e9ps\u00e9get az egyszer\u0171s\u00e9gben. Az <b>Ulmer divat trendek<\/b> l\u00e9nyege a tart\u00f3ss\u00e1g. \u00c9s ez tal\u00e1n a legfontosabb \u00fczenet\u00fck a mai, rohan\u00f3 vil\u00e1gban. Az <b>Ulmer divat trendek<\/b> vel\u00fcnk maradnak.<\/p>\n","protected":false},"excerpt":{"rendered":"<p>Amikor el\u0151sz\u00f6r s\u00e9t\u00e1ltam Ulm utc\u00e1in, valami azonnal megfogott. Nem a g\u00f3tikus katedr\u00e1lis fens\u00e9gess\u00e9ge, b\u00e1r az is leny\u0171g\u00f6z\u0151. Nem is a Duna b\u00e9k\u00e9s h\u00f6mp\u00f6lyg\u00e9se. Hanem az emberek. A tart\u00e1suk, a magabiztoss\u00e1guk, \u00e9s a ruh\u00e1ik. Volt benn\u00fck egyfajta csendes elegancia, egyfajta praktikus kifinomults\u00e1g, ami sz\u00f6ges ellent\u00e9tben \u00e1llt a fast fashion hars\u00e1ny vil\u00e1g\u00e1val. Akkor \u00e9rtettem meg, hogy az [&hellip;]<\/p>\n","protected":false},"author":2,"featured_media":0,"comment_status":"","ping_status":"","sticky":false,"template":"","format":"standard","meta":{"footnotes":""},"categories":[1],"tags":[],"class_list":["post-295","post","type-post","status-publish","format-standard","hentry","category-uzlet"],"_links":{"self":[{"href":"https:\/\/worldpoint.eu\/hu\/wp-json\/wp\/v2\/posts\/295","targetHints":{"allow":["GET"]}}],"collection":[{"href":"https:\/\/worldpoint.eu\/hu\/wp-json\/wp\/v2\/posts"}],"about":[{"href":"https:\/\/worldpoint.eu\/hu\/wp-json\/wp\/v2\/types\/post"}],"author":[{"embeddable":true,"href":"https:\/\/worldpoint.eu\/hu\/wp-json\/wp\/v2\/users\/2"}],"replies":[{"embeddable":true,"href":"https:\/\/worldpoint.eu\/hu\/wp-json\/wp\/v2\/comments?post=295"}],"version-history":[{"count":0,"href":"https:\/\/worldpoint.eu\/hu\/wp-json\/wp\/v2\/posts\/295\/revisions"}],"wp:attachment":[{"href":"https:\/\/worldpoint.eu\/hu\/wp-json\/wp\/v2\/media?parent=295"}],"wp:term":[{"taxonomy":"category","embeddable":true,"href":"https:\/\/worldpoint.eu\/hu\/wp-json\/wp\/v2\/categories?post=295"},{"taxonomy":"post_tag","embeddable":true,"href":"https:\/\/worldpoint.eu\/hu\/wp-json\/wp\/v2\/tags?post=295"}],"curies":[{"name":"wp","href":"https:\/\/api.w.org\/{rel}","templated":true}]}}