{"id":293,"date":"2025-10-15T09:57:50","date_gmt":"2025-10-15T07:57:50","guid":{"rendered":"https:\/\/worldpoint.eu\/hu\/aldi-uj-uzlet-nyitasa\/"},"modified":"2025-10-15T09:57:50","modified_gmt":"2025-10-15T07:57:50","slug":"aldi-uj-uzlet-nyitasa","status":"publish","type":"post","link":"https:\/\/worldpoint.eu\/hu\/aldi-uj-uzlet-nyitasa\/","title":{"rendered":"Aldi \u00faj \u00fczlet nyit\u00e1sa &#8211; Minden, amit tudnod kell a folyamatr\u00f3l"},"content":{"rendered":"<p>Biztosan te is l\u00e1tt\u00e1l m\u00e1r \u00e9p\u00edtkez\u00e9st a k\u00f6rny\u00e9keden, \u00e9s elgondolkodt\u00e1l: vajon mi \u00e9p\u00fcl itt? Azt\u00e1n elindul a suttog\u00e1s, a helyi Facebook-csoportokban fell\u00e1ngol a vita. \u00c9s egyszer csak valaki bedobja a nagy k\u00e9rd\u00e9st: \u201eMikor ny\u00edlik \u00faj Aldi bolt?\u201d Ismer\u0151s, ugye? Az Aldi terjeszked\u00e9se Magyarorsz\u00e1gon tapinthat\u00f3, szinte minden nagyobb telep\u00fcl\u00e9sen felbukkan egy-egy \u00faj, jellegzetes \u00e9p\u00fclet. De mi van em\u00f6g\u00f6tt? Az <b>Aldi \u00faj \u00fczlet nyit\u00e1sa<\/b> nem csup\u00e1n egy \u00e9p\u00edtkez\u00e9s, hanem egy rendk\u00edv\u00fcl komplex, el\u0151re megtervezett strat\u00e9gia eredm\u00e9nye, ami a gazdas\u00e1gra, a k\u00f6z\u00f6ss\u00e9gekre \u00e9s a mindennapi bev\u00e1s\u00e1rl\u00e1si szok\u00e1sainkra is komoly hat\u00e1ssal van. Ez nem csak arr\u00f3l sz\u00f3l, hogy lecsapnak egy \u00fcres telekre. \u00d3, nem. Enn\u00e9l sokkal, de sokkal t\u00f6bbr\u0151l van sz\u00f3.<\/p>\n<h2>Az Aldi n\u00f6veked\u00e9si strat\u00e9gi\u00e1ja: Mi\u00e9rt fontosak az \u00faj \u00fczletek?<\/h2>\n<p>Az Aldi nem v\u00e9letlen\u00fcl n\u0151 gombam\u00f3dra az orsz\u00e1gban. A h\u00e1tt\u00e9rben egy k\u0151kem\u00e9ny, adatokra \u00e9p\u00fcl\u0151 terjeszked\u00e9si strat\u00e9gia \u00e1ll, aminek a k\u00f6z\u00e9ppontj\u00e1ban az <b>Aldi \u00faj \u00fczlet nyit\u00e1sa<\/b> \u00e1ll, mint a piaci dominancia kulcsa. De mi\u00e9rt nyit Aldi \u00faj \u00fczleteket ilyen \u00fctemben? Egyszer\u0171. Mert megtehetik, \u00e9s mert a piac ig\u00e9nyli. Ez a kett\u0151s hajt\u00f3er\u0151 mozgatja az eg\u00e9sz g\u00e9pezetet.<\/p>\n<h3>A piaci jelenl\u00e9t er\u0151s\u00edt\u00e9se<\/h3>\n<p>Minden egyes <b>Aldi \u00faj \u00fczlet nyit\u00e1sa<\/b> egy \u00fajabb z\u00e1szl\u00f3 let\u0171z\u00e9se a magyar kiskereskedelmi t\u00e9rk\u00e9pen. A c\u00e9l a min\u00e9l s\u0171r\u0171bb lefedetts\u00e9g, hogy a v\u00e1s\u00e1rl\u00f3k szinte b\u00e1rhol j\u00e1rjanak az orsz\u00e1gban, k\u00f6nnyen \u00e9s gyorsan el\u00e9rhessenek egy Aldi \u00e1ruh\u00e1zat. Ez nemcsak a k\u00e9nyelmet szolg\u00e1lja, hanem a m\u00e1rk\u00e1t is m\u00e9lyebben be\u00e1gyazza a k\u00f6ztudatba. Egy \u00faj bolt nemcsak bev\u00e9telt termel, hanem egy \u00f3ri\u00e1si hirdet\u0151t\u00e1bla is, ami folyamatosan kommunik\u00e1lja a m\u00e1rka jelenl\u00e9t\u00e9t \u00e9s erej\u00e9t. Az <b>Aldi terjeszked\u00e9si strat\u00e9gia Magyarorsz\u00e1gon<\/b> pontosan erre a l\u00e1that\u00f3s\u00e1gra \u00e9s el\u00e9rhet\u0151s\u00e9gre \u00e9p\u00fcl.<\/p>\n<h3>V\u00e1s\u00e1rl\u00f3i ig\u00e9nyek \u00e9s a terjeszked\u00e9s<\/h3>\n<p>A v\u00e1s\u00e1rl\u00f3k egyre tudatosabbak. Keresik a j\u00f3 min\u0151s\u00e9get, de \u00e1r\u00e9rz\u00e9kenyek is. Az Aldi erre a kett\u0151s ig\u00e9nyre ad hat\u00e9kony v\u00e1laszt a saj\u00e1t m\u00e1rk\u00e1s term\u00e9keivel \u00e9s a letisztult k\u00edn\u00e1lat\u00e1val. A terjeszked\u00e9s teh\u00e1t egyenes v\u00e1lasz a n\u00f6vekv\u0151 keresletre. Ahol eddig nem volt Aldi, ott is megvan r\u00e1 az ig\u00e9ny. A c\u00e9g pedig folyamatosan figyeli a piac rezd\u00fcl\u00e9seit, \u00e9s ahol lehet\u0151s\u00e9get l\u00e1t, ott megt\u00f6rt\u00e9nik az <b>Aldi \u00faj \u00fczlet nyit\u00e1sa<\/b>. Nem bonyolult k\u00e9plet.<\/p>\n<h3>Gazdas\u00e1gi hat\u00e1sok \u00e9s befektet\u00e9sek<\/h3>\n<p>Ne feledkezz\u00fcnk meg a gazdas\u00e1gi oldalr\u00f3l sem. Minden egyes <b>Aldi \u00faj \u00fczlet nyit\u00e1sa<\/b> egy komoly beruh\u00e1z\u00e1s. Az <b>Aldi beruh\u00e1z\u00e1sok Magyarorsz\u00e1gon<\/b> t\u00f6bb milli\u00e1rd forintot jelentenek \u00e9vente, ami munkahelyeket teremt az \u00e9p\u00edt\u0151iparban, majd k\u00e9s\u0151bb a kereskedelemben is. Ez a p\u00e9nz beker\u00fcl a helyi gazdas\u00e1gi k\u00f6rforg\u00e1sba, ad\u00f3bev\u00e9telt gener\u00e1l, \u00e9s hozz\u00e1j\u00e1rul a r\u00e9gi\u00f3 fejl\u0151d\u00e9s\u00e9hez. Sz\u00f3val, ez sokkal t\u00f6bb, mint egy szimpla boltnyit\u00e1s.<\/p>\n<h2>Egy \u00faj Aldi \u00fczlet megnyit\u00e1s\u00e1nak l\u00e9pcs\u0151i<\/h2>\n<p>Gondoltad volna, hogy egy \u00faj bolt fel\u00e9p\u00edt\u00e9se ak\u00e1r \u00e9vekig is eltarthat az els\u0151 gondolatt\u00f3l a szalag \u00e1tv\u00e1g\u00e1s\u00e1ig? Az <b>Aldi \u00fczletnyit\u00e1s folyamata Magyarorsz\u00e1gon<\/b> egy prec\u00edzen megkoreograf\u00e1lt t\u00e1nc, ahol minden l\u00e9p\u00e9snek a hely\u00e9n kell lennie. Ez egy g\u00e9pezet, amiben nincsenek felesleges mozdulatok.<\/p>\n<h3>A t\u00f6k\u00e9letes helysz\u00edn kiv\u00e1laszt\u00e1sa<\/h3>\n<p>Minden egy j\u00f3 helysz\u00ednnel kezd\u0151dik. De mit\u0151l j\u00f3 egy helysz\u00edn? Az Aldi szakemberei m\u0171holdas precizit\u00e1ssal elemzik a potenci\u00e1lis telkeket. Vizsg\u00e1lj\u00e1k a megk\u00f6zel\u00edthet\u0151s\u00e9get, a l\u00e1that\u00f3s\u00e1got, a forgalom m\u00e9rt\u00e9k\u00e9t \u00e9s a j\u00f6v\u0151beli fejleszt\u00e9si lehet\u0151s\u00e9geket. Az <b>Aldi helysz\u00edn kiv\u00e1laszt\u00e1s krit\u00e9riumai<\/b> rendk\u00edv\u00fcl szigor\u00faak. Nem v\u00e9letlen, hogy gyakran f\u0151utak mellett, csom\u00f3pontokn\u00e1l l\u00e1tjuk \u0151ket. Az eg\u00e9sz folyamat alf\u00e1ja \u00e9s omeg\u00e1ja <a href=\"https:\/\/worldpoint.eu\/hu\/a-tokeletes-kiado-uzlethelyiseg-megtalalasa\/\">a t\u00f6k\u00e9letes kiad\u00f3 \u00fczlethelyis\u00e9g megtal\u00e1l\u00e1sa<\/a>, vagy ebben az esetben egy ide\u00e1lis telek megszerz\u00e9se. Az <b>Aldi \u00faj \u00fczlet nyit\u00e1sa Budapesten<\/b> k\u00fcl\u00f6n\u00f6sen nagy kih\u00edv\u00e1s a s\u0171r\u0171 be\u00e9p\u00edtetts\u00e9g miatt, de itt is tal\u00e1lnak \u00fajabb \u00e9s \u00fajabb fogh\u00edjakat.<\/p>\n<h3>Demogr\u00e1fiai elemz\u00e9s \u00e9s c\u00e9lk\u00f6z\u00f6ns\u00e9g<\/h3>\n<p>Miut\u00e1n megvan a potenci\u00e1lis helysz\u00edn, j\u00f6n a m\u00e9lyf\u00far\u00e1s. Elemzik a k\u00f6rny\u00e9k demogr\u00e1fiai adatait: h\u00e1nyan \u00e9lnek ott, milyen a kor\u00f6sszet\u00e9tel, mekkora a v\u00e1s\u00e1rl\u00f3er\u0151. Felm\u00e9rik, hogy a c\u00e9lk\u00f6z\u00f6ns\u00e9g mennyire mobilis, aut\u00f3val vagy t\u00f6megk\u00f6zleked\u00e9ssel j\u00e1rnak-e. Egy sikeres <b>Aldi \u00faj \u00fczlet nyit\u00e1sa<\/b> elk\u00e9pzelhetetlen ezen adatok alapos ismerete n\u00e9lk\u00fcl.<\/p>\n<h3>Versenyt\u00e1rsak felm\u00e9r\u00e9se<\/h3>\n<p>Hol van a legk\u00f6zelebbi Lidl, Spar vagy Tesco? Milyen a k\u00edn\u00e1latuk, mik az er\u0151ss\u00e9geik \u00e9s gyenges\u00e9geik? Az Aldi pontosan tudja, kivel kell versenyeznie az adott mikrok\u00f6rnyezetben. A versenyt\u00e1rsak elemz\u00e9se seg\u00edt a saj\u00e1t pozicion\u00e1l\u00e1sban \u00e9s a nyit\u00e1si akci\u00f3k megtervez\u00e9s\u00e9ben. Az <b>Aldi \u00faj \u00fczlet nyit\u00e1sa<\/b> mindig egy strat\u00e9giai l\u00e9p\u00e9s a piaci sakkt\u00e1bl\u00e1n.<\/p>\n<h3>\u00c9p\u00edtkez\u00e9s \u00e9s modern design<\/h3>\n<p>Amikor minden enged\u00e9ly megvan, kezd\u0151dik a l\u00e1tv\u00e1nyos r\u00e9sz. Tudod, amikor v\u00e9gre felt\u0171nik a t\u00e1bla: \u201eHol \u00e9p\u00fcl \u00faj Aldi \u00e1ruh\u00e1z? H\u00e1t itt!\u201d A modern Aldi \u00fczletek m\u00e1r nem a r\u00e9gi, egyszer\u0171 doboz\u00e9p\u00fcletek. Energiatakar\u00e9kos megold\u00e1sok, t\u00e1gas, vil\u00e1gos terek, modern bels\u0151\u00e9p\u00edt\u00e9szet jellemzi \u0151ket. Az eg\u00e9sz arr\u00f3l sz\u00f3l, hogy a v\u00e1s\u00e1rl\u00e1s ne ny\u0171g, hanem \u00e9lm\u00e9ny legyen. A k\u00e9rd\u00e9s, hogy <b>hogyan \u00e9p\u00fcl egy Aldi \u00fczlet<\/b>, egyet jelent a hat\u00e9konys\u00e1g \u00e9s a modern technol\u00f3gia k\u00e9rd\u00e9s\u00e9vel.<\/p>\n<h3>Munkat\u00e1rsak felv\u00e9tele \u00e9s k\u00e9pz\u00e9se<\/h3>\n<p>Egy bolt mit sem \u00e9r j\u00f3 szem\u00e9lyzet n\u00e9lk\u00fcl. Az <b>Aldi \u00faj \u00fczlet nyit\u00e1sa<\/b> el\u0151tt h\u00f3napokkal megkezd\u0151dik a toborz\u00e1s. Kassz\u00e1sok, \u00e1rufelt\u00f6lt\u0151k, \u00e9s persze a legfontosabb l\u00e1ncszem: a boltvezet\u0151. Egy j\u00f3 vezet\u0151 aranyat \u00e9r. Nem v\u00e9letlen, hogy az <b>Aldi \u00fczletvezet\u0151 \u00e1ll\u00e1s \u00faj boltban<\/b> mindig nagy \u00e9rdekl\u0151d\u00e9sre tart sz\u00e1mot. A felvett munkat\u00e1rsak komoly k\u00e9pz\u00e9sen esnek \u00e1t, hogy a nyit\u00e1s napj\u00e1n m\u00e1r mindenki profin tegye a dolg\u00e1t. Ez a folyamat igazi <a href=\"https:\/\/worldpoint.eu\/hu\/angyali-uzletvezetes-tippek\/\">angyali \u00fczletvezet\u00e9s tippek<\/a> t\u00e1rh\u00e1za a gyakorlatban, hiszen egy teljesen \u00faj csapatot kell r\u00f6vid id\u0151 alatt \u00f6sszekov\u00e1csolni. Az <b>Aldi munkahelyek \u00faj \u00fczletekben<\/b> sokaknak jelentenek stabil, kisz\u00e1m\u00edthat\u00f3 j\u00f6vedelmet.<\/p>\n<h3>Besz\u00e1ll\u00edt\u00f3i l\u00e1nc \u00e9s logisztika optimaliz\u00e1l\u00e1sa<\/h3>\n<p>Hogy ker\u00fcl az \u00e1ru a polcokra? Egy elk\u00e9peszt\u0151en hat\u00e9kony logisztikai rendszeren kereszt\u00fcl. Az <b>Aldi logisztikai k\u00f6zpont fejleszt\u00e9s<\/b> kulcsfontoss\u00e1g\u00fa a terjeszked\u00e9s szempontj\u00e1b\u00f3l. Minden \u00faj bolt z\u00f6kken\u0151mentes csatlakoz\u00e1sa a h\u00e1l\u00f3zathoz elengedhetetlen. A besz\u00e1ll\u00edt\u00f3kkal k\u00f6t\u00f6tt szerz\u0151d\u00e9sek, a sz\u00e1ll\u00edt\u00e1si \u00fatvonalak optimaliz\u00e1l\u00e1sa \u2013 mindez a h\u00e1tt\u00e9rben zajlik, \u00e9s a v\u00e1s\u00e1rl\u00f3 csak annyit l\u00e1t, hogy mindig tele vannak a polcok. A h\u00e1tt\u00e9rben l\u00e9v\u0151 szerz\u0151d\u00e9ses rendszer bonyolults\u00e1g\u00e1t egy egyszer\u0171 <a href=\"https:\/\/worldpoint.eu\/hu\/uzlet-berleti-szerzodes-minta\/\">\u00fczlet b\u00e9rleti szerz\u0151d\u00e9s minta<\/a> is \u00e9rz\u00e9kelteti, de itt t\u00f6bb sz\u00e1z partnerrel kell meg\u00e1llapodni.<\/p>\n<h2>Helyi k\u00f6z\u00f6ss\u00e9gek el\u0151nyei az \u00faj Aldi \u00fczletekkel<\/h2>\n<p>Sokan csak a forgalomn\u00f6veked\u00e9st \u00e9s az \u00e9p\u00edtkez\u00e9si zajt l\u00e1tj\u00e1k, pedig egy <b>Aldi \u00faj \u00fczlet nyit\u00e1sa<\/b> rengeteg el\u0151nnyel j\u00e1r a helyi k\u00f6z\u00f6ss\u00e9g sz\u00e1m\u00e1ra. Ezek az <b>\u00faj Aldi bolt el\u0151nyei<\/b>, amikr\u0151l kevesebb sz\u00f3 esik.<\/p>\n<h3>Munkahelyteremt\u00e9s \u00e9s region\u00e1lis fejl\u0151d\u00e9s<\/h3>\n<p>Ezt nem lehet el\u00e9gg\u00e9 hangs\u00falyozni. Minden \u00faj \u00fczlet 20-30 \u00faj, bejelentett munkahelyet teremt. Ez egy kisebb telep\u00fcl\u00e9sen komoly gazdas\u00e1g\u00e9l\u00e9nk\u00edt\u0151 hat\u00e1ssal b\u00edr. Az <b>Aldi beruh\u00e1z\u00e1sok region\u00e1lis hat\u00e1sa<\/b> \u00e9ppen ebben m\u00e9rhet\u0151 le: a helyben elk\u00f6lt\u00f6tt fizet\u00e9sek, a megn\u00f6vekedett v\u00e1s\u00e1rl\u00f3er\u0151 mind-mind a helyi gazdas\u00e1got er\u0151s\u00edtik. Az <b>Aldi \u00faj \u00fczlet nyit\u00e1sa<\/b> teh\u00e1t egyfajta gazdas\u00e1gi injekci\u00f3 a r\u00e9gi\u00f3nak.<\/p>\n<h3>K\u00f6nnyebb hozz\u00e1f\u00e9r\u00e9s a min\u0151s\u00e9gi term\u00e9kekhez<\/h3>\n<p>Nagymam\u00e1m egy kis faluban \u00e9l, ahol \u00e9vekig egyetlen, t\u00fal\u00e1razott kisbolt volt. Amikor a szomsz\u00e9d v\u00e1rosban bejelentett\u00e9k az <b>Aldi \u00faj \u00fczlet nyit\u00e1sa<\/b> h\u00edr\u00e9t, az eg\u00e9sz falu izgatottan v\u00e1rta. Az\u00f3ta hetente egyszer bemennek, \u00e9s v\u00e9gre megengedhetik maguknak a jobb min\u0151s\u00e9g\u0171 felv\u00e1gottat vagy a friss z\u00f6lds\u00e9geket. Ez az \u00e9letmin\u0151s\u00e9gbeli javul\u00e1s tal\u00e1n a legfontosabb hozad\u00e9ka a terjeszked\u00e9snek.<\/p>\n<h3>Hozz\u00e1j\u00e1rul\u00e1s a helyi gazdas\u00e1ghoz<\/h3>\n<p>Az ipar\u0171z\u00e9si ad\u00f3, amit egy ilyen \u00e1ruh\u00e1z befizet a helyi \u00f6nkorm\u00e1nyzat kassz\u00e1j\u00e1ba, jelent\u0151s \u00f6sszeg. Ezt az \u00f6nkorm\u00e1nyzat azt\u00e1n ford\u00edthatja utak jav\u00edt\u00e1s\u00e1ra, j\u00e1tsz\u00f3terek \u00e9p\u00edt\u00e9s\u00e9re vagy a helyi k\u00f6z\u00f6ss\u00e9gi programok t\u00e1mogat\u00e1s\u00e1ra. \u00cdgy egy <b>Aldi \u00faj \u00fczlet nyit\u00e1sa<\/b> k\u00f6zvetetten az eg\u00e9sz telep\u00fcl\u00e9s fejl\u0151d\u00e9s\u00e9hez hozz\u00e1j\u00e1rul.<\/p>\n<h2>Kih\u00edv\u00e1sok \u00e9s sikeres megold\u00e1sok az \u00fczletnyit\u00e1s sor\u00e1n<\/h2>\n<p>Persze, a folyamat nem mindig fen\u00e9kig tejfel. Egy <b>Aldi \u00faj \u00fczlet nyit\u00e1sa<\/b> sor\u00e1n rengeteg akad\u00e1lyt kell lek\u00fczdeni. De a siker\u00fck pont abban rejlik, hogy ezekre fel vannak k\u00e9sz\u00fclve.<\/p>\n<h3>Szab\u00e1lyoz\u00e1si megfelel\u00e9s \u00e9s enged\u00e9lyez\u00e9s<\/h3>\n<p>A magyar b\u00fcrokr\u00e1cia \u00fatveszt\u0151i legend\u00e1sak. \u00c9p\u00edt\u00e9si enged\u00e9lyek, k\u00f6rnyezetv\u00e9delmi el\u0151\u00edr\u00e1sok, szakhat\u00f3s\u00e1gi hozz\u00e1j\u00e1rul\u00e1sok \u2013 ez egy v\u00e9gtelennek t\u0171n\u0151 folyamat. Az <b>Aldi \u00faj \u00fczlet nyit\u00e1sa<\/b> csak akkor val\u00f3sulhat meg, ha minden egyes pap\u00edr rendben van. Ez id\u0151, p\u00e9nz \u00e9s rengeteg t\u00fcrelem. De a profi jogi \u00e9s projektmenedzsment csapatuk \u00e1ltal\u00e1ban z\u00f6kken\u0151mentesen veszi az akad\u00e1lyokat.<\/p>\n<h3>K\u00f6z\u00f6ss\u00e9gi integr\u00e1ci\u00f3 \u00e9s p\u00e1rbesz\u00e9d<\/h3>\n<p>Nem mindenki \u00f6r\u00fcl egy \u00faj szupermarketnek. Vannak, akik a megn\u00f6vekedett forgalomt\u00f3l, m\u00e1sok a helyi kisboltokat f\u00e9ltik. Fontos a p\u00e1rbesz\u00e9d a helyi k\u00f6z\u00f6ss\u00e9ggel, a lakoss\u00e1gi f\u00f3rumok \u00e9s a f\u00e9lelmek eloszlat\u00e1sa. Az Aldi ezt \u00e1ltal\u00e1ban j\u00f3l csin\u00e1lja, de mindig vannak konfliktusok. \u00c9rdekes, hogy b\u00e1r az <b>Aldi franchise lehet\u0151s\u00e9g Magyarorsz\u00e1gon<\/b> nem l\u00e9tezik, mert a c\u00e9g szigor\u00faan saj\u00e1t k\u00e9zben tartja az \u00fczleteit, a helyi be\u00e1gyaz\u00f3d\u00e1s m\u00e9gis kulcsk\u00e9rd\u00e9s. A k\u00f6z\u00f6ss\u00e9gi integr\u00e1ci\u00f3 hasonl\u00f3 kih\u00edv\u00e1sokat rejt, mint egy <a href=\"https:\/\/worldpoint.eu\/hu\/franchise-uzlet-inditasa\/\">franchise \u00fczlet ind\u00edt\u00e1sa<\/a>, ahol a helyi v\u00e1llalkoz\u00f3nak kell elfogadtatnia mag\u00e1t.<\/p>\n<h3>Fenntarthat\u00f3s\u00e1gi szempontok az \u00e9p\u00edt\u00e9sben \u00e9s \u00fczemeltet\u00e9sben<\/h3>\n<p>Ma m\u00e1r alapk\u00f6vetelm\u00e9ny a k\u00f6rnyezettudatoss\u00e1g. Az \u00faj Aldi \u00fczletek ez\u00e9rt tele vannak pakolva z\u00f6ld megold\u00e1sokkal: LED-vil\u00e1g\u00edt\u00e1s, h\u0151szivatty\u00fas f\u0171t\u00e9s \u00e9s h\u0171t\u00e9s, szelekt\u00edv hullad\u00e9kgy\u0171jt\u00e9s. Az <b>Aldi fenntarthat\u00f3 \u00fczletnyit\u00e1s<\/b> nemcsak marketingfog\u00e1s, hanem hossz\u00fa t\u00e1von k\u00f6lts\u00e9ghat\u00e9kony is. Ez egy olyan ter\u00fclet, ahol a c\u00e9g val\u00f3ban igyekszik \u00e9len j\u00e1rni. Az <b>Aldi \u00faj \u00fczlet nyit\u00e1sa<\/b> egyre ink\u00e1bb a z\u00f6ld megold\u00e1sokr\u00f3l is sz\u00f3l.<\/p>\n<h2>Mit v\u00e1rhatunk egy \u00fajonnan ny\u00edl\u00f3 Aldi \u00fczlett\u0151l?<\/h2>\n<p>Ok\u00e9, de mi a v\u00e9geredm\u00e9ny? Mit kap a v\u00e1s\u00e1rl\u00f3, amikor bel\u00e9p egy vadonat\u00faj Aldi ajtaj\u00e1n? A v\u00e1lasz: egy modern, \u00e1tgondolt bev\u00e1s\u00e1rl\u00e1si \u00e9lm\u00e9nyt. Egy <b>Aldi \u00faj \u00fczlet nyit\u00e1sa<\/b> mindig \u00fcnnep a v\u00e1s\u00e1rl\u00f3knak.<\/p>\n<h3>Modern bev\u00e1s\u00e1rl\u00e1si \u00e9lm\u00e9ny<\/h3>\n<p>Sz\u00e9les folyos\u00f3k, logikus elrendez\u00e9s, tiszta \u00e9s vil\u00e1gos k\u00f6rnyezet. Nincs t\u00f6bb\u00e9 sz\u0171k sorok k\u00f6z\u00f6tti tolakod\u00e1s. Az \u00faj \u00fczletekben a v\u00e1s\u00e1rl\u00e1s gyors, hat\u00e9kony \u00e9s k\u00e9nyelmes. Az <b>Aldi \u00fczlet nyitvatart\u00e1s \u00faj helysz\u00edn<\/b> eset\u00e9ben is a v\u00e1s\u00e1rl\u00f3i ig\u00e9nyekhez igazodik, biztos\u00edtva a rugalmas hozz\u00e1f\u00e9r\u00e9st.<\/p>\n<h3>Kiterjesztett term\u00e9kv\u00e1laszt\u00e9k \u00e9s \u00fajdons\u00e1gok<\/h3>\n<p>Az <b>Aldi k\u00edn\u00e1lat \u00faj \u00fczletben<\/b> gyakran sz\u00e9lesebb, mint a r\u00e9gebbi, kisebb alapter\u00fclet\u0171 boltokban. T\u00f6bb hely jut a p\u00e9ks\u00e9gnek, a z\u00f6lds\u00e9g-gy\u00fcm\u00f6lcs pultnak \u00e9s az \u201eAzon meleg\u00e9ben\u201d l\u00e1tv\u00e1nyp\u00e9ks\u00e9gnek. Emellett az \u00faj \u00fczletek gyakran tesztelik az \u00faj term\u00e9keket is. A k\u00edn\u00e1lat specializ\u00e1l\u00f3d\u00e1sa m\u00e1s ter\u00fcleteken is megfigyelhet\u0151, p\u00e9ld\u00e1ul egy <a href=\"https:\/\/worldpoint.eu\/hu\/sport-uzlet-nyitasa\/\">sport \u00fczlet nyit\u00e1sa<\/a> is hasonl\u00f3an f\u00f3kusz\u00e1lt term\u00e9kk\u00f6rt ig\u00e9nyel.<\/p>\n<h3>Exkluz\u00edv nyit\u00e1si akci\u00f3k \u00e9s aj\u00e1nlatok<\/h3>\n<p>\u00c9s persze, a legjobb r\u00e9sz! Az <b>Aldi nyit\u00e1si akci\u00f3k \u00faj bolt<\/b> eset\u00e9ben legend\u00e1sak. \u00d3ri\u00e1si kedvezm\u00e9nyek elektronikai cikkekre, h\u00e1ztart\u00e1si g\u00e9pekre, szersz\u00e1mokra. Ilyenkor \u00e9rdemes r\u00e9sen lenni, mert hihetetlen fog\u00e1sokra lehet bukkanni. A nyit\u00e1s napj\u00e1n \u00e1ltal\u00e1ban hatalmas a t\u00f6meg, de meg\u00e9ri a f\u00e1rads\u00e1got. Az <b>Aldi \u00faj \u00fczlet nyit\u00e1sa<\/b> egyet jelent a kihagyhatatlan aj\u00e1nlatokkal.<\/p>\n<h2>Az Aldi j\u00f6v\u0151beli tervei Magyarorsz\u00e1gon<\/h2>\n<p>A terjeszked\u00e9s nem \u00e1ll meg. B\u00e1r a c\u00e9g diszkr\u00e9ten kezeli a terveit, az <b>\u00faj Aldi boltok list\u00e1ja<\/b> folyamatosan b\u0151v\u00fcl. A piaci pletyk\u00e1k \u00e9s a telekv\u00e1s\u00e1rl\u00e1sok alapj\u00e1n sejthet\u0151, hogy a k\u00f6vetkez\u0151 \u00e9vekben is sz\u00e1mos <b>Aldi \u00faj \u00fczlet nyit\u00e1sa<\/b> v\u00e1rhat\u00f3, els\u0151sorban a nagyobb v\u00e1rosok vonz\u00e1sk\u00f6rzet\u00e9ben \u00e9s az eddig lefedetlen ter\u00fcleteken. A n\u00f6veked\u00e9s folytat\u00f3dik, ez nem is k\u00e9rd\u00e9s.<\/p>\n<h2>\u00d6sszefoglal\u00e1s<\/h2>\n<p>L\u00e1thatjuk teh\u00e1t, hogy az <b>Aldi \u00faj \u00fczlet nyit\u00e1sa<\/b> egy rendk\u00edv\u00fcl \u00f6sszetett, sokr\u00e9t\u0171 folyamat, ami messze t\u00falmutat egy egyszer\u0171 \u00e9p\u00edtkez\u00e9sen. Ez egy tudatos strat\u00e9gia, ami gazdas\u00e1gi, t\u00e1rsadalmi \u00e9s v\u00e1s\u00e1rl\u00f3i szinteken is \u00e9rezteti a hat\u00e1s\u00e1t. A helysz\u00edn kiv\u00e1laszt\u00e1s\u00e1t\u00f3l kezdve a k\u00f6z\u00f6ss\u00e9gi integr\u00e1ci\u00f3n \u00e1t a fenntarthat\u00f3s\u00e1gi szempontokig minden apr\u00f3 r\u00e9szletre odafigyelnek. A v\u00e9geredm\u00e9ny pedig egy modern, hat\u00e9kony \u00fczletl\u00e1nc, amely folyamatosan n\u00f6vekszik \u00e9s alak\u00edtja a magyar kiskereskedelmet. Sz\u00f3val, ha legk\u00f6zelebb l\u00e1tsz egy \u00e9p\u00edtkez\u00e9st, \u00e9s felmer\u00fcl a k\u00e9rd\u00e9s: \u201eVajon ez egy \u00fajabb <b>Aldi \u00faj \u00fczlet nyit\u00e1sa<\/b> lesz?\u201d \u2013 m\u00e1r tudni fogod, mennyi munka \u00e9s tervez\u00e9s van a h\u00e1tt\u00e9rben.<\/p>\n","protected":false},"excerpt":{"rendered":"<p>Biztosan te is l\u00e1tt\u00e1l m\u00e1r \u00e9p\u00edtkez\u00e9st a k\u00f6rny\u00e9keden, \u00e9s elgondolkodt\u00e1l: vajon mi \u00e9p\u00fcl itt? Azt\u00e1n elindul a suttog\u00e1s, a helyi Facebook-csoportokban fell\u00e1ngol a vita. \u00c9s egyszer csak valaki bedobja a nagy k\u00e9rd\u00e9st: \u201eMikor ny\u00edlik \u00faj Aldi bolt?\u201d Ismer\u0151s, ugye? Az Aldi terjeszked\u00e9se Magyarorsz\u00e1gon tapinthat\u00f3, szinte minden nagyobb telep\u00fcl\u00e9sen felbukkan egy-egy \u00faj, jellegzetes \u00e9p\u00fclet. De mi [&hellip;]<\/p>\n","protected":false},"author":2,"featured_media":0,"comment_status":"","ping_status":"","sticky":false,"template":"","format":"standard","meta":{"footnotes":""},"categories":[1],"tags":[],"class_list":["post-293","post","type-post","status-publish","format-standard","hentry","category-uzlet"],"_links":{"self":[{"href":"https:\/\/worldpoint.eu\/hu\/wp-json\/wp\/v2\/posts\/293","targetHints":{"allow":["GET"]}}],"collection":[{"href":"https:\/\/worldpoint.eu\/hu\/wp-json\/wp\/v2\/posts"}],"about":[{"href":"https:\/\/worldpoint.eu\/hu\/wp-json\/wp\/v2\/types\/post"}],"author":[{"embeddable":true,"href":"https:\/\/worldpoint.eu\/hu\/wp-json\/wp\/v2\/users\/2"}],"replies":[{"embeddable":true,"href":"https:\/\/worldpoint.eu\/hu\/wp-json\/wp\/v2\/comments?post=293"}],"version-history":[{"count":0,"href":"https:\/\/worldpoint.eu\/hu\/wp-json\/wp\/v2\/posts\/293\/revisions"}],"wp:attachment":[{"href":"https:\/\/worldpoint.eu\/hu\/wp-json\/wp\/v2\/media?parent=293"}],"wp:term":[{"taxonomy":"category","embeddable":true,"href":"https:\/\/worldpoint.eu\/hu\/wp-json\/wp\/v2\/categories?post=293"},{"taxonomy":"post_tag","embeddable":true,"href":"https:\/\/worldpoint.eu\/hu\/wp-json\/wp\/v2\/tags?post=293"}],"curies":[{"name":"wp","href":"https:\/\/api.w.org\/{rel}","templated":true}]}}