{"id":291,"date":"2025-10-15T09:48:35","date_gmt":"2025-10-15T07:48:35","guid":{"rendered":"https:\/\/worldpoint.eu\/hu\/parizsi-divat-gyorben\/"},"modified":"2025-10-15T09:48:35","modified_gmt":"2025-10-15T07:48:35","slug":"parizsi-divat-gyorben","status":"publish","type":"post","link":"https:\/\/worldpoint.eu\/hu\/parizsi-divat-gyorben\/","title":{"rendered":"P\u00e1rizsi divat Gy\u0151rben \u2013 St\u00edlus, Elegancia \u00e9s V\u00e1s\u00e1rl\u00e1si \u00datmutat\u00f3"},"content":{"rendered":"<p>Mindig is leny\u0171g\u00f6z\u00f6tt az a fajta k\u00f6nnyed elegancia, amit a francia n\u0151k sug\u00e1roznak. Nem a t\u00falz\u00e1sokr\u00f3l sz\u00f3l, hanem valami megfoghatatlan magabiztoss\u00e1gr\u00f3l. Eml\u00e9kszem, egyszer Gy\u0151r belv\u00e1ros\u00e1ban s\u00e9t\u00e1ltam, \u00e9s megl\u00e1ttam egy n\u0151t. Egyszer\u0171 farmert viselt, egy feh\u00e9r inget, balerina cip\u0151t \u00e9s egy v\u00f6r\u00f6s s\u00e1lat. Semmi extra, m\u00e9gis\u2026 odavonzotta a tekintetet. Ahogy a macskak\u00f6veken l\u00e9pdelt, az eg\u00e9sz jelens\u00e9g azt sugallta: ez a n\u0151 tudja, ki \u0151. Abban a pillanatban \u00e9rtettem meg, hogy a <b>P\u00e1rizsi divat Gy\u0151rben<\/b> nem f\u00f6ldrajzi k\u00e9rd\u00e9s, hanem hozz\u00e1\u00e1ll\u00e1s. Nem kell a Szajna partj\u00e1n sz\u00fcletni ahhoz, hogy ezt a st\u00edlust magunk\u00e9v\u00e1 tegy\u00fck. De m\u00e9gis, <b>mi az a p\u00e1rizsi elegancia gy\u0151rben<\/b>, \u00e9s hogyan csemp\u00e9szhetj\u00fck be a mindennapjainkba itt, a foly\u00f3k v\u00e1ros\u00e1ban? Nos, ez a cikk pontosan err\u0151l fog sz\u00f3lni. Egy utaz\u00e1sra h\u00edvom, ahol megfejtj\u00fck a titkokat.<\/p>\n<h2>Bevezet\u00e9s: A P\u00e1rizsi Divat Esszenci\u00e1ja \u00e9s Gy\u0151ri Megjelen\u00e9se<\/h2>\n<p>Amikor a francia sikkr\u0151l besz\u00e9l\u00fcnk, a legt\u00f6bben azonnal az Eiffel-toronyra, a cs\u00edkos fels\u0151kre \u00e9s a barett sapk\u00e1kra gondolnak. Klis\u00e9k? Tal\u00e1n. De a val\u00f3s\u00e1g enn\u00e9l sokkal m\u00e9lyebb \u00e9s \u00f6sszetettebb. A p\u00e1rizsi st\u00edlus l\u00e9nyege a min\u0151s\u00e9g a mennyis\u00e9g felett, az id\u0151tlen darabok prefer\u00e1l\u00e1sa a gyorsan v\u00e1ltoz\u00f3 trendekkel szemben, \u00e9s egyfajta \u201eje ne sais quoi\u201d \u2013 az a bizonyos megfoghatatlan plusz. A <b>P\u00e1rizsi divat Gy\u0151rben<\/b> azt jelenti, hogy ezeket az elveket \u00e1t\u00fcltetj\u00fck a saj\u00e1t, gy\u0151ri k\u00f6rnyezet\u00fcnkbe, a saj\u00e1t szem\u00e9lyis\u00e9g\u00fcnkre szabva.<\/p>\n<h3>Mi\u00e9rt pont a p\u00e1rizsi elegancia?<\/h3>\n<p>Mert fenntarthat\u00f3, kortalan \u00e9s v\u00e9gtelen\u00fcl sokoldal\u00fa. Nem kell minden szezonban lecser\u00e9lni a teljes ruhat\u00e1runkat. Egy j\u00f3l fel\u00e9p\u00edtett gardr\u00f3bbal, ami a <b>klasszikus p\u00e1rizsi divat gy\u0151r<\/b> alapjaira \u00e9p\u00fcl, mindig lesz mit felvenn\u00fcnk, \u00e9s mindig st\u00edlusosak lesz\u00fcnk. Ez a fajta tudatoss\u00e1g nemcsak a p\u00e9nzt\u00e1rc\u00e1nkat k\u00edm\u00e9li, de a bolyg\u00f3nkat is. A p\u00e1rizsi n\u0151 nem v\u00e1s\u00e1rol impulz\u00edvan; \u0151 befektet. Befektet egy j\u00f3 szab\u00e1s\u00fa bl\u00e9zerbe, egy min\u0151s\u00e9gi t\u00e1sk\u00e1ba, egy olyan ruh\u00e1ba, amit t\u00edz \u00e9v m\u00falva is sz\u00edvesen visel majd. A <b>P\u00e1rizsi divat Gy\u0151rben<\/b> err\u0151l a tudatoss\u00e1gr\u00f3l sz\u00f3l.<\/p>\n<h2>A P\u00e1rizsi Chic Alapk\u00f6vei \u2013 Az Id\u0151tlen St\u00edlus Titka<\/h2>\n<p>A p\u00e1rizsi st\u00edlus nem bonyolult. S\u0151t, az egyszer\u0171s\u00e9g\u00e9ben rejlik a nagyszer\u0171s\u00e9ge. Nincsenek szigor\u00fa szab\u00e1lyok, csak ir\u00e1nymutat\u00e1sok. N\u00e9zz\u00fck, <b>melyek a p\u00e1rizsi divat alapdarabjai<\/b>, amelyek egy gy\u0151ri n\u0151 gardr\u00f3bj\u00e1b\u00f3l sem hi\u00e1nyozhatnak. Ezek azok a bizonyos alappill\u00e9rek, amelyekre b\u00e1rmikor, b\u00e1rmilyen helyzetben sz\u00e1m\u00edthatunk.<\/p>\n<h3>Gardr\u00f3b alappill\u00e9rek: A \u201eCapsule Wardrobe\u201d elve<\/h3>\n<p>A kapszulagardr\u00f3b koncepci\u00f3ja t\u00f6k\u00e9letesen passzol a francia divatfiloz\u00f3fi\u00e1hoz. Kev\u00e9s, de egym\u00e1ssal j\u00f3l kombin\u00e1lhat\u00f3, min\u0151s\u00e9gi darab. Gondoljunk egy t\u00f6k\u00e9letesen szabott ballonkab\u00e1tra, egy s\u00f6t\u00e9tk\u00e9k farmerre, egy feh\u00e9r ingre, egy fekete bl\u00e9zerre, egy kasm\u00edrpul\u00f3verre \u00e9s egy egyszer\u0171, de nagyszer\u0171 \u201ekis fekete ruh\u00e1ra\u201d. Ezek a darabok sosem mennek ki a divatb\u00f3l. \u00c9vekig h\u0171 t\u00e1rsaink lehetnek. A <b>capsule wardrobe p\u00e1rizsi st\u00edlus gy\u0151r<\/b> megval\u00f3s\u00edt\u00e1sa az els\u0151 \u00e9s legfontosabb l\u00e9p\u00e9s. Persze, a divat folyamatosan v\u00e1ltozik, \u00e9s \u00e9rdemes k\u00f6vetni az <a href=\"https:\/\/worldpoint.eu\/hu\/aktualis-divattrendek-stilus-utmutato\/\">aktu\u00e1lis divattrendeket<\/a>, de a stabil alapok n\u00e9lk\u00fcl csak elveszn\u00e9nk a szezon\u00e1lis k\u00edn\u00e1latban. A <b>P\u00e1rizsi divat Gy\u0151rben<\/b> pontosan erre az alapra \u00e9p\u00edtkezik.<\/p>\n<h3>Kieg\u00e9sz\u00edt\u0151k ereje: Apr\u00f3 r\u00e9szletek nagy hat\u00e1ssal<\/h3>\n<p>Egy p\u00e1rizsi n\u0151 tudja, hogy a kieg\u00e9sz\u00edt\u0151k viszik a pr\u00edmet. Egy egyszer\u0171 farmer-p\u00f3l\u00f3 szettet is feldob egy felt\u0171n\u0151 nyakl\u00e1nc, egy min\u0151s\u00e9gi b\u0151rt\u00e1ska vagy egy eleg\u00e1ns selyems\u00e1l. Nem kell sok, csak a megfelel\u0151 darabok. A <b>p\u00e1rizsi st\u00edlus\u00fa kieg\u00e9sz\u00edt\u0151k gy\u0151rben<\/b> is beszerezhet\u0151k, csak nyitott szemmel kell j\u00e1rni. Egy j\u00f3 \u00f6v, egy klasszikus kar\u00f3ra, egy p\u00e1r finom f\u00fclbeval\u00f3 \u2013 ezek azok az apr\u00f3 r\u00e9szletek, amelyek teljess\u00e9 teszik a megjelen\u00e9st. \u00c9n szem\u00e9ly szerint im\u00e1dom, ahogy egyetlen v\u00f6r\u00f6s r\u00fazs vagy egy j\u00f3l megv\u00e1lasztott t\u00e1ska k\u00e9pes \u00e1talak\u00edtani az eg\u00e9sz \u00f6lt\u00f6z\u00e9ket. A <b>P\u00e1rizsi divat Gy\u0151rben<\/b> \u00e9ppen ezekben a finoms\u00e1gokban rejlik.<\/p>\n<h3>Sz\u00ednek \u00e9s anyagok: A harm\u00f3nia kulcsa<\/h3>\n<p>A p\u00e1rizsi sz\u00ednpaletta visszafogott. Fekete, feh\u00e9r, tenger\u00e9szk\u00e9k, b\u00e9zs, sz\u00fcrke. Ezek az alapok. Persze, ez nem jelenti azt, hogy le kell mondani a sz\u00ednekr\u0151l! Egy \u00e9l\u00e9nkpiros pul\u00f3ver vagy egy smaragdz\u00f6ld szoknya csod\u00e1san mutathat, de a hangs\u00faly a harm\u00f3ni\u00e1n van. Az anyagok min\u0151s\u00e9ge pedig megk\u00e9rd\u0151jelezhetetlen: pamut, selyem, len, gyapj\u00fa, kasm\u00edr. Ezek l\u00e9legz\u0151, term\u00e9szetes anyagok, amelyekben j\u00f3l \u00e9rezz\u00fck magunkat. A <b>min\u0151s\u00e9gi p\u00e1rizsi ruh\u00e1zat gy\u0151r<\/b> beszerz\u00e9se befektet\u00e9s a k\u00e9nyelm\u00fcnkbe \u00e9s a megjelen\u00e9s\u00fcnkbe. A <b>P\u00e1rizsi divat Gy\u0151rben<\/b> a min\u0151s\u00e9gi anyagok \u00e9rint\u00e9s\u00e9r\u0151l is sz\u00f3l.<\/p>\n<h2>Hogyan Hozd El a P\u00e1rizsi Hangulatot Gy\u0151rbe? St\u00edlustippek \u00e9s Tr\u00fckk\u00f6k<\/h2>\n<p>Rendben, az elm\u00e9letet m\u00e1r tudjuk. De <b>hogyan \u00f6lt\u00f6zz\u00fcnk p\u00e1rizsi st\u00edlusban gy\u0151rben<\/b> a gyakorlatban? Hogyan adapt\u00e1ljuk mindezt a saj\u00e1t \u00e9let\u00fcnkh\u00f6z, a gy\u0151ri utc\u00e1khoz? Adok n\u00e9h\u00e1ny konkr\u00e9t tippet. Ezek a <b>p\u00e1rizsi divat tippek gy\u0151ri n\u0151knek<\/b> sz\u00f3lnak, hogy a R\u00e1ba partj\u00e1n is \u00e9rezhess\u00fck a p\u00e1rizsi \u00e9let\u00e9rz\u00e9st. A <b>P\u00e1rizsi divat Gy\u0151rben<\/b> nem m\u00e1sol\u00e1s, hanem inspir\u00e1ci\u00f3.<\/p>\n<h3>Nappali \u00e9s esti szettek a Szajna \u00e9s R\u00e1ba partj\u00e1n<\/h3>\n<p>K\u00e9pzeld el: egy szombat d\u00e9lel\u0151tt a gy\u0151ri piacon. Egyenes sz\u00e1r\u00fa farmer, cs\u00edkos hossz\u00fa ujj\u00fa p\u00f3l\u00f3, k\u00e9nyelmes edz\u0151cip\u0151 \u00e9s egy nagy v\u00e1szont\u00e1ska a z\u00f6lds\u00e9geknek. Egyszer\u0171, praktikus, m\u00e9gis st\u00edlusos. Est\u00e9re pedig ugyanez a farmer egy selyemtoppal, magassark\u00faval \u00e9s egy bl\u00e9zerrel m\u00e1ris alkalmi viselett\u00e9 v\u00e1lik. Ez a sokoldal\u00fas\u00e1g a kulcs. A <b>P\u00e1rizsi divat Gy\u0151rben<\/b> a praktikum \u00e9s az elegancia \u00f6tv\u00f6zete. Egy <b>eleg\u00e1ns ruha gy\u0151r p\u00e1rizsi st\u00edlusban<\/b> nem felt\u00e9tlen\u00fcl est\u00e9lyit jelent, hanem egy j\u00f3l szabott, min\u0151s\u00e9gi darabot, ami magabiztoss\u00e1got ad.<\/p>\n<h3>Smink \u00e9s frizura: A term\u00e9szetess\u00e9g b\u00e1ja<\/h3>\n<p>A p\u00e1rizsi n\u0151 sminkje szinte l\u00e1thatatlan. Egy j\u00f3 alapoz\u00f3, egy kis piros\u00edt\u00f3, spir\u00e1l \u00e9s persze az elmaradhatatlan v\u00f6r\u00f6s r\u00fazs. De sosem mind egyszerre! A hangs\u00faly a ragyog\u00f3 b\u0151r\u00f6n van. A haj pedig? T\u00f6k\u00e9letesen t\u00f6k\u00e9letlen. Egy laza konty, egy term\u00e9szetes hull\u00e1m. A t\u00fals\u00e1gosan be\u00e1ll\u00edtott frizura idegen ett\u0151l a st\u00edlust\u00f3l. Rengeteg hasznos \u00f6tletet mer\u00edthet\u00fcnk a t\u00e9m\u00e1ban, ha elolvassuk ezeket a <a href=\"https:\/\/worldpoint.eu\/hu\/francia-szepsegapolasi-tippek\/\">francia sz\u00e9ps\u00e9g\u00e1pol\u00e1si tippeket<\/a>, amelyek seg\u00edtenek el\u00e9rni ezt a term\u00e9szetes hat\u00e1st. A <b>p\u00e1rizsi st\u00edlus\u00fa smink tippek<\/b> l\u00e9nyege a &#8220;kevesebb t\u00f6bb&#8221; elve. A <b>P\u00e1rizsi divat Gy\u0151rben<\/b> a sz\u00e9ps\u00e9g\u00e1pol\u00e1sban is a term\u00e9szetess\u00e9get r\u00e9szes\u00edti el\u0151nyben.<\/p>\n<h3>A magabiztos testtart\u00e1s \u00e9s kisug\u00e1rz\u00e1s fontoss\u00e1ga<\/h3>\n<p>Ez a legfontosabb \u00f6sszetev\u0151. Hi\u00e1ba a t\u00f6k\u00e9letes outfit, ha g\u00f6rnyedten j\u00e1runk \u00e9s a l\u00e1bunk el\u00e9 n\u00e9z\u00fcnk. A p\u00e1rizsi st\u00edlus a magabiztoss\u00e1gr\u00f3l sz\u00f3l. A felemelt fej, az egyenes h\u00e1t, a szemkontaktus. Ez az, ami igaz\u00e1n vonz\u00f3v\u00e1 tesz. \u00c9s ez ingyen van. A <b>P\u00e1rizsi divat Gy\u0151rben<\/b> egyfajta bels\u0151 tart\u00e1st is jelent, ami a k\u00fcls\u0151nk\u00f6n is megmutatkozik. Amikor j\u00f3l \u00e9rezz\u00fck magunkat a b\u0151r\u00fcnkben, az l\u00e1tszik.<\/p>\n<h2>Hol Tal\u00e1lhat\u00f3 Meg a P\u00e1rizsi Divat Szelleme Gy\u0151rben? V\u00e1s\u00e1rl\u00e1si \u00datmutat\u00f3<\/h2>\n<p>Felmer\u00fcl a k\u00e9rd\u00e9s: <b>hol kaphat\u00f3 p\u00e1rizsi st\u00edlus\u00fa ruha gy\u0151rben<\/b>? Szerencs\u00e9re t\u00f6bb lehet\u0151s\u00e9g\u00fcnk is van, a helyi butikokt\u00f3l kezdve a vintage kincsekig. A <b>P\u00e1rizsi divat Gy\u0151rben<\/b> felfedez\u00e9sre v\u00e1r. A <b>p\u00e1rizsi elegancia ruh\u00e1k v\u00e1s\u00e1rl\u00e1sa gy\u0151rben<\/b> izgalmas kaland lehet.<\/p>\n<h3>Gy\u0151ri butikok \u00e9s \u00fczletek p\u00e1rizsi inspir\u00e1ci\u00f3val<\/h3>\n<p>\u00c9rdemes nyitott szemmel j\u00e1rni a belv\u00e1rosban. Sok olyan kis \u00fczlet van, ahol min\u0151s\u00e9gi, id\u0151tlen darabokra bukkanhatunk. Keress\u00fck azokat a helyeket, ahol nem a fast fashion m\u00e1rk\u00e1k t\u00f6megterm\u00e9keit \u00e1rulj\u00e1k. A <b>gy\u0151ri butikok p\u00e1rizsi inspir\u00e1ci\u00f3val<\/b> tal\u00e1n nem hirdetik magukat \u00edgy, de a k\u00edn\u00e1latuk mag\u00e1\u00e9rt besz\u00e9l. A <b>legjobb p\u00e1rizsi st\u00edlus\u00fa ruhabolt gy\u0151r<\/b> megtal\u00e1l\u00e1sa szem\u00e9lyes preferencia k\u00e9rd\u00e9se, de egy <a href=\"https:\/\/worldpoint.eu\/hu\/trendi-luxus-divat-butik\/\">trendi luxus divat butik<\/a> k\u00edn\u00e1lata j\u00f3 kiindul\u00f3pont lehet. A <b>francia divat \u00fczletek gy\u0151r<\/b> ter\u00fclet\u00e9n rejtett kincseket rejthetnek. A <b>P\u00e1rizsi divat Gy\u0151rben<\/b> a helyi \u00fczletek t\u00e1mogat\u00e1s\u00e1t is jelenti.<\/p>\n<h3>Vintage \u00e9s second-hand kincsek felkutat\u00e1sa Gy\u0151rben<\/h3>\n<p>A <b>fenntarthat\u00f3 p\u00e1rizsi divat gy\u0151rben<\/b> egyre nagyobb teret nyer, \u00e9s ennek legjobb m\u00f3dja a m\u00e1sodk\u00e9zb\u0151l val\u00f3 v\u00e1s\u00e1rl\u00e1s. Egy vintage selyembl\u00faz vagy egy r\u00e9gi b\u0151rt\u00e1ska karaktert ad az \u00f6lt\u00f6z\u00e9k\u00fcnknek. R\u00e1ad\u00e1sul \u00edgy biztosan nem j\u00f6n vel\u00fcnk szembe az utc\u00e1n. A kincsvad\u00e1szat izgalma pedig felbecs\u00fclhetetlen! Az <b>olcs\u00f3 p\u00e1rizsi divat gy\u0151r<\/b> nem felt\u00e9tlen\u00fcl jelent rossz min\u0151s\u00e9get, ha tudjuk, hol keress\u00fck. A <b>P\u00e1rizsi divat Gy\u0151rben<\/b> a m\u00falt \u00e9rt\u00e9keinek tisztelet\u00e9t is mag\u00e1ban foglalja.<\/p>\n<h3>Online lehet\u0151s\u00e9gek francia divat Gy\u0151rbe rendel\u00e9s\u00e9re<\/h3>\n<p>Term\u00e9szetesen az online t\u00e9r is v\u00e9gtelen lehet\u0151s\u00e9get k\u00edn\u00e1l. Sz\u00e1mos francia m\u00e1rka sz\u00e1ll\u00edt Magyarorsz\u00e1gra, \u00e9s a vintage platformokon is b\u00f6ng\u00e9szhet\u00fcnk. A l\u00e9nyeg, hogy ismerj\u00fck a m\u00e9reteinket \u00e9s olvassunk v\u00e9lem\u00e9nyeket, miel\u0151tt v\u00e1s\u00e1rolunk. A <b>worldpoint p\u00e1rizsi divat gy\u0151r v\u00e9lem\u00e9nyek<\/b> seg\u00edthetnek eligazodni, b\u00e1r a legjobb, ha a saj\u00e1t szem\u00fcnknek hisz\u00fcnk. A <b>P\u00e1rizsi divat Gy\u0151rben<\/b> az online v\u00e1s\u00e1rl\u00e1s k\u00e9nyelm\u00e9t is kihaszn\u00e1lja.<\/p>\n<h2>A P\u00e1rizsi Divat Hat\u00e1sa a Helyi Kult\u00far\u00e1ra \u00e9s a Fenntarthat\u00f3s\u00e1gra<\/h2>\n<p>A divat nem \u00f6nc\u00e9l\u00fa. Hat\u00e1ssal van a k\u00f6rnyezet\u00fcnkre, a kult\u00far\u00e1nkra \u00e9s a gondolkod\u00e1sm\u00f3dunkra is. A <b>francia divat hat\u00e1sa gy\u0151rre<\/b> tal\u00e1n nem m\u00e9rhet\u0151 konkr\u00e9t sz\u00e1mokban, de a szeml\u00e9letform\u00e1l\u00f3 ereje vitathatatlan. A <b>P\u00e1rizsi divat Gy\u0151rben<\/b> egyfajta min\u0151s\u00e9gi el\u0151rel\u00e9p\u00e9st jelenthet.<\/p>\n<h3>Gy\u0151r \u00e9s a francia divat: Egy\u00fctt \u00e9l\u0151 hagyom\u00e1nyok<\/h3>\n<p>Gy\u0151r barokk belv\u00e1ros\u00e1nak eleganci\u00e1ja \u00e9s a francia sikk letisztults\u00e1ga csod\u00e1latosan kieg\u00e9sz\u00edtik egym\u00e1st. A t\u00f6rt\u00e9nelmi \u00e9p\u00fcletek k\u00f6z\u00f6tt s\u00e9t\u00e1lva egy j\u00f3l megv\u00e1lasztott, klasszikus szett m\u00e9g ink\u00e1bb kiemeli a k\u00f6rnyezet sz\u00e9ps\u00e9g\u00e9t. A helyi kultur\u00e1lis esem\u00e9nyek, mint p\u00e9ld\u00e1ul a <b>gy\u0151ri divat rendezv\u00e9nyek p\u00e1rizsi tematika<\/b> ment\u00e9n szervezve, tov\u00e1bb er\u0151s\u00edthetik ezt a kapcsolatot. Egy-egy ilyen esem\u00e9ny, p\u00e9ld\u00e1ul egy <a href=\"https:\/\/worldpoint.eu\/hu\/divatbemutatok-aruhazakban-kalauz\/\">divatbemutat\u00f3 az \u00e1ruh\u00e1zakban<\/a>, remek lehet\u0151s\u00e9get teremt az inspir\u00e1l\u00f3d\u00e1sra. A <b>P\u00e1rizsi divat Gy\u0151rben<\/b> a helyi \u00e9rt\u00e9kekkel p\u00e1rosulva \u00faj min\u0151s\u00e9get teremt.<\/p>\n<h3>Tudatos v\u00e1s\u00e1rl\u00e1s \u00e9s a min\u0151s\u00e9g el\u0151nyben r\u00e9szes\u00edt\u00e9se<\/h3>\n<p>Tal\u00e1n ez a legfontosabb \u00fczenet. A p\u00e1rizsi st\u00edlus a tudatoss\u00e1gra nevel. Arra, hogy ne d\u0151lj\u00fcnk be a marketingfog\u00e1soknak, \u00e9s ne v\u00e1s\u00e1roljunk feleslegesen. K\u00e9rdezz\u00fck meg magunkt\u00f3l: T\u00e9nyleg sz\u00fcks\u00e9gem van erre? H\u00e1nyf\u00e9lek\u00e9ppen tudom majd viselni? Illik a megl\u00e9v\u0151 ruhat\u00e1ramba? Ez a szeml\u00e9let nemcsak a divatra, hanem az \u00e9let m\u00e1s ter\u00fcleteire is kiterjeszthet\u0151. A <b>P\u00e1rizsi divat Gy\u0151rben<\/b> egyfajta \u00e9letfiloz\u00f3fia. \u00c9rdekes p\u00e1rhuzamot vonni, hogy m\u00edg a franci\u00e1k a letisztults\u00e1gra esk\u00fcsznek, addig az <a href=\"https:\/\/worldpoint.eu\/hu\/olasz-noi-divat-tippek\/\">olasz n\u0151i divat<\/a> sokszor a mer\u00e9szebb, felt\u0171n\u0151bb darabokat r\u00e9szes\u00edti el\u0151nyben, de a min\u0151s\u00e9g ir\u00e1nti elk\u00f6telezetts\u00e9g mindk\u00e9t kult\u00far\u00e1ban k\u00f6z\u00f6s.<\/p>\n<h2>\u00d6sszegz\u00e9s: P\u00e1rizsi St\u00edlus Gy\u0151rben \u2013 Egy \u00d6r\u00f6k \u00c9rt\u00e9k, Mindennapi Elegancia<\/h2>\n<p>\u00d6sszefoglalva, a p\u00e1rizsi sikk sokkal t\u00f6bb, mint ruh\u00e1k halmaza. Ez egy \u00e9let\u00e9rz\u00e9s, egy filoz\u00f3fia, ami a min\u0151s\u00e9gr\u0151l, az id\u0151t\u00e1ll\u00f3s\u00e1gr\u00f3l \u00e9s a magabiztoss\u00e1gr\u00f3l sz\u00f3l. Nem kell vagyonokat k\u00f6lten\u00fcnk ahhoz, hogy ezt a st\u00edlust elsaj\u00e1t\u00edtsuk. El\u00e9g n\u00e9h\u00e1ny j\u00f3l megv\u00e1lasztott alapdarab, egy kis kreativit\u00e1s \u00e9s a legfontosabb: a bels\u0151 tart\u00e1s. A <b>P\u00e1rizsi divat Gy\u0151rben<\/b> nem el\u00e9rhetetlen \u00e1lom, hanem egy mindennapi lehet\u0151s\u00e9g arra, hogy a legjobbat hozzuk ki magunkb\u00f3l. Egy lehet\u0151s\u00e9g arra, hogy a rohan\u00f3 h\u00e9tk\u00f6znapokban is meg\u00e9lj\u00fck a sz\u00e9ps\u00e9get \u00e9s az eleganci\u00e1t. Mert a st\u00edlus nem P\u00e1rizsban kezd\u0151dik, hanem benn\u00fcnk. A csod\u00e1latos <b>P\u00e1rizsi divat Gy\u0151rben<\/b> teh\u00e1t mindannyiunk sz\u00e1m\u00e1ra el\u00e9rhet\u0151.<\/p>\n","protected":false},"excerpt":{"rendered":"<p>Mindig is leny\u0171g\u00f6z\u00f6tt az a fajta k\u00f6nnyed elegancia, amit a francia n\u0151k sug\u00e1roznak. Nem a t\u00falz\u00e1sokr\u00f3l sz\u00f3l, hanem valami megfoghatatlan magabiztoss\u00e1gr\u00f3l. Eml\u00e9kszem, egyszer Gy\u0151r belv\u00e1ros\u00e1ban s\u00e9t\u00e1ltam, \u00e9s megl\u00e1ttam egy n\u0151t. Egyszer\u0171 farmert viselt, egy feh\u00e9r inget, balerina cip\u0151t \u00e9s egy v\u00f6r\u00f6s s\u00e1lat. Semmi extra, m\u00e9gis\u2026 odavonzotta a tekintetet. Ahogy a macskak\u00f6veken l\u00e9pdelt, az eg\u00e9sz jelens\u00e9g [&hellip;]<\/p>\n","protected":false},"author":2,"featured_media":0,"comment_status":"","ping_status":"","sticky":false,"template":"","format":"standard","meta":{"footnotes":""},"categories":[1],"tags":[],"class_list":["post-291","post","type-post","status-publish","format-standard","hentry","category-uzlet"],"_links":{"self":[{"href":"https:\/\/worldpoint.eu\/hu\/wp-json\/wp\/v2\/posts\/291","targetHints":{"allow":["GET"]}}],"collection":[{"href":"https:\/\/worldpoint.eu\/hu\/wp-json\/wp\/v2\/posts"}],"about":[{"href":"https:\/\/worldpoint.eu\/hu\/wp-json\/wp\/v2\/types\/post"}],"author":[{"embeddable":true,"href":"https:\/\/worldpoint.eu\/hu\/wp-json\/wp\/v2\/users\/2"}],"replies":[{"embeddable":true,"href":"https:\/\/worldpoint.eu\/hu\/wp-json\/wp\/v2\/comments?post=291"}],"version-history":[{"count":0,"href":"https:\/\/worldpoint.eu\/hu\/wp-json\/wp\/v2\/posts\/291\/revisions"}],"wp:attachment":[{"href":"https:\/\/worldpoint.eu\/hu\/wp-json\/wp\/v2\/media?parent=291"}],"wp:term":[{"taxonomy":"category","embeddable":true,"href":"https:\/\/worldpoint.eu\/hu\/wp-json\/wp\/v2\/categories?post=291"},{"taxonomy":"post_tag","embeddable":true,"href":"https:\/\/worldpoint.eu\/hu\/wp-json\/wp\/v2\/tags?post=291"}],"curies":[{"name":"wp","href":"https:\/\/api.w.org\/{rel}","templated":true}]}}