{"id":287,"date":"2025-10-15T09:24:30","date_gmt":"2025-10-15T07:24:30","guid":{"rendered":"https:\/\/worldpoint.eu\/hu\/haj-divat-trendek-2\/"},"modified":"2025-10-15T09:24:30","modified_gmt":"2025-10-15T07:24:30","slug":"haj-divat-trendek-2","status":"publish","type":"post","link":"https:\/\/worldpoint.eu\/hu\/haj-divat-trendek-2\/","title":{"rendered":"Haj divat trendek \u2013 \u00datmutat\u00f3 a legfrissebb st\u00edlusokhoz"},"content":{"rendered":"<p>Eml\u00e9kszem, egyszer egy hirtelen \u00f6tlett\u0151l vez\u00e9relve platinasz\u0151k\u00e9re festettem a s\u00f6t\u00e9tbarna hajamat. Otthon. A v\u00e9geredm\u00e9ny? H\u00e1t, mondjuk \u00fagy, hogy egy s\u00e1rga, foltos, sepr\u0171szer\u0171 katasztr\u00f3fa lett, ami hetekig tart\u00f3 intenz\u00edv \u00e1pol\u00e1st ig\u00e9nyelt. Az\u00f3ta megtanultam, hogy a <b>haj divat trendek<\/b> k\u00f6vet\u00e9se nemcsak b\u00e1tors\u00e1got, de tud\u00e1st \u00e9s felk\u00e9sz\u00fclts\u00e9get is ig\u00e9nyel. De ne agg\u00f3djon, nem kell mindenkinek v\u00e9gigmennie ezen a k\u00e1lv\u00e1ri\u00e1n! Ez az \u00fatmutat\u00f3 az\u00e9rt sz\u00fcletett, hogy seg\u00edtsen eligazodni a frizur\u00e1k \u00e9s sz\u00ednek v\u00e9gtelen tenger\u00e9ben, mik\u00f6zben elker\u00fcli a buktat\u00f3kat. A hajunk a szem\u00e9lyis\u00e9g\u00fcnk egyik legkifejez\u0151bb r\u00e9sze, egyfajta v\u00e1szon, amellyel megmutathatjuk, kik vagyunk. \u00c9ppen ez\u00e9rt a leg\u00fajabb <b>haj divat trendek<\/b> ismerete nem csup\u00e1n hi\u00fas\u00e1gi k\u00e9rd\u00e9s, hanem az \u00f6nkifejez\u00e9s eszk\u00f6ze is. A megfelel\u0151 frizura magabiztoss\u00e1got adhat, \u00e9s szorosan kapcsol\u00f3dik az <a href=\"https:\/\/worldpoint.eu\/hu\/aktualis-divattrendek-stilus-utmutato\/\">\u00e1ltal\u00e1nos divatir\u00e1nyzatokhoz<\/a> is, hiszen a teljes megjelen\u00e9s\u00fcnk harm\u00f3ni\u00e1ja a r\u00e9szletekben rejlik. V\u00e1gjunk is bele!<\/p>\n<h2>A haj divat \u00f6r\u00f6k k\u00f6rforg\u00e1sa: Fedezze fel a st\u00edlusos megjelen\u00e9s titkait<\/h2>\n<p>A divat, legyen sz\u00f3 ruh\u00e1kr\u00f3l vagy frizur\u00e1kr\u00f3l, folyamatosan ism\u00e9tli \u00f6nmag\u00e1t, mik\u00f6zben mindig valami \u00fajat is hoz. A mostani <b>haj divat trendek<\/b> fantasztikus kever\u00e9kei a m\u00falt id\u00e9z\u00e9s\u00e9nek \u00e9s a futurisztikus \u00faj\u00edt\u00e1soknak. Visszat\u00e9rnek a 70-es \u00e9vek r\u00e9tegezett, laza v\u00e1g\u00e1sai, a 90-es \u00e9vek letisztult form\u00e1i, de k\u00f6zben megjelennek a mer\u00e9sz, szinte szoborszer\u0171 alkot\u00e1sok is. A kulcs a szem\u00e9lyre szab\u00e1s. Ma m\u00e1r nem az a c\u00e9l, hogy mindenkinek ugyanolyan frizur\u00e1ja legyen, hanem hogy megtal\u00e1ljuk azt a st\u00edlust, ami kiemeli az egy\u00e9nis\u00e9g\u00fcnket. A jelenlegi <b>haj divat trendek<\/b> pontosan ezt a szabads\u00e1got \u00fcnneplik. Sz\u00f3val, felejts\u00fck el a szigor\u00fa szab\u00e1lyokat! A l\u00e9nyeg, hogy j\u00f3l \u00e9rezz\u00fck magunkat a b\u0151r\u00fcnkben \u2013 \u00e9s a hajunkban.<\/p>\n<h2>N\u0151i haj trendek: A r\u00f6vidt\u0151l a hossz\u00faig, minden st\u00edlus<\/h2>\n<p>A n\u0151k sz\u00e1m\u00e1ra a v\u00e1laszt\u00e9k szinte v\u00e9gtelen. A dr\u00e1mai r\u00f6vidt\u0151l a mes\u00e9be ill\u0151 hossz\u00faig minden megtal\u00e1lhat\u00f3 a palett\u00e1n. A legfontosabb k\u00e9rd\u00e9s, amit fel kell tenn\u00fcnk magunknak: <b>milyen frizura illik hozz\u00e1m<\/b>? Ez f\u00fcgg az arcform\u00e1t\u00f3l, az \u00e9letst\u00edlust\u00f3l \u00e9s persze a szem\u00e9lyes preferenci\u00e1kt\u00f3l. A mostani <b>haj divat trendek<\/b> szerencs\u00e9re mindenre k\u00edn\u00e1lnak alternat\u00edv\u00e1t. Nincs t\u00f6bb\u00e9 &#8220;k\u00f6telez\u0151&#8221; hossz\u00fas\u00e1g vagy forma. A l\u00e9nyeg az, hogy a v\u00e1lasztott frizura praktikus, k\u00f6nnyen kezelhet\u0151 \u00e9s persze gy\u00f6ny\u00f6r\u0171 legyen. Az aktu\u00e1lis <b>haj divat trendek<\/b> pontosan ezt a soksz\u00edn\u0171s\u00e9get hirdetik.<\/p>\n<h2>A r\u00f6vid haj mer\u00e9sz vil\u00e1ga: Praktikus \u00e9s divatos v\u00e1laszt\u00e1sok<\/h2>\n<p>\u00d3, a r\u00f6vid haj! Mekkora szabads\u00e1g! Aki egyszer kipr\u00f3b\u00e1lta, tudja, mir\u0151l besz\u00e9lek. A pixie, a bubi \u00e9s a m\u00e9g mer\u00e9szebb, szinte fi\u00fas v\u00e1g\u00e1sok mind-mind renesz\u00e1nszukat \u00e9lik. Ezek a frizur\u00e1k kiemelik az arcot, a szemeket \u00e9s hihetetlen\u00fcl sikkesek tudnak lenni. A legjobb <b>n\u0151i r\u00f6vid hajv\u00e1g\u00e1s \u00f6tletek<\/b> k\u00f6z\u00f6tt szerepelnek az aszimmetrikus megold\u00e1sok \u00e9s a textur\u00e1lt, k\u00f3cos hat\u00e1s\u00fa fazonok. Sokan f\u00e9lnek t\u0151le, pedig a r\u00f6vid haj lehet ultran\u0151ies \u00e9s vag\u00e1ny is egyszerre. Persze, rendszeres igaz\u00edt\u00e1st ig\u00e9nyel, de a reggeli k\u00e9sz\u00fcl\u0151d\u00e9s ideje a t\u00f6red\u00e9k\u00e9re cs\u00f6kken. Ezek a praktikus <b>r\u00f6vid haj divat tippek<\/b> seg\u00edtenek, hogy a legt\u00f6bbet hozza ki a frizur\u00e1j\u00e1b\u00f3l. A mostani <b>haj divat trendek<\/b> egy\u00e9rtelm\u0171en a bev\u00e1llal\u00f3s n\u0151knek kedveznek.<\/p>\n<h2>Hossz\u00fa haj: Az elegancia \u00e9s sokoldal\u00fas\u00e1g megtestes\u00edt\u0151je<\/h2>\n<p>A hossz\u00fa haj sosem megy ki a divatb\u00f3l. Pont. Jelk\u00e9pezi a n\u0151iess\u00e9get, az eleganci\u00e1t, \u00e9s v\u00e9gtelen form\u00e1z\u00e1si lehet\u0151s\u00e9get rejt mag\u00e1ban. A mostani <b>haj divat trendek<\/b> a hossz\u00fa hajat illet\u0151en a term\u00e9szetess\u00e9g fel\u00e9 hajlanak: enyhe hull\u00e1mok, laza fonatok, \u00e9s persze az eg\u00e9szs\u00e9gt\u0151l f\u00e9nyl\u0151, \u00e1polt hajkorona. A <b>hossz\u00fa haj \u00e1pol\u00e1sa otthon<\/b> komoly elk\u00f6telez\u0151d\u00e9st ig\u00e9nyel, hiszen a t\u00f6redezett v\u00e9gek senkinek sem \u00e1llnak j\u00f3l. A rendszeres v\u00e1g\u00e1s, a megfelel\u0151 hidrat\u00e1l\u00e1s \u00e9s a h\u0151v\u00e9delem elengedhetetlen. Egyre n\u00e9pszer\u0171bb a <b>hossz\u00fa haj v\u00e1g\u00e1sa l\u00e9pcs\u0151zetesen<\/b>, ami volument \u00e9s mozg\u00e1st ad a frizur\u00e1nak, elker\u00fclve az unalmas, &#8220;lelapul\u00f3&#8221; hat\u00e1st. A hossz\u00fa haj eset\u00e9ben a <b>haj divat trendek<\/b> az eg\u00e9szs\u00e9get helyezik el\u0151t\u00e9rbe.<\/p>\n<h2>F\u00e9lhossz\u00fa frizur\u00e1k: Az ide\u00e1lis kompromisszum<\/h2>\n<p>A f\u00e9lhossz\u00fa, vagyis a v\u00e1llig \u00e9r\u0151 vagy kulcscsontig tart\u00f3 frizura az arany k\u00f6z\u00e9p\u00fat. Nem olyan mer\u00e9sz, mint a r\u00f6vid, de nem is ig\u00e9nyel annyi t\u00f6r\u0151d\u00e9st, mint a hossz\u00fa. A &#8220;lob&#8221; (long bob) \u00e9vek \u00f3ta t\u00f6retlen n\u00e9pszer\u0171s\u00e9gnek \u00f6rvend, \u00e9s ez nem v\u00e9letlen. Szinte minden arcform\u00e1hoz passzol, \u00e9s ezerf\u00e9lek\u00e9ppen vari\u00e1lhat\u00f3. Lehet egyenes, hull\u00e1mos, vagy ak\u00e1r k\u00f3cos hat\u00e1s\u00fa is. A mostani <b>haj divat trendek<\/b> a textur\u00e1lt, r\u00e9tegezett v\u00e1g\u00e1sokat r\u00e9szes\u00edtik el\u0151nyben, amelyek j\u00e1t\u00e9koss\u00e1got \u00e9s volument k\u00f6lcs\u00f6n\u00f6znek a frizur\u00e1nak. Ha bizonytalan a v\u00e1lt\u00e1sban, a f\u00e9lhossz\u00fa t\u00f6k\u00e9letes kiindul\u00f3pont.<\/p>\n<h2>F\u00e9rfi haj divat: Klasszikusok \u00fajragondolva \u00e9s modern ir\u00e1nyzatok<\/h2>\n<p>Szerencs\u00e9re elm\u00faltak azok az id\u0151k, amikor a f\u00e9rfi hajviselet kimer\u00fclt a &#8220;r\u00f6vidre v\u00e1gva, oldalt elv\u00e1lasztva&#8221; opci\u00f3ban. A mai f\u00e9rfiak b\u00e1tran k\u00eds\u00e9rleteznek, \u00e9s a <b>haj divat trendek<\/b> sz\u00e1mukra is rengeteg lehet\u0151s\u00e9get k\u00edn\u00e1lnak. A klasszikus fazonok, mint a pompadour vagy az oldalt felny\u00edrt \u00e1tmenetes v\u00e1g\u00e1sok, modern csavart kapnak. Fontos, hogy a frizura harmoniz\u00e1ljon az arcform\u00e1val \u00e9s az \u00f6lt\u00f6zk\u00f6d\u00e9si st\u00edlussal, s\u0151t, egy j\u00f3l megv\u00e1lasztott frizura remek\u00fcl kieg\u00e9sz\u00edtheti a <a href=\"https:\/\/worldpoint.eu\/hu\/ferfi-szakall-stilusok-es-trendek\/\">gondosan \u00e1polt szak\u00e1llat<\/a> is. A f\u00e9rfi <b>haj divat trendek<\/b> ma m\u00e1r ugyanolyan izgalmasak, mint a n\u0151i ir\u00e1nyzatok.<\/p>\n<h2>R\u00f6vid f\u00e9rfi frizur\u00e1k: Letisztult \u00e9s karbantarthat\u00f3 st\u00edlusok<\/h2>\n<p>A r\u00f6vid f\u00e9rfi haj az id\u0151tlen elegancia \u00e9s a praktikum megtestes\u00edt\u0151je. A t\u00fcsi, a &#8220;crew cut&#8221; vagy a francia crop mind-mind olyan st\u00edlusok, amelyek minim\u00e1lis karbantart\u00e1st ig\u00e9nyelnek, m\u00e9gis mindig \u00e1polt \u00e9s rendezett megjelen\u00e9st biztos\u00edtanak. A leg\u00fajabb <b>haj divat trendek<\/b> itt a text\u00far\u00e1val \u00e9s az apr\u00f3 r\u00e9szletekkel j\u00e1tszanak: egy \u00e9lesebb v\u00e1laszt\u00e9k, egy finom \u00e1tmenet az oldalakon, vagy egy kicsit hosszabbra hagyott frufru teljesen megv\u00e1ltoztathatja a frizura karakter\u00e9t. Azoknak, akik szeretik az egyszer\u0171s\u00e9get, de m\u00e9gis k\u00f6vetn\u00e9k a divatot, a r\u00f6vid fazonok t\u00f6k\u00e9letes v\u00e1laszt\u00e1st jelentenek. S\u0151t, a <b>f\u00e9rfi hajv\u00e1g\u00e1s trendek otthon<\/b> is k\u00f6nnyen k\u00f6vethet\u0151k a megfelel\u0151 g\u00e9ppel.<\/p>\n<h2>Hosszabb f\u00e9rfi hajviseletek: Kifejez\u0151 \u00e9s egyedi megjelen\u00e9s<\/h2>\n<p>A hosszabb f\u00e9rfi haj egy igazi statement. Lehet laza, sz\u00f6rf\u00f6s st\u00edlus\u00fa, vagy eleg\u00e1nsan h\u00e1traf\u00e9s\u00fclt. Ez a st\u00edlus t\u00fcrelmet ig\u00e9nyel a n\u00f6veszt\u00e9si f\u00e1zisban (az a bizonyos &#8220;semmilyen&#8221; id\u0151szak), de a v\u00e9geredm\u00e9ny meg\u00e9ri a f\u00e1rads\u00e1got. A hull\u00e1mos vagy g\u00f6nd\u00f6r haj\u00fa f\u00e9rfiak k\u00fcl\u00f6n\u00f6sen szerencs\u00e9sek, mert az \u0151 hajukban a hosszabb fazonok term\u00e9szetes text\u00far\u00e1t \u00e9s volument kapnak. A <b>f\u00e9rfi hajviseletek g\u00f6nd\u00f6r hajra<\/b> ma m\u00e1r nem a sz\u00e1r\u00edt\u00e1st\u00f3l val\u00f3 f\u00e9lelemr\u0151l sz\u00f3lnak, hanem a term\u00e9szetes loknik kiemel\u00e9s\u00e9r\u0151l. A megfelel\u0151 \u00e1pol\u00e1ssal \u00e9s form\u00e1z\u00f3 term\u00e9kekkel a hosszabb f\u00e9rfi haj is lehet rendezett \u00e9s vonz\u00f3. Az ilyen <b>haj divat trendek<\/b> az egy\u00e9nis\u00e9get hangs\u00falyozz\u00e1k.<\/p>\n<h2>Hajsz\u00edn trendek: Mer\u00e9sz \u00e1rnyalatok \u00e9s term\u00e9szetes ragyog\u00e1s<\/h2>\n<p>A hajsz\u00edn az egyik leger\u0151sebb eszk\u00f6z a kez\u00fcnkben, ha v\u00e1ltoz\u00e1sra v\u00e1gyunk. A jelenlegi <b>haj divat trendek<\/b> k\u00e9t f\u0151 ir\u00e1nyt mutatnak: egyr\u00e9szt a term\u00e9szetes, napsz\u00edtta hat\u00e1s\u00fa, finom \u00e1tmenetes sz\u00ednek, mint a balayage, m\u00e1sr\u00e9szt a bev\u00e1llal\u00f3s, \u00e9l\u00e9nk \u00e1rnyalatok, mint a pasztell r\u00f3zsasz\u00edn, a m\u00e9ly r\u00e9zv\u00f6r\u00f6s vagy ak\u00e1r a k\u00e9k. A l\u00e9nyeg itt is az, hogy a v\u00e1lasztott sz\u00edn harmoniz\u00e1ljon a szem\u00e9lyis\u00e9g\u00fcnkkel \u00e9s a b\u0151rt\u00f3nusunkkal. Az aktu\u00e1lis <b>haj divat trendek<\/b> ter\u00e9n a lehet\u0151s\u00e9gek hat\u00e1rtalanok.<\/p>\n<h2>A szezon legn\u00e9pszer\u0171bb hajsz\u00ednei<\/h2>\n<p>Minden \u00e9vszaknak megvannak a maga sl\u00e1ger sz\u00ednei. Ny\u00e1ron a napsz\u00edtta, vil\u00e1gosabb \u00e1rnyalatok h\u00f3d\u00edtanak, amelyek t\u00f6k\u00e9letesen illenek a <a href=\"https:\/\/worldpoint.eu\/hu\/nyari-divat-kalauz-trendek-tippek\/\">k\u00f6nnyed, ny\u00e1ri hangulathoz<\/a>, m\u00edg \u0151sszel \u00e9s t\u00e9len a melegebb, m\u00e9lyebb t\u00f3nusok, mint a csokol\u00e1d\u00e9barna, a gesztenye vagy a t\u00fczes v\u00f6r\u00f6s ker\u00fclnek el\u0151t\u00e9rbe, passzolva az <a href=\"https:\/\/worldpoint.eu\/hu\/oszi-teli-divat-trendek\/\">\u0151szi-t\u00e9li szezon gazdagabb sz\u00ednvil\u00e1g\u00e1hoz<\/a>. A mostani <b>haj divat trendek<\/b> nagy kedvencei a &#8220;Mushroom Blonde&#8221;, egy hamvas, sz\u00fcrk\u00e9sbarna \u00e1rnyalat, \u00e9s a &#8220;Copper&#8221;, vagyis a ragyog\u00f3 r\u00e9zv\u00f6r\u00f6s. Az \u00f6r\u00f6k klasszikusok, mint a platina sz\u0151ke \u00e9s a m\u00e9lyfekete, szint\u00e9n a palett\u00e1n maradnak. A <b>divatos hajsz\u00ednek barn\u00e1knak sz\u0151k\u00e9knek<\/b> egyar\u00e1nt k\u00edn\u00e1lnak izgalmas \u00faj\u00edt\u00e1sokat.<\/p>\n<h2>Hogyan v\u00e1lasszunk hajsz\u00ednt az arcsz\u00edn\u00fcnkh\u00f6z?<\/h2>\n<p>Ez egy \u00f6r\u00f6k k\u00e9rd\u00e9s, \u00e9s a v\u00e1lasz kulcsfontoss\u00e1g\u00fa. Hi\u00e1ba trendi egy sz\u00edn, ha s\u00e1paszt vagy term\u00e9szetellenesnek hat. A b\u0151rt\u00f3nusunk lehet hideg, meleg vagy semleges. Egy egyszer\u0171 tr\u00fckk: n\u00e9zz\u00fck meg a csukl\u00f3nkon l\u00e9v\u0151 ereket. Ha k\u00e9kesek, hideg a t\u00f3nusunk, ha z\u00f6ldesek, meleg, ha pedig nem egy\u00e9rtelm\u0171, akkor semleges. A hideg b\u0151rt\u00f3nushoz a hamvas, jeges sz\u00ednek (platina, hamvassz\u0151ke, hideg barna) illenek, m\u00edg a meleghez az aranyl\u00f3, rezes \u00e1rnyalatok (m\u00e9zes sz\u0151ke, v\u00f6r\u00f6sesbarna). A <b>term\u00e9szetes hajsz\u00edn kiemel\u00e9se tippek<\/b> seg\u00edts\u00e9g\u00e9vel finom\u00edthatjuk az eredeti sz\u00edn\u00fcnket an\u00e9lk\u00fcl, hogy drasztikus v\u00e1ltoz\u00e1st hajtan\u00e1nk v\u00e9gre. A <b>hogyan v\u00e1lasszunk frizur\u00e1t arcform\u00e1nkhoz<\/b> k\u00e9rd\u00e9s mellett ez a legfontosabb d\u00f6nt\u00e9s. A j\u00f3 <b>frizura \u00f6tletek kerek archoz<\/b> is sokat seg\u00edthetnek. \u00c9rdemes k\u00eds\u00e9rletezni, de a legjobb, ha szakember tan\u00e1cs\u00e1t k\u00e9rj\u00fck. V\u00e9g\u00fcl is, a <b>haj divat trendek<\/b> az\u00e9rt vannak, hogy inspir\u00e1ljanak.<\/p>\n<h2>Haj\u00e1pol\u00e1si tippek a tart\u00f3san trendi frizur\u00e1khoz<\/h2>\n<p>Egy divatos v\u00e1g\u00e1s vagy egy gy\u00f6ny\u00f6r\u0171 sz\u00edn mit sem \u00e9r, ha a hajunk sz\u00e1raz, t\u00f6redezett \u00e9s f\u00e9nytelen. A megfelel\u0151 \u00e1pol\u00e1s az alapja mindennek. A legmen\u0151bb <b>haj divat trendek<\/b> is csak eg\u00e9szs\u00e9ges hajon mutatnak j\u00f3l. Ne sajn\u00e1ljuk az id\u0151t \u00e9s energi\u00e1t a megfelel\u0151 rutin kialak\u00edt\u00e1s\u00e1ra! Hidd el, meg\u00e9ri.<\/p>\n<h2>Eg\u00e9szs\u00e9ges haj alapjai: A ragyog\u00e1s titka<\/h2>\n<p><b>Mit\u0151l eg\u00e9szs\u00e9ges f\u00e9nyes a haj?<\/b> A v\u00e1lasz \u00f6sszetett. Kezd\u0151dik a bels\u0151 t\u00e1pl\u00e1l\u00e1ssal: megfelel\u0151 mennyis\u00e9g\u0171 vitamin, \u00e1sv\u00e1nyi anyag \u00e9s folyad\u00e9kbevitel. K\u00fcls\u0151leg pedig a k\u00edm\u00e9letes tiszt\u00edt\u00e1s, a rendszeres hidrat\u00e1l\u00e1s (hajpakol\u00e1sok, balzsamok) \u00e9s a h\u0151v\u00e9delem haszn\u00e1lata a legfontosabb. A <b>haj\u00e1pol\u00e1si rutin sz\u00e1raz hajra<\/b> k\u00fcl\u00f6n\u00f6sen nagy odafigyel\u00e9st ig\u00e9nyel, olajos pakol\u00e1sokkal \u00e9s extra hidrat\u00e1l\u00f3 term\u00e9kekkel. \u00c9rdekes, hogy a <a href=\"https:\/\/worldpoint.eu\/hu\/francia-szepsegapolasi-tippek\/\">francia n\u0151k sz\u00e9ps\u00e9g\u00e1pol\u00e1si rutinj\u00e1ban<\/a> is k\u00f6zponti szerepet kap a haj term\u00e9szetes eg\u00e9szs\u00e9g\u00e9nek meg\u0151rz\u00e9se. A megfelel\u0151 <b>hajfest\u00e9s ut\u00e1ni \u00e1pol\u00e1s term\u00e9kek<\/b> haszn\u00e1lata elengedhetetlen a sz\u00edn tart\u00f3ss\u00e1g\u00e1hoz \u00e9s a haj szerkezet\u00e9nek v\u00e9delm\u00e9hez. Az eg\u00e9szs\u00e9ges haj a legszebb \u00e9kszer, \u00e9s a <b>haj divat trendek<\/b> alapk\u00f6ve.<\/p>\n<h2>Form\u00e1z\u00e1si tr\u00fckk\u00f6k otthoni k\u00f6r\u00fclm\u00e9nyek k\u00f6z\u00f6tt<\/h2>\n<p>Nem kell minden nap fodr\u00e1szhoz j\u00e1rni, hogy a frizur\u00e1nk t\u00f6k\u00e9letes legyen. N\u00e9h\u00e1ny alapvet\u0151 eszk\u00f6zzel \u00e9s term\u00e9kkel otthon is csod\u00e1kat tehet\u00fcnk. A <b>hull\u00e1mos haj form\u00e1z\u00e1sa otthon<\/b> gyerekj\u00e1t\u00e9k egy diff\u00fazoros hajsz\u00e1r\u00edt\u00f3val \u00e9s egy j\u00f3 hajhabbal. Az <b>egyenes haj kezel\u00e9se otthon<\/b> pedig min\u0151s\u00e9gi hajvasal\u00f3val \u00e9s h\u0151v\u00e9d\u0151 spray-vel oldhat\u00f3 meg a legk\u00f6nnyebben. A f\u00e9rfiaknak egy j\u00f3 <b>hajform\u00e1z\u00f3 wax f\u00e9rfiaknak<\/b> elengedhetetlen a textur\u00e1lt, modern frizur\u00e1khoz. A <b>professzion\u00e1lis hajform\u00e1z\u00f3 term\u00e9kek n\u0151knek<\/b> sz\u00e9les sk\u00e1l\u00e1ja el\u00e9rhet\u0151, a volumenn\u00f6vel\u0151kt\u0151l a sim\u00edt\u00f3 kr\u00e9mekig. Az <b>otthoni hajfest\u00e9s l\u00e9p\u00e9sr\u0151l l\u00e9p\u00e9sre<\/b> is kivitelezhet\u0151, de csak \u00f3vatosan! Az aktu\u00e1lis <b>haj divat trendek<\/b> megval\u00f3s\u00edt\u00e1s\u00e1hoz n\u00e9ha el\u00e9g egy j\u00f3 form\u00e1z\u00f3. A <b>haj divat tippek v\u00e9kony hajra<\/b> gyakran a megfelel\u0151 sz\u00e1r\u00edt\u00e1si technik\u00e1n \u00e9s a volumenn\u00f6vel\u0151 term\u00e9keken m\u00falnak. \u00c9s igen, m\u00e9g az <b>\u0151sz haj takar\u00e1sa term\u00e9szetesen<\/b> is lehets\u00e9ges n\u00f6v\u00e9nyi fest\u00e9kekkel. A mostani <b>haj divat trendek<\/b> otthoni megval\u00f3s\u00edt\u00e1sa k\u00f6nnyebb, mint gondoln\u00e1nk.<\/p>\n<h2>Tal\u00e1lja meg az \u00d6nh\u00f6z ill\u0151 haj divat trendet \u00e9s viselje magabiztosan<\/h2>\n<p>A cikk v\u00e9g\u00e9re \u00e9rve rem\u00e9lhet\u0151leg tele van inspir\u00e1ci\u00f3val. Ne feledje, a <b>haj divat trendek<\/b> csak ir\u00e1nymutat\u00e1sok, nem k\u0151be v\u00e9sett szab\u00e1lyok. A legfontosabb, hogy olyan frizur\u00e1t v\u00e1lasszon, amelyben \u00f6nmag\u00e1nak \u00e9rzi mag\u00e1t, ami t\u00fckr\u00f6zi a szem\u00e9lyis\u00e9g\u00e9t \u00e9s amit \u00f6r\u00f6mmel visel minden nap. Merjen k\u00eds\u00e9rletezni, pr\u00f3b\u00e1ljon ki \u00faj dolgokat, de mindig tartsa szem el\u0151tt a haja eg\u00e9szs\u00e9g\u00e9t. Egy j\u00f3 frizura csod\u00e1kra k\u00e9pes \u2013 n\u00f6veli az \u00f6nbizalmat \u00e9s bearanyozza a legsz\u00fcrk\u00e9bb napokat is. A v\u00e9gs\u0151 <b>haj divat trendek<\/b> mindig azok, amik boldogg\u00e1 tesznek minket.<\/p>\n","protected":false},"excerpt":{"rendered":"<p>Eml\u00e9kszem, egyszer egy hirtelen \u00f6tlett\u0151l vez\u00e9relve platinasz\u0151k\u00e9re festettem a s\u00f6t\u00e9tbarna hajamat. Otthon. A v\u00e9geredm\u00e9ny? H\u00e1t, mondjuk \u00fagy, hogy egy s\u00e1rga, foltos, sepr\u0171szer\u0171 katasztr\u00f3fa lett, ami hetekig tart\u00f3 intenz\u00edv \u00e1pol\u00e1st ig\u00e9nyelt. Az\u00f3ta megtanultam, hogy a haj divat trendek k\u00f6vet\u00e9se nemcsak b\u00e1tors\u00e1got, de tud\u00e1st \u00e9s felk\u00e9sz\u00fclts\u00e9get is ig\u00e9nyel. De ne agg\u00f3djon, nem kell mindenkinek v\u00e9gigmennie ezen a [&hellip;]<\/p>\n","protected":false},"author":2,"featured_media":0,"comment_status":"","ping_status":"","sticky":false,"template":"","format":"standard","meta":{"footnotes":""},"categories":[1],"tags":[],"class_list":["post-287","post","type-post","status-publish","format-standard","hentry","category-uzlet"],"_links":{"self":[{"href":"https:\/\/worldpoint.eu\/hu\/wp-json\/wp\/v2\/posts\/287","targetHints":{"allow":["GET"]}}],"collection":[{"href":"https:\/\/worldpoint.eu\/hu\/wp-json\/wp\/v2\/posts"}],"about":[{"href":"https:\/\/worldpoint.eu\/hu\/wp-json\/wp\/v2\/types\/post"}],"author":[{"embeddable":true,"href":"https:\/\/worldpoint.eu\/hu\/wp-json\/wp\/v2\/users\/2"}],"replies":[{"embeddable":true,"href":"https:\/\/worldpoint.eu\/hu\/wp-json\/wp\/v2\/comments?post=287"}],"version-history":[{"count":0,"href":"https:\/\/worldpoint.eu\/hu\/wp-json\/wp\/v2\/posts\/287\/revisions"}],"wp:attachment":[{"href":"https:\/\/worldpoint.eu\/hu\/wp-json\/wp\/v2\/media?parent=287"}],"wp:term":[{"taxonomy":"category","embeddable":true,"href":"https:\/\/worldpoint.eu\/hu\/wp-json\/wp\/v2\/categories?post=287"},{"taxonomy":"post_tag","embeddable":true,"href":"https:\/\/worldpoint.eu\/hu\/wp-json\/wp\/v2\/tags?post=287"}],"curies":[{"name":"wp","href":"https:\/\/api.w.org\/{rel}","templated":true}]}}