{"id":270,"date":"2025-10-15T06:49:34","date_gmt":"2025-10-15T04:49:34","guid":{"rendered":"https:\/\/worldpoint.eu\/hu\/ferfi-szemuveg-divat-stilus-utmutato\/"},"modified":"2025-10-15T06:49:34","modified_gmt":"2025-10-15T04:49:34","slug":"ferfi-szemuveg-divat-stilus-utmutato","status":"publish","type":"post","link":"https:\/\/worldpoint.eu\/hu\/ferfi-szemuveg-divat-stilus-utmutato\/","title":{"rendered":"F\u00e9rfi szem\u00fcveg divat &#8211; St\u00edlus \u00fatmutat\u00f3 a t\u00f6k\u00e9letes kerethez"},"content":{"rendered":"<p>A szem\u00fcveg m\u00e1r r\u00e9g nem csup\u00e1n egy l\u00e1t\u00e1sjav\u00edt\u00f3 eszk\u00f6z. S\u0151t. M\u00e1ra a szem\u00e9lyes st\u00edlus egyik legmeghat\u00e1roz\u00f3bb elem\u00e9v\u00e9 v\u00e1lt, egy olyan kieg\u00e9sz\u00edt\u0151v\u00e9, ami k\u00e9pes teljesen \u00e1tform\u00e1lni a visel\u0151je karakter\u00e9t. A <b>f\u00e9rfi szem\u00fcveg divat<\/b> vil\u00e1ga \u00e9pp ez\u00e9rt hihetetlen\u00fcl izgalmas \u00e9s sokr\u00e9t\u0171; egy olyan univerzum, ahol a funkcionalit\u00e1s \u00e9s az eszt\u00e9tika k\u00e9z a k\u00e9zben j\u00e1r. Valljuk be, egy j\u00f3l megv\u00e1lasztott keret magabiztoss\u00e1got ad, kiemeli az arcvon\u00e1sokat, \u00e9s egy\u00e9rtelm\u0171en kommunik\u00e1lja a vil\u00e1gnak, kik is vagyunk. Nem mindegy, mit tesz\u00fcnk az arcunkba. \u00c9ppen ez\u00e9rt \u00e9rdemes elm\u00e9lyedni a t\u00e9m\u00e1ban, mert a t\u00f6k\u00e9letes szem\u00fcveg megtal\u00e1l\u00e1sa nem m\u00e1gia, hanem tudatos d\u00f6nt\u00e9sek sorozata.<\/p>\n<h2>A f\u00e9rfi szem\u00fcveg divat evol\u00faci\u00f3ja: St\u00edlus \u00e9s funkci\u00f3 tal\u00e1lkoz\u00e1sa<\/h2>\n<p>Visszatekintve az id\u0151ben, a szem\u00fcvegek kezdetben neh\u00e9zkes, k\u00e9nyelmetlen \u00e9s cseppet sem divatos darabok voltak. A c\u00e9l egyed\u00fcl a l\u00e1t\u00e1s korrekci\u00f3ja volt, a diz\u00e1jn pedig sokadlagos szempont maradt. Azt\u00e1n valami megv\u00e1ltozott. A 20. sz\u00e1zadban a filmszt\u00e1rok \u00e9s a kultur\u00e1lis ikonok elkezdt\u00e9k a szem\u00fcveget, mint st\u00edluselemet haszn\u00e1lni. Gondoljunk csak James Dean vagy Buddy Holly karakteres kereteire. Hirtelen a szem\u00fcveg men\u0151 lett. Az \u00e9vtizedek sor\u00e1n a <b>f\u00e9rfi szem\u00fcveg divat<\/b> folyamatosan alakult, t\u00fckr\u00f6zve a kor szellem\u00e9t \u00e9s a design v\u00e1ltoz\u00e1sait. A vaskos, sz\u00f6gletes keretekt\u0151l a szinte l\u00e1thatatlan, v\u00e9kony f\u00e9m modellekig minden korszaknak megvolt a maga jellegzetes st\u00edlusa. A <b>f\u00e9rfi szem\u00fcveg divat<\/b> t\u00f6rt\u00e9nete tulajdonk\u00e9ppen egy lenyomat arr\u00f3l, hogyan v\u00e1lt egy gy\u00f3gy\u00e1szati seg\u00e9deszk\u00f6zb\u0151l az \u00f6nkifejez\u00e9s egyik legfontosabb eszk\u00f6ze. Manaps\u00e1g pedig a v\u00e1laszt\u00e9k szinte v\u00e9gtelen, a <a href=\"https:\/\/worldpoint.eu\/hu\/retro-ferfi-divat-stilus-utmutato\/\">retro f\u00e9rfi szem\u00fcveg divat<\/a> darabjait\u00f3l kezdve a futurisztikus modellekig mindent megtal\u00e1lunk. A f\u00f3kusz m\u00e1r nemcsak a l\u00e1t\u00e1s\u00e9less\u00e9gen van, hanem azon is, hogy a keret hogyan eg\u00e9sz\u00edti ki a szem\u00e9lyis\u00e9g\u00fcnket.<\/p>\n<h2>Az aktu\u00e1lis f\u00e9rfi szem\u00fcveg trendek \u00e9s a j\u00f6v\u0151be mutat\u00f3 ir\u00e1nyok<\/h2>\n<p>A divat folyamatosan v\u00e1ltozik, \u00e9s ez al\u00f3l a szem\u00fcvegek sem kiv\u00e9telek. Az <a href=\"https:\/\/worldpoint.eu\/hu\/szemuveg-divat-trendek-2\/\">aktu\u00e1lis f\u00e9rfi szem\u00fcveg trendek<\/a> szerencs\u00e9re el\u00e9g v\u00e1ltozatosak ahhoz, hogy mindenki megtal\u00e1lja a neki tetsz\u0151t. Nem kell g\u00f6rcs\u00f6sen ragaszkodni egyetlen ir\u00e1nyzathoz sem. S\u0151t! A l\u00e9nyeg az egy\u00e9nis\u00e9g. A mostani <b>f\u00e9rfi szem\u00fcveg divat<\/b> egyik legfontosabb h\u00edv\u00f3szava a mer\u00e9szs\u00e9g. A klasszikus form\u00e1k mellett egyre nagyobb teret h\u00f3d\u00edtanak a karakteres, vastagabb keretek \u00e9s az \u00e1ttetsz\u0151, pasztell \u00e1rnyalatok. A minimalizmus kedvel\u0151i sem maradnak hoppon, hiszen a v\u00e9kony f\u00e9mkeretek tov\u00e1bbra is rendk\u00edv\u00fcl n\u00e9pszer\u0171ek, k\u00fcl\u00f6n\u00f6sen a geometrikus, sz\u00f6gletes form\u00e1k. \u00c9rdemes figyelni a leg\u00fajabb fejlem\u00e9nyeket, hiszen a <b>f\u00e9rfi szem\u00fcveg divat<\/b> vil\u00e1ga mindig tartogat meglepet\u00e9seket. A k\u00fcl\u00f6nb\u00f6z\u0151 <a href=\"https:\/\/worldpoint.eu\/hu\/aktualis-divattrendek-stilus-utmutato\/\">divattrendek<\/a> ismerete seg\u00edt eligazodni, de a v\u00e9gs\u0151 d\u00f6nt\u00e9st mindig a saj\u00e1t st\u00edlusunknak \u00e9s k\u00e9nyelm\u00fcnknek kell al\u00e1rendelni.<\/p>\n<h3>N\u00e9pszer\u0171 kerett\u00edpusok \u00e9s anyagaik<\/h3>\n<p>A keret anyaga \u00e9s form\u00e1ja alapjaiban hat\u00e1rozza meg a szem\u00fcveg karakter\u00e9t. A klasszikus acet\u00e1t keretek meleg, term\u00e9szetes hat\u00e1st keltenek \u00e9s elk\u00e9peszt\u0151 sz\u00ednv\u00e1laszt\u00e9kban el\u00e9rhet\u0151k. Ezek a <b>modern f\u00e9rfi szem\u00fcveg keretek<\/b> sosem mennek ki a divatb\u00f3l. A f\u00e9mkeretek, k\u00fcl\u00f6n\u00f6sen a <b>tit\u00e1n f\u00e9rfi szem\u00fcveg keretek<\/b>, a k\u00f6nnyeds\u00e9g \u00e9s a modern elegancia megtestes\u00edt\u0151i. Ultrak\u00f6nny\u0171ek, hipoallerg\u00e9nek \u00e9s rendk\u00edv\u00fcl tart\u00f3sak. Egyre n\u00e9pszer\u0171bb a <b>v\u00e9kony keretes f\u00e9rfi szem\u00fcveg<\/b>, amely szinte \u00e9szrev\u00e9tlen\u00fcl simul az arcba, m\u00e9gis hat\u00e1rozott karaktert ad. A form\u00e1kat tekintve a pil\u00f3ta, a wayfarer \u00e9s a kerek lencs\u00e9s modellek \u00f6r\u00f6k klasszikusok, m\u00edg a sz\u00f6gletes, geometrikus form\u00e1k a modern, letisztult st\u00edlust k\u00e9pviselik. A j\u00f3 <b>f\u00e9rfi szem\u00fcveg divat<\/b> pont arr\u00f3l sz\u00f3l, hogy megtal\u00e1ljuk az egyens\u00falyt a klasszikus \u00e9s a modern k\u00f6z\u00f6tt.<\/p>\n<h3>Sz\u00ednek \u00e9s text\u00far\u00e1k a modern f\u00e9rfi szem\u00fcvegekben<\/h3>\n<p>Felejts\u00fck el a fekete \u00e9s a barna unalmas egyeduralm\u00e1t! A mai <b>f\u00e9rfi szem\u00fcveg divat<\/b> sokkal b\u00e1trabb \u00e9s sz\u00ednesebb. A tekn\u0151cminta (tortoise) k\u00fcl\u00f6nb\u00f6z\u0151 \u00e1rnyalatai meleg, intellektu\u00e1lis kisug\u00e1rz\u00e1st k\u00f6lcs\u00f6n\u00f6znek. Az \u00e1ttetsz\u0151, &#8220;krist\u00e1ly&#8221; keretek frissess\u00e9get \u00e9s modernit\u00e1st sug\u00e1roznak, mik\u00f6zben nem takarj\u00e1k el az arcot. De mi\u00e9rt ne pr\u00f3b\u00e1lkozn\u00e1nk egy m\u00e9lyz\u00f6ld, egy tenger\u00e9szk\u00e9k vagy ak\u00e1r egy burgundi kerettel? Egy j\u00f3l megv\u00e1lasztott sz\u00edn csod\u00e1kra k\u00e9pes. A text\u00far\u00e1k is fontosak: a matt fel\u00fcletek visszafogottabbak \u00e9s modernebbek, m\u00edg a f\u00e9nyes, pol\u00edrozott keretek klasszikus eleganci\u00e1t sugallnak. A <b>f\u00e9rfi szem\u00fcveg divat<\/b> ma m\u00e1r engedi, s\u0151t, b\u00e1tor\u00edtja a k\u00eds\u00e9rletez\u00e9st.<\/p>\n<h2>\u00cdgy v\u00e1laszd ki a t\u00f6k\u00e9letes szem\u00fcveget: Arcvorm\u00e1t\u00f3l az \u00e9letm\u00f3dig<\/h2>\n<p>A t\u00f6k\u00e9letes szem\u00fcveg kiv\u00e1laszt\u00e1sa komoly feladat, de egy\u00e1ltal\u00e1n nem lehetetlen k\u00fcldet\u00e9s. Ez az a pont, ahol a legt\u00f6bben elv\u00e9reznek. A <b>hogyan v\u00e1lasszunk f\u00e9rfi szem\u00fcveget<\/b> k\u00e9rd\u00e9sre a v\u00e1lasz t\u00f6bb t\u00e9nyez\u0151b\u0151l \u00e1ll \u00f6ssze: arcforma, b\u0151rt\u00f3nus, hajsz\u00edn \u00e9s term\u00e9szetesen az egy\u00e9ni st\u00edlus. A c\u00e9l, hogy a szem\u00fcveg ne egy idegen t\u00e1rgy legyen az arcodon, hanem annak harmonikus r\u00e9sze. A megfelel\u0151 <b>szem\u00fcveg v\u00e1laszt\u00e1s f\u00e9rfiaknak<\/b> egy befektet\u00e9s a megjelen\u00e9sbe \u00e9s a magabiztoss\u00e1gba. N\u00e9h\u00e1ny alapvet\u0151 <a href=\"https:\/\/worldpoint.eu\/hu\/divat-trendek-es-stilus-tippek-2\/\">st\u00edlus tipp<\/a> seg\u00edts\u00e9g\u00e9vel sokkal k\u00f6nnyebb lesz a d\u00f6nt\u00e9s. A <b>f\u00e9rfi szem\u00fcveg divat<\/b> l\u00e9nyege a harm\u00f3nia megteremt\u00e9se.<\/p>\n<h3>Arcvorm\u00e1hoz ill\u0151 szem\u00fcvegkeretek f\u00e9rfiaknak<\/h3>\n<p>Ez a legfontosabb szempont. A <b>milyen szem\u00fcveg illik archoz f\u00e9rfiaknak<\/b> k\u00e9rd\u00e9sre a kulcssz\u00f3 az ellent\u00e9tekben rejlik. A c\u00e9l, hogy a keret form\u00e1ja kiegyens\u00falyozza az arcvon\u00e1sokat. \u0150szint\u00e9n sz\u00f3lva, \u00e9n \u00e9vekig hordtam rossz form\u00e1j\u00fa szem\u00fcveget, \u00e9s csod\u00e1lkoztam, mi\u00e9rt \u00e9rzem magam fesz\u00e9lyezve benne. Ne ess ebbe a hib\u00e1ba! A <b>kerek arcforma f\u00e9rfi szem\u00fcveg<\/b> eset\u00e9ben p\u00e9ld\u00e1ul a sz\u00f6gletes, mark\u00e1ns vonalvezet\u00e9s\u0171 keretek az ide\u00e1lisak, mert optikailag ny\u00fajtj\u00e1k \u00e9s keskeny\u00edtik az arcot. Ezzel szemben a <b>n\u00e9gyzetes arcforma f\u00e9rfi szem\u00fcveg<\/b> kiv\u00e1laszt\u00e1s\u00e1n\u00e1l a kerekebb, l\u00e1gyabb \u00edv\u0171, p\u00e9ld\u00e1ul az avi\u00e1tor vagy a kerek lencs\u00e9s modellek a nyer\u0151k, mert finom\u00edtj\u00e1k az er\u0151s \u00e1llkapocsvonalat. Az <b>ov\u00e1lis arcforma f\u00e9rfi szem\u00fcveg<\/b> tekintet\u00e9ben a helyzet a legegyszer\u0171bb, ehhez az arct\u00edpushoz szinte minden forma j\u00f3l \u00e1ll, de \u00e9rdemes ker\u00fclni a t\u00fals\u00e1gosan nagy vagy sz\u00e9les kereteket. A l\u00e9nyeg, hogy a keret fels\u0151 \u00edve k\u00f6vesse a szem\u00f6ld\u00f6k vonal\u00e1t, \u00e9s ne legyen sz\u00e9lesebb az arc legsz\u00e9lesebb pontj\u00e1n\u00e1l. A <b>f\u00e9rfi szem\u00fcveg divat<\/b> alapja az ar\u00e1nyok ismerete.<\/p>\n<h3>B\u0151rt\u00f3nus \u00e9s hajsz\u00edn harmoniz\u00e1ci\u00f3ja<\/h3>\n<p>A keret sz\u00edne is rendk\u00edv\u00fcl fontos. \u00c1ltal\u00e1noss\u00e1gban a hideg b\u0151rt\u00f3nushoz (k\u00e9kes, r\u00f3zsasz\u00ednes \u00e1rnyalat\u00fa b\u0151r) a hideg sz\u00ednek, mint az ez\u00fcst, a fekete, a k\u00e9k vagy a sz\u00fcrke illenek a legjobban. A meleg b\u0151rt\u00f3nushoz (s\u00e1rg\u00e1s, barackos \u00e1rnyalat\u00fa b\u0151r) pedig a meleg sz\u00ednek, mint az arany, a barna, a tekn\u0151cminta vagy a z\u00f6ld k\u00fcl\u00f6nb\u00f6z\u0151 \u00e1rnyalatai passzolnak. Persze ezek nincsenek k\u0151be v\u00e9sve. A <b>f\u00e9rfi szem\u00fcveg divat<\/b> pont a szab\u00e1lyok felr\u00fag\u00e1s\u00e1r\u00f3l is sz\u00f3lhat, de ezek j\u00f3 kiindul\u00e1si alapok. A hajsz\u00edn is sz\u00e1m\u00edt: a s\u00f6t\u00e9t hajhoz szinte minden j\u00f3l \u00e1ll, m\u00edg a vil\u00e1gosabb hajhoz a finomabb, vil\u00e1gosabb keretek vagy a kontrasztos s\u00f6t\u00e9t sz\u00ednek is remek\u00fcl mutathatnak. A <b>f\u00e9rfi szem\u00fcveg divat<\/b> megengedi a j\u00e1t\u00e9kot a sz\u00ednekkel.<\/p>\n<h3>Szem\u00fcveg kiv\u00e1laszt\u00e1sa az egy\u00e9ni st\u00edlushoz \u00e9s \u00e9letm\u00f3dhoz<\/h3>\n<p>A szem\u00fcvegnek illeszkednie kell a szem\u00e9lyis\u00e9gedhez \u00e9s az \u00e9letviteledhez. Egy bank\u00e1r val\u00f3sz\u00edn\u0171leg nem egy neonsz\u00edn\u0171, extravag\u00e1ns keretet fog v\u00e1lasztani a t\u00e1rgyal\u00e1sokra. Az <b>eleg\u00e1ns f\u00e9rfi szem\u00fcveg st\u00edlusok<\/b>, mint egy klasszikus f\u00e9m- vagy egy visszafogott acet\u00e1t keret, t\u00f6k\u00e9letesek az \u00fczleti k\u00f6rnyezetbe. Ha viszont kreat\u00edv ter\u00fcleten dolgozol, egy mer\u00e9szebb, egyedi darab \u00e9pp\u00fagy a professzionalizmusodat t\u00fckr\u00f6zheti. \u00c9rdemes elgondolkodni azon is, hogy a <b>legjobb f\u00e9rfi szem\u00fcveg m\u00e1rk\u00e1k<\/b> gyakran k\u00edn\u00e1lnak k\u00fcl\u00f6nb\u00f6z\u0151 \u00e9letst\u00edlushoz igazod\u00f3 kollekci\u00f3kat. A <b>pr\u00e9mium f\u00e9rfi szem\u00fcveg kollekci\u00f3<\/b> darabjai nemcsak a min\u0151s\u00e9gr\u0151l, hanem egyfajta \u00e9let\u00e9rz\u00e9sr\u0151l is sz\u00f3lnak. A <b>f\u00e9rfi szem\u00fcveg divat<\/b> egyik legfontosabb aspektusa, hogy az \u00f6nazonoss\u00e1gunkat t\u00e1mogassa.<\/p>\n<h2>T\u00f6bb mint divat: A lencs\u00e9k \u00e9s bevonatok fontoss\u00e1ga<\/h2>\n<p>Hi\u00e1ba a legmen\u0151bb keret, ha a lencse nem megfelel\u0151 min\u0151s\u00e9g\u0171. A <b>f\u00e9rfi szem\u00fcveg divat<\/b> mellett a technol\u00f3giai oldal legal\u00e1bb annyira fontos. A lencse min\u0151s\u00e9ge k\u00f6zvetlen\u00fcl befoly\u00e1solja a l\u00e1t\u00e1s\u00e9lm\u00e9nyt, a k\u00e9nyelmet \u00e9s a szem\u00fcnk eg\u00e9szs\u00e9g\u00e9t. Ezen sp\u00f3rolni \u00f3ri\u00e1si hiba. A rossz lencse fejf\u00e1j\u00e1st, szemf\u00e1radts\u00e1got okozhat, \u00e9s rontja az \u00e9letmin\u0151s\u00e9get. A mai modern lencs\u00e9k m\u00e1r val\u00f3s\u00e1gos technol\u00f3giai csod\u00e1k, amelyek messze t\u00falmutatnak a puszta dioptria korrekci\u00f3n. A <b>f\u00e9rfi szem\u00fcveg divat<\/b> \u00e9s a technol\u00f3gia k\u00e9z a k\u00e9zben fejl\u0151dik.<\/p>\n<h3>A k\u00fcl\u00f6nb\u00f6z\u0151 lencset\u00edpusok el\u0151nyei<\/h3>\n<p>A megfelel\u0151 lencset\u00edpus kiv\u00e1laszt\u00e1sa a l\u00e1t\u00e1sprobl\u00e9m\u00e1t\u00f3l \u00e9s az \u00e9letm\u00f3dt\u00f3l f\u00fcgg. Az egyf\u00f3kusz\u00fa lencs\u00e9k egyetlen t\u00e1vols\u00e1gra korrig\u00e1lnak (t\u00e1volra vagy k\u00f6zelre). A bifok\u00e1lis lencs\u00e9k m\u00e1r k\u00e9tf\u00f3kusz\u00faak, de a l\u00e1that\u00f3 v\u00e1laszt\u00f3vonal miatt ma m\u00e1r kev\u00e9sb\u00e9 n\u00e9pszer\u0171ek. A multifok\u00e1lis (progressz\u00edv) lencs\u00e9k jelentik a legmodernebb megold\u00e1st, hiszen \u00e9les l\u00e1t\u00e1st biztos\u00edtanak minden t\u00e1vols\u00e1gra, \u00e9les hat\u00e1rvonal n\u00e9lk\u00fcl. A <b>f\u00e9rfi szem\u00fcveg lencse t\u00edpusok<\/b> k\u00f6z\u00f6tt l\u00e9teznek speci\u00e1lis, munk\u00e1hoz optimaliz\u00e1lt lencs\u00e9k is, p\u00e9ld\u00e1ul azoknak, akik sokat dolgoznak sz\u00e1m\u00edt\u00f3g\u00e9p el\u0151tt. A <b>f\u00e9rfi szem\u00fcveg divat<\/b> figyelembe veszi a modern kor kih\u00edv\u00e1sait.<\/p>\n<h3>Fel\u00fcleti bevonatok a jobb l\u00e1t\u00e1s\u00e9rt \u00e9s tart\u00f3ss\u00e1g\u00e9rt<\/h3>\n<p>A fel\u00fcleti bevonatok azok a l\u00e1thatatlan extr\u00e1k, amik igaz\u00e1n komfortoss\u00e1 \u00e9s tart\u00f3ss\u00e1 teszik a szem\u00fcveget. A karc\u00e1ll\u00f3 r\u00e9teg alapvet\u0151, megv\u00e9di a lencs\u00e9t a mindennapi s\u00e9r\u00fcl\u00e9sekt\u0151l. Az UV-sz\u0171r\u0151 r\u00e9teg a szem eg\u00e9szs\u00e9g\u00e9t v\u00e9di a k\u00e1ros ultraibolya sug\u00e1rz\u00e1st\u00f3l. A v\u00edz- \u00e9s p\u00e1ratasz\u00edt\u00f3 bevonat megk\u00f6nny\u00edti a tiszt\u00edt\u00e1st. Az egyik leghasznosabb extra az <b>anti-reflex bevonat f\u00e9rfi szem\u00fcveg<\/b> eset\u00e9ben, amely cs\u00f6kkenti a zavar\u00f3 t\u00fckr\u00f6z\u0151d\u00e9seket, \u00edgy \u00e9lesebb, kontrasztosabb l\u00e1t\u00e1st biztos\u00edt, k\u00fcl\u00f6n\u00f6sen \u00e9jszakai vezet\u00e9sn\u00e9l vagy mesters\u00e9ges f\u00e9nyben. Ez nem luxus, hanem a komfortos l\u00e1t\u00e1s elengedhetetlen r\u00e9sze. A <b>f\u00e9rfi szem\u00fcveg divat<\/b> nemcsak a k\u00fcls\u0151s\u00e9gekr\u0151l, hanem a bels\u0151 \u00e9rt\u00e9kekr\u0151l is sz\u00f3l.<\/p>\n<h2>Szem\u00fcveg, mint st\u00edlusikon: Kieg\u00e9sz\u00edt\u0151k \u00e9s kombin\u00e1ci\u00f3k<\/h2>\n<p>A szem\u00fcveg nem egy izol\u00e1lt t\u00e1rgy, hanem az \u00f6lt\u00f6z\u00e9k\u00fcnk \u00e9s a teljes megjelen\u00e9s\u00fcnk r\u00e9sze. A <b>st\u00edlusos f\u00e9rfi szem\u00fcveg megjelen\u00e9s<\/b> kulcsa a harm\u00f3nia. A szem\u00fcvegnek passzolnia kell a ruh\u00e1inkhoz, az \u00f3r\u00e1nkhoz, s\u0151t, m\u00e9g a hangulatunkhoz is. Ez\u00e9rt van az, hogy sok f\u00e9rfinak m\u00e1r nemcsak egy, hanem t\u00f6bb szem\u00fcvege is van k\u00fcl\u00f6nb\u00f6z\u0151 alkalmakra. A <b>f\u00e9rfi szem\u00fcveg divat<\/b> arra \u00f6szt\u00f6n\u00f6z, hogy j\u00e1tsszunk a st\u00edlusunkkal, \u00e9s a szem\u00fcveget tekints\u00fck egy ugyanolyan fontos kieg\u00e9sz\u00edt\u0151nek, mint egy j\u00f3 cip\u0151t vagy egy \u00f3r\u00e1t. A <b>f\u00e9rfi szem\u00fcveg divat<\/b> arr\u00f3l sz\u00f3l, hogyan integr\u00e1ljuk ezt a t\u00e1rgyat a mindennapi \u00e9let\u00fcnkbe.<\/p>\n<h3>H\u00e9tk\u00f6znapi \u00e9s \u00fczleti megjelen\u00e9s szem\u00fcveggel<\/h3>\n<p>Egy t\u00e1rgyal\u00e1sra egy klasszikus, letisztult keret a legjobb v\u00e1laszt\u00e1s. Egy v\u00e9kony f\u00e9mkeret vagy egy s\u00f6t\u00e9t sz\u00edn\u0171, sz\u00f6gletes acet\u00e1t modell professzionalizmust \u00e9s megb\u00edzhat\u00f3s\u00e1got sug\u00e1roz. Az ilyen <b>\u00fczleti f\u00e9rfi szem\u00fcveg aj\u00e1nlatok<\/b> \u00e1ltal\u00e1ban a visszafogott eleganci\u00e1ra f\u00f3kusz\u00e1lnak. H\u00e9tk\u00f6znapokra, egy farmer-p\u00f3l\u00f3 kombin\u00e1ci\u00f3hoz viszont j\u00f6het egy laz\u00e1bb, karakteresebb darab. Egy sz\u00ednesebb keret vagy egy \u00e9rdekesebb forma feldobja a legegyszer\u0171bb szettet is. A l\u00e9nyeg, hogy a szem\u00fcveg mindig az alkalomhoz ill\u0151 legyen. A <b>f\u00e9rfi szem\u00fcveg divat<\/b> sokoldal\u00fas\u00e1got k\u00f6vetel.<\/p>\n<h3>Sportos elegancia \u00e9s casual st\u00edlus<\/h3>\n<p>A sportos elegancia a k\u00e9nyelem \u00e9s a st\u00edlus t\u00f6k\u00e9letes egyvelege. A <b>sportos f\u00e9rfi szem\u00fcveg modellek<\/b> gyakran k\u00f6nny\u0171, rugalmas anyagokb\u00f3l k\u00e9sz\u00fclnek, \u00e9s dinamikusabb vonalvezet\u00e9s\u0171ek. Egy pil\u00f3ta vagy egy wayfarer st\u00edlus\u00fa keret t\u00f6k\u00e9letesen illik egy chino nadr\u00e1ghoz \u00e9s egy gall\u00e9ros p\u00f3l\u00f3hoz. A <a href=\"https:\/\/worldpoint.eu\/hu\/sportosan-elegans-ferfi-divat\/\">sportosan eleg\u00e1ns f\u00e9rfi divat<\/a> megengedi a laz\u00e1bb, m\u00e9gis ig\u00e9nyes megjelen\u00e9st. A <b>casual f\u00e9rfi szem\u00fcveg st\u00edlus<\/b> eset\u00e9ben pedig szinte b\u00e1rmi belef\u00e9r, ami k\u00e9nyelmes \u00e9s t\u00fckr\u00f6zi a szem\u00e9lyis\u00e9gedet. Egy vastagabb, karakteres keret p\u00e9ld\u00e1ul remek\u00fcl mutat egy pul\u00f3verrel \u00e9s egy sportcip\u0151vel. A <b>f\u00e9rfi szem\u00fcveg divat<\/b> szabads\u00e1got ad.<\/p>\n<h2>Tippek a szem\u00fcveg \u00e1pol\u00e1s\u00e1hoz \u00e9s hossz\u00fa \u00e9lettartam\u00e1hoz<\/h2>\n<p>Egy min\u0151s\u00e9gi szem\u00fcveg komoly befektet\u00e9s, ez\u00e9rt meg\u00e9rdemli a t\u00f6r\u0151d\u00e9st. A megfelel\u0151 \u00e1pol\u00e1s nemcsak a szem\u00fcveg \u00e9lettartam\u00e1t n\u00f6veli meg, hanem a tiszta, karcmentes l\u00e1t\u00e1s\u00e9lm\u00e9nyt is biztos\u00edtja. Mindig a hozz\u00e1 adott mikrosz\u00e1las t\u00f6rl\u0151kend\u0151vel tiszt\u00edtsd, soha ne a p\u00f3l\u00f3d sark\u00e1val! Makacsabb szennyez\u0151d\u00e9sek eset\u00e9n haszn\u00e1lj speci\u00e1lis szem\u00fcvegtiszt\u00edt\u00f3 folyad\u00e9kot vagy langyos, szappanos vizet. Amikor nem viseled, tartsd a tokj\u00e1ban. Soha ne tedd le lencs\u00e9vel lefel\u00e9! Ezek az apr\u00f3 l\u00e9p\u00e9sek garant\u00e1lj\u00e1k, hogy a <b>tart\u00f3s f\u00e9rfi szem\u00fcveg keretek<\/b> val\u00f3ban hossz\u00fa ideig szolg\u00e1ljanak. A <b>f\u00e9rfi szem\u00fcveg divat<\/b> r\u00e9sze a gondoskod\u00e1s is.<\/p>\n<h2>A f\u00e9rfi szem\u00fcveg divat j\u00f6v\u0151je: Fenntarthat\u00f3s\u00e1g \u00e9s technol\u00f3gia<\/h2>\n<p>Mi v\u00e1rhat\u00f3 a j\u00f6v\u0151ben? A <b>f\u00e9rfi szem\u00fcveg divat<\/b> k\u00e9t f\u0151 ir\u00e1nyba halad: a fenntarthat\u00f3s\u00e1g \u00e9s a technol\u00f3giai innov\u00e1ci\u00f3k fel\u00e9. Egyre t\u00f6bb m\u00e1rka k\u00e9sz\u00edt szem\u00fcvegeket \u00fajrahasznos\u00edtott vagy biol\u00f3giailag leboml\u00f3 anyagokb\u00f3l. A <b>k\u00f6rnyezetbar\u00e1t f\u00e9rfi szem\u00fcveg<\/b> m\u00e1r nemcsak egy sz\u0171k r\u00e9teg h\u00f3bortja, hanem egyre fontosabb v\u00e1s\u00e1rl\u00e1si szempont. Ezzel p\u00e1rhuzamosan zajlanak a <b>technol\u00f3giai innov\u00e1ci\u00f3k f\u00e9rfi szem\u00fcvegekben<\/b>. Gondoljunk csak az okosszem\u00fcvegekre, amelyekbe m\u00e1r kijelz\u0151t, kamer\u00e1t \u00e9s hangsz\u00f3r\u00f3t is integr\u00e1lnak. B\u00e1r ezek m\u00e9g gyerekcip\u0151ben j\u00e1rnak, egy\u00e9rtelm\u0171en jelzik az ir\u00e1nyt. A j\u00f6v\u0151 szem\u00fcvege nemcsak st\u00edlusos \u00e9s k\u00e9nyelmes lesz, hanem okos \u00e9s k\u00f6rnyezettudatos is. A <b>f\u00e9rfi szem\u00fcveg divat<\/b> izgalmas j\u00f6v\u0151 el\u0151tt \u00e1ll. Az biztos, hogy a szem\u00fcveg tov\u00e1bbra is a f\u00e9rfi st\u00edlus egyik legfontosabb \u00e9s legizgalmasabb eleme marad. \u00d6sszess\u00e9g\u00e9ben a <b>f\u00e9rfi szem\u00fcveg divat<\/b> sokkal t\u00f6bb, mint ami a felsz\u00ednen l\u00e1tszik; egy komplex vil\u00e1g, ahol a szem\u00e9lyis\u00e9g, a tudom\u00e1ny \u00e9s a m\u0171v\u00e9szet tal\u00e1lkozik. A <b>f\u00e9rfi szem\u00fcveg divat tippek<\/b> pedig seg\u00edtenek eligazodni ebben a vil\u00e1gban.<\/p>\n","protected":false},"excerpt":{"rendered":"<p>A szem\u00fcveg m\u00e1r r\u00e9g nem csup\u00e1n egy l\u00e1t\u00e1sjav\u00edt\u00f3 eszk\u00f6z. S\u0151t. M\u00e1ra a szem\u00e9lyes st\u00edlus egyik legmeghat\u00e1roz\u00f3bb elem\u00e9v\u00e9 v\u00e1lt, egy olyan kieg\u00e9sz\u00edt\u0151v\u00e9, ami k\u00e9pes teljesen \u00e1tform\u00e1lni a visel\u0151je karakter\u00e9t. A f\u00e9rfi szem\u00fcveg divat vil\u00e1ga \u00e9pp ez\u00e9rt hihetetlen\u00fcl izgalmas \u00e9s sokr\u00e9t\u0171; egy olyan univerzum, ahol a funkcionalit\u00e1s \u00e9s az eszt\u00e9tika k\u00e9z a k\u00e9zben j\u00e1r. Valljuk be, egy [&hellip;]<\/p>\n","protected":false},"author":2,"featured_media":0,"comment_status":"","ping_status":"","sticky":false,"template":"","format":"standard","meta":{"footnotes":""},"categories":[1],"tags":[],"class_list":["post-270","post","type-post","status-publish","format-standard","hentry","category-uzlet"],"_links":{"self":[{"href":"https:\/\/worldpoint.eu\/hu\/wp-json\/wp\/v2\/posts\/270","targetHints":{"allow":["GET"]}}],"collection":[{"href":"https:\/\/worldpoint.eu\/hu\/wp-json\/wp\/v2\/posts"}],"about":[{"href":"https:\/\/worldpoint.eu\/hu\/wp-json\/wp\/v2\/types\/post"}],"author":[{"embeddable":true,"href":"https:\/\/worldpoint.eu\/hu\/wp-json\/wp\/v2\/users\/2"}],"replies":[{"embeddable":true,"href":"https:\/\/worldpoint.eu\/hu\/wp-json\/wp\/v2\/comments?post=270"}],"version-history":[{"count":0,"href":"https:\/\/worldpoint.eu\/hu\/wp-json\/wp\/v2\/posts\/270\/revisions"}],"wp:attachment":[{"href":"https:\/\/worldpoint.eu\/hu\/wp-json\/wp\/v2\/media?parent=270"}],"wp:term":[{"taxonomy":"category","embeddable":true,"href":"https:\/\/worldpoint.eu\/hu\/wp-json\/wp\/v2\/categories?post=270"},{"taxonomy":"post_tag","embeddable":true,"href":"https:\/\/worldpoint.eu\/hu\/wp-json\/wp\/v2\/tags?post=270"}],"curies":[{"name":"wp","href":"https:\/\/api.w.org\/{rel}","templated":true}]}}