{"id":245,"date":"2025-10-15T05:32:10","date_gmt":"2025-10-15T03:32:10","guid":{"rendered":"https:\/\/worldpoint.eu\/hu\/primo-divat-trendek-es-stilusok\/"},"modified":"2025-10-15T05:32:10","modified_gmt":"2025-10-15T03:32:10","slug":"primo-divat-trendek-es-stilusok","status":"publish","type":"post","link":"https:\/\/worldpoint.eu\/hu\/primo-divat-trendek-es-stilusok\/","title":{"rendered":"Primo divat trendek \u00e9s st\u00edlusok \u2013 \u00datmutat\u00f3 a St\u00edlusos Megjelen\u00e9shez"},"content":{"rendered":"<p>Ok\u00e9, legy\u00fcnk \u0151szint\u00e9k. Amikor el\u0151sz\u00f6r hallottam a &#8220;primo divat&#8221; kifejez\u00e9st, a szememet forgattam. Komolyan? M\u00e9g egy c\u00edmke, aminek meg kell felelni? Mintha nem lenne el\u00e9g a fast fashion \u0151r\u00fclet, a szezononk\u00e9nt v\u00e1ltoz\u00f3 &#8220;must-have&#8221; darabok \u00e9s az a folyamatos nyom\u00e1s, hogy valahogy relev\u00e1nsak maradjunk egy olyan vil\u00e1gban, ami k\u00e9t poszt k\u00f6z\u00f6tt v\u00e1ltozik. De azt\u00e1n r\u00e1j\u00f6ttem, hogy a vil\u00e1got jelent\u0151 deszk\u00e1k m\u00f6g\u00f6tt a **Primo divat trendek \u00e9s st\u00edlusok** meg\u00e9rt\u00e9se nem egy \u00fajabb teher, hanem egy eszk\u00f6z. Egy t\u00e9rk\u00e9p. Egy m\u00f3dja annak, hogy a k\u00e1oszb\u00f3l rendet teremts\u00fcnk \u00e9s megtal\u00e1ljuk azt, ami t\u00e9nyleg mi vagyunk. Sz\u00f3val, tarts velem, \u00e9s fejts\u00fck meg egy\u00fctt, mit is jelent ez az eg\u00e9sz, \u00e9s hogyan ford\u00edthatjuk a saj\u00e1t el\u0151ny\u00fcnkre an\u00e9lk\u00fcl, hogy elveszn\u00e9nk a r\u00e9szletekben. Ez nem egy unalmas el\u0151ad\u00e1s lesz. \u00cdg\u00e9rem.<\/p>\n<h2>Bevezet\u00e9s a Primo Divat \u00e9s St\u00edlusok Vil\u00e1g\u00e1ba<\/h2>\n<p>A &#8220;primo&#8221; sz\u00f3 alapvet\u0151en azt jelenti: els\u0151rang\u00fa, kiv\u00e1l\u00f3. Amikor a divatra alkalmazzuk, akkor azokra a meghat\u00e1roz\u00f3, ir\u00e1nyad\u00f3 trendekre \u00e9s st\u00edlusokra utal, amelyek a cs\u00facson vannak. Ezek azok a vonalak, sz\u00ednek \u00e9s form\u00e1k, amiket a nagy divath\u00e1zak kifut\u00f3in l\u00e1tunk, \u00e9s amik azt\u00e1n lassan lesziv\u00e1rognak az utcai viseletbe is. De a primo divat nem csak a luxusm\u00e1rk\u00e1kr\u00f3l sz\u00f3l. Egy\u00e1ltal\u00e1n nem. Sokkal ink\u00e1bb egyfajta min\u0151s\u00e9gi szeml\u00e9letet \u00e9s tudatoss\u00e1got jelent. Arr\u00f3l van sz\u00f3, hogy meg\u00e9rts\u00fck a nagyobb \u00f6sszef\u00fcgg\u00e9seket, a mi\u00e9rteket a &#8220;mit vegyek fel?&#8221; k\u00e9rd\u00e9se m\u00f6g\u00f6tt, \u00e9s hogy olyan darabokat v\u00e1lasszunk, amelyek nemcsak egy szezonig b\u00edrj\u00e1k, hanem hossz\u00fa t\u00e1von is a ruhat\u00e1runk \u00e9kk\u00f6vei lehetnek. Ez a tudatos v\u00e1laszt\u00e1s szabads\u00e1ga. Vagy legal\u00e1bbis az ill\u00fazi\u00f3ja egy pl\u00e1z\u00e1ban bolyongva.<\/p>\n<h2>A Legfontosabb Divattrendek Meg\u00e9rt\u00e9se \u00e9s \u00c9rtelmez\u00e9se<\/h2>\n<p>A trendek j\u00f6nnek-mennek, ez t\u00e9ny. Ami tegnap m\u00e9g men\u0151 volt, az ma m\u00e1r cikinek sz\u00e1m\u00edthat. A kulcs nem az, hogy vakon k\u00f6vess\u00fcnk mindent, hanem hogy megtanuljuk \u00e9rtelmezni \u00e9s a saj\u00e1t szem\u00e9lyis\u00e9g\u00fcnkh\u00f6z igaz\u00edtani az aktu\u00e1lis ir\u00e1nyzatokat. A divat egy j\u00e1t\u00e9k, nem pedig egy k\u00f6telez\u0151 feladat. A c\u00e9l az, hogy \u00e9lvezz\u00fck, \u00e9s hogy magabiztosabbnak \u00e9rezz\u00fck magunkat a b\u0151r\u00fcnkben. Ez persze k\u00f6nnyebben hangzik, mint amilyen a val\u00f3s\u00e1gban, k\u00fcl\u00f6n\u00f6sen egy bor\u00fas h\u00e9tf\u0151 reggel, amikor semmi sem akar \u00f6sszej\u00f6nni a szekr\u00e9ny el\u0151tt \u00e1llva. De ne agg\u00f3dj, vannak kapaszkod\u00f3k.<\/p>\n<h3>Aktu\u00e1lis Sz\u00ednpalett\u00e1k \u00e9s Anyaginnov\u00e1ci\u00f3k<\/h3>\n<p>Minden szezonnak megvannak a maga uralkod\u00f3 sz\u00ednei. Id\u00e9n p\u00e9ld\u00e1ul a f\u00f6ldsz\u00ednek, a pasztellek \u00e9s a meglep\u0151en vibr\u00e1l\u00f3, szinte neon \u00e1rnyalatok is harcban \u00e1llnak a figyelem\u00e9rt. Az **aktu\u00e1lis divatos sz\u00ednek \u00e9s mint\u00e1k** ismerete seg\u00edt abban, hogy frissnek \u00e9s modernnek t\u0171nj\u00f6n a megjelen\u00e9s\u00fcnk. Eml\u00e9kszem, \u00e9vekig \u00f3dzkodtam a must\u00e1rs\u00e1rg\u00e1t\u00f3l. Azt hittem, s\u00e1paszt. Azt\u00e1n egy bar\u00e1tn\u0151m r\u00e1besz\u00e9lt egy s\u00e1lra, \u00e9s l\u00e1ss csod\u00e1t, hirtelen mindenki megdics\u00e9rte, mennyire j\u00f3l \u00e1ll. N\u00e9ha csak egy kis l\u00f6k\u00e9s kell. Az anyagok ter\u00e9n is \u00f3ri\u00e1si a fejl\u0151d\u00e9s: a fenntarthat\u00f3 forr\u00e1sb\u00f3l sz\u00e1rmaz\u00f3 organikus pamut, a veg\u00e1n b\u0151r \u00e9s az \u00fajrahasznos\u00edtott text\u00edli\u00e1k m\u00e1r nem csak r\u00e9spiacot jelentenek, hanem a **Primo divat trendek \u00e9s st\u00edlusok** szerves r\u00e9sz\u00e9t k\u00e9pezik. Ahogy v\u00e1ltoznak az \u00e9vszakok, \u00fagy alakulnak ezek az ir\u00e1nyzatok is; \u00e9rdemes figyelni p\u00e9ld\u00e1ul az <a href=\"https:\/\/worldpoint.eu\/hu\/oszi-teli-divat-trendek\/\">\u0151szi-t\u00e9li kollekci\u00f3k<\/a> anyaghaszn\u00e1lat\u00e1t, amelyek gyakran el\u0151revet\u00edtik a k\u00f6vetkez\u0151 \u00e9v tavaszi sl\u00e1gereit is.<\/p>\n<h3>Mint\u00e1k \u00e9s Sziluettek Dominanci\u00e1ja<\/h3>\n<p>A mint\u00e1k vil\u00e1ga v\u00e9gtelen: a klasszikus cs\u00edkos \u00e9s p\u00f6tty\u00f6s mellett \u00fajra h\u00f3d\u00edtanak az \u00e1llatmint\u00e1k, a hetvenes \u00e9veket id\u00e9z\u0151 geometrikus form\u00e1k \u00e9s a romantikus vir\u00e1gmot\u00edvumok. A titok az ar\u00e1nyokban rejlik. Egy teljes, leop\u00e1rdmint\u00e1s szett tal\u00e1n t\u00falz\u00e1s egy irodai megbesz\u00e9l\u00e9sre, de egy kieg\u00e9sz\u00edt\u0151 vagy egy bl\u00faz form\u00e1j\u00e1ban magabiztoss\u00e1got \u00e9s egy csipetnyi vads\u00e1got sug\u00e1rozhat. A sziluettek ter\u00e9n pedig a k\u00e9t v\u00e9glet csap \u00f6ssze: az oversize, laza, k\u00e9nyelmes darabok \u00e9s a test vonal\u00e1t k\u00f6vet\u0151, struktur\u00e1lt, szabott ruh\u00e1k egyar\u00e1nt divatosak. A l\u00e9nyeg, hogy megtal\u00e1ld, melyikben \u00e9rzed j\u00f3l magad. Nincs ann\u00e1l rosszabb, mint feszengeni egy ruh\u00e1ban, ami elvileg divatos, de val\u00f3j\u00e1ban b\u00f6rt\u00f6nnek \u00e9rzed.<\/p>\n<h2>Fedezze fel a K\u00fcl\u00f6nb\u00f6z\u0151 Primo St\u00edlusir\u00e1nyzatokat<\/h2>\n<p>A divat sz\u00e9ps\u00e9ge a soksz\u00edn\u0171s\u00e9g\u00e9ben rejlik. Nincs egyetlen helyes \u00fat, csak lehet\u0151s\u00e9gek, amelyek k\u00f6z\u00fcl v\u00e1laszthatunk. A st\u00edlus nem m\u00e1s, mint a szem\u00e9lyis\u00e9g\u00fcnk k\u00fcls\u0151 kifejez\u0151d\u00e9se, egyfajta vizu\u00e1lis n\u00e9vjegyk\u00e1rtya. L\u00e1ssuk a legmeghat\u00e1roz\u00f3bb ir\u00e1nyzatokat, amelyekb\u0151l inspir\u00e1ci\u00f3t mer\u00edthet\u00fcnk.<\/p>\n<h3>Az Eleg\u00e1ns \u00e9s Id\u0151tlen Klasszikusok<\/h3>\n<p>Ez a st\u00edlus a &#8220;kevesebb t\u00f6bb&#8221; elv\u00e9t k\u00f6veti. Letisztult vonalak, semleges sz\u00ednek, min\u0151s\u00e9gi anyagok \u00e9s t\u00f6k\u00e9letes szab\u00e1s. Egy j\u00f3l megv\u00e1lasztott ballonkab\u00e1t, egy feh\u00e9r ing, egy fekete ceruzaszoknya \u2013 ezek olyan alapdarabok, amelyek soha nem mennek ki a divatb\u00f3l. Az elegancia nem unalmas. S\u0151t. Magabiztoss\u00e1got \u00e9s kifinomults\u00e1got sug\u00e1roz. A klasszikus st\u00edlus a legjobb befektet\u00e9s, mert ezek a ruh\u00e1k \u00e9vekig, s\u0151t, \u00e9vtizedekig a gardr\u00f3bunk alapk\u00f6vei maradhatnak. A klasszikus **Primo divat trendek \u00e9s st\u00edlusok** k\u00f6vet\u00e9se nem jelenti azt, hogy lemondunk a moderns\u00e9gr\u0151l; sokkal ink\u00e1bb arr\u00f3l sz\u00f3l, hogy egy stabil alapra \u00e9p\u00edtkez\u00fcnk. Ha egy kis extra csillog\u00e1sra v\u00e1gysz, \u00e9rdemes elm\u00e9lyedni a <a href=\"https:\/\/worldpoint.eu\/hu\/stilusos-flancos-divat\/\">flancos divat<\/a> vil\u00e1g\u00e1ban, ami megmutatja, hogyan lehet a klasszikus darabokat egy kis dr\u00e1m\u00e1val f\u0171szerezni.<\/p>\n<h3>Urban Streetwear \u00e9s Sportos Chic<\/h3>\n<p>A k\u00e9nyelem \u00e9s a lazas\u00e1g forradalma. A streetwear bebizony\u00edtotta, hogy egy kapucnis pul\u00f3ver \u00e9s egy edz\u0151cip\u0151 is lehet st\u00edlusos, ha megfelel\u0151 kontextusba helyezz\u00fck. Ez a st\u00edlus a nagyv\u00e1rosi \u00e9let\u00e9rz\u00e9sr\u0151l, a funkcionalit\u00e1sr\u00f3l \u00e9s az \u00f6nkifejez\u00e9s szabads\u00e1g\u00e1r\u00f3l sz\u00f3l. A sportos elemek \u2013 mint a sneakerek, bomber dzsekik, baseball sapk\u00e1k \u2013 be\u00e9p\u00edt\u00e9se a h\u00e9tk\u00f6znapi \u00f6lt\u00f6zk\u00f6d\u00e9sbe m\u00e1ra teljesen elfogadott\u00e1 v\u00e1lt. Persze, van egy v\u00e9kony hat\u00e1rvonal a &#8220;sportosan sikkes&#8221; \u00e9s a &#8220;most j\u00f6ttem az edz\u0151teremb\u0151l&#8221; k\u00f6z\u00f6tt. Bevallom, nekem is voltak pr\u00f3b\u00e1lkoz\u00e1saim, amik ink\u00e1bb az ut\u00f3bbi kateg\u00f3ri\u00e1ba estek. De a k\u00eds\u00e9rletez\u00e9s a l\u00e9nyeg! A legjobb darabokat gyakran online lehet megtal\u00e1lni, egy j\u00f3 <a href=\"https:\/\/worldpoint.eu\/hu\/trendi-divat-webaruhaz\/\">trendi divat web\u00e1ruh\u00e1z<\/a> val\u00f3s\u00e1gos kincsesb\u00e1nya lehet a streetwear rajong\u00f3inak.<\/p>\n<h3>Boh\u00e9m \u00e9s Vintage Hangulatok<\/h3>\n<p>A boh\u00e9m st\u00edlus a szabads\u00e1g, a m\u0171v\u00e9szet \u00e9s a term\u00e9szet szeretet\u00e9t hirdeti. Lenge, l\u00e9gies anyagok, f\u00f6ldsz\u00ednek, etnikus mint\u00e1k, h\u00edmz\u00e9sek \u00e9s rojtos kieg\u00e9sz\u00edt\u0151k jellemzik. Ez az ir\u00e1nyzat a fesztiv\u00e1lokr\u00f3l indult, de m\u00e1ra a mindennapok r\u00e9sz\u00e9v\u00e9 v\u00e1lt. A vintage pedig a m\u00faltb\u00f3l mer\u00edt ihletet, \u00fajra\u00e9rtelmezi a let\u0171nt korok divatj\u00e1t. Egy-egy j\u00f3l megv\u00e1lasztott vintage darabbal teljesen egyediv\u00e9 tehetj\u00fck a megjelen\u00e9s\u00fcnket. A m\u00falt \u00e9s a jelen \u00f6tv\u00f6z\u00e9se izgalmas kontrasztokat eredm\u00e9nyezhet, ami a **Primo divat trendek \u00e9s st\u00edlusok** egyik legkreat\u00edvabb \u00e1ga. Ez a nosztalgikus vonal lehet\u0151s\u00e9get ad arra, hogy t\u00f6rt\u00e9neteket mes\u00e9lj\u00fcnk a ruh\u00e1inkkal.<\/p>\n<h2>Hogyan \u00c9p\u00edtse be a Divattrendeket a Saj\u00e1t Ruhat\u00e1r\u00e1ba?<\/h2>\n<p>Rendben, most m\u00e1r ismerj\u00fck az elm\u00e9letet. De hogyan \u00fcltess\u00fck \u00e1t mindezt a gyakorlatba an\u00e9lk\u00fcl, hogy lecser\u00e9ln\u00e9nk a teljes gardr\u00f3bunkat minden szezonban? A v\u00e1lasz a tudatoss\u00e1gban \u00e9s a strat\u00e9giai gondolkod\u00e1sban rejlik. Nem kell minden trendre fel\u00fclni. S\u0151t!<\/p>\n<h3>Alapdarabok \u00e9s Kieg\u00e9sz\u00edt\u0151k Okos Kombin\u00e1l\u00e1sa<\/h3>\n<p>A gardr\u00f3bod alapj\u00e1t a j\u00f3l bev\u00e1lt, min\u0151s\u00e9gi alapdaraboknak kell k\u00e9pezni\u00fck: egy j\u00f3 farmer, egy fekete bl\u00e9zer, n\u00e9h\u00e1ny semleges sz\u00edn\u0171 p\u00f3l\u00f3 \u00e9s pul\u00f3ver. Ezekre az alapokra \u00e9p\u00edtkezve m\u00e1r sokkal k\u00f6nnyebb beemelni az aktu\u00e1lis trendeket. Egy divatos s\u00e1l, egy felt\u0171n\u0151 t\u00e1ska vagy egy k\u00fcl\u00f6nleges \u00e9kszer teljesen \u00faj \u00e9letet lehelhet egy egyszer\u0171 farmer-p\u00f3l\u00f3 szettbe. A **st\u00edlusos kieg\u00e9sz\u00edt\u0151k primo divat** vil\u00e1g\u00e1ban bet\u00f6lt\u00f6tt szerepe megk\u00e9rd\u0151jelezhetetlen; ezekkel a legkisebb befektet\u00e9ssel \u00e9rhetj\u00fck el a legnagyobb hat\u00e1st. A **trendi ruha \u00f6ssze\u00e1ll\u00edt\u00e1sok n\u0151knek** gyakran pont egy-egy ilyen apr\u00f3, de meghat\u00e1roz\u00f3 elemen m\u00falnak. Ha szeretn\u00e9l m\u00e9g t\u00f6bb \u00f6tletet, a **leg\u00fajabb divat trendek n\u0151knek tippek** seg\u00edthetnek eligazodni. A kulcs az, hogy az aktu\u00e1lis **Primo divat trendek \u00e9s st\u00edlusok** elemeit f\u0171szerk\u00e9nt haszn\u00e1ld, nem pedig f\u0151 \u00f6sszetev\u0151k\u00e9nt. Rengeteg hasznos tan\u00e1csot tal\u00e1lhatsz, ha tov\u00e1bbi <a href=\"https:\/\/worldpoint.eu\/hu\/divat-trendek-es-stilus-tippek-2\/\">divat trendek \u00e9s st\u00edlus tippek<\/a> ut\u00e1n kutatsz, amelyek seg\u00edtenek a kombin\u00e1l\u00e1sban.<\/p>\n<h3>Szem\u00e9lyes St\u00edlus Kialak\u00edt\u00e1sa a Trendek Ment\u00e9n<\/h3>\n<p>A legfontosabb k\u00e9rd\u00e9s, amit fel kell tenned magadnak: **hogyan tal\u00e1ljam meg saj\u00e1t st\u00edlusomat**? Ez egy utaz\u00e1s, nem pedig egy c\u00e9l\u00e1llom\u00e1s. K\u00eds\u00e9rletezz! Pr\u00f3b\u00e1lj fel olyan dolgokat, amikr\u0151l azt hitted, sosem \u00e1lln\u00e1nak j\u00f3l. K\u00e9sz\u00edts inspir\u00e1ci\u00f3s t\u00e1bl\u00e1t, ments le k\u00e9peket, figyeld meg az embereket az utc\u00e1n. Mi az, ami megragadja a tekintetedet? Milyen sz\u00ednekben, form\u00e1kban \u00e9rzed magad a legjobban? A st\u00edlusod akkor lesz igaz\u00e1n a ti\u00e9d, ha t\u00fckr\u00f6zi a szem\u00e9lyis\u00e9gedet, az \u00e9letviteledet \u00e9s az \u00e9rt\u00e9keidet. Ne f\u00e9lj hib\u00e1zni. A divatbakikb\u00f3l tanulunk a legt\u00f6bbet. A **Primo divat trendek \u00e9s st\u00edlusok** \u00fatmutat\u00e1st adnak, de a szab\u00e1lyokat te hozod. A folyamat r\u00e9sze az is, hogy megismerd, mely \u00fczletek k\u00edn\u00e1lata passzol hozz\u00e1d legink\u00e1bb; egy j\u00f3 <a href=\"https:\/\/worldpoint.eu\/hu\/divatos-ruha-uzlet-utmutato\/\">divatos ruha \u00fczlet \u00fatmutat\u00f3<\/a> sokat seg\u00edthet ebben a felfedez\u00e9sben.<\/p>\n<h2>A Divat J\u00f6v\u0151je \u00e9s Fenntarthat\u00f3 St\u00edlustippek<\/h2>\n<p>A divatipar \u00f3ri\u00e1si v\u00e1ltoz\u00e1sokon megy kereszt\u00fcl. A fenntarthat\u00f3s\u00e1g \u00e9s az etikus gy\u00e1rt\u00e1s m\u00e1r nem csak hangzatos szavak, hanem val\u00f3s fogyaszt\u00f3i elv\u00e1r\u00e1sok. A j\u00f6v\u0151 divatja a tudatos v\u00e1s\u00e1rl\u00e1sr\u00f3l, a min\u0151s\u00e9gr\u0151l \u00e9s az id\u0151t\u00e1ll\u00f3s\u00e1gr\u00f3l sz\u00f3l. Kevesebb, de jobb min\u0151s\u00e9g\u0171 ruha. Olyan darabok, amelyeknek t\u00f6rt\u00e9nete van, \u00e9s amelyeket sok\u00e1ig szeretettel visel\u00fcnk.<\/p>\n<h3>Id\u0151t\u00e1ll\u00f3 St\u00edlustippek Minden Koroszt\u00e1lynak<\/h3>\n<p>V\u00e9gezet\u00fcl, n\u00e9h\u00e1ny \u00f6r\u00f6k \u00e9rv\u00e9ny\u0171 tan\u00e1cs, ami kort\u00f3l \u00e9s testalkatt\u00f3l f\u00fcggetlen\u00fcl m\u0171k\u00f6dik. Fektess be min\u0151s\u00e9gi alapdarabokba. Tal\u00e1ld meg a neked legink\u00e1bb el\u0151ny\u00f6s sz\u00edneket \u00e9s szab\u00e1svonalakat. Ne a m\u00e9retc\u00edmk\u00e9t n\u00e9zd, hanem azt, hogy hogyan \u00e1ll rajtad a ruha. Merj kieg\u00e9sz\u00edt\u0151ket haszn\u00e1lni! Egy j\u00f3 \u00f6v, egy sz\u00e9p kend\u0151 vagy egy karakteres nyakl\u00e1nc csod\u00e1kra k\u00e9pes. \u00c9s a legfontosabb: viseld azt, amiben magabiztosnak \u00e9s \u00f6nmagadnak \u00e9rzed magad. A kisug\u00e1rz\u00e1s a legszebb kieg\u00e9sz\u00edt\u0151, amit soha nem vehet le senki. A **Primo divat trendek \u00e9s st\u00edlusok** v\u00e9gs\u0151 soron csak mank\u00f3k ahhoz, hogy ezt a bels\u0151 ragyog\u00e1st a felsz\u00ednre hozzuk. A divat \u00e9rted van, nem pedig ford\u00edtva. Ne feledd ezt. Soha.<\/p>\n","protected":false},"excerpt":{"rendered":"<p>Ok\u00e9, legy\u00fcnk \u0151szint\u00e9k. Amikor el\u0151sz\u00f6r hallottam a &#8220;primo divat&#8221; kifejez\u00e9st, a szememet forgattam. Komolyan? M\u00e9g egy c\u00edmke, aminek meg kell felelni? Mintha nem lenne el\u00e9g a fast fashion \u0151r\u00fclet, a szezononk\u00e9nt v\u00e1ltoz\u00f3 &#8220;must-have&#8221; darabok \u00e9s az a folyamatos nyom\u00e1s, hogy valahogy relev\u00e1nsak maradjunk egy olyan vil\u00e1gban, ami k\u00e9t poszt k\u00f6z\u00f6tt v\u00e1ltozik. De azt\u00e1n r\u00e1j\u00f6ttem, hogy [&hellip;]<\/p>\n","protected":false},"author":2,"featured_media":0,"comment_status":"","ping_status":"","sticky":false,"template":"","format":"standard","meta":{"footnotes":""},"categories":[1],"tags":[],"class_list":["post-245","post","type-post","status-publish","format-standard","hentry","category-uzlet"],"_links":{"self":[{"href":"https:\/\/worldpoint.eu\/hu\/wp-json\/wp\/v2\/posts\/245","targetHints":{"allow":["GET"]}}],"collection":[{"href":"https:\/\/worldpoint.eu\/hu\/wp-json\/wp\/v2\/posts"}],"about":[{"href":"https:\/\/worldpoint.eu\/hu\/wp-json\/wp\/v2\/types\/post"}],"author":[{"embeddable":true,"href":"https:\/\/worldpoint.eu\/hu\/wp-json\/wp\/v2\/users\/2"}],"replies":[{"embeddable":true,"href":"https:\/\/worldpoint.eu\/hu\/wp-json\/wp\/v2\/comments?post=245"}],"version-history":[{"count":0,"href":"https:\/\/worldpoint.eu\/hu\/wp-json\/wp\/v2\/posts\/245\/revisions"}],"wp:attachment":[{"href":"https:\/\/worldpoint.eu\/hu\/wp-json\/wp\/v2\/media?parent=245"}],"wp:term":[{"taxonomy":"category","embeddable":true,"href":"https:\/\/worldpoint.eu\/hu\/wp-json\/wp\/v2\/categories?post=245"},{"taxonomy":"post_tag","embeddable":true,"href":"https:\/\/worldpoint.eu\/hu\/wp-json\/wp\/v2\/tags?post=245"}],"curies":[{"name":"wp","href":"https:\/\/api.w.org\/{rel}","templated":true}]}}