{"id":213,"date":"2025-10-15T03:12:12","date_gmt":"2025-10-15T01:12:12","guid":{"rendered":"https:\/\/worldpoint.eu\/hu\/kozmetikai-termekek-gyartasa\/"},"modified":"2025-10-15T03:12:12","modified_gmt":"2025-10-15T01:12:12","slug":"kozmetikai-termekek-gyartasa","status":"publish","type":"post","link":"https:\/\/worldpoint.eu\/hu\/kozmetikai-termekek-gyartasa\/","title":{"rendered":"A kozmetikai term\u00e9kek gy\u00e1rt\u00e1sa kulisszatitkai l\u00e9p\u00e9sr\u0151l l\u00e9p\u00e9sre"},"content":{"rendered":"<p>Amikor bemegy\u00fcnk egy drog\u00e9ri\u00e1ba \u00e9s leemel\u00fcnk egy csillog\u00f3 t\u00e9gelyt a polcr\u00f3l, ritk\u00e1n gondolunk bele, mi minden rejlik a t\u00f6k\u00e9letesre csiszolt csomagol\u00e1s m\u00f6g\u00f6tt. Pedig a <b>kozmetikai term\u00e9kek gy\u00e1rt\u00e1sa<\/b> egy elk\u00e9peszt\u0151en \u00f6sszetett, prec\u00edz \u00e9s szigor\u00faan szab\u00e1lyozott folyamat. Nem csak arr\u00f3l van sz\u00f3, hogy \u00f6sszekever\u00fcnk p\u00e1r dolgot. Dehogyis. Ez egy komplett ipar\u00e1g, ami a tudom\u00e1ny, a m\u0171v\u00e9szet \u00e9s a k\u0151kem\u00e9ny \u00fczlet hat\u00e1r\u00e1n egyens\u00falyoz. Sokkal, de sokkal t\u00f6bb, mint ami els\u0151re l\u00e1tszik.<\/p>\n<h2>Bevezet\u00e9s: A Kozmetikai Term\u00e9kek Vil\u00e1ga \u00e9s Gy\u00e1rt\u00e1s\u00e1nak Jelent\u0151s\u00e9ge<\/h2>\n<p>A sz\u00e9ps\u00e9gipar egy gigantikus g\u00e9pezet, \u00e9s a motorja maga a <b>kozmetikai term\u00e9kek gy\u00e1rt\u00e1sa<\/b>. Ez a folyamat biztos\u00edtja, hogy a kedvenc arckr\u00e9m\u00fcnk, samponunk vagy r\u00fazsunk ne csak hat\u00e9kony, de biztons\u00e1gos is legyen. A jelent\u0151s\u00e9ge \u00f3ri\u00e1si. Egy rosszul elk\u00e9sz\u00edtett term\u00e9k nem csak p\u00e9nzkidob\u00e1s, hanem komoly eg\u00e9szs\u00e9g\u00fcgyi kock\u00e1zatot is jelenthet. Eml\u00e9kszem, egyszer otthon pr\u00f3b\u00e1lkoztam egy kr\u00e9mmel, gondoltam, a <b>term\u00e9szetes kozmetikumok gy\u00e1rt\u00e1sa h\u00e1zilag<\/b> nem lehet \u00f6rd\u00f6ng\u00f6ss\u00e9g. H\u00e1t, t\u00e9vedtem. A v\u00e9geredm\u00e9ny egy furcsa, szemcs\u00e9s katasztr\u00f3fa lett, ami mehetett a kuk\u00e1ba. Ez tan\u00edtott meg arra, hogy a <b>professzion\u00e1lis kozmetikai gy\u00e1rt\u00f3 c\u00e9g<\/b> szak\u00e9rtelm\u00e9t semmi sem p\u00f3tolja. A <b>kozmetikai ipar magyarorsz\u00e1g<\/b> ter\u00fclet\u00e9n is vir\u00e1gzik, ami azt jelenti, hogy a min\u0151s\u00e9gi elv\u00e1r\u00e1sok is egyre magasabbak. A <b>kozmetikai term\u00e9kek gy\u00e1rt\u00e1sa<\/b> teh\u00e1t nem hobbi, hanem komoly szakma, amely szigor\u00fa elveken alapul.<\/p>\n<h2>A Kozmetikai Gy\u00e1rt\u00e1si Folyamat Kulcsfontoss\u00e1g\u00fa L\u00e9p\u00e9sei<\/h2>\n<p>De pontosan <b>hogyan k\u00e9sz\u00fclnek a kozmetikai term\u00e9kek<\/b>? A folyamat egy j\u00f3l defini\u00e1lt l\u00e9p\u00e9ssorozat, ahol minden egyes f\u00e1zisnak kritikus szerepe van. Nincs helye hib\u00e1nak. A <b>kozmetikai gy\u00e1rt\u00e1s l\u00e9p\u00e9sr\u0151l l\u00e9p\u00e9sre<\/b> egy olyan koreogr\u00e1fia, ahol a legkisebb elt\u00e9r\u00e9s is a teljes produkci\u00f3 buk\u00e1s\u00e1t okozhatja. L\u00e1ssuk a legfontosabb \u00e1llom\u00e1sokat.<\/p>\n<h3>Az Innov\u00e1ci\u00f3 Gy\u00f6kerei: Kutat\u00e1s \u00e9s Fejleszt\u00e9s<\/h3>\n<p>Minden egy \u00f6tlettel kezd\u0151dik. Egy \u00faj hat\u00f3anyag, egy jobb text\u00fara, egy eddig nem l\u00e1tott sz\u00edn. A K+F (kutat\u00e1s \u00e9s fejleszt\u00e9s) f\u00e1zisban laborat\u00f3riumi k\u00f6r\u00fclm\u00e9nyek k\u00f6z\u00f6tt k\u00eds\u00e9rleteznek a vegy\u00e9szek \u00e9s a term\u00e9kfejleszt\u0151k. Itt d\u0151l el minden. Rengeteg <b>kozmetikai term\u00e9kfejleszt\u00e9si tippek<\/b> kering az interneten, de az igazi innov\u00e1ci\u00f3 a m\u00e9ly k\u00e9miai tud\u00e1son alapul. A <b>k\u00e9miai anyagok a kozmetikai gy\u00e1rt\u00e1sban<\/b> bet\u00f6lt\u00f6tt szerepe megker\u00fclhetetlen, \u00e9s itt d\u0151l el, hogy egy term\u00e9k stabil, hat\u00e9kony \u00e9s biztons\u00e1gos lesz-e. Ez a szakasz h\u00f3napokig, s\u0151t, n\u00e9ha \u00e9vekig is eltarthat, mire egy formula t\u00f6k\u00e9letes lesz. A sikeres <b>kozmetikai term\u00e9kek gy\u00e1rt\u00e1sa<\/b> alapja a k\u0151kem\u00e9ny tudom\u00e1nyos munka.<\/p>\n<h3>Alapanyagok Beszerz\u00e9se: Min\u0151s\u00e9g \u00e9s Fenntarthat\u00f3s\u00e1g<\/h3>\n<p>Ha megvan a t\u00f6k\u00e9letes recept, j\u00f6het a <b>kozmetikai term\u00e9kek alapanyag beszerz\u00e9s<\/b>. Ez egy kritikus pont. A besz\u00e1ll\u00edt\u00f3knak meg kell felelni\u00fck a legszigor\u00fabb min\u0151s\u00e9gi k\u00f6vetelm\u00e9nyeknek. Minden egyes \u00f6sszetev\u0151nek rendelkeznie kell a megfelel\u0151 tan\u00fas\u00edtv\u00e1nyokkal \u00e9s dokument\u00e1ci\u00f3val, mint p\u00e9ld\u00e1ul a <b>kozmetikai term\u00e9k biztons\u00e1gi adatlap<\/b>. Ma m\u00e1r nem el\u00e9g, ha egy alapanyag hat\u00e1sos; a <b>fenntarthat\u00f3 kozmetikai gy\u00e1rt\u00e1s elvei<\/b> egyre nagyobb hangs\u00falyt kapnak. Honnan sz\u00e1rmazik? Etikus forr\u00e1sb\u00f3l? Leboml\u00f3? Ezek a k\u00e9rd\u00e9sek ma m\u00e1r megker\u00fclhetetlenek, legyen sz\u00f3 ak\u00e1r a <b>bio kozmetikumok gy\u00e1rt\u00e1si folyamata<\/b>, ak\u00e1r a <b>veg\u00e1n kozmetikumok el\u0151\u00e1ll\u00edt\u00e1sa<\/b> sor\u00e1n felhaszn\u00e1lt anyagokr\u00f3l. A min\u0151s\u00e9gi alapanyag a lelke mindennek, en\u00e9lk\u00fcl a <b>kozmetikai term\u00e9kek gy\u00e1rt\u00e1sa<\/b> eleve kudarcra van \u00edt\u00e9lve.<\/p>\n<h3>A Gy\u00e1rt\u00f3soron: A K\u00e9sz\u00edtm\u00e9nyek L\u00e9trej\u00f6tte<\/h3>\n<p>Itt t\u00f6rt\u00e9nik a var\u00e1zslat. Vagyis dehogy var\u00e1zslat, k\u0151kem\u00e9ny, prec\u00edz munka. A gy\u00e1rt\u00f3soron \u00f3ri\u00e1si tart\u00e1lyokban, sz\u00e1m\u00edt\u00f3g\u00e9p \u00e1ltal vez\u00e9relt folyamatok sor\u00e1n keverik \u00f6ssze az alapanyagokat a pontos recept\u00fara alapj\u00e1n. A h\u0151m\u00e9rs\u00e9klet, a kever\u00e9si sebess\u00e9g, az id\u0151tartam \u2013 minden ezredm\u00e1sodpercre \u00e9s tizedfokra ki van sz\u00e1molva. Az <b>illatanyagok szerepe a kozmetikumokban<\/b> is itt teljesedik ki, hiszen a term\u00e9k \u00e9lvezeti \u00e9rt\u00e9k\u00e9nek fontos r\u00e9sz\u00e9t k\u00e9pezik. Egy modern \u00fczemben a <b>kozmetikai term\u00e9kek gy\u00e1rt\u00e1sa<\/b> m\u00e1r-m\u00e1r futurisztikus l\u00e1tv\u00e1nyt ny\u00fajt. \u00c9s ez \u00edgy van rendj\u00e9n.<\/p>\n<h3>A Min\u0151s\u00e9g Garanci\u00e1ja: Ellen\u0151rz\u00e9si \u00e9s Tesztel\u00e9si Folyamatok<\/h3>\n<p>A <b>kozmetikai gy\u00e1rt\u00e1s min\u0151s\u00e9gellen\u0151rz\u00e9s<\/b> n\u00e9lk\u00fcl elk\u00e9pzelhetetlen. A folyamat minden egyes f\u00e1zis\u00e1ban mint\u00e1kat vesznek \u00e9s tesztelnek. Ellen\u0151rzik a pH-\u00e9rt\u00e9ket, a viszkozit\u00e1st, a mikrobiol\u00f3giai tisztas\u00e1got, \u00e9s m\u00e9g egy sor m\u00e1sik param\u00e9tert. A k\u00e9szterm\u00e9ket stabilit\u00e1si teszteknek is al\u00e1vetik, hogy biztos\u00edts\u00e1k, a min\u0151s\u00e9g\u00e9t a szavatoss\u00e1gi id\u0151 v\u00e9g\u00e9ig meg\u0151rzi. Ez a garancia arra, hogy a v\u00e1s\u00e1rl\u00f3 azt kapja, amit a c\u00edmke \u00edg\u00e9r. A profi <b>kozmetikai term\u00e9kek gy\u00e1rt\u00e1sa<\/b> elk\u00e9pzelhetetlen ezen apr\u00f3l\u00e9kos \u00e9s szigor\u00fa ellen\u0151rz\u00e9s n\u00e9lk\u00fcl.<\/p>\n<h3>A Term\u00e9k Arca: Csomagol\u00e1s \u00e9s Diz\u00e1jn<\/h3>\n<p>Hi\u00e1ba a vil\u00e1g legjobb kr\u00e9mje, ha a csomagol\u00e1sa sil\u00e1ny. A csomagol\u00e1s nemcsak v\u00e9di a term\u00e9ket a k\u00fcls\u0151 hat\u00e1sokt\u00f3l, de ez az els\u0151 dolog, amivel a v\u00e1s\u00e1rl\u00f3 tal\u00e1lkozik. A diz\u00e1jn, a funkcionalit\u00e1s, az anyagv\u00e1laszt\u00e1s mind-mind a m\u00e1rka \u00fczenet\u00e9t hordozz\u00e1k. A <b>kozmetikai term\u00e9kek gy\u00e1rt\u00e1sa<\/b> utols\u00f3 l\u00e9p\u00e9se a let\u00f6lt\u00e9s \u00e9s csomagol\u00e1s, ami szint\u00e9n automatiz\u00e1lt, steril k\u00f6r\u00fclm\u00e9nyek k\u00f6z\u00f6tt t\u00f6rt\u00e9nik, hogy a term\u00e9k t\u00f6k\u00e9letes \u00e1llapotban ker\u00fclj\u00f6n a polcokra.<\/p>\n<h2>Jogszab\u00e1lyi Keretek \u00e9s Biztons\u00e1gi Szabv\u00e1nyok a Kozmetikai Iparban<\/h2>\n<p>A sz\u00e9ps\u00e9gipar nem a vadnyugat. Szigor\u00fa szab\u00e1lyok vonatkoznak r\u00e1. A <b>kozmetikum gy\u00e1rt\u00e1s szab\u00e1lyoz\u00e1s<\/b> biztos\u00edtja, hogy a forgalomba ker\u00fcl\u0151 term\u00e9kek biztons\u00e1gosak legyenek. Aki ebben az ipar\u00e1gban dolgozik, annak bet\u00e9ve kell tudnia a vonatkoz\u00f3 rendeleteket, mert a hat\u00f3s\u00e1gok nem viccelnek. A <b>kozmetikai term\u00e9kek gy\u00e1rt\u00e1sa<\/b> jogi \u00fatveszt\u0151 is egyben.<\/p>\n<h3>Az Eur\u00f3pai Uni\u00f3s \u00e9s Nemzeti El\u0151\u00edr\u00e1sok \u00c1ttekint\u00e9se<\/h3>\n<p>Magyarorsz\u00e1gon az Eur\u00f3pai Uni\u00f3 kozmetikai rendelete (1223\/2009\/EK) az ir\u00e1nyad\u00f3. Ez a rendelet mindent szab\u00e1lyoz: a felhaszn\u00e1lhat\u00f3 \u00e9s tiltott \u00f6sszetev\u0151k list\u00e1j\u00e1t, a c\u00edmk\u00e9z\u00e9si k\u00f6vetelm\u00e9nyeket, a term\u00e9kinform\u00e1ci\u00f3s dokument\u00e1ci\u00f3 tartalm\u00e1t. A <b>kozmetikum gy\u00e1rt\u00e1s enged\u00e9lyek magyarorsz\u00e1gon<\/b> rendszer\u00e9nek alapj\u00e1t ez a jogszab\u00e1ly adja. Minden term\u00e9ket regisztr\u00e1lni kell a CPNP (Cosmetic Products Notification Portal) port\u00e1lon, miel\u0151tt piacra ker\u00fclne. A <b>kozmetikai term\u00e9kek gy\u00e1rt\u00e1sa<\/b> ezen el\u0151\u00edr\u00e1sok n\u00e9lk\u00fcl t\u00f6rv\u00e9nytelen.<\/p>\n<h3>A Helyes Gy\u00e1rt\u00e1si Gyakorlat (GMP) Jelent\u0151s\u00e9ge<\/h3>\n<p>\u00c9s akkor j\u00f6jj\u00f6n a b\u0171v\u00f6s sz\u00f3: GMP. De <b>mi az a GMP a kozmetikai gy\u00e1rt\u00e1sban<\/b>? A GMP (Good Manufacturing Practice), azaz a Helyes Gy\u00e1rt\u00e1si Gyakorlat egy olyan min\u0151s\u00e9gbiztos\u00edt\u00e1si rendszer, amely garant\u00e1lja, hogy a term\u00e9kek gy\u00e1rt\u00e1sa \u00e9s ellen\u0151rz\u00e9se k\u00f6vetkezetesen, az el\u0151\u00edrt min\u0151s\u00e9gi szabv\u00e1nyoknak megfelel\u0151en t\u00f6rt\u00e9nik. Lefedi a teljes folyamatot, a szem\u00e9lyzet k\u00e9pz\u00e9s\u00e9t\u0151l kezdve az \u00e9p\u00fcletek \u00e9s berendez\u00e9sek tisztas\u00e1g\u00e1n \u00e1t a dokument\u00e1ci\u00f3ig. A GMP betart\u00e1sa nem opci\u00f3, hanem k\u00f6telezetts\u00e9g. A megb\u00edzhat\u00f3 <b>kozmetikai term\u00e9kek gy\u00e1rt\u00e1sa<\/b> ma m\u00e1r elk\u00e9pzelhetetlen en\u00e9lk\u00fcl.<\/p>\n<h2>Trendek \u00e9s J\u00f6v\u0151beli Ir\u00e1nyok a Kozmetikai Term\u00e9kek Gy\u00e1rt\u00e1s\u00e1ban<\/h2>\n<p>Az ipar\u00e1g folyamatosan v\u00e1ltozik. Ami tegnap \u00fajdons\u00e1g volt, az ma m\u00e1r alapk\u00f6vetelm\u00e9ny. A <b>kozmetikai term\u00e9kek gy\u00e1rt\u00e1sa<\/b> sem maradhat le a fejl\u0151d\u00e9sben. L\u00e1ssuk, mi mozgatja most a piacot.<\/p>\n<h3>A Fenntarthat\u00f3s\u00e1g \u00e9s a Z\u00f6ld Kozmetikumok El\u0151t\u00e9rbe Ker\u00fcl\u00e9se<\/h3>\n<p>A z\u00f6ldhull\u00e1m a sz\u00e9ps\u00e9gipart is el\u00e9rte. A v\u00e1s\u00e1rl\u00f3k tudatosabbak: keresik a term\u00e9szetes \u00f6sszetev\u0151ket, a k\u00f6rnyezetbar\u00e1t csomagol\u00e1st \u00e9s az etikusan m\u0171k\u00f6d\u0151 m\u00e1rk\u00e1kat. A <b>kozmetikai term\u00e9kek gy\u00e1rt\u00e1sa<\/b> egyre ink\u00e1bb a fenntarthat\u00f3s\u00e1g jegy\u00e9ben zajlik, ami kih\u00edv\u00e1sokat \u00e9s lehet\u0151s\u00e9geket is teremt. A <b>term\u00e9szetes kozmetikumok alapanyagai nagyker<\/b> piacai vir\u00e1goznak, \u00e9s a gy\u00e1rt\u00f3knak alkalmazkodniuk kell ehhez az \u00faj szeml\u00e9lethez.<\/p>\n<h3>Digit\u00e1lis Innov\u00e1ci\u00f3 \u00e9s Automatiz\u00e1l\u00e1s a Gy\u00e1rt\u00e1sban<\/h3>\n<p>A robotok m\u00e1r a sp\u00e1jzban, vagyis a gy\u00e1rt\u00f3soron vannak. Az automatiz\u00e1l\u00e1s \u00e9s a digitaliz\u00e1ci\u00f3 n\u00f6veli a hat\u00e9konys\u00e1got, cs\u00f6kkenti a hibalehet\u0151s\u00e9get \u00e9s lehet\u0151v\u00e9 teszi a folyamatok prec\u00edzebb nyomon k\u00f6vet\u00e9s\u00e9t. A modern <b>kozmetikai term\u00e9kek gy\u00e1rt\u00e1sa<\/b> ma m\u00e1r high-tech ipar\u00e1g, ahol a mesters\u00e9ges intelligencia seg\u00edti a recept\u00far\u00e1k fejleszt\u00e9s\u00e9t \u00e9s a min\u0151s\u00e9gellen\u0151rz\u00e9st is.<\/p>\n<h3>Szem\u00e9lyre Szabott Kozmetikumok \u00e9s Niche Term\u00e9kek<\/h3>\n<p>Elm\u00faltak azok az id\u0151k, amikor egy kr\u00e9m mindenkinek j\u00f3 volt. A j\u00f6v\u0151 a perszonaliz\u00e1ci\u00f3\u00e9. A v\u00e1s\u00e1rl\u00f3k a saj\u00e1t b\u0151rt\u00edpusuknak, \u00e9letm\u00f3djuknak megfelel\u0151, egyedi term\u00e9keket keresik. Ez a trend kedvez a kisebb, rugalmasabb c\u00e9geknek. A <b>kis t\u00e9telben kozmetikum gy\u00e1rt\u00e1s<\/b> egyre n\u00e9pszer\u0171bb, lehet\u0151v\u00e9 t\u00e9ve niche m\u00e1rk\u00e1k sz\u00e1m\u00e1ra, hogy speci\u00e1lis ig\u00e9nyeket el\u00e9g\u00edtsenek ki. A <b>kozmetikai term\u00e9kek gy\u00e1rt\u00e1sa<\/b> ezen a ter\u00fcleten k\u00fcl\u00f6n\u00f6sen izgalmas.<\/p>\n<h2>Sikeres Kozmetikai M\u00e1rka \u00c9p\u00edt\u00e9se: Gy\u00e1rt\u00e1s \u00e9s Piacra L\u00e9p\u00e9s<\/h2>\n<p>Sokan \u00e1lmodoznak saj\u00e1t kozmetikai m\u00e1rk\u00e1r\u00f3l. De az \u00f6tlett\u0151l a polcokon l\u00e9v\u0151 term\u00e9kig hossz\u00fa \u00e9s g\u00f6r\u00f6ngy\u00f6s az \u00fat. A <b>saj\u00e1t m\u00e1rk\u00e1s kozmetikum gy\u00e1rt\u00e1s felt\u00e9telei<\/b> rendk\u00edv\u00fcl szigor\u00faak. Meg kell tal\u00e1lni a megfelel\u0151 partnert, aki ismeri a buktat\u00f3kat. A <b>kozmetikai mag\u00e1nc\u00edmk\u00e9s gy\u00e1rt\u00e1s szolg\u00e1ltat\u00e1s<\/b>, vagy a <b>b\u00e9rgy\u00e1rt\u00e1s kozmetikumokhoz magyarorsz\u00e1gon<\/b> j\u00f3 megold\u00e1s lehet indul\u00f3 v\u00e1llalkoz\u00e1sok sz\u00e1m\u00e1ra. Egy megb\u00edzhat\u00f3 <b>kozmetikai gy\u00e1rt\u00f3 partner keres\u00e9se<\/b> az els\u0151 \u00e9s legfontosabb l\u00e9p\u00e9s. Sokan keresnek r\u00e1 a &#8220;<b>magyar kozmetikum gy\u00e1rt\u00f3 c\u00e9gek list\u00e1ja<\/b>&#8221; kifejez\u00e9sre, rem\u00e9lve, hogy tal\u00e1lnak egy megb\u00edzhat\u00f3 partnert. A gy\u00e1rt\u00e1s mellett gondolni kell a marketingre, a disztrib\u00faci\u00f3ra \u00e9s a m\u00e1rka\u00e9p\u00edt\u00e9sre is. Persze, a sikerhez elengedhetetlen egy profi csapat, a karrierlehet\u0151s\u00e9gekr\u0151l pedig a <a href=\"https:\/\/worldpoint.eu\/hu\/szepsegipari-allasok-utmutato\/\">sz\u00e9ps\u00e9gipari \u00e1ll\u00e1sok \u00fatmutat\u00f3<\/a> oldalon t\u00e1j\u00e9koz\u00f3dhatsz. A piac tel\u00edtett, olyan m\u00e1rk\u00e1kkal kell versenyezni, mint a term\u00e9szetes vonalat k\u00e9pvisel\u0151 <a href=\"https:\/\/worldpoint.eu\/hu\/yves-rocher-uzletek-magyarorszagon\/\">Yves Rocher<\/a>, vagy a specifikusabb, test\u00e1pol\u00e1sra f\u00f3kusz\u00e1l\u00f3 <a href=\"https:\/\/worldpoint.eu\/hu\/women-secret-uzletek-magyarorszagon\/\">Women&#8217;s Secret<\/a>. A <b>kozmetikai term\u00e9k gy\u00e1rt\u00e1s \u00e1rak<\/b> kalkul\u00e1ci\u00f3ja is kulcsfontoss\u00e1g\u00fa a sikerhez, ahogyan az <b>olcs\u00f3 kozmetikai gy\u00e1rt\u00e1s b\u00e9rgy\u00e1rt\u00e1s<\/b> lehet\u0151s\u00e9geinek felt\u00e9rk\u00e9pez\u00e9se is. A <b>kozmetikai term\u00e9kek gy\u00e1rt\u00e1sa<\/b> csak egy r\u00e9sze a nagy eg\u00e9sznek, de k\u00e9ts\u00e9gtelen\u00fcl a legfontosabb. A <b>kozmetikumok gy\u00e1rt\u00e1s\u00e1nak t\u00f6rt\u00e9nete<\/b> tele van sikerekkel \u00e9s buk\u00e1sokkal, \u00e9rdemes tanulni bel\u0151l\u00fck. Egy <b>kozmetikai gy\u00e1rt\u00f3 \u00fczem l\u00e1togat\u00e1s<\/b> pedig sokat seg\u00edthet a folyamatok meg\u00e9rt\u00e9s\u00e9ben. A sikeres <b>kozmetikai term\u00e9kek gy\u00e1rt\u00e1sa<\/b> a v\u00e9gs\u0151 c\u00e9l.<\/p>\n<h2>Konkl\u00fazi\u00f3: A Kozmetikai Gy\u00e1rt\u00e1s Komplex Vil\u00e1ga<\/h2>\n<p>Sz\u00f3val, a <b>kozmetikai term\u00e9kek gy\u00e1rt\u00e1sa<\/b> egy\u00e1ltal\u00e1n nem egyszer\u0171. Egy leny\u0171g\u00f6z\u0151, tudom\u00e1nyosan megalapozott, szigor\u00faan szab\u00e1lyozott \u00e9s folyamatosan fejl\u0151d\u0151 ter\u00fclet. A kutat\u00e1st\u00f3l a csomagol\u00e1sig minden l\u00e9p\u00e9s precizit\u00e1st, szak\u00e9rtelmet \u00e9s felel\u0151ss\u00e9get ig\u00e9nyel. Amikor legk\u00f6zelebb a kez\u00fcnkbe vesz\u00fcnk egy sz\u00e9pen csomagolt kr\u00e9met, tal\u00e1n m\u00e1r m\u00e1s szemmel n\u00e9z\u00fcnk r\u00e1. L\u00e1tni fogjuk benne a vegy\u00e9szek munk\u00e1j\u00e1t, a min\u0151s\u00e9gellen\u0151r\u00f6k \u00e9bers\u00e9g\u00e9t \u00e9s azt a komplex folyamatot, amelynek a v\u00e9geredm\u00e9nye a mi kis napi luxusunk. A <b>kozmetikai term\u00e9kek gy\u00e1rt\u00e1sa<\/b> egy csod\u00e1latos vil\u00e1g, amelynek meg\u00e9rt\u00e9se k\u00f6zelebb visz a sz\u00e9ps\u00e9g\u00e1pol\u00e1s val\u00f3di l\u00e9nyeg\u00e9hez.<\/p>\n","protected":false},"excerpt":{"rendered":"<p>Amikor bemegy\u00fcnk egy drog\u00e9ri\u00e1ba \u00e9s leemel\u00fcnk egy csillog\u00f3 t\u00e9gelyt a polcr\u00f3l, ritk\u00e1n gondolunk bele, mi minden rejlik a t\u00f6k\u00e9letesre csiszolt csomagol\u00e1s m\u00f6g\u00f6tt. Pedig a kozmetikai term\u00e9kek gy\u00e1rt\u00e1sa egy elk\u00e9peszt\u0151en \u00f6sszetett, prec\u00edz \u00e9s szigor\u00faan szab\u00e1lyozott folyamat. Nem csak arr\u00f3l van sz\u00f3, hogy \u00f6sszekever\u00fcnk p\u00e1r dolgot. Dehogyis. Ez egy komplett ipar\u00e1g, ami a tudom\u00e1ny, a m\u0171v\u00e9szet \u00e9s [&hellip;]<\/p>\n","protected":false},"author":2,"featured_media":0,"comment_status":"","ping_status":"","sticky":false,"template":"","format":"standard","meta":{"footnotes":""},"categories":[1],"tags":[],"class_list":["post-213","post","type-post","status-publish","format-standard","hentry","category-uzlet"],"_links":{"self":[{"href":"https:\/\/worldpoint.eu\/hu\/wp-json\/wp\/v2\/posts\/213","targetHints":{"allow":["GET"]}}],"collection":[{"href":"https:\/\/worldpoint.eu\/hu\/wp-json\/wp\/v2\/posts"}],"about":[{"href":"https:\/\/worldpoint.eu\/hu\/wp-json\/wp\/v2\/types\/post"}],"author":[{"embeddable":true,"href":"https:\/\/worldpoint.eu\/hu\/wp-json\/wp\/v2\/users\/2"}],"replies":[{"embeddable":true,"href":"https:\/\/worldpoint.eu\/hu\/wp-json\/wp\/v2\/comments?post=213"}],"version-history":[{"count":0,"href":"https:\/\/worldpoint.eu\/hu\/wp-json\/wp\/v2\/posts\/213\/revisions"}],"wp:attachment":[{"href":"https:\/\/worldpoint.eu\/hu\/wp-json\/wp\/v2\/media?parent=213"}],"wp:term":[{"taxonomy":"category","embeddable":true,"href":"https:\/\/worldpoint.eu\/hu\/wp-json\/wp\/v2\/categories?post=213"},{"taxonomy":"post_tag","embeddable":true,"href":"https:\/\/worldpoint.eu\/hu\/wp-json\/wp\/v2\/tags?post=213"}],"curies":[{"name":"wp","href":"https:\/\/api.w.org\/{rel}","templated":true}]}}