{"id":189,"date":"2025-10-15T01:50:53","date_gmt":"2025-10-14T23:50:53","guid":{"rendered":"https:\/\/worldpoint.eu\/hu\/il-divo-urs-buhler-elete\/"},"modified":"2025-10-15T01:50:53","modified_gmt":"2025-10-14T23:50:53","slug":"il-divo-urs-buhler-elete","status":"publish","type":"post","link":"https:\/\/worldpoint.eu\/hu\/il-divo-urs-buhler-elete\/","title":{"rendered":"Il Divo Urs B\u00fchler \u00e9lete: A Tenor Sv\u00e1jci Alpokt\u00f3l a Vil\u00e1gsz\u00ednpadig"},"content":{"rendered":"<p>Amikor az Il Divo neve felmer\u00fcl, a legt\u00f6bben azonnal a n\u00e9gy, eleg\u00e1nsan \u00f6lt\u00f6z\u00f6tt \u00fariemberre gondolnak, akiknek hangja k\u00e9pes \u00e1trep\u00edteni a lelkeket a klasszikus \u00e9s a popzene hat\u00e1r\u00e1n. De kik is \u0151k val\u00f3j\u00e1ban a sz\u00ednpadon k\u00edv\u00fcl? Ma egy m\u00e9lyebb utaz\u00e1sra invit\u00e1ljuk az olvas\u00f3t: t\u00e9m\u00e1nk nem m\u00e1s, mint az <b>Il Divo Urs B\u00fchler \u00e9lete<\/b>, egy olyan t\u00f6rt\u00e9net, amely Sv\u00e1jc csendes hegyei k\u00f6z\u00fcl indult \u00e9s a vil\u00e1g legnagyobb sz\u00ednpadain teljesedett ki. Sokan k\u00e9rdezik, <b>ki az il divo urs b\u00fchler<\/b> val\u00f3j\u00e1ban? Egy motorrajong\u00f3? Egy csal\u00e1dapa? Egy elk\u00f6telezett zen\u00e9sz? Mindegyik, \u00e9s m\u00e9g ann\u00e1l is t\u00f6bb. Tartsanak vel\u00fcnk, mik\u00f6zben r\u00e9tegr\u0151l r\u00e9tegre fejtj\u00fck le ennek a kiv\u00e9teles tehets\u00e9gnek a szem\u00e9lyis\u00e9g\u00e9t \u00e9s karrierj\u00e9t, felfedve a sikerek m\u00f6g\u00f6tt rejl\u0151 embert. Az <b>Il Divo Urs B\u00fchler \u00e9lete<\/b> tele van v\u00e1ratlan fordulatokkal.<\/p>\n<h2>Fedezze fel Urs B\u00fchler, az Il Divo szt\u00e1rj\u00e1nak leny\u0171g\u00f6z\u0151 \u00e9let\u00e9t<\/h2>\n<p>Urs B\u00fchler t\u00f6rt\u00e9nete nem egy tipikus t\u00fcnd\u00e9rmese. Ink\u00e1bb egy kitart\u00e1sr\u00f3l, elhivatotts\u00e1gr\u00f3l \u00e9s a zene ir\u00e1nti olthatatlan szenved\u00e9lyr\u0151l sz\u00f3l\u00f3 kr\u00f3nika. Egy olyan \u00fat, amely megmutatja, hogy a kem\u00e9ny munka \u00e9s a tehets\u00e9g p\u00e1rosa val\u00f3ban csod\u00e1kra k\u00e9pes. Az <b>Il Divo Urs B\u00fchler \u00e9lete<\/b> egy inspir\u00e1l\u00f3 p\u00e9lda arra, hogyan lehet egyens\u00falyt teremteni a vil\u00e1gh\u00edrn\u00e9v \u00e9s a szem\u00e9lyes boldogs\u00e1g k\u00f6z\u00f6tt. Sokan csak a csillog\u00e1st l\u00e1tj\u00e1k, a telt h\u00e1zas ar\u00e9n\u00e1kat, a d\u00edjakat. De mi van a kulissz\u00e1k m\u00f6g\u00f6tt? Mi van azokban a csendes \u00f3r\u00e1kban, amikor a reflektorf\u00e9ny kialszik? Ebben a cikkben pontosan ezekre a k\u00e9rd\u00e9sekre keress\u00fck a v\u00e1laszt, mik\u00f6zben az <b>Il Divo Urs B\u00fchler \u00e9lete<\/b> minden fontos \u00e1llom\u00e1s\u00e1t bej\u00e1rjuk.<\/p>\n<h2>Urs B\u00fchler gyermek\u00e9vei \u00e9s zenei p\u00e1lyafut\u00e1s\u00e1nak kezdetei<\/h2>\n<p>Minden nagy utaz\u00e1s egyetlen l\u00e9p\u00e9ssel kezd\u0151dik. Urs eset\u00e9ben ez a l\u00e9p\u00e9s a sv\u00e1jci Willisau v\u00e1ros\u00e1ban t\u00f6rt\u00e9nt, ahol megl\u00e1tta a napvil\u00e1got. Az \u0151 t\u00f6rt\u00e9nete nem egy csodagyerek\u00e9, aki h\u00e1rom\u00e9vesen m\u00e1r heged\u0171versenyeket nyert. Nem. Az \u00f6v\u00e9 sokkal f\u00f6ldh\u00f6zragadtabb. A zene ir\u00e1nti szeretete kor\u00e1n megmutatkozott, de a rockzene volt az, ami el\u0151sz\u00f6r meg\u00e9rintette. K\u00e9pzelj\u00e9k el, a k\u00e9s\u0151bbi opera\u00e9nekes egy hard rock banda, a Conspiracy frontemberek\u00e9nt kezdte. Hihetetlen, ugye? Ez a kett\u0151ss\u00e9g \u2013 a rockzene vads\u00e1ga \u00e9s a klasszikus zene fegyelmezetts\u00e9ge \u2013 form\u00e1lta azt a m\u0171v\u00e9szt, akit ma ismer\u00fcnk. Az <b>urs b\u00fchler sv\u00e1jci sz\u00e1rmaz\u00e1sa pontosan<\/b> Luzern kantonj\u00e1hoz k\u00f6thet\u0151, ami m\u00e9lyen befoly\u00e1solta zenei \u00edzl\u00e9s\u00e9nek alakul\u00e1s\u00e1t.<\/p>\n<h3>A klasszikus zenei k\u00e9pz\u00e9s alapjai<\/h3>\n<p>A rockzenei kit\u00e9r\u0151 ut\u00e1n Urs hamar r\u00e1j\u00f6tt, hogy az igazi hivat\u00e1sa a klasszikus \u00e9nekl\u00e9s. Az <b>urs b\u00fchler gyermekkor zenei k\u00e9pz\u00e9s<\/b> ekkor vett komoly fordulatot. A luzerni Zeneakad\u00e9mi\u00e1n kezdte meg tanulm\u00e1nyait, ahol egy teljesen \u00faj vil\u00e1g ny\u00edlt meg el\u0151tte. Az <b>urs b\u00fchler zenei k\u00e9pz\u00e9se hol tanult<\/b> k\u00e9rd\u00e9sre a v\u00e1lasz teh\u00e1t egy\u00e9rtelm\u0171en Sv\u00e1jc, de a tud\u00e1s\u00e1t k\u00e9s\u0151bb Amszterdamban, a neves Udo Reinemann ir\u00e1ny\u00edt\u00e1sa alatt m\u00e9ly\u00edtette el. Ez az id\u0151szak a fegyelemr\u0151l \u00e9s az al\u00e1zatr\u00f3l sz\u00f3lt. Naponta \u00f3r\u00e1kat gyakorolt, csiszolta a technik\u00e1j\u00e1t, \u00e9s kereste a saj\u00e1t hangj\u00e1t. Belegondolni is f\u00e1raszt\u00f3. M\u00edg a bar\u00e1tai sz\u00f3rakoztak, \u0151 sk\u00e1l\u00e1zott. De meg\u00e9rte. Ez az elk\u00f6telezetts\u00e9g alapozta meg mindazt, amit k\u00e9s\u0151bb el\u00e9rt. Az <b>Il Divo Urs B\u00fchler \u00e9lete<\/b> ezen szakasza a csendes \u00e9p\u00edtkez\u00e9sr\u0151l sz\u00f3lt.<\/p>\n<h3>Az opera sz\u00ednpad\u00e1t\u00f3l a vil\u00e1gh\u00edr fel\u00e9<\/h3>\n<p>Miel\u0151tt az Il Divo berobbant volna a k\u00f6ztudatba, Urs m\u00e1r akt\u00edv opera\u00e9nekes volt. Az <b>urs b\u00fchler operai karrierje el\u0151tt<\/b> Hollandi\u00e1ban \u00e9p\u00edtgette a p\u00e1ly\u00e1j\u00e1t, fell\u00e9pett a Holland Oper\u00e1ban \u00e9s sz\u00e1mos klasszikus koncerten. Sz\u00f3val, \u0151 nem egy tehets\u00e9gkutat\u00f3b\u00f3l pottyant a m\u00e9lyv\u00edzbe. Komoly szakmai m\u00falt \u00e1llt m\u00f6g\u00f6tte, ami hiteless\u00e9get \u00e9s m\u00e9lys\u00e9get adott a k\u00e9s\u0151bbi Il Divo produkci\u00f3knak is. Mozart, Bach, Monteverdi \u2013 ezek voltak a mindennapjai. Az <b>Il Divo Urs B\u00fchler \u00e9lete<\/b> nem a semmib\u0151l j\u00f6tt, hanem egy gondosan fel\u00e9p\u00edtett karrier cs\u00facspontja volt. Ez a klasszikus h\u00e1tt\u00e9r adja azt a megk\u00e9rd\u0151jelezhetetlen min\u0151s\u00e9get, amit a rajong\u00f3k annyira szeretnek a hangj\u00e1ban.<\/p>\n<h2>Hogyan csatlakozott Urs B\u00fchler az Il Divo-hoz?<\/h2>\n<p>A sorsford\u00edt\u00f3 pillanat akkor j\u00f6tt el, amikor Simon Cowell, a zeneipar mogorva zsenije, egy mer\u00e9sz \u00f6tlettel \u00e1llt el\u0151: l\u00e9trehozni egy multinacion\u00e1lis, klasszikusan k\u00e9pzett \u00e9nekesekb\u0151l \u00e1ll\u00f3 kvartettet, amely popdalokat ad el\u0151 operai st\u00edlusban. A projekt neve: Il Divo. A v\u00e1logat\u00e1s \u00e9veken \u00e1t tartott, \u00e9s a vil\u00e1g minden t\u00e1j\u00e1r\u00f3l kerest\u00e9k a t\u00f6k\u00e9letes hangokat. H\u00e1t, nem volt egyszer\u0171 menet. Az <b>Il Divo Urs B\u00fchler \u00e9lete<\/b> itt vett 180 fokos fordulatot. A k\u00e9rd\u00e9s, hogy <b>hogyan lett urs b\u00fchler il divo tag<\/b>, egy meghallgat\u00e1son d\u0151lt el, ahol azonnal leny\u0171g\u00f6zte Cowellt a hangj\u00e1val \u00e9s a profizmus\u00e1val. A d\u00f6nt\u00e9s megsz\u00fcletett: \u0151 lett a sv\u00e1jci tenor a csapatban.<\/p>\n<h3>A v\u00e1logat\u00e1s \u00e9s a form\u00e1ci\u00f3 titkai<\/h3>\n<p>A folyamat titkos volt \u00e9s rendk\u00edv\u00fcl alapos. Cowell nem csak hangokat keresett, hanem szem\u00e9lyis\u00e9geket is, akik k\u00e9pesek egy\u00fctt dolgozni \u00e9s kieg\u00e9sz\u00edteni egym\u00e1st. Urs mellett a spanyol bariton, Carlos Mar\u00edn, az amerikai tenor, David Miller \u00e9s a francia pop\u00e9nekes, S\u00e9bastien Izambard lett a kiv\u00e1lasztott. A k\u00e9mia azonnal m\u0171k\u00f6d\u00f6tt k\u00f6z\u00f6tt\u00fck. B\u00e1r n\u00e9gy k\u00fcl\u00f6nb\u00f6z\u0151 kult\u00far\u00e1b\u00f3l \u00e9rkeztek, a zene k\u00f6z\u00f6s nyelve azonnal \u00f6sszekov\u00e1csolta \u0151ket. Az <b>Il Divo Urs B\u00fchler \u00e9lete<\/b> egy \u00faj, izgalmas fejezethez \u00e9rkezett.<\/p>\n<h3>A n\u00e9gy hang harmonikus tal\u00e1lkoz\u00e1sa<\/h3>\n<p>Az Il Divo sikere a n\u00e9gy, t\u00f6k\u00e9letesen k\u00fcl\u00f6nb\u00f6z\u0151, m\u00e9gis egym\u00e1ssal harmoniz\u00e1l\u00f3 hang egys\u00e9g\u00e9ben rejlik. Urs krist\u00e1lytiszta tenorja, David er\u0151teljes hangja, S\u00e9bastien poposabb t\u00f3nusa \u00e9s Carlos m\u00e9ly, b\u00e1rsonyos baritonja egy olyan hangz\u00e1st hozott l\u00e9tre, amihez foghat\u00f3t m\u00e9g nem hallott a vil\u00e1g. Sajnos, a csapatot trag\u00e9dia is \u00e9rte, amikor a tehets\u00e9ges <a href=\"https:\/\/worldpoint.eu\/hu\/il-divo-carlos-marin-elete\/\">Carlos Mar\u00edn t\u00fal kor\u00e1n t\u00e1vozott<\/a> k\u00f6z\u00fcl\u00fck. Az \u0151 eml\u00e9ke \u00e9s zenei \u00f6r\u00f6ks\u00e9ge azonban tov\u00e1bb \u00e9l a csapat dalaiban. Az <b>il divo tagok teljes \u00e9letrajza<\/b> tele van diadalokkal \u00e9s neh\u00e9zs\u00e9gekkel, amelyek csak er\u0151sebb\u00e9 tett\u00e9k \u0151ket. Az <b>Il Divo Urs B\u00fchler \u00e9lete<\/b> szorosan \u00f6sszefon\u00f3dott a m\u00e1sik h\u00e1rom tag\u00e9val, l\u00e9trehozva egy megbonthatatlan k\u00f6tel\u00e9ket.<\/p>\n<h2>Az Il Divo glob\u00e1lis sikerei \u00e9s Urs B\u00fchler szerepe<\/h2>\n<p>A deb\u00fct\u00e1l\u00e1suk ut\u00e1n az Il Divo \u00fcst\u00f6k\u00f6sk\u00e9nt robbant be a zenei vil\u00e1gba. Els\u0151 albumuk t\u00f6bb tucat orsz\u00e1gban vezette a list\u00e1kat, \u00e9s a siker az\u00f3ta is t\u00f6retlen. Urs B\u00fchler, a sv\u00e1jci tenor, a csapat egyik alappill\u00e9re. Az \u0151 fegyelmezetts\u00e9ge \u00e9s klasszikus k\u00e9pzetts\u00e9ge adja a produkci\u00f3k gerinc\u00e9t. Az <b>Il Divo Urs B\u00fchler \u00e9lete<\/b> a sz\u00ednpadon a t\u00f6k\u00e9letess\u00e9gr\u0151l sz\u00f3l, minden hang a hely\u00e9n van, minden mozdulat prec\u00edz. \u0150 a stabilit\u00e1s a kvartettben.<\/p>\n<h3>Vil\u00e1gk\u00f6r\u00fcli turn\u00e9k \u00e9s listavezet\u0151 albumok<\/h3>\n<p>Az elm\u00falt \u00e9vek sor\u00e1n az <b>il divo turn\u00e9k urs b\u00fchler r\u00e9szv\u00e9tel\u00e9vel<\/b> a vil\u00e1g minden szeglet\u00e9be eljutottak. A Sydney-i Operah\u00e1zt\u00f3l a New York-i Radio City Music Hallig mindenhol telt h\u00e1z fogadta \u0151ket. Milli\u00f3k \u00e9nekelt\u00e9k vel\u00fck a sl\u00e1gereiket. Az <b>il divo urs b\u00fchler legjobb dalok list\u00e1ja<\/b> olyan klasszikusokat tartalmaz, mint az &#8220;Unbreak My Heart (Regresa a m\u00ed)&#8221; vagy a &#8220;Hallelujah&#8221;, amelyek \u00faj \u00e9rtelmet nyertek az \u0151 el\u0151ad\u00e1sukban. Az <b>Il Divo Urs B\u00fchler \u00e9lete<\/b> egy v\u00e9get nem \u00e9r\u0151 utaz\u00e1s a zene k\u00f6r\u00fcl.<\/p>\n<h3>A klasszikus crossover m\u0171faj meg\u00faj\u00edt\u00e1sa<\/h3>\n<p>Az Il Divo gyakorlatilag megteremtette \u00e9s egyben cs\u00facsra is j\u00e1ratta a klasszikus crossover m\u0171fajt. Megmutatt\u00e1k, hogy a klasszikus zene nem unalmas \u00e9s poros, hanem lehet modern, szenved\u00e9lyes \u00e9s mindenki sz\u00e1m\u00e1ra \u00e9lvezhet\u0151. Ebben Urs B\u00fchlernek oroszl\u00e1nr\u00e9sze volt. Az \u0151 hiteless\u00e9ge kellett ahhoz, hogy a kritikusok is elismerj\u00e9k a produkci\u00f3t. Az <b>Il Divo Urs B\u00fchler \u00e9lete<\/b> \u00f6sszeforrt a m\u0171faj sors\u00e1val.<\/p>\n<h2>Urs B\u00fchler egyedi hangja \u00e9s sz\u00ednpadi jelenl\u00e9te<\/h2>\n<p>Urs hangja az, ami azonnal felismerhet\u0151v\u00e9 teszi. Egy l\u00edrai tenor, amelynek ereje \u00e9s finoms\u00e1ga egyar\u00e1nt leny\u0171g\u00f6z\u0151. K\u00e9pes a legmagasabb hangokat is k\u00f6nnyed\u00e9n ki\u00e9nekelni, de a halkabb, \u00e9rzelmesebb r\u00e9szekben is brili\u00e1ns. Sz\u00ednpadi jelenl\u00e9te visszafogott, m\u00e9gis karizmatikus. Nem egy hars\u00e1ny figura, ink\u00e1bb a zen\u00e9re koncentr\u00e1l, \u00e9s hagyja, hogy a hangja besz\u00e9ljen helyette. Az <b>Il Divo Urs B\u00fchler \u00e9lete<\/b> a zenei al\u00e1zatr\u00f3l is sz\u00f3l.<\/p>\n<h3>A tenor hang sz\u00e9ps\u00e9ge \u00e9s ereje<\/h3>\n<p>A k\u00e9rd\u00e9s, hogy <b>milyen a hangja urs b\u00fchlernek<\/b>, k\u00f6nnyen megv\u00e1laszolhat\u00f3: tiszta, er\u0151teljes \u00e9s rendk\u00edv\u00fcl kontroll\u00e1lt. Technikai tud\u00e1sa megk\u00e9rd\u0151jelezhetetlen, ami lehet\u0151v\u00e9 teszi sz\u00e1m\u00e1ra, hogy a legnehezebb \u00e1ri\u00e1kat is l\u00e1tsz\u00f3lagos k\u00f6nnyeds\u00e9ggel adja el\u0151. Az <b>Il Divo Urs B\u00fchler \u00e9lete<\/b> a hangj\u00e1nak folyamatos fejleszt\u00e9s\u00e9r\u0151l is sz\u00f3l, soha nem el\u00e9gedett meg a jelenlegi szinttel. Ez a maximalizmus teszi \u0151t igaz\u00e1n naggy\u00e1. A kritikusok gyakran dics\u00e9rik hangj\u00e1nak melegs\u00e9g\u00e9t \u00e9s gazdag t\u00f3nus\u00e1t, ami t\u00f6k\u00e9letesen illeszkedik a crossover m\u0171fajhoz. Az <b>Il Divo Urs B\u00fchler \u00e9lete<\/b> egy hang k\u00f6r\u00e9 \u00e9p\u00fcl.<\/p>\n<h3>Szem\u00e9lyes \u00e9let \u00e9s karrier egyens\u00falya<\/h3>\n<p>A rivaldaf\u00e9nyen t\u00fal Urs egy meglehet\u0151sen visszah\u00faz\u00f3d\u00f3 ember. Szenved\u00e9lyes motoros, im\u00e1dja a sebess\u00e9get \u00e9s a szabads\u00e1got, ami \u00e9les kontrasztban \u00e1ll a sz\u00ednpadi eleganci\u00e1j\u00e1val. Az <b>urs b\u00fchler feles\u00e9ge \u00e9s gyermekei neve<\/b> a mag\u00e1nszf\u00e9ra r\u00e9sz\u00e9t k\u00e9pezi, amit f\u00e9ltve \u0151riz a nyilv\u00e1noss\u00e1gt\u00f3l. \u00c9s ez \u00edgy van rendj\u00e9n. Az <b>il divo urs b\u00fchler \u00e9rdekess\u00e9gek szem\u00e9lyes<\/b> kateg\u00f3ri\u00e1j\u00e1ba tartozik, hogy im\u00e1dja a j\u00f3 k\u00e1v\u00e9t, \u00e9s \u00e1ll\u00edt\u00f3lag a turn\u00e9buszon is mindig van egy profi eszpressz\u00f3g\u00e9p. Az <b>urs b\u00fchler hobbi \u00e9s \u00e9rdekl\u0151d\u00e9si k\u00f6r\u00f6k<\/b> list\u00e1j\u00e1n a motoroz\u00e1s mellett a bark\u00e1csol\u00e1s is szerepel. Az <b>Il Divo Urs B\u00fchler \u00e9lete<\/b> a sz\u00ednpadon k\u00edv\u00fcl a norm\u00e1lis h\u00e9tk\u00f6znapokr\u00f3l sz\u00f3l. Az <b>il divo urs b\u00fchler magass\u00e1ga s\u00falya<\/b> adatokat a rajong\u00f3k gyakran keresik, de a l\u00e9nyeg a tehets\u00e9g\u00e9ben rejlik, nem a fizikai param\u00e9tereiben. Az <b>Il Divo Urs B\u00fchler \u00e9lete<\/b> egyens\u00falykeres\u00e9s a szt\u00e1rs\u00e1g \u00e9s a mag\u00e1n\u00e9let k\u00f6z\u00f6tt.<\/p>\n<h2>Kih\u00edv\u00e1sok \u00e9s diadalok egy vil\u00e1gszt\u00e1r \u00e9let\u00e9ben<\/h2>\n<p>A sikernek mindig \u00e1ra van. Az \u00e1lland\u00f3 utaz\u00e1s, a csal\u00e1dt\u00f3l val\u00f3 t\u00e1voll\u00e9t, a nyom\u00e1ban j\u00e1r\u00f3 sajt\u00f3 mind komoly terhet r\u00f3 egy m\u0171v\u00e9szre. Az <b>Il Divo Urs B\u00fchler \u00e9lete<\/b> sem mentes a neh\u00e9zs\u00e9gekt\u0151l. Voltak pillanatok, amikor elf\u00e1radt, amikor megk\u00e9rd\u0151jelezte az eg\u00e9szet. De a zene szeretete mindig \u00e1tseg\u00edtette a holtpontokon. A legnagyobb diadal pedig nem a platinalemez vagy a telt h\u00e1zas koncert, hanem az, amikor l\u00e1tja a k\u00f6z\u00f6ns\u00e9g szem\u00e9ben a boldogs\u00e1got \u00e9s a meghatotts\u00e1got. Az <b>Il Divo Urs B\u00fchler \u00e9lete<\/b> err\u0151l a kapcsolatr\u00f3l sz\u00f3l.<\/p>\n<h3>Az utaz\u00e1s \u00e9s a fell\u00e9p\u00e9sek \u00e1lland\u00f3 ritmusa<\/h3>\n<p>\u00c9let a b\u0151r\u00f6ndb\u0151l. Ez a vil\u00e1gszt\u00e1rok val\u00f3s\u00e1ga. Egyik nap Toki\u00f3, m\u00e1sik nap London. Alkalmazkodni kell az id\u0151z\u00f3n\u00e1khoz, a k\u00fcl\u00f6nb\u00f6z\u0151 kult\u00far\u00e1khoz. Az <b>Il Divo Urs B\u00fchler \u00e9lete<\/b> egy folyamatos logisztikai kih\u00edv\u00e1s. Nem csoda, hogy <b>milyen nyelven besz\u00e9l urs b\u00fchler fluensen<\/b>: a n\u00e9met, a francia, a holland \u00e9s az angol mellett spanyolul \u00e9s olaszul is kommunik\u00e1l, ami elengedhetetlen a multinacion\u00e1lis csapatban \u00e9s a vil\u00e1gk\u00f6r\u00fcli turn\u00e9kon. Az <b>urs b\u00fchler interj\u00fak magyarul<\/b> ritk\u00e1k, de rem\u00e9lj\u00fck, egyszer erre is sor ker\u00fcl. Az <b>Il Divo Urs B\u00fchler \u00e9lete<\/b> a folyamatos mozg\u00e1sr\u00f3l sz\u00f3l.<\/p>\n<h3>A m\u0171v\u00e9szi fejl\u0151d\u00e9s \u00e9s a j\u00f6v\u0151beli tervek<\/h3>\n<p>Egy igazi m\u0171v\u00e9sz soha nem \u00e1ll meg. Mindig keresi az \u00faj kih\u00edv\u00e1sokat, az \u00faj utakat. Az <b>urs b\u00fchler sz\u00f3l\u00f3karrier lehet\u0151s\u00e9gek j\u00f6v\u0151<\/b> k\u00e9rd\u00e9se id\u0151r\u0151l id\u0151re felmer\u00fcl a rajong\u00f3k k\u00f6r\u00e9ben. B\u00e1r jelenleg teljes m\u00e9rt\u00e9kben az Il Divo-ra koncentr\u00e1l, nem z\u00e1rja ki, hogy a t\u00e1voli j\u00f6v\u0151ben kipr\u00f3b\u00e1lja mag\u00e1t egy sz\u00f3l\u00f3projektben is. Az <b>Il Divo Urs B\u00fchler \u00e9lete<\/b> a folyamatos fejl\u0151d\u00e9sr\u0151l \u00e9s a zenei k\u00edv\u00e1ncsis\u00e1gr\u00f3l is tan\u00faskodik.<\/p>\n<h2>Urs B\u00fchler \u00f6r\u00f6ks\u00e9ge \u00e9s az Il Divo j\u00f6v\u0151je<\/h2>\n<p>Mit hagy maga ut\u00e1n egy m\u0171v\u00e9sz? Urs B\u00fchler eset\u00e9ben ez egy\u00e9rtelm\u0171: egy olyan zenei \u00f6r\u00f6ks\u00e9get, amely gener\u00e1ci\u00f3kon \u00e1t\u00edvelve fog \u00f6r\u00f6met szerezni az embereknek. Megmutatta, hogy a klasszikus zene lehet men\u0151, \u00e9s hogy a k\u00fcl\u00f6nb\u00f6z\u0151 zenei vil\u00e1gok k\u00f6z\u00f6tt hidakat lehet \u00e9p\u00edteni. Az <b>il divo urs b\u00fchler \u00e9letrajz r\u00e9szletesen magyarul<\/b> egy olyan sikert\u00f6rt\u00e9net, amelyre sokan feln\u00e9znek. Ahogy a legt\u00f6bb rajong\u00f3, aki a <b>urs b\u00fchler wikipedia \u00e9letrajz magyar<\/b> oldalt keresi, mi is a teljes k\u00e9pet akartuk bemutatni. Az Il Divo j\u00f6v\u0151je Carlos Mar\u00edn hal\u00e1la ut\u00e1n \u00faj alapokra helyez\u0151d\u00f6tt, de a zene ir\u00e1nti elk\u00f6telezetts\u00e9g\u00fck t\u00f6retlen. Az <b>Il Divo Urs B\u00fchler \u00e9lete<\/b> tov\u00e1bbra is a zen\u00e9r\u0151l, a szenved\u00e9lyr\u0151l \u00e9s arr\u00f3l a csod\u00e1r\u00f3l sz\u00f3l, amit n\u00e9gy hang egy\u00fctt k\u00e9pes l\u00e9trehozni. Ez a teljes igazs\u00e1g: az <b>Il Divo Urs B\u00fchler \u00e9lete<\/b> egy nyitott k\u00f6nyv, amelynek m\u00e9g kor\u00e1nt sincs v\u00e9ge.<\/p>\n","protected":false},"excerpt":{"rendered":"<p>Amikor az Il Divo neve felmer\u00fcl, a legt\u00f6bben azonnal a n\u00e9gy, eleg\u00e1nsan \u00f6lt\u00f6z\u00f6tt \u00fariemberre gondolnak, akiknek hangja k\u00e9pes \u00e1trep\u00edteni a lelkeket a klasszikus \u00e9s a popzene hat\u00e1r\u00e1n. De kik is \u0151k val\u00f3j\u00e1ban a sz\u00ednpadon k\u00edv\u00fcl? Ma egy m\u00e9lyebb utaz\u00e1sra invit\u00e1ljuk az olvas\u00f3t: t\u00e9m\u00e1nk nem m\u00e1s, mint az Il Divo Urs B\u00fchler \u00e9lete, egy olyan t\u00f6rt\u00e9net, [&hellip;]<\/p>\n","protected":false},"author":2,"featured_media":0,"comment_status":"","ping_status":"","sticky":false,"template":"","format":"standard","meta":{"footnotes":""},"categories":[1],"tags":[],"class_list":["post-189","post","type-post","status-publish","format-standard","hentry","category-uzlet"],"_links":{"self":[{"href":"https:\/\/worldpoint.eu\/hu\/wp-json\/wp\/v2\/posts\/189","targetHints":{"allow":["GET"]}}],"collection":[{"href":"https:\/\/worldpoint.eu\/hu\/wp-json\/wp\/v2\/posts"}],"about":[{"href":"https:\/\/worldpoint.eu\/hu\/wp-json\/wp\/v2\/types\/post"}],"author":[{"embeddable":true,"href":"https:\/\/worldpoint.eu\/hu\/wp-json\/wp\/v2\/users\/2"}],"replies":[{"embeddable":true,"href":"https:\/\/worldpoint.eu\/hu\/wp-json\/wp\/v2\/comments?post=189"}],"version-history":[{"count":0,"href":"https:\/\/worldpoint.eu\/hu\/wp-json\/wp\/v2\/posts\/189\/revisions"}],"wp:attachment":[{"href":"https:\/\/worldpoint.eu\/hu\/wp-json\/wp\/v2\/media?parent=189"}],"wp:term":[{"taxonomy":"category","embeddable":true,"href":"https:\/\/worldpoint.eu\/hu\/wp-json\/wp\/v2\/categories?post=189"},{"taxonomy":"post_tag","embeddable":true,"href":"https:\/\/worldpoint.eu\/hu\/wp-json\/wp\/v2\/tags?post=189"}],"curies":[{"name":"wp","href":"https:\/\/api.w.org\/{rel}","templated":true}]}}