{"id":181,"date":"2025-10-15T01:23:07","date_gmt":"2025-10-14T23:23:07","guid":{"rendered":"https:\/\/worldpoint.eu\/hu\/haj-divat-trendek-utmutato\/"},"modified":"2025-10-15T01:23:07","modified_gmt":"2025-10-14T23:23:07","slug":"haj-divat-trendek-utmutato","status":"publish","type":"post","link":"https:\/\/worldpoint.eu\/hu\/haj-divat-trendek-utmutato\/","title":{"rendered":"Haj Divat Trendek A Legfrissebb \u00datmutat\u00f3 a St\u00edlusos Frizur\u00e1khoz"},"content":{"rendered":"<p>A hajunk t\u00f6bb, mint egyszer\u0171en csak a fej\u00fcnk\u00f6n n\u00f6v\u0151 sz\u00e1lak \u00f6sszess\u00e9ge. Ez a szem\u00e9lyis\u00e9g\u00fcnk, a st\u00edlusunk \u00e9s a hangulatunk kifejez\u0151d\u00e9se. \u00c9ppen ez\u00e9rt k\u00f6vetj\u00fck annyira figyelemmel a v\u00e1ltoz\u00f3 <strong>haj divat trendek<\/strong> vil\u00e1g\u00e1t, mert egy \u00faj frizura k\u00e9pes teljesen meg\u00faj\u00edtani minket, k\u00edv\u00fcl \u00e9s bel\u00fcl egyar\u00e1nt. N\u00e9ha csak egy apr\u00f3 v\u00e1ltoztat\u00e1s kell, m\u00e1skor pedig egy drasztikus v\u00e1g\u00e1s. De a l\u00e9nyeg mindig ugyanaz. A meg\u00fajul\u00e1s.<\/p>\n<h3>A haj divat \u00f6r\u00f6k k\u00f6rforg\u00e1sa: Fedezze fel a leg\u00fajabb trendeket<\/h3>\n<p>Ahogy a ruh\u00e1k eset\u00e9ben, \u00fagy a frizur\u00e1k vil\u00e1g\u00e1ban is minden visszat\u00e9r egyszer. Ami tegnap ciki volt, az ma \u00fajra men\u0151. A <strong>haj divat trendek<\/strong> folyamatosan v\u00e1ltoznak, inspir\u00e1ci\u00f3t mer\u00edtve a m\u00falt \u00e9vtizedeib\u0151l, mik\u00f6zben mindig valami \u00fajat, valami frisset hoznak a felsz\u00ednre. Eml\u00e9kszem, tinikoromban a dauer volt a minden, azt\u00e1n \u00e9vekig elk\u00e9pzelhetetlen volt, ma pedig a l\u00e1gy, term\u00e9szetes hull\u00e1mok \u00fajra h\u00f3d\u00edtanak. Ez a ciklikuss\u00e1g teszi annyira izgalmass\u00e1 ezt az eg\u00e9szet. A mostani <strong>haj divat trendek<\/strong> k\u00fcl\u00f6n\u00f6sen izgalmasak, mert a term\u00e9szetess\u00e9g \u00e9s az egyedis\u00e9g kett\u0151ss\u00e9g\u00e9re \u00e9p\u00edtenek. Nincs egyetlen helyes \u00fat. Szabads\u00e1g van.<\/p>\n<h3>Mi\u00e9rt fontos k\u00f6vetni a haj divat trendeket?<\/h3>\n<p>Sokan azt gondolj\u00e1k, a trendk\u00f6vet\u00e9s felsz\u00ednes dolog. Dehogyis. Ez ink\u00e1bb egyfajta j\u00e1t\u00e9k az \u00f6nkifejez\u00e9ssel. Egy \u00faj frizura \u00f6nbizalmat adhat, seg\u00edthet lez\u00e1rni egy \u00e9letszakaszt, vagy \u00e9pp egy \u00faj kezdet\u00e9t szimboliz\u00e1lhatja. A <strong>haj divat trendek<\/strong> k\u00f6vet\u00e9se nem k\u00f6telez\u0151, sokkal ink\u00e1bb egy lehet\u0151s\u00e9g arra, hogy felfriss\u00edts\u00fck a megjelen\u00e9s\u00fcnket, \u00e9s jobban \u00e9rezz\u00fck magunkat a b\u0151r\u00fcnkben. Arr\u00f3l nem is besz\u00e9lve, hogy egy modern v\u00e1g\u00e1s vagy egy friss sz\u00edn \u00e9vekkel fiatal\u00edthat. Ki ne akarn\u00e1 ezt? Pontosan. A k\u00e9rd\u00e9s m\u00e1r csak az, <strong>mi a leg\u00fajabb haj divat trend n\u0151knek<\/strong> jelenleg?<\/p>\n<h3>A leg\u00fajabb haj divat trendek, amelyek uralj\u00e1k a kifut\u00f3kat \u00e9s utc\u00e1kat<\/h3>\n<p>Az aktu\u00e1lis <strong>haj divat trendek<\/strong> hihetetlen\u00fcl soksz\u00edn\u0171ek. A kulcssz\u00f3 a szem\u00e9lyre szabhat\u00f3s\u00e1g. Nincsenek k\u0151be v\u00e9sett szab\u00e1lyok, csak ir\u00e1nyelvek, amelyeket a saj\u00e1t st\u00edlusunkhoz igaz\u00edthatunk. L\u00e1tunk mindent: a szuperr\u00f6vid, mer\u00e9sz pixie v\u00e1g\u00e1sokt\u00f3l a v\u00e1llig \u00e9r\u0151, textur\u00e1lt bobokon \u00e1t eg\u00e9szen a der\u00e9kig \u00e9r\u0151, l\u00e1gy hull\u00e1mokig. A l\u00e9nyeg, hogy a frizura passzoljon a szem\u00e9lyis\u00e9g\u00fcnkh\u00f6z \u00e9s az \u00e9letvitel\u00fcnkh\u00f6z. A mostani id\u0151szakban a <strong>haj divat trendek<\/strong> legink\u00e1bb a term\u00e9szetes text\u00far\u00e1k \u00e9s a k\u00f6nnyed, szinte \u201emag\u00e1t\u00f3l\u201d be\u00e1ll\u00f3 fazonok fel\u00e9 hajlanak. A c\u00e9l nem a mesterk\u00e9lt t\u00f6k\u00e9letess\u00e9g, hanem a laza elegancia. Ha m\u00e9lyebben bele\u00e1sn\u00e1d magad a t\u00e9m\u00e1ba, a <a href=\"https:\/\/worldpoint.eu\/hu\/frizura-divat-trendek\/\">frizura divat trendek<\/a> sz\u00e9les sk\u00e1l\u00e1j\u00e1t \u00e9rdemes felfedezni.<\/p>\n<h3>Hossz\u00fa haj st\u00edlusok: Elegancia \u00e9s vari\u00e1ci\u00f3k<\/h3>\n<p>A hossz\u00fa haj sosem megy ki a divatb\u00f3l. Klasszikus, n\u0151ies \u00e9s rengeteg lehet\u0151s\u00e9get rejt mag\u00e1ban. A jelenlegi <strong>haj divat trendek<\/strong> a hossz\u00fa hajat r\u00e9teges v\u00e1g\u00e1sokkal teszik izgalmasabb\u00e1, amelyek volument \u00e9s mozg\u00e1st adnak a frizur\u00e1nak. Az enyh\u00e9n k\u00f3cos, tengerparti hull\u00e1mok tov\u00e1bbra is n\u00e9pszer\u0171ek, de a sz\u00f6gegyenes, f\u00e9nyes hajkorona is renesz\u00e1nsz\u00e1t \u00e9li. A hossz\u00fa haj eset\u00e9ben a hangs\u00faly az eg\u00e9szs\u00e9gen van. F\u00e9nyesnek, \u00e1poltnak kell lennie, k\u00fcl\u00f6nben az eg\u00e9sz hat\u00e1s elv\u00e9sz. Itt j\u00f6nnek k\u00e9pbe a rendszeres v\u00e1g\u00e1sok \u00e9s a min\u0151s\u00e9gi \u00e1pol\u00e1s, mert a <strong>haj\u00e1pol\u00e1si tippek sz\u00e1raz \u00e9s t\u00f6redezett hajra<\/strong> elengedhetetlenek.<\/p>\n<h3>R\u00f6vid haj trendek: Mer\u00e9szs\u00e9g \u00e9s praktikum<\/h3>\n<p>A r\u00f6vid haj egy statement. B\u00e1tors\u00e1got \u00e9s magabiztoss\u00e1got sug\u00e1roz. A pixie, a bixie (bob \u00e9s pixie kever\u00e9ke) \u00e9s a klasszikus r\u00f6vid bob mind a legmen\u0151bb <strong>haj divat trendek<\/strong> k\u00f6z\u00e9 tartoznak. Praktikusak, k\u00f6nnyen kezelhet\u0151ek, \u00e9s hihetetlen\u00fcl st\u00edlusosak tudnak lenni. A r\u00f6vid haj kiemeli az arcvon\u00e1sokat, a nyakat, a tekintetet. Persze, sokan f\u00e9lnek t\u0151le. Mi van, ha megb\u00e1nom? De a haj visszan\u0151! Egy j\u00f3l eltal\u00e1lt r\u00f6vid frizura felszabad\u00edt\u00f3 \u00e9rz\u00e9s lehet, \u00e9s a mostani <strong>haj divat trendek<\/strong> kifejezetten t\u00e1mogatj\u00e1k ezt a fajta mer\u00e9szs\u00e9get.<\/p>\n<h3>F\u00e9lhossz\u00fa frizur\u00e1k: Az arany k\u00f6z\u00e9p\u00fat sokoldal\u00fas\u00e1ga<\/h3>\n<p>Tal\u00e1n a legn\u00e9pszer\u0171bb kateg\u00f3ria, \u00e9s nem v\u00e9letlen\u00fcl. A f\u00e9lhossz\u00fa, vagyis a v\u00e1llig, kulcscsontig \u00e9r\u0151 haj (lob) az arany k\u00f6z\u00e9p\u00fat. El\u00e9g hossz\u00fa ahhoz, hogy fel lehessen k\u00f6tni, de el\u00e9g r\u00f6vid ahhoz, hogy k\u00f6nnyen kezelhet\u0151 \u00e9s dinamikus legyen. Ez a hossz szinte mindenkinek j\u00f3l \u00e1ll, \u00e9s remek\u00fcl vari\u00e1lhat\u00f3. Lehet egyenes, hull\u00e1mos, g\u00f6nd\u00f6r. A mai <strong>haj divat trendek<\/strong> a textur\u00e1lt, tompa v\u00e1g\u00e1s\u00fa lobokat r\u00e9szes\u00edtik el\u0151nyben, amelyek teltebbnek mutatj\u00e1k a hajat.<\/p>\n<h3>Sz\u00ednek, v\u00e1g\u00e1sok \u00e9s text\u00far\u00e1k: A haj divat alapk\u00f6vei<\/h3>\n<p>A t\u00f6k\u00e9letes frizura h\u00e1rom alappill\u00e9ren nyugszik: a sz\u00ednen, a v\u00e1g\u00e1son \u00e9s a text\u00far\u00e1n. Ezek \u00f6sszhangja adja meg a v\u00e9geredm\u00e9nyt. A <strong>haj divat trendek<\/strong> ezen a h\u00e1rom ter\u00fcleten is folyamatosan \u00faj\u00edtanak, hogy mindenki megtal\u00e1lhassa a hozz\u00e1 legink\u00e1bb ill\u0151 kombin\u00e1ci\u00f3t. Egy j\u00f3 fodr\u00e1sz pontosan tudja, <strong>hogyan v\u00e1lasszunk haj st\u00edlust arcform\u00e1nkhoz<\/strong>, \u00e9s seg\u00edt a legjobb d\u00f6nt\u00e9s meghozatal\u00e1ban.<\/p>\n<h3>Hajsz\u00edn trendek: A term\u00e9szetes \u00e1rnyalatokt\u00f3l a mer\u00e9sz k\u00eds\u00e9rletekig<\/h3>\n<p>A sz\u00ednek ter\u00e9n a term\u00e9szetess\u00e9g uralkodik. A \u201elived-in\u201d vagy \u201ebelen\u0151tt\u201d hat\u00e1s\u00fa fest\u00e9sek, mint a balayage \u00e9s az ombre, tov\u00e1bbra is a cs\u00facson vannak. A c\u00e9l, hogy a sz\u00edn \u00fagy n\u00e9zzen ki, mintha a nap sz\u00edvta volna ki, \u00e9s a len\u00f6v\u00e9s se legyen felt\u0171n\u0151. N\u00e9pszer\u0171ek a meleg, m\u00e9zes sz\u0151k\u00e9k, a gazdag csokol\u00e1d\u00e9barn\u00e1k \u00e9s a v\u00f6r\u00f6ses \u00e1rnyalatok. A <strong>hajsz\u00edn trendek barna hajra<\/strong> k\u00fcl\u00f6n\u00f6sen a karamell \u00e9s arany mel\u00edrokat helyezik el\u0151t\u00e9rbe. Persze a mer\u00e9szebb sz\u00ednek, mint a pasztell r\u00f3zsasz\u00edn vagy a m\u00e9lyk\u00e9k, szint\u00e9n jelen vannak, de ink\u00e1bb csak egy-egy tincs vagy a hajv\u00e9gek form\u00e1j\u00e1ban. A <strong>haj divat trendek<\/strong> nem korl\u00e1toz\u00f3dnak \u00e9letkor szerint, a st\u00edlusos megjelen\u00e9s kortalan. Egy j\u00f3l megv\u00e1lasztott frizura minden korban csod\u00e1kra k\u00e9pes, legyen sz\u00f3 a <a href=\"https:\/\/worldpoint.eu\/hu\/frizura-divat-40-felett\/\">frizura divat 40 felett<\/a> vagy a <a href=\"https:\/\/worldpoint.eu\/hu\/frizura-divat-50-felett\/\">frizura divat 50 felett<\/a> \u00e1ll\u00f3knak sz\u00f3l\u00f3 inspir\u00e1ci\u00f3kr\u00f3l.<\/p>\n<h3>Modern v\u00e1g\u00e1si technik\u00e1k: Precizit\u00e1s \u00e9s forma a t\u00f6k\u00e9letes frizur\u00e1hoz<\/h3>\n<p>Egy frizura lelke a v\u00e1g\u00e1s. A modern technik\u00e1k, mint a \u201eslicing\u201d vagy a \u201epoint cutting\u201d, lehet\u0151v\u00e9 teszik, hogy a haj k\u00f6nnyebben form\u00e1zhat\u00f3 legyen \u00e9s term\u00e9szetesebben essen. A borotv\u00e1s v\u00e1g\u00e1s p\u00e9ld\u00e1ul puh\u00e1bb, textur\u00e1ltabb v\u00e9geredm\u00e9nyt ad. A j\u00f3 v\u00e1g\u00e1s titka, hogy figyelembe veszi a haj t\u00edpus\u00e1t, s\u0171r\u0171s\u00e9g\u00e9t \u00e9s term\u00e9szetes es\u00e9s\u00e9t. A jelenlegi <strong>haj divat trendek<\/strong> a prec\u00edz, de m\u00e9gis laz\u00e1nak t\u0171n\u0151 v\u00e1g\u00e1sokat prefer\u00e1lj\u00e1k.<\/p>\n<h3>Text\u00fara \u00e9s volumen: Hogyan \u00e9rj el tart\u00f3s hat\u00e1st otthon?<\/h3>\n<p>A volumen \u00e9s a text\u00fara kulcsfontoss\u00e1g\u00fa. Lapos, lelapul\u00f3 hajjal a legszebb v\u00e1g\u00e1s sem \u00e9rv\u00e9nyes\u00fcl. A <strong>haj volumen n\u00f6vel\u00e9se term\u00e9szetesen<\/strong> is lehets\u00e9ges, p\u00e9ld\u00e1ul a megfelel\u0151 sz\u00e1r\u00edt\u00e1si technik\u00e1val vagy a fejtet\u0151n val\u00f3 tup\u00edroz\u00e1ssal. A textur\u00e1l\u00f3 spray-k, sz\u00e1razsamponok \u00e9s hajhabok csod\u00e1kra k\u00e9pesek. A l\u00e9nyeg, hogy ne vigy\u00fck t\u00falz\u00e1sba a term\u00e9keket, mert az elnehez\u00edtheti a hajat. Fontos megtal\u00e1lni a <strong>legjobb hajform\u00e1z\u00f3 term\u00e9kek v\u00e9konysz\u00e1l\u00fa hajra<\/strong> szabott v\u00e1ltozatait, ha ilyen t\u00edpus\u00fa a hajunk. A mostani <strong>haj divat trendek<\/strong> szeretik a k\u00f3cos, sz\u00e9lf\u00fatta hat\u00e1st.<\/p>\n<h3>F\u00e9rfi haj divat trendek: St\u00edlusos megjelen\u00e9s minden alkalomra<\/h3>\n<p>Ne feledkezz\u00fcnk meg az urakr\u00f3l sem! A <strong>f\u00e9rfi haj divat trendek<\/strong> legal\u00e1bb annyira v\u00e1ltozatosak \u00e9s izgalmasak, mint a n\u0151i frizur\u00e1k. Az elm\u00falt \u00e9vekben a f\u00e9rfi haj\u00e1pol\u00e1s \u00e9s -form\u00e1z\u00e1s val\u00f3s\u00e1gos forradalmon ment kereszt\u00fcl. Ma m\u00e1r egy\u00e1ltal\u00e1n nem ciki, ha egy f\u00e9rfi ad a megjelen\u00e9s\u00e9re \u00e9s a frizur\u00e1j\u00e1ra. A <strong>haj divat trendek<\/strong> a f\u00e9rfiak eset\u00e9ben is a szem\u00e9lyre szabhat\u00f3s\u00e1g fel\u00e9 mozdultak el, egyre t\u00f6bb opci\u00f3t k\u00edn\u00e1lva. A j\u00f3l \u00e1polt megjelen\u00e9s alapvet\u0151.<\/p>\n<h3>Klasszikus \u00e9s modern f\u00e9rfi frizur\u00e1k: V\u00e1laszd ki a hozz\u00e1d ill\u0151t<\/h3>\n<p>A f\u00e9rfiakn\u00e1l a r\u00f6vid \u00e9s a f\u00e9lhossz\u00fa haj a legelterjedtebb. A klasszikus, oldalt felny\u00edrt, fel\u00fcl hosszabbra hagyott fazonok (side part, pompadour) \u00f6r\u00f6k \u00e9rv\u00e9ny\u0171ek. Mellett\u00fck h\u00f3d\u00edtanak a laz\u00e1bb, textur\u00e1ltabb st\u00edlusok, mint a \u201ecrop\u201d vagy a hosszabb, k\u00f3cosabb frizur\u00e1k. A <strong>f\u00e9rfi hajv\u00e1g\u00e1s trendek r\u00f6vid haj<\/strong> eset\u00e9ben a prec\u00edz \u00e1tmenetekre \u00e9s a hat\u00e1rozott kont\u00farokra f\u00f3kusz\u00e1lnak. Az aktu\u00e1lis <strong>haj divat trendek<\/strong> itt is a term\u00e9szetes hat\u00e1st \u00e9s a k\u00f6nny\u0171 form\u00e1zhat\u00f3s\u00e1got helyezik el\u0151t\u00e9rbe. A <a href=\"https:\/\/worldpoint.eu\/hu\/ferfi-haj-divat-trendek-es-stilusok\/\">f\u00e9rfi haj divat trendek \u00e9s st\u00edlusok<\/a> vil\u00e1g\u00e1ban mindenki megtal\u00e1lhatja a hozz\u00e1 ill\u0151 fazont.<\/p>\n<h3>Hogyan \u00e1pold \u00e9s form\u00e1zd a trendi frizur\u00e1dat?<\/h3>\n<p>Egy men\u0151 frizura mit sem \u00e9r a megfelel\u0151 \u00e1pol\u00e1s n\u00e9lk\u00fcl. A <strong>haj divat trendek<\/strong> j\u00f6nnek-mennek, de az eg\u00e9szs\u00e9ges haj mindig alapk\u00f6vetelm\u00e9ny marad. Ez nem bonyolult. Csak egy kis odafigyel\u00e9s kell.<\/p>\n<h3>Otthoni haj\u00e1pol\u00e1si tippek: A kulcs a hossz\u00fa t\u00e1v\u00fa sz\u00e9ps\u00e9ghez<\/h3>\n<p>Az alapokn\u00e1l kezd\u0151dik minden. Haszn\u00e1lj a hajt\u00edpusodnak megfelel\u0151 sampont \u00e9s balzsamot. Hetente egyszer iktass be egy m\u00e9lyt\u00e1pl\u00e1l\u00f3 hajpakol\u00e1st. Eml\u00e9kszem, egyszer platinasz\u0151k\u00e9re festettem a hajam, \u00e9s borzalmasan t\u00f6nkrement. Akkor tanultam meg igaz\u00e1n, mennyire fontosak a c\u00e9lzott <strong>haj\u00e1pol\u00e1si tippek sz\u00e1raz \u00e9s t\u00f6redezett hajra<\/strong>. Ne d\u00f6rzs\u00f6ld a hajad a t\u00f6r\u00f6lk\u00f6z\u0151vel, csak itasd fel r\u00f3la a vizet. \u00c9s a h\u0151v\u00e9delem! Soha, de soha ne hagyd ki sz\u00e1r\u00edt\u00e1s vagy vasal\u00e1s el\u0151tt. Ez a legfontosabb tan\u00e1cs, amit adhatok. A <strong>haj volumen n\u00f6vel\u00e9se term\u00e9szetesen<\/strong> is megval\u00f3sulhat, ha a hajt\u00f6veket hideg leveg\u0151vel f\u00fajod \u00e1t a sz\u00e1r\u00edt\u00e1s v\u00e9g\u00e9n.<\/p>\n<h3>Form\u00e1z\u00e1si tr\u00fckk\u00f6k \u00e9s term\u00e9kek: Szak\u00e9rt\u0151i tippek a t\u00f6k\u00e9letes frizur\u00e1hoz<\/h3>\n<p>A kevesebb n\u00e9ha t\u00f6bb. Ne haszn\u00e1lj egyszerre t\u00fal sok term\u00e9ket. Ismerd meg a hajad text\u00far\u00e1j\u00e1t, \u00e9s v\u00e1lassz ennek megfelel\u0151 form\u00e1z\u00f3kat. V\u00e9konysz\u00e1l\u00fa hajra a k\u00f6nny\u0171 habok \u00e9s spray-k, vastag sz\u00e1l\u00fara a kr\u00e9mek \u00e9s waxok lehetnek jobbak. A sz\u00e1razsampon nemcsak a zs\u00edrosod\u00e1s ellen j\u00f3, hanem szuper text\u00far\u00e1t \u00e9s volument is ad. Ha bizonytalan vagy, k\u00e9rdezd meg a fodr\u00e1szodat, hogy melyek a <strong>legjobb hajform\u00e1z\u00f3 term\u00e9kek v\u00e9konysz\u00e1l\u00fa hajra<\/strong>. A mostani <strong>haj divat trendek<\/strong> egy\u00e9bk\u00e9nt is a laza, nem t\u00facsin\u00e1lt hat\u00e1st r\u00e9szes\u00edtik el\u0151nyben.<\/p>\n<h3>Tal\u00e1ld meg a saj\u00e1t st\u00edlusodat: A haj divat szabads\u00e1ga \u00e9s egyedis\u00e9ge<\/h3>\n<p>A legfontosabb \u00fczenete a mai <strong>haj divat trendek<\/strong> vil\u00e1g\u00e1nak a szabads\u00e1g. Nincs t\u00f6bb\u00e9 dikt\u00e1tum. Az a divatos, ami neked j\u00f3l \u00e1ll, amiben j\u00f3l \u00e9rzed magad. Merj k\u00eds\u00e9rletezni! Pr\u00f3b\u00e1lj ki \u00faj sz\u00edneket, v\u00e1g\u00e1sokat. A k\u00e9rd\u00e9s, hogy <strong>hogyan v\u00e1lasszunk haj st\u00edlust arcform\u00e1nkhoz<\/strong>, fontos kiindul\u00f3pont, de a v\u00e9gs\u0151 d\u00f6nt\u00e9s a ti\u00e9d. A hajad a te v\u00e1sznad. A <strong>haj divat trendek<\/strong> csak inspir\u00e1ci\u00f3t adnak, a st\u00edlust te magad teremted meg. Ez a folyamat a legizgalmasabb. A <strong>haj\u00e1pol\u00e1si tippek sz\u00e1raz \u00e9s t\u00f6redezett hajra<\/strong> betart\u00e1sa mellett a frizura mindig csod\u00e1s lesz. A legfrissebb <strong>haj divat trendek<\/strong> arra \u00f6szt\u00f6n\u00f6znek, hogy merj\u00fcnk \u00f6nmagunk lenni. A <strong>hajsz\u00edn trendek barna hajra<\/strong> \u00e9s m\u00e1s sz\u00ednekre is csak mank\u00f3k. A l\u00e9nyeg, hogy a t\u00fck\u00f6rbe n\u00e9zve el\u00e9gedett legy\u00e9l. A <strong>haj divat trendek<\/strong> folyamatosan v\u00e1ltoznak, de a magabiztoss\u00e1g sosem megy ki a divatb\u00f3l. Az aktu\u00e1lis <strong>f\u00e9rfi hajv\u00e1g\u00e1s trendek r\u00f6vid haj<\/strong> eset\u00e9ben is ezt a magabiztoss\u00e1got sugallj\u00e1k. Ha bizonytalan vagy, a teljes k\u00e9phez egy \u00e1tfog\u00f3 <a href=\"https:\/\/worldpoint.eu\/hu\/divat-trendek-es-stilus-utmutato\/\">divat trendek \u00e9s st\u00edlus \u00fatmutat\u00f3<\/a> is seg\u00edthet. A <strong>haj divat trendek<\/strong> ismerete seg\u00edt eligazodni, de a saj\u00e1t utadat neked kell megtal\u00e1lni. \u00c9s ez \u00edgy van j\u00f3l. A <strong>haj divat trendek<\/strong> vil\u00e1ga v\u00e9gtelen lehet\u0151s\u00e9get k\u00edn\u00e1l. Akkor is, ha a k\u00e9rd\u00e9s az, <strong>mi a leg\u00fajabb haj divat trend n\u0151knek<\/strong>. A v\u00e1lasz: l\u00e9gy \u00f6nmagad. Ez a legmen\u0151bb. V\u00e9g\u00fcl pedig, <strong>hogyan v\u00e1lasszunk haj st\u00edlust arcform\u00e1nkhoz<\/strong>? B\u00edzz a meg\u00e9rz\u00e9seidben \u00e9s egy j\u00f3 szakemberben! A t\u00f6k\u00e9letes frizura nemcsak a <strong>haj divat trendek<\/strong> k\u00f6vet\u00e9s\u00e9r\u0151l sz\u00f3l, hanem \u00f6nmagunk megismer\u00e9s\u00e9r\u0151l is. A <strong>legjobb hajform\u00e1z\u00f3 term\u00e9kek v\u00e9konysz\u00e1l\u00fa hajra<\/strong> seg\u00edtenek, de a st\u00edlus bel\u00fclr\u0151l fakad. Merj \u00e9lni a <strong>haj divat trendek<\/strong> adta lehet\u0151s\u00e9gekkel!<\/p>\n","protected":false},"excerpt":{"rendered":"<p>A hajunk t\u00f6bb, mint egyszer\u0171en csak a fej\u00fcnk\u00f6n n\u00f6v\u0151 sz\u00e1lak \u00f6sszess\u00e9ge. Ez a szem\u00e9lyis\u00e9g\u00fcnk, a st\u00edlusunk \u00e9s a hangulatunk kifejez\u0151d\u00e9se. \u00c9ppen ez\u00e9rt k\u00f6vetj\u00fck annyira figyelemmel a v\u00e1ltoz\u00f3 haj divat trendek vil\u00e1g\u00e1t, mert egy \u00faj frizura k\u00e9pes teljesen meg\u00faj\u00edtani minket, k\u00edv\u00fcl \u00e9s bel\u00fcl egyar\u00e1nt. N\u00e9ha csak egy apr\u00f3 v\u00e1ltoztat\u00e1s kell, m\u00e1skor pedig egy drasztikus v\u00e1g\u00e1s. De [&hellip;]<\/p>\n","protected":false},"author":2,"featured_media":0,"comment_status":"","ping_status":"","sticky":false,"template":"","format":"standard","meta":{"footnotes":""},"categories":[1],"tags":[],"class_list":["post-181","post","type-post","status-publish","format-standard","hentry","category-uzlet"],"_links":{"self":[{"href":"https:\/\/worldpoint.eu\/hu\/wp-json\/wp\/v2\/posts\/181","targetHints":{"allow":["GET"]}}],"collection":[{"href":"https:\/\/worldpoint.eu\/hu\/wp-json\/wp\/v2\/posts"}],"about":[{"href":"https:\/\/worldpoint.eu\/hu\/wp-json\/wp\/v2\/types\/post"}],"author":[{"embeddable":true,"href":"https:\/\/worldpoint.eu\/hu\/wp-json\/wp\/v2\/users\/2"}],"replies":[{"embeddable":true,"href":"https:\/\/worldpoint.eu\/hu\/wp-json\/wp\/v2\/comments?post=181"}],"version-history":[{"count":0,"href":"https:\/\/worldpoint.eu\/hu\/wp-json\/wp\/v2\/posts\/181\/revisions"}],"wp:attachment":[{"href":"https:\/\/worldpoint.eu\/hu\/wp-json\/wp\/v2\/media?parent=181"}],"wp:term":[{"taxonomy":"category","embeddable":true,"href":"https:\/\/worldpoint.eu\/hu\/wp-json\/wp\/v2\/categories?post=181"},{"taxonomy":"post_tag","embeddable":true,"href":"https:\/\/worldpoint.eu\/hu\/wp-json\/wp\/v2\/tags?post=181"}],"curies":[{"name":"wp","href":"https:\/\/api.w.org\/{rel}","templated":true}]}}