{"id":176,"date":"2025-10-15T01:04:03","date_gmt":"2025-10-14T23:04:03","guid":{"rendered":"https:\/\/worldpoint.eu\/hu\/fekete-szepseg-utmutato\/"},"modified":"2025-10-15T01:04:03","modified_gmt":"2025-10-14T23:04:03","slug":"fekete-szepseg-utmutato","status":"publish","type":"post","link":"https:\/\/worldpoint.eu\/hu\/fekete-szepseg-utmutato\/","title":{"rendered":"Fekete Sz\u00e9ps\u00e9g: \u00datmutat\u00f3 a Ragyog\u00f3 B\u0151rh\u00f6z \u00e9s Hajhoz"},"content":{"rendered":"<p>Mit is jelent val\u00f3j\u00e1ban a fekete sz\u00e9ps\u00e9g? Sok\u00e1ig azt hittem, ez csup\u00e1n egy b\u0151rsz\u00edn vagy egy hajt\u00edpus le\u00edr\u00e1sa. De ahogy teltek az \u00e9vek, r\u00e1j\u00f6ttem, hogy ez sokkal, de sokkal t\u00f6bb ann\u00e1l. Ez egy kult\u00fara, egy t\u00f6rt\u00e9nelem, egyfajta l\u00e1thatatlan k\u00f6tel\u00e9k, ami \u00f6sszek\u00f6t minket. Ez az er\u0151 \u00e9s a rugalmass\u00e1g szinonim\u00e1ja. A fekete sz\u00e9ps\u00e9g egy olyan utaz\u00e1s, amelynek sor\u00e1n megtanuljuk szeretni \u00e9s \u00fcnnepelni mindazt, ami egyediv\u00e9 tesz minket. De ez az \u00fat nem mindig egyszer\u0171. Sokszor tele van kih\u00edv\u00e1sokkal, f\u0151leg egy olyan vil\u00e1gban, amely \u00e9vsz\u00e1zadokon \u00e1t egyetlen, sz\u0171k l\u00e1t\u00f3k\u00f6r\u0171 sz\u00e9ps\u00e9gide\u00e1lt er\u0151ltetett r\u00e1nk. \u00c9ppen ez\u00e9rt fontos besz\u00e9lni r\u00f3la, megosztani a tapasztalatokat, \u00e9s k\u00f6z\u00f6sen felfedezni, hogyan fogadjuk el fekete sz\u00e9ps\u00e9g\u00fcnket a maga teljess\u00e9g\u00e9ben.<\/p>\n<h2>A fekete sz\u00e9ps\u00e9g fogalma \u00e9s t\u00f6rt\u00e9nelmi \u00fatja<\/h2>\n<p>A t\u00f6rt\u00e9nelem sor\u00e1n a sz\u00e9ps\u00e9g fogalm\u00e1t gyakran az eur\u00f3pai von\u00e1sokhoz k\u00f6t\u00f6tt\u00e9k. A vil\u00e1gos b\u0151r, az egyenes haj, a keskeny orr. Ez volt a norma a magazinokban, a filmekben, mindenhol. Ennek k\u00f6vetkezt\u00e9ben gener\u00e1ci\u00f3k n\u0151ttek fel \u00fagy, hogy a saj\u00e1t t\u00fck\u00f6rk\u00e9p\u00fcket nem l\u00e1tt\u00e1k viszont a m\u00e9di\u00e1ban, ami komoly sebeket ejthet az \u00f6n\u00e9rt\u00e9kel\u00e9sen. A fekete sz\u00e9ps\u00e9g t\u00f6rt\u00e9nelme magyar szemsz\u00f6gb\u0151l n\u00e9zve is tele van k\u00fczdelmekkel a l\u00e1that\u00f3s\u00e1g\u00e9rt. Az elm\u00falt \u00e9vtizedekben azonban valami megv\u00e1ltozott. Egyre hangosabbak azok a mozgalmak, amelyek a soksz\u00edn\u0171s\u00e9get \u00fcnneplik, \u00e9s egyre t\u00f6bb platformon jelenik meg a val\u00f3di, hamis\u00edtatlan fekete sz\u00e9ps\u00e9g. Ez a v\u00e1ltoz\u00e1s nemcsak a kifut\u00f3kon \u00e9s a filmv\u00e1sznon \u00e9rezhet\u0151, hanem a mindennapokban is. V\u00e9gre eljutottunk oda, hogy a fekete sz\u00e9ps\u00e9g nem egy r\u00e9teg-t\u00e9ma, hanem a glob\u00e1lis sz\u00e9ps\u00e9gipar megker\u00fclhetetlen r\u00e9sze.<\/p>\n<p>A reprezent\u00e1ci\u00f3 fontoss\u00e1ga \u00f3ri\u00e1si. Amikor egy fiatal l\u00e1ny olyan modelleket, sz\u00edn\u00e9szn\u0151ket, v\u00e9lem\u00e9nyvez\u00e9reket l\u00e1t, akik hasonl\u00edtanak r\u00e1, az meger\u0151s\u00edti benne, hogy \u0151 is \u00e9rt\u00e9kes \u00e9s sz\u00e9p. Ez a fajta azonosul\u00e1s seg\u00edt lebontani a bels\u0151 korl\u00e1tokat \u00e9s a t\u00e1rsadalmi sztereot\u00edpi\u00e1kat. A fekete sz\u00e9ps\u00e9g l\u00e1that\u00f3v\u00e1 t\u00e9tele nem csup\u00e1n eszt\u00e9tikai k\u00e9rd\u00e9s, hanem az \u00f6nbizalom \u00e9s az identit\u00e1s alapk\u00f6ve is.<\/p>\n<h2>A hajkorona: T\u00f6bb mint frizura<\/h2>\n<p>A fekete haj maga a csoda. V\u00e9gtelen\u00fcl soksz\u00edn\u0171, textur\u00e1lt, \u00e9s hihetetlen\u00fcl kifejez\u0151. De l\u00e1ssuk be, a gondoz\u00e1sa nem mindig egyszer\u0171. Rengeteg t\u00fcrelmet, tud\u00e1st \u00e9s megfelel\u0151 term\u00e9ket ig\u00e9nyel. \u00c9ppen ez\u00e9rt kulcsfontoss\u00e1g\u00fa egy j\u00f3 term\u00e9szetes fekete haj gondoz\u00e1sa \u00fatmutat\u00f3, amely seg\u00edt eligazodni a k\u00fcl\u00f6nb\u00f6z\u0151 hajt\u00edpusok, porozit\u00e1sok \u00e9s \u00e1pol\u00e1si technik\u00e1k vil\u00e1g\u00e1ban.<\/p>\n<h3>Term\u00e9szetes hajt\u00edpusok \u00e9s specifikus gondoz\u00e1suk<\/h3>\n<p>Az els\u0151 \u00e9s legfontosabb l\u00e9p\u00e9s a saj\u00e1t hajt\u00edpusod megismer\u00e9se. A 3C g\u00f6nd\u00f6rs\u00e9g teljesen m\u00e1s t\u00f6r\u0151d\u00e9st ig\u00e9nyel, mint a 4C s\u0171r\u0171bb, apr\u00f3bb csig\u00e1i. A k\u00f6z\u00f6s pont? A hidrat\u00e1l\u00e1s. Az afro-textur\u00e1lt haj hajlamosabb a sz\u00e1razs\u00e1gra, ez\u00e9rt a nedvess\u00e9g p\u00f3tl\u00e1sa elengedhetetlen. M\u00e9lyhidrat\u00e1l\u00f3 pakol\u00e1sok, leave-in kondicion\u00e1l\u00f3k \u00e9s term\u00e9szetes olajok (mint a shea vaj, k\u00f3kuszolaj vagy jojobaolaj) haszn\u00e1lata alapvet\u0151. Ezek a legjobb b\u0151r\u00e1pol\u00f3 term\u00e9kek fekete b\u0151rre \u00e9s hajra egyar\u00e1nt csod\u00e1kat tehetnek. Ne f\u00e9lj k\u00eds\u00e9rletezni, hogy megtal\u00e1ld a sz\u00e1modra legmegfelel\u0151bb rutint. N\u00e9ha a kevesebb t\u00f6bb elve m\u0171k\u00f6dik, m\u00e1skor pedig egy komplexebb, t\u00f6bb l\u00e9p\u00e9sb\u0151l \u00e1ll\u00f3 folyamat hozza meg a v\u00e1rt eredm\u00e9nyt. Ez a fekete n\u0151k sz\u00e9ps\u00e9g\u00e1pol\u00e1si tippek egyik legfontosabbika: hallgass a hajadra! Ha t\u00f6bbet szeretn\u00e9l tudni a leg\u00fajabb trendekr\u0151l, n\u00e9zd meg a <a href=\"https:\/\/worldpoint.eu\/hu\/haj-divat-trendek\/\">haj divat trendek<\/a> \u00fatmutat\u00f3nkat is.<\/p>\n<h3>V\u00e9d\u0151fonatok \u00e9s kreat\u00edv frizur\u00e1k lehet\u0151s\u00e9gei<\/h3>\n<p>A v\u00e9d\u0151 frizur\u00e1k, mint a box braids, cornrows vagy a twistek, nemcsak fantasztikusan n\u00e9znek ki, hanem praktikusak is. Seg\u00edtenek meg\u00f3vni a hajat a mindennapi ig\u00e9nybev\u00e9telt\u0151l, a k\u00f6rnyezeti hat\u00e1sokt\u00f3l, \u00e9s el\u0151seg\u00edtik a hajn\u00f6veked\u00e9st az\u00e1ltal, hogy minimaliz\u00e1lj\u00e1k a t\u00f6redez\u00e9st. Az afro hajfonat k\u00e9sz\u00edt\u00e9se l\u00e9p\u00e9sr\u0151l l\u00e9p\u00e9sre elsaj\u00e1t\u00edthat\u00f3, de \u00e9rdemes profi szakemberre b\u00edzni, hogy a hajt\u00f6vek ne s\u00e9r\u00fcljenek. Ezek a frizur\u00e1k egyben a kultur\u00e1lis \u00f6r\u00f6ks\u00e9g \u00e9s az \u00f6nkifejez\u00e9s er\u0151teljes szimb\u00f3lumai is. A modern afro frizur\u00e1k divat trendek folyamatosan v\u00e1ltoznak, \u00fajabb \u00e9s \u00fajabb inspir\u00e1ci\u00f3t ny\u00fajtva. A fekete sz\u00e9ps\u00e9g egyik legizgalmasabb r\u00e9sze pontosan ez a kreat\u00edv szabads\u00e1g, amit a hajunk ad. A term\u00e9szetes fekete haj gondoz\u00e1sa \u00fatmutat\u00f3 k\u00f6vet\u00e9se mellett ezek a st\u00edlusok igazi jolly jokerek. Egy ilyen frizura visel\u00e9se magabiztoss\u00e1got ad, \u00e9s egy\u00e9rtelm\u0171en kifejezi visel\u0151je egy\u00e9nis\u00e9g\u00e9t. Az afro hajfonat k\u00e9sz\u00edt\u00e9se l\u00e9p\u00e9sr\u0151l l\u00e9p\u00e9sre egy m\u0171v\u00e9szet, ami gener\u00e1ci\u00f3kon \u00e1t \u00f6r\u00f6kl\u0151dik.<\/p>\n<h2>A ragyog\u00f3 b\u0151r titkai<\/h2>\n<p>A melanind\u00fas b\u0151rnek megvannak a maga saj\u00e1toss\u00e1gai. B\u00e1r a magasabb melanintartalom term\u00e9szetes v\u00e9delmet ny\u00fajt a nap k\u00e1ros sugarai ellen, \u00e9s lass\u00edthatja az \u00f6reged\u00e9s l\u00e1that\u00f3 jeleit (ami\u00e9rt nem lehet\u00fcnk el\u00e9g h\u00e1l\u00e1sak!), ugyanakkor hajlamosabb a hiperpigment\u00e1ci\u00f3ra, a s\u00f6t\u00e9t foltokra \u00e9s a hegesed\u00e9sre is. A megfelel\u0151 \u00e1pol\u00e1s teh\u00e1t kulcsfontoss\u00e1g\u00fa. Itt j\u00f6nnek k\u00e9pbe a c\u00e9lzott fekete n\u0151k sz\u00e9ps\u00e9g\u00e1pol\u00e1si tippek.<\/p>\n<h3>A melanind\u00fas b\u0151r saj\u00e1toss\u00e1gai \u00e9s kih\u00edv\u00e1sai<\/h3>\n<p>A hiperpigment\u00e1ci\u00f3, vagyis a s\u00f6t\u00e9t foltok megjelen\u00e9se az egyik leggyakoribb probl\u00e9ma. Egy pattan\u00e1s, egy sz\u00fanyogcs\u00edp\u00e9s vagy egy apr\u00f3 karcol\u00e1s is k\u00e9pes hetekig, h\u00f3napokig l\u00e1that\u00f3 nyomot hagyni. Ez\u00e9rt a gyeng\u00e9d, de hat\u00e9kony b\u0151r\u00e1pol\u00e1s elengedhetetlen. A C-vitamin sz\u00e9rumok, a niacinamid, az azelainsav \u00e9s a retinoidok seg\u00edthetnek a b\u0151rt\u00f3nus kiegyenl\u00edt\u00e9s\u00e9ben \u00e9s a foltok halv\u00e1ny\u00edt\u00e1s\u00e1ban. \u00c9s a legfontosabb, amit soha, de soha nem szabad kihagyni: a f\u00e9nyv\u00e9d\u0151. Igen, minden nap. M\u00e9g t\u00e9len is. M\u00e9g akkor is, ha felh\u0151s az \u00e9g. Ez nemcsak a pigmentfoltok megel\u0151z\u00e9s\u00e9ben seg\u00edt, hanem a b\u0151rr\u00e1k kock\u00e1zat\u00e1t is cs\u00f6kkenti. A legjobb b\u0151r\u00e1pol\u00f3 term\u00e9kek fekete b\u0151rre mindig tartalmaznak magas faktorsz\u00e1m\u00fa f\u00e9nyv\u00e9delmet.<\/p>\n<h3>Smink, ami kiemel, nem pedig elfed<\/h3>\n<p>\u00d3, a t\u00f6k\u00e9letes alapoz\u00f3 megtal\u00e1l\u00e1sa\u2026 Ez egy k\u00fcl\u00f6n fejezet lehetne minden fekete n\u0151 \u00e9let\u00e9ben. Eml\u00e9kszem, tin\u00e9dzserk\u00e9nt \u00f3r\u00e1kat t\u00f6lt\u00f6ttem a drog\u00e9ri\u00e1k polcai el\u0151tt, \u00e9s soha, de soha nem tal\u00e1ltam meg a t\u00f6k\u00e9letes \u00e1rnyalatot. Vagy t\u00fal sz\u00fcrke volt, vagy t\u00fal v\u00f6r\u00f6ses. Frusztr\u00e1l\u00f3 volt. Szerencs\u00e9re ma m\u00e1r sokkal jobb a helyzet, a m\u00e1rk\u00e1k v\u00e9gre felismert\u00e9k, hogy a \u201enude\u201d nem egyetlen \u00e1rnyalatot jelent. A melanind\u00fas b\u0151r sminkel\u00e9se tr\u00fckk\u00f6k elsaj\u00e1t\u00edt\u00e1sa felszabad\u00edt\u00f3 \u00e9rz\u00e9s. A legfontosabb tan\u00e1cs: ismerd a b\u0151rt\u00f3nusod alt\u00f3nus\u00e1t (hideg, meleg vagy semleges). Ez seg\u00edt kiv\u00e1lasztani a t\u00f6k\u00e9letes alapoz\u00f3t. A legjobb alapoz\u00f3 fekete b\u0151rre v\u00e9lem\u00e9nyek olvas\u00e1sa sokat seg\u00edthet a d\u00f6nt\u00e9sben. A sz\u00ednes korrektorok (p\u00e9ld\u00e1ul a narancss\u00e1rga vagy barack) csod\u00e1t tehetnek a szem alatti s\u00f6t\u00e9t karik\u00e1k semleges\u00edt\u00e9s\u00e9ben. A fekete sz\u00e9ps\u00e9g kiemel\u00e9s\u00e9hez n\u00e9ha csak egy j\u00f3 korrektor \u00e9s egy ragyog\u00f3 highlighter kell. Ez a fejl\u0151d\u00e9s r\u00e1vil\u00e1g\u00edt arra is, hogy a <a href=\"https:\/\/worldpoint.eu\/hu\/szepsegipari-allasok-utmutato\/\">sz\u00e9ps\u00e9giparban<\/a> mekkora sz\u00fcks\u00e9g van olyan szakemberekre, akik val\u00f3ban \u00e9rtik a k\u00fcl\u00f6nb\u00f6z\u0151 b\u0151rt\u00edpusok \u00e9s t\u00f3nusok ig\u00e9nyeit. A melanind\u00fas b\u0151r sminkel\u00e9se tr\u00fckk\u00f6k ismerete ma m\u00e1r alapk\u00f6vetelm\u00e9ny.<\/p>\n<h2>St\u00edlus \u00e9s \u00f6nkifejez\u00e9s a popkult\u00far\u00e1ban<\/h2>\n<p>A divat \u00e9s a popkult\u00fara vil\u00e1ga v\u00e9gre kezdi \u00fcnnepelni a fekete sz\u00e9ps\u00e9g soksz\u00edn\u0171s\u00e9g\u00e9t. Az olyan inspir\u00e1l\u00f3 fekete n\u0151k sz\u00e9ps\u00e9g ikonok, mint Lupita Nyong&#8217;o, Viola Davis vagy Zendaya, nemcsak a tehets\u00e9g\u00fckkel, hanem a megjelen\u00e9s\u00fckkel is utat t\u00f6rnek. Megmutatj\u00e1k, hogy a s\u00f6t\u00e9t b\u0151r, a term\u00e9szetes haj \u00e9s az egyedi von\u00e1sok gy\u00f6ny\u00f6r\u0171ek \u00e9s k\u00f6vetend\u0151ek. Az \u0151 jelenl\u00e9t\u00fck a v\u00f6r\u00f6s sz\u0151nyegen \u00e9s a magazinok c\u00edmlapj\u00e1n milli\u00f3k sz\u00e1m\u00e1ra jelent inspir\u00e1ci\u00f3t. Ahogy a filmipar is lassan v\u00e1ltozik, \u00e9s egyre t\u00f6bb t\u00f6rt\u00e9netet mes\u00e9l el, \u00fagy l\u00e1tjuk, hogy a sz\u00e9ps\u00e9g sokkal t\u00f6bb, mint amit a <a href=\"https:\/\/worldpoint.eu\/hu\/beepitett-szepseg-film\/\">Be\u00e9p\u00edtett sz\u00e9ps\u00e9g<\/a> t\u00edpus\u00fa filmek egykor sugalltak. A divat \u00e9s st\u00edlus fekete n\u0151knek tippek ma m\u00e1r nem arr\u00f3l sz\u00f3lnak, hogyan rejts\u00e9k el, hanem hogyan emelj\u00e9k ki a von\u00e1saikat. A divatkamp\u00e1nyokban megjelen\u0151 soksz\u00edn\u0171s\u00e9g nemcsak egy trend, hanem egy t\u00e1rsadalmi ig\u00e9ny kiel\u00e9g\u00edt\u00e9se. Egy \u00e1tfog\u00f3bb <a href=\"https:\/\/worldpoint.eu\/hu\/divat-trendek-es-stilus-utmutato\/\">divat trendek \u00e9s st\u00edlus \u00fatmutat\u00f3<\/a> ma m\u00e1r elk\u00e9pzelhetetlen a fekete sz\u00e9ps\u00e9g soksz\u00edn\u0171s\u00e9g\u00e9nek bemutat\u00e1sa n\u00e9lk\u00fcl. Ezek az inspir\u00e1l\u00f3 fekete n\u0151k sz\u00e9ps\u00e9g ikonok megv\u00e1ltoztatt\u00e1k a j\u00e1t\u00e9kszab\u00e1lyokat.<\/p>\n<h2>A bels\u0151 ragyog\u00e1s ereje: \u00d6nbizalom \u00e9s \u00f6nelfogad\u00e1s<\/h2>\n<p>Lehet a legdr\u00e1g\u00e1bb sminked \u00e9s a legt\u00f6k\u00e9letesebb frizur\u00e1d, de az igazi fekete sz\u00e9ps\u00e9g bel\u00fclr\u0151l fakad. Az \u00f6nbizalom az, ami igaz\u00e1n ragyog\u00f3v\u00e1 tesz. Ennek fel\u00e9p\u00edt\u00e9se egy folyamat, ami \u00f6nreflexi\u00f3t \u00e9s tudatos munk\u00e1t ig\u00e9nyel. A pozit\u00edv testk\u00e9p kialak\u00edt\u00e1sa azt jelenti, hogy elfogadjuk \u00e9s szeretj\u00fck magunkat olyannak, amilyenek vagyunk \u2013 a stri\u00e1kkal, a k\u00fcl\u00f6nb\u00f6z\u0151 b\u0151rt\u00f3nusokkal \u00e9s a g\u00f6nd\u00f6r tincsekkel egy\u00fctt. Ez nem mindig k\u00f6nny\u0171. De a k\u00f6z\u00f6ss\u00e9g ereje sokat seg\u00edthet. K\u00f6vess olyan embereket a k\u00f6z\u00f6ss\u00e9gi m\u00e9di\u00e1ban, akik inspir\u00e1lnak \u00e9s felemelnek, ne pedig olyanokat, akik miatt rosszul \u00e9rzed magad a b\u0151r\u00f6dben. Olvass, t\u00e1j\u00e9koz\u00f3dj! Sz\u00e1mos sz\u00e9ps\u00e9g \u00e9s \u00f6nelfogad\u00e1s fekete n\u0151knek k\u00f6nyvek seg\u00edthetnek ezen az \u00faton. Id\u0151nk\u00e9nt mindannyiunknak sz\u00fcks\u00e9ge van egy kis b\u00e1tor\u00edt\u00e1sra, ilyenkor az <a href=\"https:\/\/worldpoint.eu\/hu\/inspiralo-szepseg-idezetek\/\">inspir\u00e1l\u00f3 sz\u00e9ps\u00e9g id\u00e9zetek<\/a> is er\u0151t adhatnak. A legfontosabb, hogy meg\u00e9rtsd: a te egyedis\u00e9ged a te szuperer\u0151d. A fekete sz\u00e9ps\u00e9g esszenci\u00e1ja a magabiztoss\u00e1g. Ahogy egyre jobban meg\u00e9rtj\u00fck, hogyan fogadjuk el fekete sz\u00e9ps\u00e9g\u00fcnket, \u00fagy v\u00e1lunk egyre er\u0151sebb\u00e9.<\/p>\n<h2>A j\u00f6v\u0151 horizontja<\/h2>\n<p>A fekete sz\u00e9ps\u00e9g j\u00f6v\u0151je izgalmasnak \u00e9s \u00edg\u00e9retesnek t\u0171nik. A sz\u00e9ps\u00e9giparban zajl\u00f3 innov\u00e1ci\u00f3k egyre jobban kiszolg\u00e1lj\u00e1k a specifikus ig\u00e9nyeket, a term\u00e9kpalett\u00e1k sz\u00e9lesednek, \u00e9s a p\u00e1rbesz\u00e9d a soksz\u00edn\u0171s\u00e9gr\u0151l egyre ny\u00edltabb. A fekete sz\u00e9ps\u00e9g glob\u00e1lis \u00fcnnepl\u00e9se m\u00e1r elkezd\u0151d\u00f6tt, \u00e9s ez a folyamat meg\u00e1ll\u00edthatatlan. A term\u00e9szetes fekete haj gondoz\u00e1sa \u00fatmutat\u00f3 ma m\u00e1r k\u00f6nnyen el\u00e9rhet\u0151, \u00e9s a melanind\u00fas b\u0151r sminkel\u00e9se tr\u00fckk\u00f6k sem sz\u00e1m\u00edtanak t\u00f6bb\u00e9 titoknak. A l\u00e9nyeg, hogy tov\u00e1bb folytassuk a p\u00e1rbesz\u00e9det, t\u00e1mogassuk azokat a m\u00e1rk\u00e1kat \u00e9s alkot\u00f3kat, akik a val\u00f3di soksz\u00edn\u0171s\u00e9get k\u00e9pviselik, \u00e9s soha ne felejts\u00fck el: a fekete sz\u00e9ps\u00e9g \u00f6r\u00f6k \u00e9s megk\u00e9rd\u0151jelezhetetlen.<\/p>\n","protected":false},"excerpt":{"rendered":"<p>Mit is jelent val\u00f3j\u00e1ban a fekete sz\u00e9ps\u00e9g? Sok\u00e1ig azt hittem, ez csup\u00e1n egy b\u0151rsz\u00edn vagy egy hajt\u00edpus le\u00edr\u00e1sa. De ahogy teltek az \u00e9vek, r\u00e1j\u00f6ttem, hogy ez sokkal, de sokkal t\u00f6bb ann\u00e1l. Ez egy kult\u00fara, egy t\u00f6rt\u00e9nelem, egyfajta l\u00e1thatatlan k\u00f6tel\u00e9k, ami \u00f6sszek\u00f6t minket. Ez az er\u0151 \u00e9s a rugalmass\u00e1g szinonim\u00e1ja. A fekete sz\u00e9ps\u00e9g egy olyan utaz\u00e1s, [&hellip;]<\/p>\n","protected":false},"author":2,"featured_media":0,"comment_status":"","ping_status":"","sticky":false,"template":"","format":"standard","meta":{"footnotes":""},"categories":[1],"tags":[],"class_list":["post-176","post","type-post","status-publish","format-standard","hentry","category-uzlet"],"_links":{"self":[{"href":"https:\/\/worldpoint.eu\/hu\/wp-json\/wp\/v2\/posts\/176","targetHints":{"allow":["GET"]}}],"collection":[{"href":"https:\/\/worldpoint.eu\/hu\/wp-json\/wp\/v2\/posts"}],"about":[{"href":"https:\/\/worldpoint.eu\/hu\/wp-json\/wp\/v2\/types\/post"}],"author":[{"embeddable":true,"href":"https:\/\/worldpoint.eu\/hu\/wp-json\/wp\/v2\/users\/2"}],"replies":[{"embeddable":true,"href":"https:\/\/worldpoint.eu\/hu\/wp-json\/wp\/v2\/comments?post=176"}],"version-history":[{"count":0,"href":"https:\/\/worldpoint.eu\/hu\/wp-json\/wp\/v2\/posts\/176\/revisions"}],"wp:attachment":[{"href":"https:\/\/worldpoint.eu\/hu\/wp-json\/wp\/v2\/media?parent=176"}],"wp:term":[{"taxonomy":"category","embeddable":true,"href":"https:\/\/worldpoint.eu\/hu\/wp-json\/wp\/v2\/categories?post=176"},{"taxonomy":"post_tag","embeddable":true,"href":"https:\/\/worldpoint.eu\/hu\/wp-json\/wp\/v2\/tags?post=176"}],"curies":[{"name":"wp","href":"https:\/\/api.w.org\/{rel}","templated":true}]}}