{"id":172,"date":"2025-10-15T00:47:21","date_gmt":"2025-10-14T22:47:21","guid":{"rendered":"https:\/\/worldpoint.eu\/hu\/ferfi-haj-divat-trendek-es-stilusok\/"},"modified":"2025-10-15T00:47:21","modified_gmt":"2025-10-14T22:47:21","slug":"ferfi-haj-divat-trendek-es-stilusok","status":"publish","type":"post","link":"https:\/\/worldpoint.eu\/hu\/ferfi-haj-divat-trendek-es-stilusok\/","title":{"rendered":"F\u00e9rfi haj divat trendek \u00e9s st\u00edlusok: A V\u00e9gleges \u00datmutat\u00f3"},"content":{"rendered":"<p>Eml\u00e9kszem, egyszer egy hirtelen \u00f6tlett\u0151l vez\u00e9relve magamnak v\u00e1gtam hajat egy konyhai oll\u00f3val. Katasztr\u00f3fa lett. Egyenetlen, foltos, \u00e9s hetekig sapk\u00e1ban j\u00e1rtam, m\u00e9g bent is. Akkor tanultam meg, hogy a haj nem csak egy halom sz\u0151r a fej\u00fcnk\u00f6n; hanem a szem\u00e9lyis\u00e9g\u00fcnk, a magabiztoss\u00e1gunk egyik legf\u0151bb kifejez\u0151eszk\u00f6ze. A megfelel\u0151 frizura megtal\u00e1l\u00e1sa nem felsz\u00ednes hi\u00fas\u00e1g, hanem egy utaz\u00e1s, amihez a <b>f\u00e9rfi haj divat trendek \u00e9s st\u00edlusok<\/b> ismerete elengedhetetlen.<\/p>\n<h2>Bevezet\u00e9s: A f\u00e9rfi hajviselet \u00f6r\u00f6k v\u00e1ltoz\u00e1sa \u00e9s a st\u00edlus szerepe<\/h2>\n<p>A hajviselet folyamatosan v\u00e1ltozik. Ami tegnap men\u0151 volt, az ma m\u00e1r lehet, hogy k\u00ednos. De ez a sz\u00e9p benne. A <b>f\u00e9rfi haj divat trendek \u00e9s st\u00edlusok<\/b> dinamikus vil\u00e1ga lehet\u0151s\u00e9get ad a k\u00eds\u00e9rletez\u00e9sre, az \u00f6nkifejez\u00e9sre. Egy j\u00f3 v\u00e1g\u00e1s megv\u00e1ltoztathatja az arcod karakter\u00e9t, kiemelheti az el\u0151ny\u00f6s von\u00e1saidat, \u00e9s persze, magabiztoss\u00e1got ad. Gondolj csak bele, mennyire m\u00e1s \u00e9rz\u00e9s egy frissen v\u00e1gott, t\u00f6k\u00e9letesen form\u00e1zott frizur\u00e1val kil\u00e9pni az utc\u00e1ra. Az eg\u00e9sz tart\u00e1sod megv\u00e1ltozik. \u00c9ppen ez\u00e9rt fontos, hogy tiszt\u00e1ban legy\u00fcnk az aktu\u00e1lis ir\u00e1nyzatokkal, de k\u00f6zben ne vesz\u00edts\u00fck el a saj\u00e1t egy\u00e9nis\u00e9g\u00fcnket. A <b>f\u00e9rfi haj divat trendek \u00e9s st\u00edlusok<\/b> k\u00f6vet\u00e9se nem majmol\u00e1st jelent, hanem inspir\u00e1ci\u00f3t.<\/p>\n<h2>A klasszikus f\u00e9rfi frizur\u00e1k id\u0151tlen vonzereje<\/h2>\n<p>Vannak dolgok, amik sosem mennek ki a divatb\u00f3l. Ilyenek a klasszikus f\u00e9rfi frizur\u00e1k. A side part (oldalv\u00e1laszt\u00e9k), a slick back (h\u00e1traf\u00e9s\u00fclt), vagy egy egyszer\u0171, de nagyszer\u0171 buzz cut. Ezek az <b>id\u0151tlen f\u00e9rfi frizur\u00e1k minden koroszt\u00e1lynak<\/b> j\u00f3l \u00e1llnak, \u00e9s szinte b\u00e1rmilyen \u00f6lt\u00f6z\u00e9khez passzolnak, az \u00f6lt\u00f6nyt\u0151l a farmerig. Az erej\u00fck az egyszer\u0171s\u00e9g\u00fckben \u00e9s a letisztults\u00e1gukban rejlik. Nem akarnak t\u00f6bbnek l\u00e1tszani, mint amik: f\u00e9rfias, magabiztos \u00e9s \u00e1polt megjelen\u00e9st k\u00f6lcs\u00f6n\u00f6znek. \u00c9s a legjobb benn\u00fck? Sosem kell att\u00f3l tartanod, hogy p\u00e1r \u00e9v m\u00falva cikinek fogod \u00e9rezni \u0151ket. A <b>f\u00e9rfi haj divat trendek \u00e9s st\u00edlusok<\/b> vil\u00e1g\u00e1ban ezek a biztos pontok.<\/p>\n<h2>Az undercut \u00e9s a pompadour: Elegancia \u00e9s moderns\u00e9g<\/h2>\n<p>Ha a klasszikus \u00e9s a modern hat\u00e1r\u00e1n egyens\u00falyozn\u00e1l, az undercut \u00e9s a pompadour a te vil\u00e1god. Az undercut, ahol az oldals\u00f3 \u00e9s h\u00e1ts\u00f3 r\u00e9szek r\u00f6videbbre vannak v\u00e1gva, m\u00edg a fels\u0151 r\u00e9sz hosszabb marad, hihetetlen\u00fcl sokoldal\u00fa. Lehet laza, k\u00f3cos, vagy eleg\u00e1nsan h\u00e1traf\u00e9s\u00fclt. A pompadour pedig a maga magasra sz\u00e1r\u00edtott, volumennel teli form\u00e1j\u00e1val igazi statement. Mindkett\u0151 ig\u00e9nyli a t\u00f6r\u0151d\u00e9st, de a hat\u00e1s nem marad el. Rengeteg <b>undercut frizura vari\u00e1ci\u00f3k f\u00e9rfiaknak<\/b> l\u00e9tezik, a finom \u00e1tmenetekt\u0151l a drasztikus kontrasztokig. A <b>modern pompadour frizura elk\u00e9sz\u00edt\u00e9se<\/b> otthon is elsaj\u00e1t\u00edthat\u00f3 egy j\u00f3 hajsz\u00e1r\u00edt\u00f3val \u00e9s a megfelel\u0151 term\u00e9kekkel. Ezek a frizur\u00e1k t\u00f6k\u00e9letesen p\u00e9ld\u00e1zz\u00e1k a kort\u00e1rs <b>f\u00e9rfi haj divat trendek \u00e9s st\u00edlusok<\/b> l\u00e9nyeg\u00e9t.<\/p>\n<h2>R\u00f6vid, textur\u00e1lt v\u00e1g\u00e1sok: A praktikum \u00e9s st\u00edlus tal\u00e1lkoz\u00e1sa<\/h2>\n<p>Nem mindenki akar reggelente f\u00e9l \u00f3r\u00e1t a t\u00fck\u00f6r el\u0151tt t\u00f6lteni. \u00c9s ez teljesen rendben van. A r\u00f6vid, textur\u00e1lt v\u00e1g\u00e1sok a rohan\u00f3 h\u00e9tk\u00f6znapok megment\u0151i. Egy j\u00f3 borb\u00e9ly r\u00e9teges v\u00e1g\u00e1si technik\u00e1val text\u00far\u00e1t \u00e9s volument ad a hajnak, \u00edgy az szinte mag\u00e1t\u00f3l form\u00e1z\u00f3dik. El\u00e9g egy kis wax vagy paszta, \u00e9s m\u00e1ris k\u00e9sz a laza, m\u00e9gis st\u00edlusos megjelen\u00e9s. K\u00fcl\u00f6n\u00f6sen aj\u00e1nlott, ha a <b>r\u00f6vid f\u00e9rfi frizur\u00e1k v\u00e9kony hajra<\/b> jelentenek megold\u00e1st sz\u00e1modra, mert optikailag d\u00fasabbnak mutatj\u00e1k a hajt\u00f6meget. Ezek a <b>textur\u00e1lt f\u00e9rfi frizur\u00e1k v\u00e9kony hajra<\/b> is csod\u00e1t tesznek, \u00e9letet visznek a lelapul\u00f3 sz\u00e1lakba.<\/p>\n<h2>A modern f\u00e9rfi hajtrendek vil\u00e1ga: Mi a n\u00e9pszer\u0171 ma?<\/h2>\n<p>\u00c9s mi a helyzet most? A jelenlegi <b>f\u00e9rfi haj divat trendek \u00e9s st\u00edlusok<\/b> a term\u00e9szetess\u00e9g \u00e9s a szem\u00e9lyre szabotts\u00e1g fel\u00e9 hajlanak. N\u00e9pszer\u0171ek a k\u00f6z\u00e9phossz\u00fa, laz\u00e1n h\u00e1traf\u00e9s\u00fclt vagy oldalra oml\u00f3 frizur\u00e1k, a m\u00e1r eml\u00edtett textur\u00e1lt v\u00e1g\u00e1sok, \u00e9s a mer\u00e9szebb sz\u00ednek is egyre gyakoribbak. A <b>modern f\u00e9rfi frizura \u00f6tletek fiataloknak<\/b> gyakran mer\u00edtenek a 90-es \u00e9vekb\u0151l, de egy modern csavarral. A l\u00e9nyeg, hogy a frizura \u00e9ljen, mozogjon, ne legyen t\u00fal mesterk\u00e9lt. A <a href=\"https:\/\/worldpoint.eu\/hu\/haj-divat-trendek\/\">haj divat trendek<\/a> ma m\u00e1r sokkal megenged\u0151bbek, mint r\u00e9gen. A l\u00e9nyeg az egy\u00e9nis\u00e9g. A <b>f\u00e9rfi haj divat trendek \u00e9s st\u00edlusok<\/b> sokf\u00e9les\u00e9ge sosem volt m\u00e9g ekkora.<\/p>\n<h2>Hossz\u00fa hajviseletek f\u00e9rfiaknak: A szabads\u00e1g kifejez\u00e9se<\/h2>\n<p>A hossz\u00fa haj mindig is a l\u00e1zad\u00e1s, a szabads\u00e1g szimb\u00f3luma volt. \u00c9s ma sincs ez m\u00e1sk\u00e9pp. Persze, a gondoz\u00e1sa t\u00f6bb id\u0151t \u00e9s energi\u00e1t ig\u00e9nyel, de a v\u00e9geredm\u00e9ny k\u00e1rp\u00f3tol minden\u00e9rt. A <b>f\u00e9rfi hajtrendek hossz\u00fa hajra styling<\/b> ter\u00e9n is sokf\u00e9l\u00e9k: a laza, tengerparti hull\u00e1mokt\u00f3l a szoros man bun-ig (f\u00e9rfi konty) rengeteg lehet\u0151s\u00e9g van. De a <b>haj n\u00f6veszt\u00e9s tippek f\u00e9rfiaknak gyorsan<\/b> nem l\u00e9teznek csodaszer form\u00e1j\u00e1ban; t\u00fcrelem, megfelel\u0151 \u00e1pol\u00e1s \u00e9s rendszeres, minim\u00e1lis v\u00e1g\u00e1s a v\u00e9gekb\u0151l a kulcs. A hossz\u00fa haj egy \u00e9letst\u00edlus, nem csup\u00e1n egy frizura.<\/p>\n<h2>A crop top \u00e9s a francia v\u00e1g\u00e1s t\u00e9rh\u00f3d\u00edt\u00e1sa<\/h2>\n<p>K\u00e9t nagyon karakteres, r\u00f6vid frizura, ami az ut\u00f3bbi id\u0151ben hatalmas n\u00e9pszer\u0171s\u00e9gre tett szert. A francia crop egy r\u00f6vid, textur\u00e1lt v\u00e1g\u00e1s, amit egyenesen el\u0151re, a homlokra f\u00e9s\u00fclnek, gyakran egyenesre v\u00e1gott frufruval. Vag\u00e1ny, modern \u00e9s nagyon st\u00edlusos. A <b>francia crop frizura styling \u00fatmutat\u00f3<\/b> szerint el\u00e9g egy kis matt paszta, hogy a text\u00far\u00e1t kiemelj\u00fck. Ez a st\u00edlus remek\u00fcl illeszkedik a legfrissebb <b>f\u00e9rfi haj divat trendek \u00e9s st\u00edlusok<\/b> vonal\u00e1ba, amelyek a mer\u00e9sz, de letisztult form\u00e1kat r\u00e9szes\u00edtik el\u0151nyben.<\/p>\n<h2>Hogyan v\u00e1lasszuk ki a hozz\u00e1nk ill\u0151 frizur\u00e1t?<\/h2>\n<p>Ez az egymilli\u00f3 doll\u00e1ros k\u00e9rd\u00e9s. A v\u00e1lasz pedig nem is olyan bonyolult, ha figyelembe vesz\u00fcnk n\u00e9h\u00e1ny alapvet\u0151 szempontot. Ne csak azt n\u00e9zd, mi tetszik egy magazinfot\u00f3n. A t\u00f6k\u00e9letes frizura a te arcodhoz, hajt\u00edpusodhoz \u00e9s \u00e9letviteledhez passzol. A <b>f\u00e9rfi haj divat trendek \u00e9s st\u00edlusok<\/b> csak a kiindul\u00f3pontot adj\u00e1k.<\/p>\n<h3>Arcforma meghat\u00e1roz\u00e1sa \u00e9s a megfelel\u0151 st\u00edlus kiv\u00e1laszt\u00e1sa<\/h3>\n<p>Az els\u0151 \u00e9s legfontosabb l\u00e9p\u00e9s. Ov\u00e1lis, kerek, sz\u00f6gletes, sz\u00edv alak\u00fa? A <b>hogyan v\u00e1lasszak f\u00e9rfi frizur\u00e1t arcforma szerint<\/b> k\u00e9rd\u00e9sre a v\u00e1lasz az ar\u00e1nyok kiegyens\u00falyoz\u00e1s\u00e1ban rejlik. Egy kerek archoz p\u00e9ld\u00e1ul olyan frizura illik, ami magass\u00e1got ad, m\u00edg egy sz\u00f6gletes archoz a l\u00e1gyabb, kev\u00e9sb\u00e9 merev form\u00e1k passzolnak. A <b>f\u00e9rfi frizura tippek kerek arcform\u00e1ra<\/b> p\u00e9ld\u00e1ul az oldalt r\u00f6vid, fel\u00fcl hosszabb st\u00edlusokat javasolj\u00e1k. Ez egy kritikus pontja a <b>f\u00e9rfi haj divat trendek \u00e9s st\u00edlusok<\/b> alkalmaz\u00e1s\u00e1nak.<\/p>\n<h3>Hajt\u00edpus figyelembe v\u00e9tele: Egyenes, hull\u00e1mos, g\u00f6nd\u00f6r hajra ide\u00e1lis frizur\u00e1k<\/h3>\n<p>Hi\u00e1ba szeretn\u00e9l egyenes, h\u00e1traf\u00e9s\u00fclt frizur\u00e1t, ha vastag sz\u00e1l\u00fa, g\u00f6nd\u00f6r hajad van. Vagy ford\u00edtva. A <b>f\u00e9rfi frizura v\u00e1laszt\u00e1s hajt\u00edpus alapj\u00e1n<\/b> kulcsfontoss\u00e1g\u00fa. A g\u00f6nd\u00f6r hajnak t\u00e9r kell, a v\u00e9konysz\u00e1l\u00fanak volumen. A <b>g\u00f6nd\u00f6r f\u00e9rfi haj \u00e1pol\u00e1sa styling tippek<\/b> seg\u00edtenek kord\u00e1ban tartani a rakonc\u00e1tlan f\u00fcrt\u00f6ket. Egy j\u00f3 borb\u00e9ly mindig figyelembe veszi a hajad term\u00e9szetes es\u00e9s\u00e9t \u00e9s text\u00far\u00e1j\u00e1t. Soha ne k\u00fczdj a hajad ellen, ink\u00e1bb dolgozz vele egy\u00fctt!<\/p>\n<h3>Szem\u00e9lyes st\u00edlus \u00e9s \u00e9letm\u00f3d: Amikor a frizura t\u00fckr\u00f6zi a szem\u00e9lyis\u00e9get<\/h3>\n<p>Mi a munk\u00e1d? Milyen ruh\u00e1kat hordasz? Mennyi id\u0151t sz\u00e1nsz reggel a k\u00e9sz\u00fcl\u0151d\u00e9sre? Egy irodai k\u00f6rnyezetben tal\u00e1n a <b>visszafogott f\u00e9rfi frizur\u00e1k irod\u00e1ba<\/b> a megfelel\u0151bb v\u00e1laszt\u00e1s, m\u00edg egy kreat\u00edv szakm\u00e1ban belef\u00e9r egy mer\u00e9szebb v\u00e1g\u00e1s is. A frizur\u00e1dnak harm\u00f3ni\u00e1ban kell lennie veled \u00e9s az \u00e9leteddel. Ha ut\u00e1lsz reggelente pepecselni, akkor az <b>egyszer\u0171 f\u00e9rfi frizura \u00f6tletek otthonra<\/b> lesznek a te bar\u00e1taid. Az \u00e1ltal\u00e1nos <a href=\"https:\/\/worldpoint.eu\/hu\/divat-es-stilus-tippek\/\">divat \u00e9s st\u00edlus tippek<\/a> is seg\u00edthetnek abban, hogy a frizur\u00e1d a teljes megjelen\u00e9sedbe illeszkedjen. A <b>f\u00e9rfi haj divat trendek \u00e9s st\u00edlusok<\/b> csak akkor m\u0171k\u00f6dnek, ha hitelesen viseled \u0151ket.<\/p>\n<h2>A t\u00f6k\u00e9letes hajviselet titka: \u00c1pol\u00e1s \u00e9s styling<\/h2>\n<p>A legjobb v\u00e1g\u00e1s is csak f\u00e9l siker a megfelel\u0151 ut\u00f3gondoz\u00e1s n\u00e9lk\u00fcl. A haj\u00e1pol\u00e1s \u00e9s a form\u00e1z\u00e1s az, ami \u00e9letre kelti a frizur\u00e1t, \u00e9s amit\u0151l az igaz\u00e1n a ti\u00e9d lesz. Ez a r\u00e9sze a <b>f\u00e9rfi haj divat trendek \u00e9s st\u00edlusok<\/b> elsaj\u00e1t\u00edt\u00e1s\u00e1nak, amit sokan elhanyagolnak.<\/p>\n<h3>Haj\u00e1pol\u00e1si rutin f\u00e9rfiaknak: A tiszta \u00e9s eg\u00e9szs\u00e9ges haj alapjai<\/h3>\n<p>Ne haszn\u00e1lj szappant a hajadra! Ez az els\u0151 szab\u00e1ly. Fektess be egy j\u00f3 min\u0151s\u00e9g\u0171, a hajt\u00edpusodnak megfelel\u0151 samponba \u00e9s balzsamba. A <b>f\u00e9rfi haj\u00e1pol\u00e1si rutin otthon<\/b> nem \u00f6rd\u00f6ng\u00f6ss\u00e9g: rendszeres, de nem t\u00fal gyakori hajmos\u00e1s, hidrat\u00e1l\u00e1s, \u00e9s a fejb\u0151r eg\u00e9szs\u00e9g\u00e9nek meg\u0151rz\u00e9se. Ha probl\u00e9m\u00e1id vannak, mint a korpa vagy a <b>haj\u00e1pol\u00e1s zs\u00edros f\u00e9rfi hajra<\/b>, keress c\u00e9lzott term\u00e9keket. Az eg\u00e9szs\u00e9ges haj mindennek az alapja.<\/p>\n<h3>A megfelel\u0151 styling term\u00e9kek kiv\u00e1laszt\u00e1sa: G\u00e9l, pom\u00e1d\u00e9, wax \u00e9s kr\u00e9mek<\/h3>\n<p>A term\u00e9kek dzsungel\u00e9ben k\u00f6nny\u0171 elt\u00e9vedni. Pom\u00e1d\u00e9 a f\u00e9nyes, klasszikus tart\u00e1s\u00e9rt. Wax a matt, rugalmas form\u00e1z\u00e1s\u00e9rt. Kr\u00e9m a term\u00e9szetes, enyhe tart\u00e1s\u00e9rt. G\u00e9l&#8230; nos, a g\u00e9lt ink\u00e1bb hagyjuk a 2000-es \u00e9vekben. K\u00eds\u00e9rletezz, hogy megtal\u00e1ld a neked val\u00f3t. Olvass ut\u00e1na, hogy melyek a <b>legjobb hajform\u00e1z\u00f3 term\u00e9kek f\u00e9rfiaknak v\u00e9lem\u00e9nyek<\/b> alapj\u00e1n. A j\u00f3 term\u00e9k nem nehez\u00edti el a hajat \u00e9s k\u00f6nnyen kimoshat\u00f3. A <b>f\u00e9rfi haj divat trendek \u00e9s st\u00edlusok<\/b> megfelel\u0151 styling n\u00e9lk\u00fcl mit sem \u00e9rnek.<\/p>\n<h3>Tippek a tart\u00f3s \u00e9s professzion\u00e1lis frizur\u00e1hoz otthon<\/h3>\n<p>A hajsz\u00e1r\u00edt\u00f3 a legjobb bar\u00e1tod! A <b>hajform\u00e1z\u00e1s f\u00e9rfiaknak kezd\u0151knek<\/b> sz\u00f3l\u00f3 els\u0151 leck\u00e9je: a form\u00e1t a sz\u00e1r\u00edt\u00e1ssal alapozod meg, a term\u00e9kkel csak fix\u00e1lod. Haszn\u00e1lj h\u0151v\u00e9d\u0151t, \u00e9s sz\u00e1r\u00edtsd a hajat a k\u00edv\u00e1nt ir\u00e1nyba. Egy kis gyakorl\u00e1ssal profi eredm\u00e9nyt \u00e9rhetsz el. A modern <b>f\u00e9rfi haj divat trendek \u00e9s st\u00edlusok<\/b> sokszor ig\u00e9nylik a volument, amit legk\u00f6nnyebben hajsz\u00e1r\u00edt\u00f3val adhatsz meg nekik.<\/p>\n<h2>Inspir\u00e1ci\u00f3 \u00e9s \u00f6tletek: Fedezz\u00fck fel a lehet\u0151s\u00e9geket<\/h2>\n<p>N\u00e9zz k\u00f6r\u00fcl! Instagram, Pinterest, filmek, utcai divat. Az inspir\u00e1ci\u00f3 mindenhol ott van. Ments le k\u00e9peket, \u00e9s mutasd meg a borb\u00e9lyodnak. Ne csak azt mondd, hogy &#8220;oldalt r\u00f6videbbre, fel\u00fcl hosszabbra&#8221;. Mutass konkr\u00e9t p\u00e9ld\u00e1kat, besz\u00e9lj\u00e9tek meg, mi az, ami a te adotts\u00e1gaiddal megval\u00f3s\u00edthat\u00f3. A <b>divatos f\u00e9rfi hajv\u00e1g\u00e1s \u00f6tletek<\/b> v\u00e9gtelen t\u00e1rh\u00e1za \u00e1ll rendelkez\u00e9sedre. A <b>f\u00e9rfi haj divat trendek \u00e9s st\u00edlusok<\/b> felfedez\u00e9se egy izgalmas folyamat.<\/p>\n<h3>Szak\u00e1ll \u00e9s frizura \u00f6sszehangol\u00e1sa: A teljes megjelen\u00e9s harm\u00f3ni\u00e1ja<\/h3>\n<p>Ha szak\u00e1llad van, az egy \u00fajabb dimenzi\u00f3t ad a j\u00e1t\u00e9khoz. A frizur\u00e1nak \u00e9s a szak\u00e1llnak harm\u00f3ni\u00e1ban kell lennie. Egy hossz\u00fa, \u00e1polatlan szak\u00e1ll egy nagyon r\u00f6vid, prec\u00edz frizur\u00e1val furcs\u00e1n n\u00e9zhet ki. A <b>szak\u00e1ll \u00e9s frizura \u00f6sszehangol\u00e1sa tippek<\/b> seg\u00edtenek megtal\u00e1lni az egyens\u00falyt. \u00c1ltal\u00e1ban j\u00f3, ha a k\u00e9t ter\u00fclet k\u00f6z\u00f6tti \u00e1tmenet finom. Ez a t\u00e9ma szorosan kapcsol\u00f3dik az \u00e1ltal\u00e1nos <a href=\"https:\/\/worldpoint.eu\/hu\/ferfi-divat-trendek\/\">f\u00e9rfi divat trendek<\/a> vil\u00e1g\u00e1hoz, ahol a teljes k\u00e9p sz\u00e1m\u00edt. A <b>f\u00e9rfi haj divat trendek \u00e9s st\u00edlusok<\/b> nem v\u00e1laszthat\u00f3k el az arcsz\u0151rzett\u0151l.<\/p>\n<h3>Visszafogott vagy mer\u00e9sz: Frizura \u00f6tletek minden alkalomra<\/h3>\n<p>M\u00e1s frizura illik egy esk\u00fcv\u0151re \u00e9s m\u00e1s egy fesztiv\u00e1lra. Az <b>eleg\u00e1ns f\u00e9rfi frizur\u00e1k esk\u00fcv\u0151re<\/b> \u00e1ltal\u00e1ban letisztultak \u00e9s klasszikusak. Egy laz\u00e1bb esem\u00e9nyre viszont j\u00f6het egy k\u00f3cosabb, textur\u00e1ltabb viselet. Legyen a tarsolyodban n\u00e9h\u00e1ny vari\u00e1ci\u00f3, amit a hangulatodhoz \u00e9s az alkalomhoz igaz\u00edthatsz. A <b>f\u00e9rfi haj divat trendek \u00e9s st\u00edlusok<\/b> soksz\u00edn\u0171s\u00e9ge ezt lehet\u0151v\u00e9 teszi.<\/p>\n<h2>\u00d6sszefoglal\u00e1s: A st\u00edlusos f\u00e9rfi frizura kulcsa \u00e9s a magabiztos megjelen\u00e9s<\/h2>\n<p>V\u00e9g\u00fcl is, a l\u00e9nyeg te vagy. A <b>f\u00e9rfi haj divat trendek \u00e9s st\u00edlusok<\/b> csak eszk\u00f6z\u00f6k a kezedben. A c\u00e9l, hogy olyan frizur\u00e1t tal\u00e1lj, amiben j\u00f3l \u00e9rzed magad, ami t\u00fckr\u00f6zi a szem\u00e9lyis\u00e9gedet, \u00e9s ami magabiztoss\u00e1got ad a mindennapokban. Merj k\u00e9rdezni a borb\u00e9lyodt\u00f3l, merj k\u00eds\u00e9rletezni, \u00e9s ami a legfontosabb: viseld a hajad b\u00fcszk\u00e9n. Mert a t\u00f6k\u00e9letes frizura nem a divat vak k\u00f6vet\u00e9s\u00e9r\u0151l sz\u00f3l, hanem arr\u00f3l, hogy megtal\u00e1ld \u00f6nmagad a st\u00edlusban. \u00c9s ez az, ami igaz\u00e1n sz\u00e1m\u00edt. A <b>f\u00e9rfi haj divat trendek \u00e9s st\u00edlusok<\/b> ismerete csup\u00e1n az els\u0151 l\u00e9p\u00e9s ezen az \u00faton. A t\u00f6bbi m\u00e1r rajtad m\u00falik. A <b>f\u00e9rfi haj divat trendek \u00e9s st\u00edlusok<\/b> v\u00e9gtelen lehet\u0151s\u00e9get k\u00edn\u00e1lnak, tal\u00e1ld meg a saj\u00e1todat.<\/p>\n","protected":false},"excerpt":{"rendered":"<p>Eml\u00e9kszem, egyszer egy hirtelen \u00f6tlett\u0151l vez\u00e9relve magamnak v\u00e1gtam hajat egy konyhai oll\u00f3val. Katasztr\u00f3fa lett. Egyenetlen, foltos, \u00e9s hetekig sapk\u00e1ban j\u00e1rtam, m\u00e9g bent is. Akkor tanultam meg, hogy a haj nem csak egy halom sz\u0151r a fej\u00fcnk\u00f6n; hanem a szem\u00e9lyis\u00e9g\u00fcnk, a magabiztoss\u00e1gunk egyik legf\u0151bb kifejez\u0151eszk\u00f6ze. A megfelel\u0151 frizura megtal\u00e1l\u00e1sa nem felsz\u00ednes hi\u00fas\u00e1g, hanem egy utaz\u00e1s, amihez [&hellip;]<\/p>\n","protected":false},"author":2,"featured_media":0,"comment_status":"","ping_status":"","sticky":false,"template":"","format":"standard","meta":{"footnotes":""},"categories":[1],"tags":[],"class_list":["post-172","post","type-post","status-publish","format-standard","hentry","category-uzlet"],"_links":{"self":[{"href":"https:\/\/worldpoint.eu\/hu\/wp-json\/wp\/v2\/posts\/172","targetHints":{"allow":["GET"]}}],"collection":[{"href":"https:\/\/worldpoint.eu\/hu\/wp-json\/wp\/v2\/posts"}],"about":[{"href":"https:\/\/worldpoint.eu\/hu\/wp-json\/wp\/v2\/types\/post"}],"author":[{"embeddable":true,"href":"https:\/\/worldpoint.eu\/hu\/wp-json\/wp\/v2\/users\/2"}],"replies":[{"embeddable":true,"href":"https:\/\/worldpoint.eu\/hu\/wp-json\/wp\/v2\/comments?post=172"}],"version-history":[{"count":0,"href":"https:\/\/worldpoint.eu\/hu\/wp-json\/wp\/v2\/posts\/172\/revisions"}],"wp:attachment":[{"href":"https:\/\/worldpoint.eu\/hu\/wp-json\/wp\/v2\/media?parent=172"}],"wp:term":[{"taxonomy":"category","embeddable":true,"href":"https:\/\/worldpoint.eu\/hu\/wp-json\/wp\/v2\/categories?post=172"},{"taxonomy":"post_tag","embeddable":true,"href":"https:\/\/worldpoint.eu\/hu\/wp-json\/wp\/v2\/tags?post=172"}],"curies":[{"name":"wp","href":"https:\/\/api.w.org\/{rel}","templated":true}]}}