{"id":155,"date":"2025-10-14T23:37:26","date_gmt":"2025-10-14T21:37:26","guid":{"rendered":"https:\/\/worldpoint.eu\/hu\/divide-et-impera-strategia-jelentosege\/"},"modified":"2025-10-14T23:37:26","modified_gmt":"2025-10-14T21:37:26","slug":"divide-et-impera-strategia-jelentosege","status":"publish","type":"post","link":"https:\/\/worldpoint.eu\/hu\/divide-et-impera-strategia-jelentosege\/","title":{"rendered":"Divide et impera strat\u00e9gia jelent\u0151s\u00e9ge: Oszd meg \u00e9s uralkodj"},"content":{"rendered":"<p>Eml\u00e9kszem, az egyik kor\u00e1bbi munkahelyemen k\u00e9t tehets\u00e9ges koll\u00e9ga indult egyetlen el\u0151l\u00e9ptet\u00e9s\u00e9rt. A leveg\u0151 szinte szikr\u00e1zott a fesz\u00fclts\u00e9gt\u0151l. A f\u0151n\u00f6k\u00fcnk, ahelyett, hogy a tiszta teljes\u00edtm\u00e9nyt \u00e9rt\u00e9kelte volna, finom utal\u00e1sokkal, f\u00e9lmondatokkal \u00e9s pletyk\u00e1kkal m\u00e9rgezte a viszonyukat. Egym\u00e1s ellen ford\u00edtotta \u0151ket. Zseni\u00e1lis volt, a maga h\u00e1tborzongat\u00f3 m\u00f3dj\u00e1n. Akkor m\u00e9g nem sejtettem, de a leg\u0151sibb hatalmi j\u00e1tszma \u00e9l\u0151 tan\u00faja voltam. A <b>Divide et impera strat\u00e9gia jelent\u0151s\u00e9ge<\/b> itt, a szemem l\u00e1tt\u00e1ra v\u00e1lt k\u00e9zzelfoghat\u00f3 val\u00f3s\u00e1gg\u00e1, \u00e9s ez a felismer\u00e9s \u00f6r\u00f6kre megv\u00e1ltoztatta, ahogy a hatalmi dinamik\u00e1kra tekintek.<\/p>\n<h2>A &#8220;Divide et impera&#8221; strat\u00e9gia bemutat\u00e1sa: Mi is ez pontosan?<\/h2>\n<p>Ez egy r\u00e9gi tr\u00fckk. \u00c9s m\u00e9gis m\u0171k\u00f6dik. Az \u201eOszd meg \u00e9s uralkodj!\u201d elve \u00e9vezredek \u00f3ta a hatalomtechnika egyik legfontosabb, b\u00e1r gyakran legcinikusabb eszk\u00f6ze. De mit is takar val\u00f3j\u00e1ban? Nem csup\u00e1n egyszer\u0171 \u00e1sk\u00e1l\u00f3d\u00e1sr\u00f3l van sz\u00f3, hanem egy tudatosan fel\u00e9p\u00edtett rendszerr\u0151l, amely a megl\u00e9v\u0151 vagy mesters\u00e9gesen sz\u00edtott ellent\u00e9tekre \u00e9p\u00edtve tart fenn vagy szerez meg kontrollt egy csoport felett. A <b>Divide et impera strat\u00e9gia jelent\u0151s\u00e9ge<\/b> abban rejlik, hogy a nagyobb, potenci\u00e1lisan vesz\u00e9lyes egys\u00e9get kisebb, egym\u00e1ssal verseng\u0151, bizalmatlan r\u00e9szekre bontja. Ezek a kis csoportok annyira lefoglalj\u00e1k magukat a bels\u0151 harcokkal, hogy k\u00e9ptelenek \u00f6sszefogni az \u0151ket ir\u00e1ny\u00edt\u00f3 er\u0151 ellen. Ha m\u00e9lyebben is \u00e9rdekel a t\u00e9ma, \u00e9rdemes elolvasni a <a href=\"https:\/\/worldpoint.eu\/hu\/divide-et-impera-strategia\/\">divide et impera strat\u00e9gia<\/a> r\u00e9szletes elemz\u00e9s\u00e9t.<\/p>\n<h3>A latin kifejez\u00e9s eredete \u00e9s jelent\u00e9se<\/h3>\n<p>B\u00e1r a h\u00edres latin mond\u00e1st gyakran Julius Caesarnak vagy Nap\u00f3leonnak tulajdon\u00edtj\u00e1k, a koncepci\u00f3 sokkal r\u00e9gebbi. Val\u00f3sz\u00edn\u0171leg m\u00e1r II. Philipposz maked\u00f3n kir\u00e1ly is alkalmazta, j\u00f3val azel\u0151tt, hogy a R\u00f3mai Birodalom t\u00f6k\u00e9lyre fejlesztette volna. <b>Mi a divide et impera strat\u00e9gia pontos jelent\u00e9se?<\/b> L\u00e9nyeg\u00e9ben annyit tesz, hogy az uralkod\u00f3 az al\u00e1vetett n\u00e9peket, csoportokat vagy egy\u00e9neket megosztja, hogy azok ne tudjanak ellene sz\u00f6vetkezni. A <b>Divide et impera strat\u00e9gia jelent\u0151s\u00e9ge<\/b> pontosan ebben a megel\u0151z\u0151 csap\u00e1sban rejlik. Ez a hatalommegtart\u00e1s egyik legkifinomultabb m\u00f3dja, mert az elnyomottak energi\u00e1j\u00e1t egym\u00e1s ellen ford\u00edtja.<\/p>\n<h3>Mi\u00e9rt relev\u00e1ns napjainkban is?<\/h3>\n<p>Gondolhatn\u00e1nk, hogy ez a fajta manipulat\u00edv taktika a m\u00falt k\u00f6d\u00e9be v\u00e9sz. De t\u00e9vedn\u00e9nk. \u00d3ri\u00e1sit. Ma, a k\u00f6z\u00f6ss\u00e9gi m\u00e9dia \u00e9s az inform\u00e1ci\u00f3s hadvisel\u00e9s kor\u00e1ban tal\u00e1n relev\u00e1nsabb, mint valaha. A <b>Divide et impera strat\u00e9gia jelent\u0151s\u00e9ge<\/b> nem cs\u00f6kkent, s\u0151t, \u00faj, digit\u00e1lis eszk\u00f6z\u00f6kkel hat\u00e9konyabb\u00e1 v\u00e1lt. L\u00e1tjuk a politik\u00e1ban, ahol a v\u00e1laszt\u00f3kat t\u00e1borokra osztj\u00e1k. L\u00e1tjuk a munkahelyeken, ahol a versenyszellemet a v\u00e9gletekig fokozz\u00e1k. \u00c9s l\u00e1tjuk a glob\u00e1lis porondon is. A <b>Divide et impera strat\u00e9gia jelent\u0151s\u00e9ge<\/b> a modern vil\u00e1gban is megk\u00e9rd\u0151jelezhetetlen.<\/p>\n<h2>T\u00f6rt\u00e9nelmi gy\u00f6kerek \u00e9s h\u00edres p\u00e9ld\u00e1k<\/h2>\n<p>A t\u00f6rt\u00e9nelem tele van p\u00e9ld\u00e1kkal, amelyek bemutatj\u00e1k, <b>hogyan alkalmazt\u00e1k a divide et impera strat\u00e9gi\u00e1t a t\u00f6rt\u00e9nelemben<\/b>. Ezek nem csup\u00e1n \u00e9rdekess\u00e9gek, hanem tanuls\u00e1gos esetek, melyekb\u0151l sokat tanulhatunk a hatalom term\u00e9szet\u00e9r\u0151l.<\/p>\n<h3>Az \u00f3kori birodalmak taktik\u00e1i<\/h3>\n<p>Az \u00f3kori birodalmak, mint Perzsia vagy Maked\u00f3nia, mesterien haszn\u00e1lt\u00e1k a megh\u00f3d\u00edtott ter\u00fcletek n\u00e9pei k\u00f6z\u00f6tti ellent\u00e9teket. T\u00e1mogatt\u00e1k az egyik t\u00f6rzset a m\u00e1sikkal szemben, kiv\u00e1lts\u00e1gokat adom\u00e1nyoztak, majd megvont\u00e1k azokat, folyamatos bizonytalans\u00e1gban tartva mindenkit. Ezzel el\u00e9rt\u00e9k, hogy a helyi er\u0151k soha ne tudjanak egys\u00e9ges frontot alkotni a h\u00f3d\u00edt\u00f3kkal szemben. A <b>Divide et impera strat\u00e9gia jelent\u0151s\u00e9ge<\/b> m\u00e1r ekkor a birodalom\u00e9p\u00edt\u00e9s alapk\u00f6ve volt.<\/p>\n<h3>R\u00f3ma \u00e9s a h\u00f3d\u00edt\u00e1s m\u0171v\u00e9szete<\/h3>\n<p>De senki sem m\u0171velte ezt a strat\u00e9gi\u00e1t olyan magas szinten, mint a R\u00f3mai Birodalom. A <b>R\u00f3mai birodalom divide et impera elm\u00e9lete<\/b> nem csup\u00e1n elm\u00e9let volt, hanem a gyakorlatban t\u00f6k\u00e9letes\u00edtett g\u00e9pezet. A megh\u00f3d\u00edtott provinci\u00e1kban elt\u00e9r\u0151 jogokat \u00e9s st\u00e1tuszt biztos\u00edtottak a k\u00fcl\u00f6nb\u00f6z\u0151 v\u00e1rosoknak \u00e9s n\u00e9pcsoportoknak. Egyesek teljes r\u00f3mai polg\u00e1rjogot kaptak, m\u00e1sok korl\u00e1tozottat, megint m\u00e1sok pedig semmit. Ez \u00e1lland\u00f3 f\u00e9lt\u00e9kenys\u00e9get \u00e9s verseng\u00e9st sz\u00edtott k\u00f6z\u00f6tt\u00fck, ami megakad\u00e1lyozta a k\u00f6z\u00f6s felkel\u00e9seket. A <b>Divide et impera strat\u00e9gia jelent\u0151s\u00e9ge<\/b> R\u00f3ma sz\u00e1m\u00e1ra a b\u00e9ke \u00e9s a stabilit\u00e1s ill\u00fazi\u00f3j\u00e1nak fenntart\u00e1s\u00e1t jelentette, mik\u00f6zben a birodalom szil\u00e1rdan k\u00e9zben tartotta a gyepl\u0151t.<\/p>\n<h3>Modern kori alkalmaz\u00e1sok a t\u00f6rt\u00e9nelemben<\/h3>\n<p>Ugorjunk egy nagyot az id\u0151ben. A gyarmatos\u00edt\u00f3 hatalmak, k\u00fcl\u00f6n\u00f6sen a Brit Birodalom Indi\u00e1ban, mesterien alkalmazt\u00e1k a r\u00f3maiakt\u00f3l tanultakat. A k\u00fcl\u00f6nb\u00f6z\u0151 vall\u00e1si \u00e9s etnikai csoportok k\u00f6z\u00f6tti fesz\u00fclts\u00e9gek sz\u00edt\u00e1s\u00e1val tartott\u00e1k fenn uralmukat egy hatalmas szubkontinens felett. A <b>Divide et impera strat\u00e9gia jelent\u0151s\u00e9ge<\/b> a modern korban is bebizonyosodott, \u00e9s sajnos a 20. sz\u00e1zad totalit\u00e1rius rendszerei is el\u0151szeretettel haszn\u00e1lt\u00e1k a t\u00e1rsadalmak bels\u0151 megoszt\u00e1s\u00e1ra.<\/p>\n<h2>A strat\u00e9gia m\u0171k\u00f6d\u00e9si mechanizmusa<\/h2>\n<p>Hogyan m\u0171k\u00f6dik ez a gyakorlatban? Mi\u00e9rt d\u0151l\u00fcnk be neki \u00fajra \u00e9s \u00fajra? A v\u00e1lasz a pszichol\u00f3gi\u00e1ban rejlik. A <b>Divide et impera strat\u00e9gia jelent\u0151s\u00e9ge<\/b> \u00e9ppen abban \u00e1ll, hogy az emberi term\u00e9szet legm\u00e9lyebb f\u00e9lelmeire \u00e9s v\u00e1gyaira apell\u00e1l.<\/p>\n<h3>A megoszt\u00e1s pszichol\u00f3gi\u00e1ja<\/h3>\n<p>A strat\u00e9gia a &#8220;mi \u00e9s \u0151k&#8221; mentalit\u00e1st er\u0151s\u00edti. Az emberi agy hajlamos kateg\u00f3ri\u00e1kban gondolkodni, \u00e9s k\u00f6nnyen azonosul a saj\u00e1t csoportj\u00e1val, mik\u00f6zben gyanakv\u00e1ssal tekint a t\u00f6bbiekre. A manipulat\u00edv vezet\u0151k ezt haszn\u00e1lj\u00e1k ki. Kijel\u00f6lnek egy b\u0171nbakot, egy &#8220;m\u00e1sikat&#8221;, akire minden probl\u00e9m\u00e1t r\u00e1 lehet fogni. <b>A divide et impera pszichol\u00f3giai hat\u00e1sai az egy\u00e9nre<\/b> rombol\u00f3ak: a folyamatos bizalmatlans\u00e1g \u00e9s szorong\u00e1s al\u00e1\u00e1ssa a k\u00f6z\u00f6ss\u00e9gi k\u00f6tel\u00e9keket.<\/p>\n<h3>Kontroll \u00e9s befoly\u00e1sol\u00e1s eszk\u00f6zei<\/h3>\n<p>Az eszk\u00f6z\u00f6k v\u00e1ltozatosak. A dezinform\u00e1ci\u00f3 terjeszt\u00e9se, a pletyk\u00e1k, a f\u00e9linform\u00e1ci\u00f3k csepegtet\u00e9se mind r\u00e9szei a j\u00e1t\u00e9knak. Az <b>inform\u00e1ci\u00f3s h\u00e1bor\u00fa \u00e9s a megoszt\u00f3 strat\u00e9gi\u00e1k<\/b> k\u00e9z a k\u00e9zben j\u00e1rnak. Az\u00e1ltal, hogy bizonyos csoportokat privilegiz\u00e1lnak, m\u00edg m\u00e1sokat megb\u00fcntetnek, a hatalom birtokosa egyfajta lojalit\u00e1sversenyt teremt, ahol mindenki az \u0151 kegyeit keresi. A <b>Divide et impera strat\u00e9gia jelent\u0151s\u00e9ge<\/b> itt a kontroll maximaliz\u00e1l\u00e1s\u00e1ban mutatkozik meg.<\/p>\n<h3>Gyenge pontok kihaszn\u00e1l\u00e1sa<\/h3>\n<p>Ez a taktika ritk\u00e1n teremt konfliktust a semmib\u0151l. Sokkal ink\u00e1bb a m\u00e1r megl\u00e9v\u0151 reped\u00e9seket m\u00e9ly\u00edti el. Legyen sz\u00f3 etnikai, vall\u00e1si, gazdas\u00e1gi vagy gener\u00e1ci\u00f3s fesz\u00fclts\u00e9gekr\u0151l, a strat\u00e9gia r\u00e1er\u0151s\u00edt ezekre. A megl\u00e9v\u0151 s\u00e9relmeket \u00e9s f\u00e9lelmeket fegyverk\u00e9nt haszn\u00e1lja fel, ami a <b>Divide et impera strat\u00e9gia jelent\u0151s\u00e9ge<\/b> szempontj\u00e1b\u00f3l kulcsfontoss\u00e1g\u00fa. A hatalommegtart\u00e1s strat\u00e9gi\u00e1i \u00e9s a megoszt\u00e1s elv\u00e1laszthatatlanok egym\u00e1st\u00f3l.<\/p>\n<h2>Alkalmaz\u00e1si ter\u00fcletek a politik\u00e1t\u00f3l az \u00fczleti \u00e9letig<\/h2>\n<p>Ne gondoljuk, hogy ez csak a nagypolitika j\u00e1tszm\u00e1ja. A mindennapi \u00e9let\u00fcnkben is l\u00e9pten-nyomon tal\u00e1lkozunk vele. A <b>Divide et impera strat\u00e9gia jelent\u0151s\u00e9ge<\/b> mindenhol megmutatkozik, ahol hatalmi strukt\u00far\u00e1k l\u00e9teznek.<\/p>\n<h3>Politikai hatalommegtart\u00e1s<\/h3>\n<p>Ez a legnyilv\u00e1nval\u00f3bb ter\u00fclet. <b>A megoszt\u00e1s \u00e9s uralkod\u00e1s elve a modern politik\u00e1ban<\/b> k\u00f6zponti szerepet j\u00e1tszik. A politikai er\u0151k gyakran sz\u00e1nd\u00e9kosan polariz\u00e1lj\u00e1k a t\u00e1rsadalmat, mert egy megosztott ellenz\u00e9k vagy v\u00e1laszt\u00f3i t\u00e1bor sokkal kev\u00e9sb\u00e9 vesz\u00e9lyes. A <b>Divide et impera strat\u00e9gia jelent\u0151s\u00e9ge<\/b> itt a politikai t\u00fal\u00e9l\u00e9s z\u00e1loga. Ahelyett, hogy k\u00f6z\u00f6s megold\u00e1sokat keresn\u00e9nek, a felek az \u00e1rkok m\u00e9ly\u00edt\u00e9s\u00e9ben \u00e9rdekeltek. \u00c9s mi, \u00e1llampolg\u00e1rok, csak assziszt\u00e1lunk ehhez a szomor\u00fa sz\u00ednj\u00e1t\u00e9khoz.<\/p>\n<h3>\u00dczleti strat\u00e9gi\u00e1k \u00e9s piaci el\u0151ny<\/h3>\n<p>Az \u00fczleti vil\u00e1g sem kiv\u00e9tel. \u0150szint\u00e9n, ki ne l\u00e1tott volna m\u00e1r olyat? <b>P\u00e9ld\u00e1k a divide et impera taktik\u00e1ra az \u00fczleti \u00e9letben<\/b> b\u0151s\u00e9ggel akadnak. Egy f\u0151n\u00f6k, aki a beosztottjait egym\u00e1s ellen ugrasztja egy el\u0151l\u00e9ptet\u00e9s\u00e9rt. Vagy egy nagyv\u00e1llalat, amely felv\u00e1s\u00e1rolja a versenyt\u00e1rsait, majd sz\u00e1nd\u00e9kosan rossz menedzsmenttel ellehetetlen\u00edti \u0151ket. A <b>Divide et impera strat\u00e9gia jelent\u0151s\u00e9ge<\/b> a piaci dominancia megszerz\u00e9s\u00e9ben \u00e9s a bels\u0151 ellenv\u00e9lem\u00e9nyek elfojt\u00e1s\u00e1ban is megmutatkozik.<\/p>\n<h3>T\u00e1rsadalmi csoportok \u00e9s a megoszt\u00e1s<\/h3>\n<p>A m\u00e9dia \u00e9s a k\u00f6z\u00f6ss\u00e9gi platformok kor\u00e1ban a t\u00e1rsadalmi megoszt\u00e1s minden eddigin\u00e9l k\u00f6nnyebb. Gener\u00e1ci\u00f3kat, v\u00e1rosi \u00e9s vid\u00e9ki lakoss\u00e1got, k\u00fcl\u00f6nb\u00f6z\u0151 \u00e9letm\u00f3dot folytat\u00f3 embereket lehet egym\u00e1s ellen hangolni. A <b>Divide et impera strat\u00e9gia jelent\u0151s\u00e9ge<\/b> itt a k\u00f6zbesz\u00e9d ir\u00e1ny\u00edt\u00e1s\u00e1ban \u00e9s a t\u00e1rsadalmi koh\u00e9zi\u00f3 sz\u00e9tzil\u00e1l\u00e1s\u00e1ban rejlik.<\/p>\n<h2>A &#8220;Divide et impera&#8221; etikai dilemm\u00e1i \u00e9s kritik\u00e1i<\/h2>\n<p>Lehet-e egy ennyire manipulat\u00edv eszk\u00f6znek b\u00e1rmif\u00e9le pozit\u00edv oldala? A v\u00e1lasz egy\u00e9rtelm\u0171 nem. <b>A divide et impera strat\u00e9gia kritikus elemz\u00e9se<\/b> egy\u00e9rtelm\u0171en negat\u00edv k\u00e9pet fest.<\/p>\n<h3>Mor\u00e1lis megfontol\u00e1sok \u00e9s k\u00f6vetkezm\u00e9nyek<\/h3>\n<p><b>Milyen vesz\u00e9lyeket rejt a divide et impera strat\u00e9gia?<\/b> A bizalom lerombol\u00e1s\u00e1t, a gy\u0171l\u00f6letkelt\u00e9st, a t\u00e1rsadalmi sz\u00f6vet sz\u00e9tboml\u00e1s\u00e1t. Hossz\u00fa t\u00e1von mindig t\u00f6bbet \u00e1rt, mint haszn\u00e1l. Az <b>etikai szempontok a divide et impera alkalmaz\u00e1sakor<\/b> egy\u00e9rtelm\u0171v\u00e9 teszik, hogy ez a taktika \u00f6sszeegyeztethetetlen egy eg\u00e9szs\u00e9ges, demokratikus t\u00e1rsadalom alapelveivel. A <b>Divide et impera strat\u00e9gia jelent\u0151s\u00e9ge<\/b> sajnos gyakran csak a romok felett \u00e1llva v\u00e1lik nyilv\u00e1nval\u00f3v\u00e1.<\/p>\n<h3>Ellen\u00e1ll\u00e1s \u00e9s egys\u00e9g\u00e9p\u00edt\u00e9s<\/h3>\n<p>A j\u00f3 h\u00edr az, hogy a strat\u00e9gia nem legy\u0151zhetetlen. Az ellenszere az egys\u00e9g, a kommunik\u00e1ci\u00f3 \u00e9s a szolidarit\u00e1s. Amikor a megosztott csoportok r\u00e1j\u00f6nnek, hogy a val\u00f3di ellenfel\u00fck nem egym\u00e1s, hanem az \u0151ket manipul\u00e1l\u00f3 er\u0151, a j\u00e1tszm\u00e1nak v\u00e9ge szakad. A <b>t\u00e1rsadalmi egys\u00e9g \u00e9s a divide et impera lek\u00fczd\u00e9se<\/b> a legfontosabb feladatunk.<\/p>\n<h2>Hogyan azonos\u00edtsuk \u00e9s v\u00e9dekezz\u00fcnk ellene?<\/h2>\n<p>A felismer\u00e9s az els\u0151 l\u00e9p\u00e9s a v\u00e9dekez\u00e9s fel\u00e9. <b>Mi\u00e9rt fontos felismerni a divide et impera jeleit?<\/b> Mert csak \u00edgy ker\u00fclhetj\u00fck el, hogy b\u00e1b\u00fakk\u00e1 v\u00e1ljunk m\u00e1sok j\u00e1tszm\u00e1j\u00e1ban.<\/p>\n<h3>A strat\u00e9gia felismer\u00e9se a mindennapokban<\/h3>\n<p>Figyelj\u00fcnk az &#8220;oszd meg \u00e9s uralkodj&#8221; jeleire. Amikor valaki folyamatosan a &#8220;mi \u00e9s \u0151k&#8221; narrat\u00edv\u00e1t er\u0151lteti. Amikor a h\u00edrek vagy a k\u00f6z\u00f6ss\u00e9gi m\u00e9dia posztok er\u0151s \u00e9rzelmi reakci\u00f3t, d\u00fch\u00f6t vagy f\u00e9lelmet akarnak kiv\u00e1ltani bel\u0151l\u00fcnk egy m\u00e1sik csoport ir\u00e1nt. Amikor a munkahely\u00fcnk\u00f6n a transzparencia hi\u00e1nya \u00e9s a pletyk\u00e1k domin\u00e1lnak. Ez mind int\u0151 jel, \u00e9s a <b>Divide et impera strat\u00e9gia jelent\u0151s\u00e9ge<\/b> pont az ilyen helyzetekben v\u00e1lik kritikuss\u00e1.<\/p>\n<h3>\u00d6sszefog\u00e1s \u00e9s tudatos cselekv\u00e9s<\/h3>\n<p>Teh\u00e1t, <b>hogyan v\u00e9dekezhet\u00fcnk a megoszt\u00f3 taktik\u00e1k ellen?<\/b> A v\u00e1lasz egyszer\u0171, de a megval\u00f3s\u00edt\u00e1sa neh\u00e9z. Besz\u00e9lgess\u00fcnk egym\u00e1ssal. K\u00e9rd\u0151jelezz\u00fck meg a sztereot\u00edpi\u00e1kat. Keress\u00fck a k\u00f6z\u00f6s pontokat, ne a k\u00fcl\u00f6nbs\u00e9geket. T\u00e1mogassuk a f\u00fcggetlen, t\u00e9nyeken alapul\u00f3 t\u00e1j\u00e9koztat\u00e1st. A <b>Divide et impera strat\u00e9gia jelent\u0151s\u00e9ge<\/b> cs\u00f6kken, amint az emberek elkezdenek kommunik\u00e1lni \u00e9s gondolkodni.<\/p>\n<h2>A strat\u00e9gia \u00f6r\u00f6ks\u00e9ge \u00e9s j\u00f6v\u0151beli hat\u00e1sa<\/h2>\n<p>Ez a taktika vel\u00fcnk marad, am\u00edg l\u00e9tezik hatalomv\u00e1gy. A <b>Divide et impera strat\u00e9gia jelent\u0151s\u00e9ge<\/b> a j\u00f6v\u0151ben sem fog cs\u00f6kkenni, csup\u00e1n az eszk\u00f6z\u00f6k v\u00e1ltoznak.<\/p>\n<h3>Tart\u00f3s relevanci\u00e1ja a modern vil\u00e1gban<\/h3>\n<p>A globaliz\u00e1lt, digit\u00e1lis korban a megoszt\u00e1s minden eddigin\u00e9l k\u00f6nnyebb. Algoritmusok er\u0151s\u00edtik fel a sz\u00e9ls\u0151s\u00e9ges v\u00e9lem\u00e9nyeket, bubor\u00e9kokba z\u00e1rva minket. A megoszt\u00e1s, mint k\u00f6zponti t\u00e9ma, annyira be\u00e9p\u00fclt a modern narrat\u00edv\u00e1kba, hogy a popkult\u00fara is feldolgozza. El\u00e9g csak a digit\u00e1lis sz\u00f3rakoztat\u00f3iparra gondolni, ahol a <a href=\"https:\/\/worldpoint.eu\/hu\/deus-ex-mankind-divided-jatek\/\">Deus Ex: Mankind Divided j\u00e1t\u00e9k<\/a> p\u00e9ld\u00e1ul egy eg\u00e9sz vil\u00e1got \u00e9p\u00edt fel a mesters\u00e9gesen felturb\u00f3zott \u00e9s a &#8216;norm\u00e1lis&#8217; emberek k\u00f6z\u00f6tti, er\u0151szakkal sz\u00edtott szakad\u00e9kra. Ez a fikci\u00f3 t\u00f6k\u00e9letesen t\u00fckr\u00f6zi a val\u00f3s\u00e1got, ahol a <b>&#8220;Divide et impera&#8221; strat\u00e9gia a digitaliz\u00e1lt vil\u00e1gban<\/b> \u00faj, er\u0151teljesebb form\u00e1kat \u00f6lt. A <b>Divide et impera strat\u00e9gia jelent\u0151s\u00e9ge<\/b> ma m\u00e1r a digit\u00e1lis t\u00e9rben is megker\u00fclhetetlen t\u00e9nyez\u0151.<\/p>\n<h3>\u00d6sszegz\u00e9s: A megoszt\u00e1s m\u0171v\u00e9szete<\/h3>\n<p>\u00d6sszefoglalva, a <b>Divide et impera strat\u00e9gia jelent\u0151s\u00e9ge<\/b> \u00e1thatja a t\u00f6rt\u00e9nelmet \u00e9s a jelen\u00fcnket is. Ez egy olyan eszk\u00f6z, amely a f\u00e9lelemre \u00e9s a bizalmatlans\u00e1gra \u00e9p\u00edt, \u00e9s amelynek c\u00e9lja a kontroll megszerz\u00e9se \u00e9s fenntart\u00e1sa. Felismer\u00e9se \u00e9s a vele szembeni tudatos v\u00e9dekez\u00e9s nem csup\u00e1n egy\u00e9ni, hanem k\u00f6z\u00f6ss\u00e9gi felel\u0151ss\u00e9g is. A v\u00e9gs\u0151 k\u00e9rd\u00e9s mindig az, hogy hagyjuk-e, hogy megosszanak minket, vagy k\u00e9pesek vagyunk-e az \u00f6sszefog\u00e1sra egy k\u00f6z\u00f6s, jobb c\u00e9l \u00e9rdek\u00e9ben. A <b>Divide et impera strat\u00e9gia jelent\u0151s\u00e9ge<\/b> abban is \u00e1ll, hogy folyamatosan eml\u00e9keztet minket erre a v\u00e1laszt\u00e1sra. A <b>Divide et impera strat\u00e9gia jelent\u0151s\u00e9ge<\/b> \u00f6r\u00f6k, de a mi reakci\u00f3nk rajta m\u00falik. A <b>Divide et impera strat\u00e9gia jelent\u0151s\u00e9ge<\/b> a gyenges\u00e9g\u00fcnkben rejlik, de a lek\u00fczd\u00e9s\u00e9nek kulcsa az er\u0151nkben. Az igazi <b>Divide et impera strat\u00e9gia jelent\u0151s\u00e9ge<\/b> az, hogy megtan\u00edt minket az egys\u00e9g \u00e9rt\u00e9k\u00e9re. A <b>Divide et impera strat\u00e9gia jelent\u0151s\u00e9ge<\/b> a hatalom anat\u00f3mi\u00e1ja. A <b>Divide et impera strat\u00e9gia jelent\u0151s\u00e9ge<\/b> a t\u00e1rsadalmi dinamik\u00e1k meg\u00e9rt\u00e9s\u00e9nek kulcsa. A <b>Divide et impera strat\u00e9gia jelent\u0151s\u00e9ge<\/b> a t\u00f6rt\u00e9nelem ism\u00e9tl\u0151d\u0151 leck\u00e9je. A <b>Divide et impera strat\u00e9gia jelent\u0151s\u00e9ge<\/b> a modern manipul\u00e1ci\u00f3 alapja. A <b>Divide et impera strat\u00e9gia jelent\u0151s\u00e9ge<\/b> a szem\u00e9lyes \u00e9s kollekt\u00edv ellen\u00e1ll\u00e1s fontoss\u00e1g\u00e1t hangs\u00falyozza. V\u00e9g\u00fcl is, a <b>Divide et impera strat\u00e9gia jelent\u0151s\u00e9ge<\/b> arra tan\u00edt, hogy a legnagyobb er\u0151 a megosztotts\u00e1g lek\u00fczd\u00e9s\u00e9ben rejlik.<\/p>\n","protected":false},"excerpt":{"rendered":"<p>Eml\u00e9kszem, az egyik kor\u00e1bbi munkahelyemen k\u00e9t tehets\u00e9ges koll\u00e9ga indult egyetlen el\u0151l\u00e9ptet\u00e9s\u00e9rt. A leveg\u0151 szinte szikr\u00e1zott a fesz\u00fclts\u00e9gt\u0151l. A f\u0151n\u00f6k\u00fcnk, ahelyett, hogy a tiszta teljes\u00edtm\u00e9nyt \u00e9rt\u00e9kelte volna, finom utal\u00e1sokkal, f\u00e9lmondatokkal \u00e9s pletyk\u00e1kkal m\u00e9rgezte a viszonyukat. Egym\u00e1s ellen ford\u00edtotta \u0151ket. Zseni\u00e1lis volt, a maga h\u00e1tborzongat\u00f3 m\u00f3dj\u00e1n. Akkor m\u00e9g nem sejtettem, de a leg\u0151sibb hatalmi j\u00e1tszma \u00e9l\u0151 tan\u00faja [&hellip;]<\/p>\n","protected":false},"author":2,"featured_media":0,"comment_status":"","ping_status":"","sticky":false,"template":"","format":"standard","meta":{"footnotes":""},"categories":[1],"tags":[],"class_list":["post-155","post","type-post","status-publish","format-standard","hentry","category-uzlet"],"_links":{"self":[{"href":"https:\/\/worldpoint.eu\/hu\/wp-json\/wp\/v2\/posts\/155","targetHints":{"allow":["GET"]}}],"collection":[{"href":"https:\/\/worldpoint.eu\/hu\/wp-json\/wp\/v2\/posts"}],"about":[{"href":"https:\/\/worldpoint.eu\/hu\/wp-json\/wp\/v2\/types\/post"}],"author":[{"embeddable":true,"href":"https:\/\/worldpoint.eu\/hu\/wp-json\/wp\/v2\/users\/2"}],"replies":[{"embeddable":true,"href":"https:\/\/worldpoint.eu\/hu\/wp-json\/wp\/v2\/comments?post=155"}],"version-history":[{"count":0,"href":"https:\/\/worldpoint.eu\/hu\/wp-json\/wp\/v2\/posts\/155\/revisions"}],"wp:attachment":[{"href":"https:\/\/worldpoint.eu\/hu\/wp-json\/wp\/v2\/media?parent=155"}],"wp:term":[{"taxonomy":"category","embeddable":true,"href":"https:\/\/worldpoint.eu\/hu\/wp-json\/wp\/v2\/categories?post=155"},{"taxonomy":"post_tag","embeddable":true,"href":"https:\/\/worldpoint.eu\/hu\/wp-json\/wp\/v2\/tags?post=155"}],"curies":[{"name":"wp","href":"https:\/\/api.w.org\/{rel}","templated":true}]}}