{"id":149,"date":"2025-10-14T23:21:08","date_gmt":"2025-10-14T21:21:08","guid":{"rendered":"https:\/\/worldpoint.eu\/hu\/lidl-uj-uzlet-nyitas\/"},"modified":"2025-10-14T23:21:08","modified_gmt":"2025-10-14T21:21:08","slug":"lidl-uj-uzlet-nyitas","status":"publish","type":"post","link":"https:\/\/worldpoint.eu\/hu\/lidl-uj-uzlet-nyitas\/","title":{"rendered":"Lidl \u00faj \u00fczlet nyit\u00e1s: Minden, amit a leg\u00fajabb boltokr\u00f3l tudni kell"},"content":{"rendered":"<p>Szinte hetente hallani valahol, hogy m\u00e1r megint \u00e9p\u00fcl egy \u00faj diszkont\u00e1ruh\u00e1z. A v\u00e1ros sz\u00e9l\u00e9n, egy forgalmas csom\u00f3pont mellett, vagy \u00e9ppen egy r\u00e9gi, lebontott \u00e9p\u00fclet hely\u00e9n. A leggyakoribb jel\u00f6lt pedig k\u00e9ts\u00e9gtelen\u00fcl a Lidl. \u00dagy t\u0171nik, a n\u00e9met \u00e1ruh\u00e1zl\u00e1nc meg\u00e1ll\u00edthatatlanul terjeszkedik, \u00e9s mindenhol felbukkan egy-egy \u00fajabb \u00fczlet. De mi \u00e1ll a h\u00e1tt\u00e9rben? Mi\u00e9rt van sz\u00fcks\u00e9g ennyi \u00faj boltra, \u00e9s mit jelent ez sz\u00e1munkra, v\u00e1s\u00e1rl\u00f3k sz\u00e1m\u00e1ra? Azt hiszem, a legt\u00f6bben csak annyit l\u00e1tunk, hogy egy \u00fajabb helyen csaphatunk le az akci\u00f3s term\u00e9kekre, de a folyamat enn\u00e9l sokkal \u00f6sszetettebb. A sorozatos <b>lidl \u00faj \u00fczlet nyit\u00e1s<\/b> nem v\u00e9letlen, hanem egy gondosan fel\u00e9p\u00edtett strat\u00e9gia r\u00e9sze, ami mindannyiunk \u00e9let\u00e9re hat\u00e1ssal van, ak\u00e1r \u00e9szrevessz\u00fck, ak\u00e1r nem.<\/p>\n<h2>A Lidl terjeszked\u00e9se: Mi\u00e9rt ny\u00edlnak \u00faj \u00fczletek?<\/h2>\n<p>Felmer\u00fcl a k\u00e9rd\u00e9s: <b>mi\u00e9rt nyit lidl \u00faj \u00fczleteket<\/b>? A v\u00e1lasz t\u00f6bb r\u00e9teg\u0171, \u00e9s messze t\u00falmutat azon, hogy egyszer\u0171en csak t\u00f6bb bev\u00e9telt akarnak. Persze, az is fontos szempont. De a helyzet enn\u00e9l bonyolultabb.<\/p>\n<h3>Gazdas\u00e1gi n\u00f6veked\u00e9s \u00e9s piaci ig\u00e9nyek<\/h3>\n<p>A gazdas\u00e1gi k\u00f6rnyezet folyamatosan v\u00e1ltozik, \u00e9s a v\u00e1s\u00e1rl\u00f3i szok\u00e1sok is. Az emberek keresik a j\u00f3 min\u0151s\u00e9g\u0171, m\u00e9gis megfizethet\u0151 term\u00e9keket, a Lidl pedig pontosan erre az ig\u00e9nyre \u00e9p\u00edt. Egy-egy s\u0171r\u0171n lakott ter\u00fcleten a megl\u00e9v\u0151 \u00fczletek egyszer\u0171en el\u00e9rik a kapacit\u00e1suk hat\u00e1r\u00e1t. Eml\u00e9kszem, a lak\u00f3helyemhez k\u00f6zeli boltban p\u00e9ntek d\u00e9lut\u00e1nonk\u00e9nt mozdulni sem lehetett. Egy \u00fajabb egys\u00e9g megnyit\u00e1sa tehermentes\u00edti a r\u00e9gieket, \u00e9s k\u00e9nyelmesebb\u00e9 teszi a v\u00e1s\u00e1rl\u00e1st. A <b>lidl \u00faj \u00fczlet nyit\u00e1s<\/b> teh\u00e1t egyenes k\u00f6vetkezm\u00e9nye a piaci ig\u00e9nyek n\u00f6veked\u00e9s\u00e9nek. A c\u00e9g folyamatosan elemzi a demogr\u00e1fiai adatokat \u00e9s a v\u00e1s\u00e1rl\u00f3er\u0151t, hogy megtal\u00e1lja azokat a pontokat, ahol egy \u00faj \u00fczlet a legnagyobb hasznot hozhatja. A <b>lidl bolth\u00e1l\u00f3zat b\u0151v\u00edt\u00e9s magyarorsz\u00e1g<\/b> ter\u00fclet\u00e9n egy\u00e9rtelm\u0171en a n\u00f6vekv\u0151 keresletre adott v\u00e1lasz. Nem csoda, hogy sokan keresnek r\u00e1 arra, hogy <b>hol lesz \u00faj lidl \u00fczlet magyarorsz\u00e1gon<\/b>.<\/p>\n<h3>Versenyel\u0151ny \u00e9s fogyaszt\u00f3i el\u00e9gedetts\u00e9g<\/h3>\n<p>A kiskereskedelmi piacon \u00f3ri\u00e1si a verseny. A Lidl nem engedheti meg mag\u00e1nak, hogy a versenyt\u00e1rsak \u2013 p\u00e9ld\u00e1ul a hazai l\u00e1ncok, amelyekr\u0151l a <a href=\"https:\/\/worldpoint.eu\/hu\/cba-uzletek-nyitvatartasa-es-elerhetosegei\/\">CBA \u00fczletek nyitvatart\u00e1sa \u00e9s el\u00e9rhet\u0151s\u00e9gei<\/a> cikkben olvashat \u2013 elh\u00f3d\u00edts\u00e1k a v\u00e1s\u00e1rl\u00f3kat. Egy strat\u00e9giailag j\u00f3 helyen v\u00e9grehajtott <b>lidl \u00faj \u00fczlet nyit\u00e1s<\/b> komoly versenyel\u0151nyt jelenthet. R\u00e1ad\u00e1sul a fogyaszt\u00f3i el\u00e9gedetts\u00e9g n\u00f6vel\u00e9se is kulcsfontoss\u00e1g\u00fa. Ha egy v\u00e1s\u00e1rl\u00f3nak kevesebbet kell utaznia, \u00e9s egy modernebb, tiszt\u00e1bb, jobban felszerelt \u00fczletben int\u00e9zheti a bev\u00e1s\u00e1rl\u00e1st, nagyobb es\u00e9llyel marad h\u0171s\u00e9ges a m\u00e1rk\u00e1hoz. A <b>lidl \u00faj \u00fczlet nyit\u00e1s<\/b> teh\u00e1t nemcsak terjeszked\u00e9s, hanem a megl\u00e9v\u0151 v\u00e1s\u00e1rl\u00f3i b\u00e1zis megtart\u00e1s\u00e1nak \u00e9s k\u00e9nyeztet\u00e9s\u00e9nek eszk\u00f6ze is. Egy j\u00f3l siker\u00fclt <b>lidl \u00faj \u00fczlet nyit\u00e1s<\/b> hossz\u00fa t\u00e1von meger\u0151s\u00edti a c\u00e9g poz\u00edci\u00f3j\u00e1t a piacon.<\/p>\n<h2>Mire sz\u00e1m\u00edthatunk egy frissen megny\u00edlt Lidl \u00fczletben?<\/h2>\n<p>Amikor bejelentenek egy <b>lidl \u00faj \u00fczlet nyit\u00e1s<\/b> esem\u00e9nyt a k\u00f6zelben, az ember \u00f3hatatlanul k\u00edv\u00e1ncsi lesz. Miben lesz m\u00e1s, mint a r\u00e9gi? Jobb lesz? L\u00e1ssuk, mire \u00e9rdemes sz\u00e1m\u00edtani.<\/p>\n<h3>Modern design \u00e9s v\u00e1s\u00e1rl\u00f3i \u00e9lm\u00e9ny<\/h3>\n<p>Az \u00faj \u00fczletek m\u00e1r egy teljesen m\u00e1s koncepci\u00f3 szerint \u00e9p\u00fclnek, mint a 10-15 \u00e9vvel ezel\u0151ttiek. T\u00e1gasabbak, vil\u00e1gosabbak, \u00e9s a bels\u0151 elrendez\u00e9s\u00fck is sokkal logikusabb. Legal\u00e1bbis elvileg. Nekem szem\u00e9ly szerint hetekbe telik megszokni az \u00faj helyeket, \u00e9s megtal\u00e1lni a kedvenc term\u00e9keimet. De t\u00e9ny, hogy a sz\u00e9lesebb folyos\u00f3k, az energiatakar\u00e9kos LED-vil\u00e1g\u00edt\u00e1s \u00e9s a modern h\u0171t\u0151pultok sokkal kellemesebb v\u00e1s\u00e1rl\u00e1si k\u00f6rnyezetet teremtenek. Az eszt\u00e9tika is fontos; ezek az \u00e9p\u00fcletek m\u00e1r nem csak egyszer\u0171 &#8220;doboz\u00e1ruh\u00e1zak&#8221;. A v\u00e1s\u00e1rl\u00f3i \u00e9lm\u00e9ny fokoz\u00e1sa a c\u00e9l, ami messze t\u00falmutat a term\u00e9kek \u00e1r\u00e1n. Nem v\u00e9letlen, hogy a pr\u00e9mium szegmensben a <a href=\"https:\/\/worldpoint.eu\/hu\/flancos-uzlet-nyitasa-utmutato\/\">flancos \u00fczlet nyit\u00e1sa \u00fatmutat\u00f3<\/a> is a v\u00e1s\u00e1rl\u00f3i \u00e9lm\u00e9nyre helyezi a hangs\u00falyt, \u00e9s a Lidl is felismerte ennek fontoss\u00e1g\u00e1t a saj\u00e1t szintj\u00e9n. A <b>lidl \u00faj \u00fczlet nyit\u00e1s<\/b> sor\u00e1n a k\u00e9nyelem az egyik f\u0151 szempont.<\/p>\n<h3>B\u0151v\u00fcl\u0151 term\u00e9kv\u00e1laszt\u00e9k \u00e9s friss \u00e1ruk<\/h3>\n<p>Az \u00faj \u00fczletek gyakran nagyobb alapter\u00fclettel rendelkeznek, ami lehet\u0151v\u00e9 teszi a term\u00e9kk\u00edn\u00e1lat b\u0151v\u00edt\u00e9s\u00e9t. A legl\u00e1tv\u00e1nyosabb \u00e1ltal\u00e1ban a &#8220;S\u00fcss\u00fcnk frissen!&#8221; l\u00e1tv\u00e1nyp\u00e9ks\u00e9g, aminek az illata m\u00e1r a bej\u00e1ratn\u00e1l \u00e9rezhet\u0151. Enn\u00e9l a pontn\u00e1l minden di\u00e9ta kudarcba fullad. A <b>lidl friss z\u00f6lds\u00e9g \u00e9s gy\u00fcm\u00f6lcs \u00faj \u00fczlet<\/b> k\u00edn\u00e1lata is jellemz\u0151en b\u0151s\u00e9gesebb \u00e9s \u00e1tl\u00e1that\u00f3bb egy \u00faj egys\u00e9gben. Emellett t\u00f6bb hely jut a tematikus heteknek, a bioterm\u00e9keknek \u00e9s a speci\u00e1lis \u00e9trendet k\u00f6vet\u0151knek sz\u00e1nt \u00e1ruknak. \u00c9rdemes figyelni, hiszen a <b>lidl \u00faj \u00fczlet akci\u00f3s aj\u00e1nlatok<\/b> gyakran k\u00fcl\u00f6nleges, m\u00e1shol nem kaphat\u00f3 term\u00e9keket is tartalmaznak. \u00cdgy a <b>milyen term\u00e9kek kaphat\u00f3k \u00faj lidl \u00fczletben<\/b> k\u00e9rd\u00e9sre a v\u00e1lasz: a r\u00e9giek, \u00e9s m\u00e9g ann\u00e1l is t\u00f6bb. A <b>lidl term\u00e9kek v\u00e1s\u00e1rl\u00e1sa \u00faj \u00fczletben<\/b> \u00edgy egyfajta felfedez\u0151\u00fatt\u00e1 v\u00e1lhat. A <b>lidl \u00faj \u00fczlet nyit\u00e1s<\/b> mindig izgalmas a k\u00edn\u00e1lat szempontj\u00e1b\u00f3l.<\/p>\n<h3>Digit\u00e1lis megold\u00e1sok \u00e9s innov\u00e1ci\u00f3k<\/h3>\n<p>A digitaliz\u00e1ci\u00f3 a Lidl \u00fczleteit sem ker\u00fcli el. Az \u00f6nkiszolg\u00e1l\u00f3 kassz\u00e1k ma m\u00e1r szinte alapfelszerelts\u00e9gnek sz\u00e1m\u00edtanak egy <b>lidl \u00faj \u00fczlet nyit\u00e1s<\/b> alkalm\u00e1val. Ezek hol \u00e1ld\u00e1s, hol \u00e1tok. Amikor sietn\u00e9k, \u00e9s csak p\u00e1r dolgot veszek, im\u00e1dom. Amikor viszont a rendszer nem ismeri fel a z\u00f6lds\u00e9get, vagy technikai hib\u00e1t jelez, a hajamat tudn\u00e1m t\u00e9pni. De \u00f6sszess\u00e9g\u00e9ben gyors\u00edtj\u00e1k a folyamatot. A Lidl Plus alkalmaz\u00e1s haszn\u00e1lata szint\u00e9n egyre elterjedtebb, ami digit\u00e1lis kuponokat \u00e9s szem\u00e9lyre szabott aj\u00e1nlatokat k\u00edn\u00e1l. Egy \u00faj boltban m\u00e1r biztosan sz\u00e1m\u00edthatunk a legmodernebb digit\u00e1lis fizet\u00e9si lehet\u0151s\u00e9gekre is.<\/p>\n<h2>Hogyan tal\u00e1ljuk meg a leg\u00fajabb Lidl \u00fczleteket \u00e9s nyitvatart\u00e1sukat?<\/h2>\n<p>Ok\u00e9, meggy\u0151ztek, \u00e9rdekelnek az \u00faj boltok. De honnan tudom, <b>hol lesz \u00faj lidl \u00fczlet magyarorsz\u00e1gon<\/b>? Vagy a sz\u0171kebb k\u00f6rnyezetemben? Szerencs\u00e9re t\u00f6bb lehet\u0151s\u00e9g is van.<\/p>\n<h3>Online t\u00e9rk\u00e9pek \u00e9s a Lidl weboldala<\/h3>\n<p>A legegyszer\u0171bb m\u00f3dszer a hivatalos forr\u00e1sokb\u00f3l t\u00e1j\u00e9koz\u00f3dni. A Lidl saj\u00e1t weboldal\u00e1n van egy \u00fczletkeres\u0151, ahol \u00e1ltal\u00e1ban m\u00e1r a nyit\u00e1s el\u0151tt felt\u00fcntetik az \u00faj helysz\u00edneket. Ez a <b>leg\u00fajabb lidl \u00fczletek list\u00e1ja<\/b> forr\u00e1sa. A Google T\u00e9rk\u00e9p szint\u00e9n naprak\u00e9sz, \u00e9s gyakran a felhaszn\u00e1l\u00f3i fot\u00f3knak k\u00f6sz\u00f6nhet\u0151en m\u00e1r az \u00e9p\u00edtkez\u00e9s f\u00e1zisait is nyomon lehet k\u00f6vetni. Ha konkr\u00e9t tervekr\u0151l van sz\u00f3, a <b>lidl \u00faj \u00fczlet \u00e9p\u00edt\u00e9si tervei<\/b> ir\u00e1nt \u00e9rdekl\u0151dve \u00e9rdemes a helyi \u00f6nkorm\u00e1nyzat weboldal\u00e1t is b\u00f6ng\u00e9szni. Egy \u00faj <b>lidl \u00faj \u00fczlet nyit\u00e1s<\/b> ritk\u00e1n marad titokban.<\/p>\n<h3>K\u00f6z\u00f6ss\u00e9gi m\u00e9dia \u00e9s helyi h\u00edrforr\u00e1sok<\/h3>\n<p>A helyi Facebook-csoportok aranyb\u00e1ny\u00e1t jelentenek az ilyen inform\u00e1ci\u00f3knak. Sokszor m\u00e1r h\u00f3napokkal a hivatalos bejelent\u00e9s el\u0151tt elindul a tal\u00e1lgat\u00e1s: &#8220;Vajon mi \u00e9p\u00fcl ott?&#8221;. A helyi h\u00edroldalak \u00e9s \u00fajs\u00e1gok is \u00e1ltal\u00e1ban besz\u00e1molnak egy ekkora beruh\u00e1z\u00e1sr\u00f3l. A k\u00f6z\u00f6ss\u00e9gi m\u00e9dia erej\u00e9t nem szabad lebecs\u00fclni; egy-egy <b>lidl \u00faj \u00fczlet nyit\u00e1s<\/b> h\u00edre fut\u00f3t\u0171zk\u00e9nt terjed. A pletyk\u00e1kb\u00f3l persze nem mindig lesz val\u00f3s\u00e1g, de gyakran van alapjuk. Amikor arr\u00f3l van sz\u00f3, hogy <b>mikor ny\u00edlik \u00faj lidl budapesten<\/b>, a f\u0151v\u00e1rosi ker\u00fcleti csoportok a leggyorsabb inform\u00e1ci\u00f3s forr\u00e1sok. M\u00e1s m\u00e1rk\u00e1k, mint p\u00e9ld\u00e1ul a <a href=\"https:\/\/worldpoint.eu\/hu\/dorko-uzletek-magyarorszagon\/\">Dorko \u00fczletek Magyarorsz\u00e1gon<\/a> vagy az <a href=\"https:\/\/worldpoint.eu\/hu\/orsay-uzlet-budapest\/\">Orsay \u00fczlet Budapest<\/a> eset\u00e9ben is a helyi k\u00f6z\u00f6ss\u00e9g \u00e9rtes\u00fcl el\u0151sz\u00f6r a nyit\u00e1sokr\u00f3l.<\/p>\n<h2>\u00c9rtes\u00fclj\u00f6n els\u0151k\u00e9nt a nyit\u00e1sokr\u00f3l<\/h2>\n<p>Ha nem akarsz lemaradni semmir\u0151l, \u00e9s az els\u0151k k\u00f6z\u00f6tt szeretn\u00e9d kipr\u00f3b\u00e1lni az \u00faj boltot, van n\u00e9h\u00e1ny tr\u00fckk. A k\u00e9rd\u00e9s, <b>hogyan \u00e9rtes\u00fclj\u00fcnk lidl \u00fczletnyit\u00e1sr\u00f3l<\/b>, k\u00f6nnyen megv\u00e1laszolhat\u00f3.<\/p>\n<h3>Feliratkoz\u00e1s h\u00edrlev\u00e9lre<\/h3>\n<p>A Lidl h\u00edrlevele nem csak az aktu\u00e1lis akci\u00f3kr\u00f3l t\u00e1j\u00e9koztat. Gyakran k\u00fcl\u00f6n szekci\u00f3t szentelnek a k\u00f6zelg\u0151 esem\u00e9nyeknek, bele\u00e9rtve egy-egy <b>lidl \u00faj \u00fczlet nyit\u00e1s<\/b> bejelent\u00e9s\u00e9t is. Itt kaphatunk inform\u00e1ci\u00f3t a nyit\u00e1si akci\u00f3kr\u00f3l \u00e9s az esetleges nyerem\u00e9nyj\u00e1t\u00e9kokr\u00f3l. Emellett a digit\u00e1lis <b>lidl akci\u00f3s \u00fajs\u00e1g \u00faj \u00fczlet<\/b> eset\u00e9ben is a legfontosabb t\u00e1j\u00e9koz\u00f3d\u00e1si pont. A feliratkoz\u00e1s ingyenes, \u00e9s p\u00e1r kattint\u00e1ssal megoldhat\u00f3.<\/p>\n<h3>Mobilalkalmaz\u00e1s haszn\u00e1lata<\/h3>\n<p>A Lidl Plus alkalmaz\u00e1s, ha enged\u00e9lyezz\u00fck az \u00e9rtes\u00edt\u00e9seket, szint\u00e9n proakt\u00edvan t\u00e1j\u00e9koztathat egy k\u00f6zelg\u0151 <b>lidl \u00faj \u00fczlet nyit\u00e1s<\/b> esem\u00e9nyr\u0151l, k\u00fcl\u00f6n\u00f6sen, ha az a mi r\u00e9gi\u00f3nkban t\u00f6rt\u00e9nik. Az applik\u00e1ci\u00f3 szem\u00e9lyre szabottan k\u00e9pes jelezni, ami rendk\u00edv\u00fcl k\u00e9nyelmes. \u00cdgy biztosan nem maradunk le a legfontosabb inform\u00e1ci\u00f3kr\u00f3l, \u00e9s a <b>lidl nyitvatart\u00e1s \u00faj \u00fczletek<\/b> eset\u00e9ben is azonnal el\u00e9rhet\u0151v\u00e9 v\u00e1lik.<\/p>\n<h2>Az \u00faj Lidl \u00fczletek hat\u00e1sa a helyi k\u00f6z\u00f6ss\u00e9gekre<\/h2>\n<p>Egy \u00faj szupermarket megnyit\u00e1sa sokkal t\u00f6bbet jelent, mint egy \u00fajabb bev\u00e1s\u00e1rl\u00e1si lehet\u0151s\u00e9get. A <b>lidl \u00fczletnyit\u00e1s hat\u00e1sa a helyi gazdas\u00e1gra<\/b> jelent\u0151s \u00e9s t\u00f6bbnyire pozit\u00edv. N\u00e9zz\u00fck meg a legfontosabb szempontokat.<\/p>\n<h3>Munkalehet\u0151s\u00e9gek \u00e9s gazdas\u00e1gi fellend\u00fcl\u00e9s<\/h3>\n<p>Ez a legnyilv\u00e1nval\u00f3bb el\u0151ny. Minden egyes <b>lidl \u00faj \u00fczlet nyit\u00e1s<\/b> t\u00f6bb tucat \u00faj munkahelyet teremt, a bolti elad\u00f3kt\u00f3l kezdve a rakt\u00e1rosokon \u00e1t a takar\u00edt\u00f3kig. A <b>lidl \u00e1ll\u00e1slehet\u0151s\u00e9gek \u00faj \u00fczletben<\/b> sokaknak jelentenek stabil, bejelentett munk\u00e1t. A <b>lidl munkahelyek \u00faj \u00fczletben<\/b> bet\u00f6lt\u00e9se a helyi munkaer\u0151piacot is \u00e9l\u00e9nk\u00edti. A megn\u00f6vekedett gazdas\u00e1gi aktivit\u00e1s a helyi ad\u00f3bev\u00e9teleket is n\u00f6veli, amit az \u00f6nkorm\u00e1nyzat a k\u00f6z\u00f6ss\u00e9g fejleszt\u00e9s\u00e9re ford\u00edthat. Ez a <b>lidl \u00fczletnyit\u00e1s hat\u00e1sa a helyi gazdas\u00e1gra<\/b> a legk\u00f6zvetlenebb m\u00f3don. A <b>lidl beruh\u00e1z\u00e1sok magyarorsz\u00e1gon<\/b> teh\u00e1t komoly gazdas\u00e1g\u00e9l\u00e9nk\u00edt\u0151 er\u0151vel b\u00edrnak.<\/p>\n<h3>Infrastruktur\u00e1lis fejleszt\u00e9sek<\/h3>\n<p>Egy <b>lidl \u00faj \u00fczlet nyit\u00e1s<\/b> gyakran egy\u00fctt j\u00e1r a k\u00f6rnyez\u0151 infrastrukt\u00fara fejleszt\u00e9s\u00e9vel. \u00daj bek\u00f6t\u0151utak, j\u00e1rd\u00e1k, k\u00f6zleked\u00e9si l\u00e1mp\u00e1k \u00e9p\u00fclhetnek, \u00e9s a k\u00f6zvil\u00e1g\u00edt\u00e1st is moderniz\u00e1lhatj\u00e1k. B\u00e1r az \u00e9p\u00edtkez\u00e9s id\u0151szak\u00e1ban ez kellemetlens\u00e9gekkel j\u00e1rhat \u2013 por, zaj, forgalmi korl\u00e1toz\u00e1sok \u2013, hossz\u00fa t\u00e1von az eg\u00e9sz k\u00f6rny\u00e9k profit\u00e1l bel\u0151le. A beruh\u00e1z\u00e1s r\u00e9szek\u00e9nt sokszor a k\u00f6zm\u0171h\u00e1l\u00f3zatot is fejlesztik.<\/p>\n<h3>Helyi besz\u00e1ll\u00edt\u00f3k bevon\u00e1sa<\/h3>\n<p>A Lidl egyre nagyobb hangs\u00falyt fektet a helyi term\u00e9kekre. A &#8220;Lidl a magyar besz\u00e1ll\u00edt\u00f3k\u00e9rt&#8221; program keret\u00e9ben sz\u00e1mos hazai termel\u0151 \u00e9s gy\u00e1rt\u00f3 kap lehet\u0151s\u00e9get, hogy term\u00e9kei beker\u00fcljenek az orsz\u00e1gos h\u00e1l\u00f3zatba. Egy \u00faj \u00fczlet megnyit\u00e1sa lehet\u0151s\u00e9get teremthet a k\u00f6rny\u00e9kbeli gazd\u00e1k \u00e9s kisv\u00e1llalkoz\u00e1sok sz\u00e1m\u00e1ra is, hogy bekapcsol\u00f3djanak a besz\u00e1ll\u00edt\u00f3i l\u00e1ncba. A <b>lidl \u00fczletnyit\u00e1si strat\u00e9gia<\/b> fontos eleme a helyi gazdas\u00e1ggal val\u00f3 szorosabb egy\u00fcttm\u0171k\u00f6d\u00e9s.<\/p>\n<h2>A Lidl j\u00f6v\u0151beli tervei Magyarorsz\u00e1gon<\/h2>\n<p>A terjeszked\u00e9s nem \u00e1ll meg. De milyen ir\u00e1nyba halad a c\u00e9g a j\u00f6v\u0151ben? A <b>lidl \u00faj \u00fczlet nyit\u00e1s<\/b> mellett m\u00e1s ter\u00fcleteken is komoly fejleszt\u00e9sek v\u00e1rhat\u00f3k.<\/p>\n<h3>Fenntarthat\u00f3s\u00e1g \u00e9s k\u00f6rnyezetv\u00e9delem<\/h3>\n<p>A j\u00f6v\u0151 \u00fczletei z\u00f6ldebbek lesznek. A <b>lidl k\u00f6rnyezetbar\u00e1t \u00fczletnyit\u00e1s<\/b> egyre fontosabb szempont. Ez mag\u00e1ban foglalja a szelekt\u00edv hullad\u00e9kgy\u0171jt\u00e9st, az energiatakar\u00e9kos technol\u00f3gi\u00e1k haszn\u00e1lat\u00e1t (p\u00e9ld\u00e1ul h\u0151szivatty\u00fas f\u0171t\u00e9s-h\u0171t\u00e9s), a napelemek telep\u00edt\u00e9s\u00e9t az \u00e9p\u00fcletek tetej\u00e9re, \u00e9s az elektromosaut\u00f3-t\u00f6lt\u0151\u00e1llom\u00e1sok l\u00e9tes\u00edt\u00e9s\u00e9t a parkol\u00f3kban. A v\u00e1s\u00e1rl\u00f3k egyre tudatosabbak, \u00e9s elv\u00e1rj\u00e1k a c\u00e9gekt\u0151l, hogy tegyenek a k\u00f6rnyezet\u00e9rt. A <b>lidl \u00faj \u00fczlet nyit\u00e1s<\/b> ma m\u00e1r elk\u00e9pzelhetetlen fenntarthat\u00f3s\u00e1gi szempontok n\u00e9lk\u00fcl.<\/p>\n<h3>Logisztikai h\u00e1l\u00f3zat fejleszt\u00e9se<\/h3>\n<p>A bolth\u00e1l\u00f3zat b\u0151v\u00fcl\u00e9se megk\u00f6veteli a logisztikai h\u00e1tt\u00e9r folyamatos fejleszt\u00e9s\u00e9t is. \u00daj rakt\u00e1rk\u00f6zpontok \u00e9p\u00fclnek, hogy az \u00e1ruell\u00e1t\u00e1s z\u00f6kken\u0151mentes legyen. Ez tal\u00e1n a v\u00e1s\u00e1rl\u00f3k sz\u00e1m\u00e1ra kev\u00e9sb\u00e9 l\u00e1tv\u00e1nyos, de elengedhetetlen a polcok folyamatos felt\u00f6lt\u00f6tts\u00e9g\u00e9hez. A hat\u00e9kony logisztika cs\u00f6kkenti a sz\u00e1ll\u00edt\u00e1si k\u00f6lts\u00e9geket \u00e9s a k\u00f6rnyezeti terhel\u00e9st is. A <b>lidl \u00faj \u00fczlet nyit\u00e1s<\/b> sikeress\u00e9ge nagyban f\u00fcgg a h\u00e1tt\u00e9rben m\u0171k\u00f6d\u0151 logisztikai rendszert\u0151l.<\/p>\n<h3>Innovat\u00edv szolg\u00e1ltat\u00e1sok bevezet\u00e9se<\/h3>\n<p>A j\u00f6v\u0151ben val\u00f3sz\u00edn\u0171leg egyre t\u00f6bb innovat\u00edv szolg\u00e1ltat\u00e1ssal tal\u00e1lkozhatunk. Ilyen lehet az online bev\u00e1s\u00e1rl\u00e1s \u00e9s h\u00e1zhozsz\u00e1ll\u00edt\u00e1s bevezet\u00e9se, ami a pand\u00e9mia \u00f3ta egyre nagyobb ig\u00e9ny. Vagy ak\u00e1r a &#8220;click and collect&#8221; pontok l\u00e9trehoz\u00e1sa, ahol az online megrendelt term\u00e9keket lehet \u00e1tvenni. Az \u00e1lland\u00f3 <b>lidl \u00faj \u00fczlet nyit\u00e1s<\/b> mellett a szolg\u00e1ltat\u00e1sok min\u0151s\u00e9gi fejleszt\u00e9se is kulcsfontoss\u00e1g\u00fa lesz a versenyben marad\u00e1shoz. A <b>milyen term\u00e9kek kaphat\u00f3k \u00faj lidl \u00fczletben<\/b> k\u00e9rd\u00e9s mellett az is fontos lesz, hogyan jutunk hozz\u00e1juk.<\/p>\n<h2>\u00d6sszefoglal\u00e1s: A Lidl dinamikus terjeszked\u00e9se<\/h2>\n<p>L\u00e1thatjuk teh\u00e1t, hogy a <b>lidl \u00faj \u00fczlet nyit\u00e1s<\/b> egy komplex, sokt\u00e9nyez\u0151s folyamat eredm\u00e9nye. A gazdas\u00e1gi racionalit\u00e1s, a piaci verseny \u00e9s a v\u00e1s\u00e1rl\u00f3i ig\u00e9nyek egy\u00fcttesen hajtj\u00e1k ezt a dinamikus terjeszked\u00e9st. Nek\u00fcnk, v\u00e1s\u00e1rl\u00f3knak ez t\u00f6bbnyire j\u00f3 h\u00edr: modernebb \u00fczletek, sz\u00e9lesebb v\u00e1laszt\u00e9k \u00e9s jobb el\u00e9rhet\u0151s\u00e9g. Ugyanakkor a helyi k\u00f6z\u00f6ss\u00e9gek is profit\u00e1lnak az \u00faj munkahelyekb\u0151l \u00e9s a fejl\u0151d\u0151 infrastrukt\u00far\u00e1b\u00f3l. A <b>lidl \u00e1ll\u00e1slehet\u0151s\u00e9gek \u00faj \u00fczletben<\/b> sok csal\u00e1dnak ny\u00fajtanak meg\u00e9lhet\u00e9st. B\u00e1r a terjeszked\u00e9s n\u00e9ha vit\u00e1kat sz\u00fcl, \u00e9s az \u00e9p\u00edtkez\u00e9sek kellemetlens\u00e9gekkel j\u00e1rhatnak, a v\u00e9geredm\u00e9ny \u00e1ltal\u00e1ban egy pozit\u00edv v\u00e1ltoz\u00e1s. A folyamatos <b>lidl \u00faj \u00fczlet nyit\u00e1s<\/b> azt jelzi, hogy a m\u00e1rka b\u00edzik a magyar piacban, \u00e9s hossz\u00fa t\u00e1vra tervez. \u00c9s ez v\u00e9gs\u0151 soron mindannyiunk sz\u00e1m\u00e1ra el\u0151ny\u00f6s. Azt, hogy mikor \u00e9s hol lesz a k\u00f6vetkez\u0151 <b>lidl \u00faj \u00fczlet nyit\u00e1s<\/b>, \u00e9rdemes figyelemmel k\u00eds\u00e9rni, mert egy \u00faj bolt mindig \u00faj lehet\u0151s\u00e9geket is hoz mag\u00e1val, nem is besz\u00e9lve arr\u00f3l, hogy az \u00fczletek nyitvatart\u00e1sa, minden amit tudnod kell, az \u00faj egys\u00e9gekn\u00e9l is k\u00f6zponti k\u00e9rd\u00e9s.<\/p>\n","protected":false},"excerpt":{"rendered":"<p>Szinte hetente hallani valahol, hogy m\u00e1r megint \u00e9p\u00fcl egy \u00faj diszkont\u00e1ruh\u00e1z. A v\u00e1ros sz\u00e9l\u00e9n, egy forgalmas csom\u00f3pont mellett, vagy \u00e9ppen egy r\u00e9gi, lebontott \u00e9p\u00fclet hely\u00e9n. A leggyakoribb jel\u00f6lt pedig k\u00e9ts\u00e9gtelen\u00fcl a Lidl. \u00dagy t\u0171nik, a n\u00e9met \u00e1ruh\u00e1zl\u00e1nc meg\u00e1ll\u00edthatatlanul terjeszkedik, \u00e9s mindenhol felbukkan egy-egy \u00fajabb \u00fczlet. De mi \u00e1ll a h\u00e1tt\u00e9rben? Mi\u00e9rt van sz\u00fcks\u00e9g ennyi \u00faj [&hellip;]<\/p>\n","protected":false},"author":2,"featured_media":0,"comment_status":"","ping_status":"","sticky":false,"template":"","format":"standard","meta":{"footnotes":""},"categories":[1],"tags":[],"class_list":["post-149","post","type-post","status-publish","format-standard","hentry","category-uzlet"],"_links":{"self":[{"href":"https:\/\/worldpoint.eu\/hu\/wp-json\/wp\/v2\/posts\/149","targetHints":{"allow":["GET"]}}],"collection":[{"href":"https:\/\/worldpoint.eu\/hu\/wp-json\/wp\/v2\/posts"}],"about":[{"href":"https:\/\/worldpoint.eu\/hu\/wp-json\/wp\/v2\/types\/post"}],"author":[{"embeddable":true,"href":"https:\/\/worldpoint.eu\/hu\/wp-json\/wp\/v2\/users\/2"}],"replies":[{"embeddable":true,"href":"https:\/\/worldpoint.eu\/hu\/wp-json\/wp\/v2\/comments?post=149"}],"version-history":[{"count":0,"href":"https:\/\/worldpoint.eu\/hu\/wp-json\/wp\/v2\/posts\/149\/revisions"}],"wp:attachment":[{"href":"https:\/\/worldpoint.eu\/hu\/wp-json\/wp\/v2\/media?parent=149"}],"wp:term":[{"taxonomy":"category","embeddable":true,"href":"https:\/\/worldpoint.eu\/hu\/wp-json\/wp\/v2\/categories?post=149"},{"taxonomy":"post_tag","embeddable":true,"href":"https:\/\/worldpoint.eu\/hu\/wp-json\/wp\/v2\/tags?post=149"}],"curies":[{"name":"wp","href":"https:\/\/api.w.org\/{rel}","templated":true}]}}