{"id":145,"date":"2025-10-14T23:06:00","date_gmt":"2025-10-14T21:06:00","guid":{"rendered":"https:\/\/worldpoint.eu\/hu\/vadaskert-alapitvany-gyermekek-lelki-egeszsege\/"},"modified":"2025-10-14T23:06:00","modified_gmt":"2025-10-14T21:06:00","slug":"vadaskert-alapitvany-gyermekek-lelki-egeszsege","status":"publish","type":"post","link":"https:\/\/worldpoint.eu\/hu\/vadaskert-alapitvany-gyermekek-lelki-egeszsege\/","title":{"rendered":"Vadaskert Alap\u00edtv\u00e1ny gyermekek lelki eg\u00e9szs\u00e9ge: Egy teljes k\u00f6r\u0171 \u00fatmutat\u00f3"},"content":{"rendered":"<p>Sz\u00fcl\u0151k\u00e9nt az ember folyamatosan agg\u00f3dik. J\u00f3l van a gyerek? Eszik eleget? Nincsenek rossz bar\u00e1tai? Azt\u00e1n j\u00f6n egy sokkal megfoghatatlanabb, m\u00e9gis mindenn\u00e9l fontosabb k\u00e9rd\u00e9s: vajon lelkileg rendben van? Ez a gondolat n\u00e9ha csak egy halk suttog\u00e1s, m\u00e1skor pedig egy \u00e9ktelen\u00fcl ord\u00edt\u00f3 szir\u00e9na a fej\u00fcnkben. Mert a lelki sebek nem mindig l\u00e1tszanak, nem lehet r\u00e1juk sebtapaszt rakni. Ebben a csendes, gyakran l\u00e1thatatlan k\u00fczdelemben ny\u00fajt mened\u00e9ket \u00e9s szak\u00e9rt\u0151 seg\u00edts\u00e9get a Vadaskert Alap\u00edtv\u00e1ny, ahol a f\u00f3kuszban a <b>vadaskert alap\u00edtv\u00e1ny gyermekek lelki eg\u00e9szs\u00e9ge<\/b> \u00e1ll. N\u00e9ha a legnagyobb seg\u00edts\u00e9g az, ha beismerj\u00fck, egyed\u00fcl nem megy. \u00c9s ez teljesen rendben van.<\/p>\n<h2>Bevezet\u00e9s: A Vadaskert Alap\u00edtv\u00e1ny k\u00fcldet\u00e9se a gyermekek\u00e9rt<\/h2>\n<p>Amikor a gyermek\u00fcnk ment\u00e1lis j\u00f3l\u00e9t\u00e9r\u0151l van sz\u00f3, nincs helye a bizonytalans\u00e1gnak. Az alap\u00edtv\u00e1ny k\u00fcldet\u00e9se tiszta \u00e9s egy\u00e9rtelm\u0171: professzion\u00e1lis, szeretetteljes \u00e9s hat\u00e9kony t\u00e1mogat\u00e1st ny\u00fajtani a ment\u00e1lis neh\u00e9zs\u00e9gekkel k\u00fczd\u0151 gyermekeknek \u00e9s csal\u00e1djaiknak. Ez nem csak egy munka, ez hivat\u00e1s, ahol a legfontosabb a <b>vadaskert alap\u00edtv\u00e1ny gyermekek lelki eg\u00e9szs\u00e9ge<\/b>.<\/p>\n<h3>Mi\u00e9rt fontos a gyermekek lelki eg\u00e9szs\u00e9ge?<\/h3>\n<p>Sokan legyintenek, mondv\u00e1n, \u201er\u00e9gen nem volt ennyi probl\u00e9ma\u201d. De ez nem igaz. R\u00e9gen is volt, csak \u00e9ppen csendben szenvedtek t\u0151le, megb\u00e9lyegezve. A gyermekkori ment\u00e1lis eg\u00e9szs\u00e9g az eg\u00e9sz feln\u0151tt \u00e9let alapk\u00f6ve. Egy stabil, kiegyens\u00falyozott gyermekb\u0151l nagyobb es\u00e9llyel lesz boldog, teljes \u00e9letet \u00e9l\u0151 feln\u0151tt. A ment\u00e1lis j\u00f3ll\u00e9t nem luxus, hanem a teljes <a href=\"https:\/\/worldpoint.eu\/hu\/egeszseg-fogalma\/\">eg\u00e9szs\u00e9g fogalma<\/a> szerves \u00e9s elengedhetetlen r\u00e9sze. A <b>vadaskert alap\u00edtv\u00e1ny gyermekek lelki eg\u00e9szs\u00e9ge<\/b> ir\u00e1nti elk\u00f6telezetts\u00e9ge \u00e9ppen ez\u00e9rt b\u00edr kiemelt jelent\u0151s\u00e9ggel. A stabil ment\u00e1lis alapok n\u00e9lk\u00fcli gyermekkor olyan, mint egy gyenge alapokra \u00e9p\u00edtett h\u00e1z: az els\u0151 viharn\u00e1l megroggyanhat. Ennek a felismer\u00e9se az els\u0151 l\u00e9p\u00e9s a felel\u0151s sz\u00fcl\u0151i gondoskod\u00e1s fel\u00e9.<\/p>\n<h3>A Vadaskert Alap\u00edtv\u00e1ny r\u00f6vid t\u00f6rt\u00e9nete \u00e9s c\u00e9ljai<\/h3>\n<p>A Vadaskert nem a semmib\u0151l j\u00f6tt l\u00e9tre. \u00c9vtizedes szakmai tapasztalat, elhivatott szakemberek \u00e9s egy m\u00e9ly t\u00e1rsadalmi ig\u00e9ny h\u00edvta \u00e9letre. C\u00e9ljuk, hogy a gyermek- \u00e9s ifj\u00fas\u00e1gpszichi\u00e1triai ell\u00e1t\u00e1sban egy olyan k\u00f6zpontot m\u0171k\u00f6dtessenek, ahol a legmodernebb diagnosztikai \u00e9s ter\u00e1pi\u00e1s m\u00f3dszereket alkalmazz\u00e1k, mindezt egy biztons\u00e1gos, gyermekbar\u00e1t k\u00f6rnyezetben. A <b>vadaskert alap\u00edtv\u00e1ny gyermekek lelki eg\u00e9szs\u00e9ge<\/b> \u00e9rdek\u00e9ben v\u00e9gzett munka messze t\u00falmutat a puszta kezel\u00e9sen; a megel\u0151z\u00e9sre \u00e9s a csal\u00e1dok eduk\u00e1ci\u00f3j\u00e1ra is hatalmas hangs\u00falyt fektetnek.<\/p>\n<h2>A gyermekek lelki eg\u00e9szs\u00e9g\u00e9nek alapjai \u00e9s kih\u00edv\u00e1sai<\/h2>\n<p>A modern vil\u00e1g tele van kih\u00edv\u00e1sokkal. Iskolai nyom\u00e1s, online zaklat\u00e1s, a k\u00f6z\u00f6ss\u00e9gi m\u00e9dia torz val\u00f3s\u00e1ga. M\u00e9g a legjobb sz\u00e1nd\u00e9k mellett is neh\u00e9z mindent\u0151l megv\u00e9deni \u0151ket. A <b>vadaskert alap\u00edtv\u00e1ny gyermekek lelki eg\u00e9szs\u00e9ge<\/b> programjai pont ezekre a modern kih\u00edv\u00e1sokra reflekt\u00e1lnak.<\/p>\n<h3>Gyakori lelki probl\u00e9m\u00e1k gyermekkorban<\/h3>\n<p>Szorong\u00e1s. Figyelemzavar. Depresszi\u00f3. Viselked\u00e9szavarok. Ezek nem csak ijeszt\u0151 szavak, hanem val\u00f3s probl\u00e9m\u00e1k, amelyekkel egyre t\u00f6bb gyermek k\u00fczd. Egy bar\u00e1tom kisfia p\u00e9ld\u00e1ul hirtelen elkezdett f\u00e9lni az iskol\u00e1t\u00f3l. Reggelente hasf\u00e1j\u00e1sra panaszkodott, s\u00edrt. Kider\u00fclt, hogy komoly szorong\u00e1sos zavarok gyermekekn\u00e9l t\u00fcnetek ezek, amiket a teljes\u00edtm\u00e9nyk\u00e9nyszer v\u00e1ltott ki bel\u0151le. A <b>vadaskert alap\u00edtv\u00e1ny gyermek pszichol\u00f3giai seg\u00edts\u00e9g<\/b> r\u00e9v\u00e9n siker\u00fclt \u00farr\u00e1 lenni a probl\u00e9m\u00e1n, de ijeszt\u0151 volt l\u00e1tni, milyen m\u00e9lyre tud s\u00fcllyedni egy alig nyolc\u00e9ves l\u00e9lek. A <b>vadaskert alap\u00edtv\u00e1ny gyermekek lelki eg\u00e9szs\u00e9ge<\/b> szempontj\u00e1b\u00f3l kulcsfontoss\u00e1g\u00fa ezen probl\u00e9m\u00e1k korai felismer\u00e9se.<\/p>\n<h3>A csal\u00e1di h\u00e1tt\u00e9r \u00e9s a k\u00f6rnyezet szerepe<\/h3>\n<p>Felesleges lenne tagadni: a csal\u00e1di k\u00f6rnyezet mindent meghat\u00e1roz. Egy v\u00e1l\u00e1s, egy szeretett szem\u00e9ly elveszt\u00e9se, vagy ak\u00e1r a folyamatos otthoni fesz\u00fclts\u00e9g m\u00e9ly nyomokat hagyhat. A <b>sz\u00fcl\u0151i t\u00e1mogat\u00e1s gyermek lelki probl\u00e9m\u00e1k eset\u00e9n<\/b> elengedhetetlen. A Vadaskertben ezt pontosan tudj\u00e1k, ez\u00e9rt a ter\u00e1pi\u00e1s folyamatba a sz\u00fcl\u0151ket is akt\u00edvan bevonj\u00e1k. A <b>vadaskert alap\u00edtv\u00e1ny gyermekek lelki eg\u00e9szs\u00e9ge<\/b> \u00fcgy\u00e9nek sikere nagyban f\u00fcgg a csal\u00e1d egy\u00fcttm\u0171k\u00f6d\u00e9s\u00e9t\u0151l is.<\/p>\n<h3>Jelek \u00e9s t\u00fcnetek, amikre figyelni kell<\/h3>\n<p>Mire figyelj? A hirtelen, drasztikus v\u00e1ltoz\u00e1sokra. Ha a nyitott gyermek bez\u00e1rk\u00f3zik. Ha a j\u00f3 tanul\u00f3 rontani kezd. Alv\u00e1szavarok, \u00e9tv\u00e1gytalans\u00e1g, indokolatlan d\u00fchkit\u00f6r\u00e9sek, folyamatos szomor\u00fas\u00e1g. Milyen jelek utalnak gyermek lelki baj\u00e1ra? B\u00e1rmi, ami tart\u00f3san \u00e9s jelent\u0151sen elt\u00e9r a gyermek megszokott viselked\u00e9s\u00e9t\u0151l. Ne s\u00f6p\u00f6rd a sz\u0151nyeg al\u00e1! A <b>vadaskert alap\u00edtv\u00e1ny gyermekek lelki eg\u00e9szs\u00e9ge<\/b> \u00e9rdek\u00e9ben arra biztat minden sz\u00fcl\u0151t, hogy vegye komolyan ezeket a jeleket. Jobb feleslegesen agg\u00f3dni, mint k\u00e9s\u0151n \u00e9szrevenni a bajt.<\/p>\n<h2>A Vadaskert Alap\u00edtv\u00e1ny programjai \u00e9s ter\u00e1pi\u00e1s m\u00f3dszerei<\/h2>\n<p>Az alap\u00edtv\u00e1ny nem egyetlen sablonmegold\u00e1st k\u00edn\u00e1l, hanem szem\u00e9lyre szabott, komplex ter\u00e1pi\u00e1s programokat \u00e1ll\u00edt \u00f6ssze, mert minden gyermek \u00e9s minden csal\u00e1d m\u00e1s. A <b>vadaskert alap\u00edtv\u00e1ny gyermekek lelki eg\u00e9szs\u00e9ge<\/b> ir\u00e1nti elk\u00f6telezetts\u00e9g\u00fck a m\u00f3dszereik soksz\u00edn\u0171s\u00e9g\u00e9ben is megmutatkozik.<\/p>\n<h3>Egy\u00e9ni \u00e9s csoportos ter\u00e1pi\u00e1k<\/h3>\n<p>Van, akinek az egy\u00e9ni, bizalmas besz\u00e9lget\u00e9s seg\u00edt feldolgozni a traum\u00e1kat. M\u00e1soknak egy csoport t\u00e1mogat\u00f3 ereje adhat lend\u00fcletet, ahol l\u00e1thatj\u00e1k, nincsenek egyed\u00fcl a probl\u00e9m\u00e1jukkal. A j\u00e1t\u00e9kter\u00e1pia, a m\u0171v\u00e9szetter\u00e1pia \u00e9s a mozg\u00e1ster\u00e1pia mind-mind hat\u00e9kony eszk\u00f6z\u00f6k a szakemberek kez\u00e9ben. A <b>vadaskert alap\u00edtv\u00e1ny gyermekek lelki eg\u00e9szs\u00e9ge<\/b> szempontj\u00e1b\u00f3l a legmegfelel\u0151bb m\u00f3dszer kiv\u00e1laszt\u00e1sa kulcsfontoss\u00e1g\u00fa.<\/p>\n<h3>Diagnosztika \u00e9s \u00e1llapotfelm\u00e9r\u00e9s<\/h3>\n<p>Miel\u0151tt b\u00e1rmi t\u00f6rt\u00e9nne, alapos \u00e1llapotfelm\u00e9r\u00e9s zajlik. Ez egy komplex folyamat, amely mag\u00e1ban foglalja a gyermekkel \u00e9s a sz\u00fcl\u0151kkel folytatott besz\u00e9lget\u00e9seket, pszichol\u00f3giai teszteket \u00e9s megfigyel\u00e9st. A pontos diagn\u00f3zis a sikeres ter\u00e1pia alapja. Ez a fajta struktur\u00e1lt megk\u00f6zel\u00edt\u00e9s, amely a <a href=\"https:\/\/worldpoint.eu\/hu\/spirit-egeszseg-centrum-szolgaltatasok\/\">spirit eg\u00e9szs\u00e9g centrum szolg\u00e1ltat\u00e1sok<\/a> eset\u00e9ben is megfigyelhet\u0151, biztos\u00edtja a szakmai megalapozotts\u00e1got. A <b>vadaskert alap\u00edtv\u00e1ny gyermekek lelki eg\u00e9szs\u00e9ge<\/b> priorit\u00e1st \u00e9lvez, ez\u00e9rt a diagnosztikai f\u00e1zis rendk\u00edv\u00fcl k\u00f6r\u00fcltekint\u0151.<\/p>\n<h3>Sz\u00fcl\u0151konzult\u00e1ci\u00f3 \u00e9s csal\u00e1dt\u00e1mogat\u00e1s<\/h3>\n<p>Ez tal\u00e1n az egyik legfontosabb elem. A gyermek gy\u00f3gyul\u00e1sa elk\u00e9pzelhetetlen a csal\u00e1d akt\u00edv r\u00e9szv\u00e9tele n\u00e9lk\u00fcl. A sz\u00fcl\u0151konzult\u00e1ci\u00f3kon a sz\u00fcl\u0151k eszk\u00f6z\u00f6ket kapnak ahhoz, hogyan kezelj\u00e9k a neh\u00e9z helyzeteket, hogyan kommunik\u00e1ljanak hat\u00e9konyabban a gyermek\u00fckkel. A <b>vadaskert alap\u00edtv\u00e1ny gyermekek lelki eg\u00e9szs\u00e9ge<\/b> programjaiban a sz\u00fcl\u0151 nem passz\u00edv szeml\u00e9l\u0151, hanem a ter\u00e1pia akt\u00edv, megker\u00fclhetetlen r\u00e9sztvev\u0151je.<\/p>\n<h3>Iskolai \u00e9s \u00f3vodai egy\u00fcttm\u0171k\u00f6d\u00e9sek<\/h3>\n<p>A Vadaskert szakemberei gyakran egy\u00fcttm\u0171k\u00f6dnek az oktat\u00e1si int\u00e9zm\u00e9nyekkel is, seg\u00edtve a pedag\u00f3gusokat a viselked\u00e9sprobl\u00e9m\u00e1s vagy szorong\u00f3 gyermekek kezel\u00e9s\u00e9ben. Ez a holisztikus szeml\u00e9let biztos\u00edtja, hogy a gyermek minden \u00e9letter\u00e9ben megkapja a sz\u00fcks\u00e9ges t\u00e1mogat\u00e1st. A <b>vadaskert alap\u00edtv\u00e1ny gyermekek lelki eg\u00e9szs\u00e9ge<\/b> \u00e9rdek\u00e9ben v\u00e9gzett munka \u00edgy a k\u00f6z\u00f6ss\u00e9g eg\u00e9sz\u00e9re kihat.<\/p>\n<h2>Hogyan seg\u00edthet\u00fcnk gyermek\u00fcnk lelki eg\u00e9szs\u00e9g\u00e9nek meg\u0151rz\u00e9s\u00e9ben?<\/h2>\n<p>A szakemberi seg\u00edts\u00e9g mellett a mindennapi otthoni k\u00f6rnyezet \u00e9s a sz\u00fcl\u0151i hozz\u00e1\u00e1ll\u00e1s is sokat sz\u00e1m\u00edt. S\u0151t, tal\u00e1n a legt\u00f6bbet. A <b>vadaskert alap\u00edtv\u00e1ny gyermekek lelki eg\u00e9szs\u00e9ge<\/b> t\u00e9mak\u00f6r\u00e9ben a prevenci\u00f3 legal\u00e1bb annyira fontos, mint a kezel\u00e9s.<\/p>\n<h3>Otthoni praktik\u00e1k \u00e9s kommunik\u00e1ci\u00f3s strat\u00e9gi\u00e1k<\/h3>\n<p>Besz\u00e9lgess. Ne csak k\u00e9rdezz. \u00c9rdekl\u0151dj \u0151szint\u00e9n. T\u00f6ltsetek egy\u00fctt min\u0151s\u00e9gi id\u0151t, k\u00fcty\u00fck n\u00e9lk\u00fcl. Teremts egy biztons\u00e1gos l\u00e9gk\u00f6rt, ahol a gyermek mer besz\u00e9lni az \u00e9rz\u00e9seir\u0151l, a f\u00e9lelmeir\u0151l an\u00e9lk\u00fcl, hogy el\u00edt\u00e9ln\u00e9k. Legyenek k\u00f6z\u00f6s szab\u00e1lyok, de l\u00e9gy rugalmas is. Fontos tudni, <b>hogyan t\u00e1mogassuk gyermek\u00fcnk ment\u00e1lis eg\u00e9szs\u00e9g\u00e9t<\/b> a mindennapokban. Ezek a kis l\u00e9p\u00e9sek \u00f3ri\u00e1si hat\u00e1ssal b\u00edrnak. Rengeteg hasznos <a href=\"https:\/\/worldpoint.eu\/hu\/mentalis-egeszseg-tippek\/\">ment\u00e1lis eg\u00e9szs\u00e9g tippek<\/a> l\u00e9tezik, amelyek seg\u00edthetnek a mindennapi harm\u00f3nia megteremt\u00e9s\u00e9ben. A <b>vadaskert alap\u00edtv\u00e1ny gyermekek lelki eg\u00e9szs\u00e9ge<\/b> szempontj\u00e1b\u00f3l az otthoni stabil h\u00e1tt\u00e9r felbecs\u00fclhetetlen.<\/p>\n<h3>Mikor keress\u00fcnk szakember seg\u00edts\u00e9get?<\/h3>\n<p>Amikor \u00fagy \u00e9rzed, megpr\u00f3b\u00e1lt\u00e1l mindent, de a helyzet nem javul, s\u0151t, esetleg romlik. Amikor a gyermek viselked\u00e9se m\u00e1r a mindennapi \u00e9letvitelt (\u00e9tkez\u00e9s, alv\u00e1s, tanul\u00e1s, bar\u00e1ti kapcsolatok) is negat\u00edvan befoly\u00e1solja. Az a k\u00e9rd\u00e9s, hogy <b>mikor forduljunk gyermekpszichol\u00f3gushoz<\/b>, sok sz\u00fcl\u0151ben felmer\u00fcl. A v\u00e1lasz: ink\u00e1bb el\u0151bb, mint k\u00e9s\u0151bb. Az id\u0151ben megkezdett ter\u00e1pia sokkal hat\u00e9konyabb. A <b>vadaskert alap\u00edtv\u00e1ny gyermekek lelki eg\u00e9szs\u00e9ge<\/b> melletti elk\u00f6telez\u0151d\u00e9s azt jelenti, hogy mer\u00fcnk seg\u00edts\u00e9get k\u00e9rni.<\/p>\n<h3>A megel\u0151z\u00e9s fontoss\u00e1ga<\/h3>\n<p>A prevenci\u00f3 a legjobb gy\u00f3gym\u00f3d. Egy \u00e9rzelmileg t\u00e1mogat\u00f3 csal\u00e1di l\u00e9gk\u00f6r, a gyermek \u00f6nbizalm\u00e1nak er\u0151s\u00edt\u00e9se, a re\u00e1lis elv\u00e1r\u00e1sok t\u00e1maszt\u00e1sa mind-mind hozz\u00e1j\u00e1rul a ment\u00e1lis ellen\u00e1ll\u00f3k\u00e9pess\u00e9g, a reziliencia kialakul\u00e1s\u00e1hoz. A <b>gyermek lelki eg\u00e9szs\u00e9g meg\u0151rz\u00e9se tan\u00e1csok<\/b> betart\u00e1sa egy hossz\u00fa t\u00e1v\u00fa befektet\u00e9s. Az <a href=\"https:\/\/worldpoint.eu\/hu\/egeszseg-megorzese-es-javitasa\/\">eg\u00e9szs\u00e9g meg\u0151rz\u00e9se \u00e9s jav\u00edt\u00e1sa<\/a> ment\u00e1lis s\u00edkon is ugyanolyan fontos, mint fizikailag. A <b>vadaskert alap\u00edtv\u00e1ny gyermekek lelki eg\u00e9szs\u00e9ge<\/b> \u00fcgy\u00e9nek sz\u00f3sz\u00f3l\u00f3jak\u00e9nt a megel\u0151z\u00e9sre is nagy hangs\u00falyt fektetnek.<\/p>\n<h2>A Vadaskert Alap\u00edtv\u00e1ny hat\u00e1sa \u00e9s eredm\u00e9nyei<\/h2>\n<p>A sz\u00e1mok \u00e9s a statisztik\u00e1k fontosak, de az igazi eredm\u00e9nyeket az emberi sorsokban lehet lem\u00e9rni. Azokban a csal\u00e1dokban, ahol \u00fajra b\u00e9ke \u00e9s nevet\u00e9s van. A <b>vadaskert alap\u00edtv\u00e1ny gyermekek lelki eg\u00e9szs\u00e9ge<\/b> programjainak sikere k\u00e9zzelfoghat\u00f3.<\/p>\n<h3>Sikert\u00f6rt\u00e9netek \u00e9s visszajelz\u00e9sek<\/h3>\n<p>Eml\u00e9kszem egy anyuka level\u00e9re, aki arr\u00f3l \u00edrt, hogy a s\u00falyos szorong\u00e1ssal \u00e9s p\u00e1nikrohamokkal k\u00fczd\u0151 tin\u00e9dzser l\u00e1nya a Vadaskertben kapott ter\u00e1pia ut\u00e1n \u00fajra mer iskol\u00e1ba menni, bar\u00e1tkozni, \u00e9lni. Ezek a t\u00f6rt\u00e9netek adnak er\u0151t a szakembereknek a folytat\u00e1shoz. A <b>vadaskert alap\u00edtv\u00e1ny gyermekek lelki eg\u00e9szs\u00e9ge<\/b> \u00e9rdek\u00e9ben v\u00e9gzett munka val\u00f3di \u00e9leteket v\u00e1ltoztat meg, \u00e9s ez minden p\u00e9nzn\u00e9l t\u00f6bbet \u00e9r.<\/p>\n<h3>A k\u00f6z\u00f6ss\u00e9gi szerepv\u00e1llal\u00e1s<\/h3>\n<p>A Vadaskert nem egy elef\u00e1ntcsonttoronyban m\u0171k\u00f6dik. Akt\u00edv t\u00e1rsadalmi szerepet v\u00e1llalnak: felvil\u00e1gos\u00edt\u00f3 kamp\u00e1nyokat szerveznek, k\u00e9pz\u00e9seket tartanak, \u00e9s k\u00fczdenek a ment\u00e1lis betegs\u00e9geket \u00f6vez\u0151 megb\u00e9lyegz\u00e9s ellen. Munk\u00e1jukkal hozz\u00e1j\u00e1rulnak egy ment\u00e1lisan eg\u00e9szs\u00e9gesebb, elfogad\u00f3bb t\u00e1rsadalom kialak\u00edt\u00e1s\u00e1hoz. Hasonl\u00f3an, mint ahogy egy elk\u00f6telezett <a href=\"https:\/\/worldpoint.eu\/hu\/egeszsegert-bt-profilja-es-szolgaltatasai\/\">eg\u00e9szs\u00e9g\u00e9rt bt profilja \u00e9s szolg\u00e1ltat\u00e1sai<\/a> is a k\u00f6z\u00f6ss\u00e9g j\u00f3l\u00e9t\u00e9t szolg\u00e1lja, \u00fagy a Vadaskert is a t\u00e1rsadalom eg\u00e9sz\u00e9re gyakorol pozit\u00edv hat\u00e1st. A <b>vadaskert alap\u00edtv\u00e1ny gyermekek lelki eg\u00e9szs\u00e9ge<\/b> egy k\u00f6z\u00f6s \u00fcgy.<\/p>\n<h2>J\u00f6v\u0151beni tervek \u00e9s az \u00f6sszefog\u00e1s ereje<\/h2>\n<p>A munka soha nem \u00e9r v\u00e9get. Mindig lesznek \u00faj kih\u00edv\u00e1sok, \u00faj gener\u00e1ci\u00f3k, akiknek sz\u00fcks\u00e9g\u00fck van seg\u00edts\u00e9gre. A <b>vadaskert alap\u00edtv\u00e1ny gyermekek lelki eg\u00e9szs\u00e9ge<\/b> programjainak folyamatos fejleszt\u00e9se elengedhetetlen.<\/p>\n<h3>A lelki eg\u00e9szs\u00e9g \u00fcgy\u00e9nek t\u00e1mogat\u00e1sa<\/h3>\n<p>Az alap\u00edtv\u00e1ny m\u0171k\u00f6d\u00e9se nagym\u00e9rt\u00e9kben f\u00fcgg a t\u00e1mogat\u00e1sokt\u00f3l \u00e9s adom\u00e1nyokt\u00f3l. Minden apr\u00f3 seg\u00edts\u00e9g sz\u00e1m\u00edt, hogy a legkorszer\u0171bb ter\u00e1pi\u00e1kat tudj\u00e1k biztos\u00edtani, \u00e9s hogy azokhoz is eljussanak, akik anyagilag neh\u00e9z helyzetben vannak. A <b>vadaskert alap\u00edtv\u00e1ny gyermekek lelki eg\u00e9szs\u00e9ge<\/b> \u00fcgy\u00e9nek t\u00e1mogat\u00e1sa befektet\u00e9s a j\u00f6v\u0151nkbe. Ez nem csup\u00e1n p\u00e9nz, hanem a rem\u00e9ny \u00e9s a lehet\u0151s\u00e9g adom\u00e1nya.<\/p>\n<h3>Z\u00e1r\u00f3 gondolatok<\/h3>\n<p>A gyermeknevel\u00e9s egy kaotikus, csod\u00e1latos \u00e9s n\u00e9ha r\u00e9miszt\u0151 utaz\u00e1s. Nincs t\u00f6k\u00e9letes sz\u00fcl\u0151, \u00e9s nincs t\u00f6k\u00e9letes gyermek. De van seg\u00edts\u00e9g, \u00e9s van rem\u00e9ny. A <b>vadaskert alap\u00edtv\u00e1ny gyermekek lelki eg\u00e9szs\u00e9ge<\/b> ir\u00e1nti elk\u00f6telezetts\u00e9ge egy vil\u00e1g\u00edt\u00f3torony a viharos tengeren. Ha \u00fagy \u00e9rzed, elakadt\u00e1l, ha a gyermeked k\u00fczd, ne habozz seg\u00edts\u00e9get k\u00e9rni. Mert a legnagyobb szeretet jele n\u00e9ha az, ha felismerj\u00fck a saj\u00e1t korl\u00e1tainkat, \u00e9s szakemberekre b\u00edzzuk azt, amihez \u0151k \u00e9rtenek a legjobban. A <b>vadaskert alap\u00edtv\u00e1ny gyermekek lelki eg\u00e9szs\u00e9ge<\/b> nem mag\u00e1n\u00fcgy, hanem mindannyiunk k\u00f6z\u00f6s felel\u0151ss\u00e9ge. T\u00f6r\u0151dj\u00fcnk vel\u00fck.<\/p>\n","protected":false},"excerpt":{"rendered":"<p>Sz\u00fcl\u0151k\u00e9nt az ember folyamatosan agg\u00f3dik. J\u00f3l van a gyerek? Eszik eleget? Nincsenek rossz bar\u00e1tai? Azt\u00e1n j\u00f6n egy sokkal megfoghatatlanabb, m\u00e9gis mindenn\u00e9l fontosabb k\u00e9rd\u00e9s: vajon lelkileg rendben van? Ez a gondolat n\u00e9ha csak egy halk suttog\u00e1s, m\u00e1skor pedig egy \u00e9ktelen\u00fcl ord\u00edt\u00f3 szir\u00e9na a fej\u00fcnkben. Mert a lelki sebek nem mindig l\u00e1tszanak, nem lehet r\u00e1juk sebtapaszt rakni. [&hellip;]<\/p>\n","protected":false},"author":2,"featured_media":0,"comment_status":"","ping_status":"","sticky":false,"template":"","format":"standard","meta":{"footnotes":""},"categories":[1],"tags":[],"class_list":["post-145","post","type-post","status-publish","format-standard","hentry","category-uzlet"],"_links":{"self":[{"href":"https:\/\/worldpoint.eu\/hu\/wp-json\/wp\/v2\/posts\/145","targetHints":{"allow":["GET"]}}],"collection":[{"href":"https:\/\/worldpoint.eu\/hu\/wp-json\/wp\/v2\/posts"}],"about":[{"href":"https:\/\/worldpoint.eu\/hu\/wp-json\/wp\/v2\/types\/post"}],"author":[{"embeddable":true,"href":"https:\/\/worldpoint.eu\/hu\/wp-json\/wp\/v2\/users\/2"}],"replies":[{"embeddable":true,"href":"https:\/\/worldpoint.eu\/hu\/wp-json\/wp\/v2\/comments?post=145"}],"version-history":[{"count":0,"href":"https:\/\/worldpoint.eu\/hu\/wp-json\/wp\/v2\/posts\/145\/revisions"}],"wp:attachment":[{"href":"https:\/\/worldpoint.eu\/hu\/wp-json\/wp\/v2\/media?parent=145"}],"wp:term":[{"taxonomy":"category","embeddable":true,"href":"https:\/\/worldpoint.eu\/hu\/wp-json\/wp\/v2\/categories?post=145"},{"taxonomy":"post_tag","embeddable":true,"href":"https:\/\/worldpoint.eu\/hu\/wp-json\/wp\/v2\/tags?post=145"}],"curies":[{"name":"wp","href":"https:\/\/api.w.org\/{rel}","templated":true}]}}