{"id":139,"date":"2025-10-14T22:34:28","date_gmt":"2025-10-14T20:34:28","guid":{"rendered":"https:\/\/worldpoint.eu\/hu\/egeszseg-fogalma\/"},"modified":"2025-10-14T22:34:28","modified_gmt":"2025-10-14T20:34:28","slug":"egeszseg-fogalma","status":"publish","type":"post","link":"https:\/\/worldpoint.eu\/hu\/egeszseg-fogalma\/","title":{"rendered":"Az eg\u00e9szs\u00e9g fogalma &#8211; Egy \u00e1tfog\u00f3 \u00fatmutat\u00f3 a testi-lelki j\u00f3l\u00e9thez"},"content":{"rendered":"<p>Gondolkodott m\u00e1r azon, hogy mit jelent val\u00f3j\u00e1ban eg\u00e9szs\u00e9gesnek lenni? A legt\u00f6bben r\u00e1v\u00e1gj\u00e1k: nem vagyok beteg. De vajon ennyire egyszer\u0171 lenne az eg\u00e9szs\u00e9g fogalma? A val\u00f3s\u00e1g sokkal, de sokkal \u00f6sszetettebb. Nem csup\u00e1n a l\u00e1z vagy a k\u00f6h\u00f6g\u00e9s hi\u00e1ny\u00e1t jelenti. Ez egy akt\u00edv, dinamikus \u00e1llapot, egyfajta kincs, amit nap mint nap \u00e1polnunk kell. Egy utaz\u00e1s, nem pedig egy v\u00e9g\u00e1llom\u00e1s. \u00c9s higgye el, n\u00e9ha ezen az \u00faton elt\u00e9vedni is teljesen rendben van. Az igazi k\u00e9rd\u00e9s az, hogyan tal\u00e1lunk vissza a helyes \u00f6sv\u00e9nyre.<\/p>\n<h2>Bevezet\u00e9s: Mi az eg\u00e9szs\u00e9g val\u00f3j\u00e1ban?<\/h2>\n<p>Az eg\u00e9szs\u00e9g fogalma messze t\u00falmutat a puszta biol\u00f3giai m\u0171k\u00f6d\u00e9sen. Ez egy holisztikus \u00e1llapot, amely mag\u00e1ban foglalja a testi, lelki, szoci\u00e1lis \u00e9s spiritu\u00e1lis j\u00f3l\u00e9tet. Amikor ezek a ter\u00fcletek egyens\u00falyban vannak, akkor \u00e9rezz\u00fck magunkat igaz\u00e1n energikusnak, teljesnek \u00e9s igen, eg\u00e9szs\u00e9gesnek. Sokan hajlamosak ezt egyfajta \u00e1lland\u00f3, el\u00e9rhetetlen ide\u00e1lk\u00e9nt kezelni, pedig az eg\u00e9szs\u00e9g fogalma sokkal ink\u00e1bb egy folyamatosan v\u00e1ltoz\u00f3 sk\u00e1la, ahol mindennapi d\u00f6nt\u00e9seinkkel hol felfel\u00e9, hol lefel\u00e9 mozgunk.<\/p>\n<h3>Az eg\u00e9szs\u00e9g fogalm\u00e1nak t\u00f6rt\u00e9nelmi \u00e1ttekint\u00e9se<\/h3>\n<p>Az \u00f3kori g\u00f6r\u00f6g\u00f6k m\u00e1r er\u00e9nyk\u00e9nt tekintettek a test \u00e9s a l\u00e9lek harm\u00f3ni\u00e1j\u00e1ra, Hippokrat\u00e9sz pedig a k\u00f6rnyezeti t\u00e9nyez\u0151k \u00e9s az \u00e9letm\u00f3d szerep\u00e9t hangs\u00falyozta. A k\u00f6z\u00e9pkorban a vall\u00e1si n\u00e9zetek domin\u00e1ltak, az eg\u00e9szs\u00e9get isteni adom\u00e1nynak, a betegs\u00e9get pedig b\u00fcntet\u00e9snek tartott\u00e1k. A felvil\u00e1gosod\u00e1s hozta el a tudom\u00e1nyos, biomedik\u00e1lis modellt, ami a testet egyfajta g\u00e9pk\u00e9nt kezelte, a betegs\u00e9get pedig a g\u00e9p meghib\u00e1sod\u00e1sak\u00e9nt. Ez a szeml\u00e9let sok\u00e1ig uralkodott, \u00e9s csak a 20. sz\u00e1zadban kezdett \u00fajra el\u0151t\u00e9rbe ker\u00fclni az a gondolat, hogy az eg\u00e9szs\u00e9g fogalm\u00e1nak fejl\u0151d\u00e9se sor\u00e1n nem hagyhatjuk figyelmen k\u00edv\u00fcl a pszichol\u00f3giai \u00e9s t\u00e1rsadalmi t\u00e9nyez\u0151ket. Ma m\u00e1r tudjuk, hogy az ember sokkal t\u00f6bb, mint alkatr\u00e9szek \u00f6sszess\u00e9ge.<\/p>\n<h2>Az eg\u00e9szs\u00e9g dimenzi\u00f3i: T\u00f6bb mint a betegs\u00e9g hi\u00e1nya<\/h2>\n<p>A legelfogadottabb modern defin\u00edci\u00f3 szerint, ahogy azt sokan ismerik, az eg\u00e9szs\u00e9g fogalma a WHO meghat\u00e1roz\u00e1sa szerint a teljes testi, lelki \u00e9s szoci\u00e1lis j\u00f3l\u00e9t \u00e1llapota, \u00e9s nem csup\u00e1n a betegs\u00e9g vagy fogyat\u00e9koss\u00e1g hi\u00e1nya. Ez a defin\u00edci\u00f3 forradalmi volt a maga idej\u00e9ben, mert el\u0151sz\u00f6r emelte be a ment\u00e1lis \u00e9s szoci\u00e1lis aspektusokat a k\u00e9pbe. K\u00e9s\u0151bb ez tov\u00e1bb b\u0151v\u00fclt, \u00e9s ma m\u00e1r gyakran besz\u00e9l\u00fcnk spiritu\u00e1lis dimenzi\u00f3r\u00f3l is. Az eg\u00e9szs\u00e9g fogalma teh\u00e1t egy sokr\u00e9t\u0171, komplex rendszer, ahol minden elem hat\u00e1ssal van a t\u00f6bbire. Hi\u00e1ba van valaki fizikailag topform\u00e1ban, ha k\u00f6zben mag\u00e1nyos vagy depresszi\u00f3s, nem tekinthet\u0151 teljes m\u00e9rt\u00e9kben eg\u00e9szs\u00e9gesnek.<\/p>\n<h3>Fizikai eg\u00e9szs\u00e9g: A test harm\u00f3ni\u00e1ja<\/h3>\n<p>Ez az a dimenzi\u00f3, amire a legt\u00f6bben el\u0151sz\u00f6r gondolnak. Mag\u00e1ban foglalja a test\u00fcnk megfelel\u0151 m\u0171k\u00f6d\u00e9s\u00e9t, az energiaszint\u00fcnket, az er\u0151nl\u00e9t\u00fcnket \u00e9s a betegs\u00e9gekkel szembeni ellen\u00e1ll\u00f3 k\u00e9pess\u00e9g\u00fcnket. De hogyan \u00e9rhet\u0151 el a fizikai eg\u00e9szs\u00e9g? A v\u00e1lasz egyszer\u0171bb, mint gondoln\u00e1nk, m\u00e9gis sokaknak kih\u00edv\u00e1st jelent. A kulcs az eg\u00e9szs\u00e9ges t\u00e1pl\u00e1lkoz\u00e1s \u00e9s mozg\u00e1s jelent\u0151s\u00e9ge mellett a megfelel\u0151 mennyis\u00e9g\u0171 \u00e9s min\u0151s\u00e9g\u0171 pihen\u00e9sben rejlik. Nem kell \u00e9lsportol\u00f3nak lenni. El\u00e9g egy napi s\u00e9ta, a feldolgozott \u00e9lelmiszerek ker\u00fcl\u00e9se \u00e9s a rendszeres alv\u00e1s. A test\u00fcnk h\u00e1l\u00e1s lesz \u00e9rte, \u00e9s ez az alapja mindennek. A fizikai j\u00f3l\u00e9t n\u00e9lk\u00fcl a t\u00f6bbi dimenzi\u00f3 is ingatag l\u00e1bakon \u00e1ll. Ez\u00e9rt az eg\u00e9szs\u00e9g fogalma mindig a testtel kezd\u0151dik.<\/p>\n<h3>Ment\u00e1lis eg\u00e9szs\u00e9g: A l\u00e9lek b\u00e9k\u00e9je \u00e9s ereje<\/h3>\n<p>A ment\u00e1lis vagy lelki eg\u00e9szs\u00e9g az \u00e9rzelmi \u00e9s pszichol\u00f3giai j\u00f3l\u00e9t\u00fcnket jelenti. K\u00e9pess\u00e9g arra, hogy megbirk\u00f3zzunk a stresszel, kezelj\u00fck az \u00e9rzelmeinket, pozit\u00edv kapcsolatokat \u00e1poljunk, \u00e9s produkt\u00edvan hozz\u00e1j\u00e1ruljunk a k\u00f6z\u00f6ss\u00e9g\u00fcnkh\u00f6z. Sajnos ez a ter\u00fclet m\u00e9g mindig tele van stigm\u00e1kkal. Pedig a l\u00e9lek \u00e1pol\u00e1sa legal\u00e1bb annyira fontos, mint a test\u00e9. Ide tartozik az \u00f6nismeret, a stresszkezel\u00e9si technik\u00e1k elsaj\u00e1t\u00edt\u00e1sa, \u00e9s az is, hogy merj\u00fcnk seg\u00edts\u00e9get k\u00e9rni, ha sz\u00fcks\u00e9g\u00e9t \u00e9rezz\u00fck. A lelki eg\u00e9szs\u00e9g er\u0151s\u00edt\u00e9se gyakorlatokkal, p\u00e9ld\u00e1ul medit\u00e1ci\u00f3val vagy napl\u00f3\u00edr\u00e1ssal, csod\u00e1kat tehet. Ha tov\u00e1bbi inspir\u00e1ci\u00f3ra van sz\u00fcks\u00e9ge, sz\u00e1mos remek forr\u00e1s \u00e1ll rendelkez\u00e9sre, amelyekb\u0151l hasznos <a href=\"https:\/\/worldpoint.eu\/hu\/mentalis-egeszseg-tippek\/\">ment\u00e1lis eg\u00e9szs\u00e9g tippek<\/a> mer\u00edthet\u0151k a mindennapokra. Ez az eg\u00e9szs\u00e9g fogalma egyik legfontosabb, m\u00e9gis gyakran elhanyagolt pill\u00e9re.<\/p>\n<h3>Szoci\u00e1lis eg\u00e9szs\u00e9g: A k\u00f6z\u00f6ss\u00e9g ereje<\/h3>\n<p>Az ember t\u00e1rsas l\u00e9ny. Sz\u00fcks\u00e9g\u00fcnk van kapcsolatokra, a valahova tartoz\u00e1s \u00e9rz\u00e9s\u00e9re, a t\u00e1mogat\u00f3 k\u00f6zegre. A szoci\u00e1lis eg\u00e9szs\u00e9g azt jelenti, hogy k\u00e9pesek vagyunk kiel\u00e9g\u00edt\u0151 \u00e9s eg\u00e9szs\u00e9ges kapcsolatokat kialak\u00edtani \u00e9s fenntartani m\u00e1sokkal. Csal\u00e1ddal, bar\u00e1tokkal, koll\u00e9g\u00e1kkal. De mi\u00e9rt fontos a szoci\u00e1lis eg\u00e9szs\u00e9g? Mert a mag\u00e1ny bizony\u00edtottan k\u00e1rosabb, mint a doh\u00e1nyz\u00e1s vagy az elh\u00edz\u00e1s. A j\u00f3 kapcsolatok cs\u00f6kkentik a stresszt, n\u00f6velik az \u00f6nbecs\u00fcl\u00e9st \u00e9s m\u00e9g az \u00e9lettartamot is meghosszabb\u00edthatj\u00e1k. Egy \u0151szinte besz\u00e9lget\u00e9s egy bar\u00e1ttal t\u00f6bbet \u00e9rhet b\u00e1rmilyen gy\u00f3gyszern\u00e9l. Ez is szerves r\u00e9sze annak, amit az eg\u00e9szs\u00e9g fogalma alatt \u00e9rt\u00fcnk.<\/p>\n<h3>Spiritu\u00e1lis eg\u00e9szs\u00e9g: C\u00e9l \u00e9s \u00e9rtelem az \u00e9letben<\/h3>\n<p>A spiritualit\u00e1s nem felt\u00e9tlen\u00fcl jelent vall\u00e1soss\u00e1got. Ink\u00e1bb az \u00e9let \u00e9rtelm\u00e9nek \u00e9s c\u00e9lj\u00e1nak keres\u00e9s\u00e9t, a bels\u0151 b\u00e9k\u00e9t, az \u00e9rt\u00e9krend\u00fcnkkel val\u00f3 \u00f6sszhangot jelenti. A spiritu\u00e1lis eg\u00e9szs\u00e9g az a bels\u0151 ir\u00e1nyt\u0171, ami seg\u00edt eligazodni az \u00e9let viharaiban. Adhat er\u0151t a neh\u00e9zs\u00e9gek elvisel\u00e9s\u00e9hez, \u00e9s m\u00e9lyebb megel\u00e9gedetts\u00e9ggel t\u00f6lthet el. A spiritu\u00e1lis eg\u00e9szs\u00e9g fejleszt\u00e9se gyakorlatok r\u00e9v\u00e9n, mint a term\u00e9szetj\u00e1r\u00e1s, az \u00f6nk\u00e9ntesked\u00e9s vagy a kreat\u00edv tev\u00e9kenys\u00e9gek, mind hozz\u00e1j\u00e1rulhatnak a teljesebb \u00e9lethez. Sokan tal\u00e1lnak seg\u00edts\u00e9get olyan helyeken, mint egy <a href=\"https:\/\/worldpoint.eu\/hu\/spirit-egeszseg-centrum-szolgaltatasok\/\">spiritu\u00e1lis eg\u00e9szs\u00e9gre f\u00f3kusz\u00e1l\u00f3 centrum<\/a>, ahol szak\u00e9rt\u0151k t\u00e1mogatj\u00e1k \u0151ket ezen az \u00faton. Az eg\u00e9szs\u00e9g fogalma itt v\u00e1lik igaz\u00e1n teljess\u00e9.<\/p>\n<h2>Az eg\u00e9szs\u00e9gre hat\u00f3 t\u00e9nyez\u0151k: Mi befoly\u00e1solja j\u00f3l\u00e9t\u00fcnket?<\/h2>\n<p>Az eg\u00e9szs\u00e9gi \u00e1llapotunkat sz\u00e1mtalan t\u00e9nyez\u0151 alak\u00edtja. Ezek egy r\u00e9sze a mi ir\u00e1ny\u00edt\u00e1sunk alatt \u00e1ll, m\u00e1s r\u00e9sz\u00fck kev\u00e9sb\u00e9. Az eg\u00e9szs\u00e9g fogalma nem v\u00e1laszthat\u00f3 el ezekt\u0151l a k\u00fcls\u0151 \u00e9s bels\u0151 hat\u00e1sokt\u00f3l, melyek folyamatosan form\u00e1lj\u00e1k mindennapjainkat \u00e9s hossz\u00fa t\u00e1v\u00fa kil\u00e1t\u00e1sainkat.<\/p>\n<h3>\u00c9letm\u00f3d \u00e9s szok\u00e1sok: A napi d\u00f6nt\u00e9sek s\u00falya<\/h3>\n<p>Ez tal\u00e1n a legfontosabb ter\u00fclet, ahol akt\u00edvan tehet\u00fcnk magunk\u00e9rt. Az, hogy mit esz\u00fcnk, mennyit mozgunk, hogyan kezelj\u00fck a stresszt, alszunk-e eleget \u2013 mind-mind apr\u00f3 d\u00f6nt\u00e9sek sorozata, amelyek \u00f6sszead\u00f3dva hat\u00e1rozz\u00e1k meg az \u00e9letmin\u0151s\u00e9g\u00fcnket. Sokan k\u00e9rdezik, hogyan befoly\u00e1solja az \u00e9letm\u00f3d az eg\u00e9szs\u00e9get. A v\u00e1lasz: alapvet\u0151en. Az eg\u00e9szs\u00e9ges \u00e9letm\u00f3d alapelvei feln\u0151tteknek nem bonyolultak: egy\u00e9l val\u00f3di \u00e9telt, mozogj minden nap, aludj eleget \u00e9s \u00e1pold a kapcsolataidat. M\u00e9gis, a modern \u00e9let rohan\u00e1s\u00e1ban ezekr\u0151l hajlamosak vagyunk megfeledkezni. Pedig a kulcs a k\u00f6vetkezetess\u00e9gben \u00e9s a kis l\u00e9p\u00e9sekben rejlik. Nem kell mindent egyszerre megv\u00e1ltoztatni.<\/p>\n<h3>K\u00f6rnyezeti hat\u00e1sok \u00e9s az eg\u00e9szs\u00e9g<\/h3>\n<p>Nem \u00e9l\u00fcnk v\u00e1kuumban. A k\u00f6rnyezet, amelyben \u00e9l\u00fcnk \u00e9s dolgozunk, jelent\u0151s hat\u00e1ssal van r\u00e1nk. A leveg\u0151 min\u0151s\u00e9ge, a tiszta iv\u00f3v\u00edzhez val\u00f3 hozz\u00e1f\u00e9r\u00e9s, a zajszennyez\u00e9s, a munkahelyi stressz \u2013 ezek mind olyan k\u00f6rnyezeti t\u00e9nyez\u0151k hat\u00e1sa az eg\u00e9szs\u00e9gre, amelyeket nem mindig tudunk k\u00f6zvetlen\u00fcl befoly\u00e1solni. M\u00e9gis fontos, hogy tudatos\u00edtsuk ezeket, \u00e9s tegy\u00fcnk meg minden t\u0151l\u00fcnk telhet\u0151t a negat\u00edv hat\u00e1sok cs\u00f6kkent\u00e9s\u00e9re, p\u00e9ld\u00e1ul t\u00f6lts\u00fcnk t\u00f6bb id\u0151t a term\u00e9szetben vagy tegy\u00fck otthonosabb\u00e1 a k\u00f6rnyezet\u00fcnket. Az eg\u00e9szs\u00e9g fogalma szorosan \u00f6sszef\u00fcgg azzal a k\u00f6rnyezettel, ahol az \u00e9let\u00fcnket \u00e9lj\u00fck.<\/p>\n<h3>Genetikai hajlam \u00e9s \u00f6r\u00f6kl\u0151d\u00e9s<\/h3>\n<p>Term\u00e9szetesen nem hagyhatjuk figyelmen k\u00edv\u00fcl a genetikai \u00f6r\u00f6ks\u00e9g\u00fcnket sem. Vannak betegs\u00e9gek, amelyekre val\u00f3 hajlamot a g\u00e9njeinkben hordozzuk. Ez azonban nem egy k\u0151be v\u00e9sett \u00edt\u00e9let! A genetika csak a pisztolyt t\u00f6lti meg, de az \u00e9letm\u00f3d h\u00fazza meg a ravaszt. Az eg\u00e9szs\u00e9ges \u00e9letm\u00f3ddal, a megel\u0151z\u00e9ssel sokat tehet\u00fcnk az\u00e9rt, hogy a genetikai kock\u00e1zatok ne val\u00f3suljanak meg. Az eg\u00e9szs\u00e9g fogalma ebben a kontextusban a lehet\u0151s\u00e9gek maximaliz\u00e1l\u00e1s\u00e1t jelenti a kapott lapokb\u00f3l.<\/p>\n<h2>Az eg\u00e9szs\u00e9g meg\u0151rz\u00e9se \u00e9s jav\u00edt\u00e1sa: Gyakorlati tan\u00e1csok<\/h2>\n<p>Rendben, most m\u00e1r \u00e9rtj\u00fck, milyen komplex az eg\u00e9szs\u00e9g fogalma. De mit kezdj\u00fcnk ezzel a tud\u00e1ssal a gyakorlatban? A j\u00f3 h\u00edr az, hogy a j\u00f3l\u00e9t\u00fcnk\u00e9rt val\u00f3 felel\u0151ss\u00e9g nagyr\u00e9szt a mi kez\u00fcnkben van. Sz\u00e1mos m\u00f3dszer \u00e9s szeml\u00e9let l\u00e9tezik, amelyek seg\u00edthetnek ezen az \u00faton. Az <a href=\"https:\/\/worldpoint.eu\/hu\/egeszseg-megorzese-es-javitasa\/\">eg\u00e9szs\u00e9g meg\u0151rz\u00e9se \u00e9s jav\u00edt\u00e1sa<\/a> egy proakt\u00edv, tudatos folyamat, ami folyamatos figyelmet ig\u00e9nyel.<\/p>\n<h3>Holisztikus megk\u00f6zel\u00edt\u00e9sek az eg\u00e9szs\u00e9g\u00e9rt<\/h3>\n<p>A holisztikus szeml\u00e9let l\u00e9nyege, hogy az embert egys\u00e9gk\u00e9nt kezeli \u2013 test, l\u00e9lek \u00e9s szellem elv\u00e1laszthatatlan egys\u00e9gek\u00e9nt. A holisztikus megk\u00f6zel\u00edt\u00e9s az eg\u00e9szs\u00e9g\u00e9rt nem csak a t\u00fcneteket kezeli, hanem a probl\u00e9ma gy\u00f6ker\u00e9t keresi, figyelembe v\u00e9ve az \u00e9letm\u00f3d, az \u00e9rzelmi \u00e1llapot \u00e9s a k\u00f6rnyezeti hat\u00e1sokat is. Ide tartoznak a k\u00fcl\u00f6nf\u00e9le alternat\u00edv \u00e9s kieg\u00e9sz\u00edt\u0151 gy\u00f3gym\u00f3dok, a t\u00e1pl\u00e1lkoz\u00e1ster\u00e1pia, a mozg\u00e1ster\u00e1pi\u00e1k \u00e9s a term\u00e9szetes gy\u00f3gym\u00f3dok az eg\u00e9szs\u00e9g\u00e9rt. Sokan esk\u00fcsznek p\u00e9ld\u00e1ul a gy\u00f3gyn\u00f6v\u00e9nyek erej\u00e9re; el\u00e9g csak a legend\u00e1s <a href=\"https:\/\/worldpoint.eu\/hu\/maria-treben-egeszseg-isten-patikajabol-gyogynovenyek\/\">M\u00e1ria Treben gy\u00f3gyn\u00f6v\u00e9nyek eg\u00e9szs\u00e9gre<\/a> gyakorolt hat\u00e1saira gondolni, melyek gener\u00e1ci\u00f3k \u00f3ta ny\u00fajtanak enyh\u00fcl\u00e9st. Ez a szeml\u00e9letm\u00f3d seg\u00edt meg\u00e9rteni, hogy az eg\u00e9szs\u00e9g fogalma mennyire \u00f6sszef\u00fcgg\u0151 rendszert alkot.<\/p>\n<h3>A prevenci\u00f3 szerepe az eg\u00e9szs\u00e9gben<\/h3>\n<p>Sokkal k\u00f6nnyebb megel\u0151zni a bajt, mint a m\u00e1r kialakult probl\u00e9m\u00e1t kezelni. A prevenci\u00f3, vagyis a megel\u0151z\u00e9s, az eg\u00e9szs\u00e9gtudatos \u00e9letm\u00f3d sarokk\u00f6ve. A prevenci\u00f3 szerepe az eg\u00e9szs\u00e9g fenntart\u00e1s\u00e1ban kiemelked\u0151. Ide tartoznak a rendszeres sz\u0171r\u0151vizsg\u00e1latok, a v\u00e9d\u0151olt\u00e1sok, de a legfontosabb a mindennapi \u00e9letm\u00f3dunk: a doh\u00e1nyz\u00e1s ker\u00fcl\u00e9se, a m\u00e9rt\u00e9kletes alkoholfogyaszt\u00e1s, a rendszeres testmozg\u00e1s. A prevenci\u00f3 egyfajta befektet\u00e9s a j\u00f6v\u0151nkbe. Minden egyes eg\u00e9szs\u00e9ges d\u00f6nt\u00e9ssel a k\u00e9s\u0151bbi \u00e9n\u00fcnknek tesz\u00fcnk sz\u00edvess\u00e9get, \u00e9s ez alapjaiban hat\u00e1rozza meg, hogyan alakul az eg\u00e9szs\u00e9g fogalma a saj\u00e1t \u00e9let\u00fcnkben.<\/p>\n<h2>Az eg\u00e9szs\u00e9g mint t\u00e1rsadalmi \u00e9rt\u00e9k \u00e9s felel\u0151ss\u00e9g<\/h2>\n<p>B\u00e1r az eg\u00e9szs\u00e9g\u00fcnk els\u0151sorban a saj\u00e1t felel\u0151ss\u00e9g\u00fcnk, nem hagyhatjuk figyelmen k\u00edv\u00fcl a t\u00e1rsadalmi kontextust sem. Az eg\u00e9szs\u00e9g nem csup\u00e1n egy\u00e9ni, hanem k\u00f6z\u00f6ss\u00e9gi \u00e9rt\u00e9k is. Egy eg\u00e9szs\u00e9ges t\u00e1rsadalom produkt\u00edvabb, boldogabb \u00e9s ellen\u00e1ll\u00f3bb. Az eg\u00e9szs\u00e9g fogalma teh\u00e1t t\u00e1rsadalmi dimenzi\u00f3val is b\u00edr.<\/p>\n<h3>K\u00f6zeg\u00e9szs\u00e9g\u00fcgy \u00e9s az eg\u00e9szs\u00e9g\u00fcgyi rendszerek<\/h3>\n<p>A k\u00f6zeg\u00e9szs\u00e9g\u00fcgy szerepe a t\u00e1rsadalomban az, hogy a lakoss\u00e1g eg\u00e9sz\u00e9t v\u00e9dje a betegs\u00e9gekt\u0151l \u00e9s el\u0151seg\u00edtse az eg\u00e9szs\u00e9ges \u00e9letm\u00f3dot. Ide tartoznak a j\u00e1rv\u00e1nymegel\u0151z\u00e9si programok, az eg\u00e9szs\u00e9gnevel\u00e9si kamp\u00e1nyok \u00e9s a biztons\u00e1gos k\u00f6rnyezet megteremt\u00e9se. Az eg\u00e9szs\u00e9g\u00fcgyi rendszerek, bele\u00e9rtve a k\u00f3rh\u00e1zakat, a rendel\u0151int\u00e9zeteket \u00e9s a k\u00fcl\u00f6nb\u00f6z\u0151 eg\u00e9szs\u00e9g\u00fcgyi szolg\u00e1ltat\u00f3kat \u2013 mint p\u00e9ld\u00e1ul egy <a href=\"https:\/\/worldpoint.eu\/hu\/egeszsegert-bt-profilja-es-szolgaltatasai\/\">eg\u00e9szs\u00e9g\u00fcgyi szolg\u00e1ltat\u00e1sokra szakosodott bet\u00e9ti t\u00e1rsas\u00e1g<\/a> \u2013, biztos\u00edtj\u00e1k a sz\u00fcks\u00e9ges ell\u00e1t\u00e1st, amikor arra sz\u00fcks\u00e9g van. Ezek a rendszerek elengedhetetlenek a t\u00e1rsadalom eg\u00e9szs\u00e9g\u00e9nek fenntart\u00e1s\u00e1hoz.<\/p>\n<h3>Szem\u00e9lyes felel\u0151ss\u00e9gv\u00e1llal\u00e1s az eg\u00e9szs\u00e9g\u00e9rt<\/h3>\n<p>V\u00e9g\u00fcl m\u00e9gis minden az egy\u00e9nn\u00e9l d\u0151l el. A szem\u00e9lyes felel\u0151ss\u00e9gv\u00e1llal\u00e1s az eg\u00e9szs\u00e9g\u00fcnk\u00e9rt azt jelenti, hogy akt\u00edvan r\u00e9szt vesz\u00fcnk a saj\u00e1t j\u00f3l\u00e9t\u00fcnk alak\u00edt\u00e1s\u00e1ban. Eml\u00e9kszem, volt egy id\u0151szakom, amikor teljesen ki\u00e9gtem. H\u00f3napokig halogattam, hogy tegyek valamit, mondv\u00e1n, nincs id\u0151m. Azt\u00e1n egy nap r\u00e1j\u00f6ttem: ha \u00e9n nem teszem magam az els\u0151 helyre, senki m\u00e1s sem fogja. Apr\u00f3 l\u00e9p\u00e9sekkel kezdtem: napi t\u00edz perc s\u00e9ta, egy poh\u00e1rral t\u00f6bb v\u00edz. \u00c9s lassan, de biztosan minden megv\u00e1ltozott. Nem v\u00e1rhatjuk el, hogy az orvosok vagy a korm\u00e1ny oldja meg minden probl\u00e9m\u00e1nkat. Tudatosan kell d\u00f6nten\u00fcnk, inform\u00e1l\u00f3dnunk \u00e9s cselekedn\u00fcnk. Ez a mi \u00e9let\u00fcnk, a mi test\u00fcnk, a mi felel\u0151ss\u00e9g\u00fcnk.<\/p>\n<h2>\u00d6sszefoglal\u00e1s: Az eg\u00e9szs\u00e9g mint folyamatos utaz\u00e1s<\/h2>\n<p>Ahogy l\u00e1thattuk, mi az eg\u00e9szs\u00e9g fogalma r\u00e9szletesen: egy komplex, sokdimenzi\u00f3s \u00e1llapot, amely messze t\u00falmutat a betegs\u00e9g hi\u00e1ny\u00e1n. A testi lelki szoci\u00e1lis eg\u00e9szs\u00e9g defin\u00edci\u00f3ja egy dinamikus egyens\u00falyt \u00edr le, amely\u00e9rt nap mint nap tenn\u00fcnk kell. Ez nem egy sprint, hanem egy maraton. Egy \u00e9lethosszig tart\u00f3 utaz\u00e1s, tele kih\u00edv\u00e1sokkal, felfedez\u00e9sekkel \u00e9s apr\u00f3 gy\u0151zelmekkel. A legfontosabb, hogy soha ne adjuk fel a t\u00f6rekv\u00e9st a jobb, teljesebb \u00e9s energikusabb \u00e9letre. Az eg\u00e9szs\u00e9g fogalma nem egy statikus c\u00e9l, hanem maga az \u00fat, a tudatosan meg\u00e9lt, kiegyens\u00falyozott mindennapok \u00f6sszess\u00e9ge.<\/p>\n","protected":false},"excerpt":{"rendered":"<p>Gondolkodott m\u00e1r azon, hogy mit jelent val\u00f3j\u00e1ban eg\u00e9szs\u00e9gesnek lenni? A legt\u00f6bben r\u00e1v\u00e1gj\u00e1k: nem vagyok beteg. De vajon ennyire egyszer\u0171 lenne az eg\u00e9szs\u00e9g fogalma? A val\u00f3s\u00e1g sokkal, de sokkal \u00f6sszetettebb. Nem csup\u00e1n a l\u00e1z vagy a k\u00f6h\u00f6g\u00e9s hi\u00e1ny\u00e1t jelenti. Ez egy akt\u00edv, dinamikus \u00e1llapot, egyfajta kincs, amit nap mint nap \u00e1polnunk kell. Egy utaz\u00e1s, nem pedig [&hellip;]<\/p>\n","protected":false},"author":2,"featured_media":0,"comment_status":"","ping_status":"","sticky":false,"template":"","format":"standard","meta":{"footnotes":""},"categories":[4],"tags":[],"class_list":["post-139","post","type-post","status-publish","format-standard","hentry","category-sport"],"_links":{"self":[{"href":"https:\/\/worldpoint.eu\/hu\/wp-json\/wp\/v2\/posts\/139","targetHints":{"allow":["GET"]}}],"collection":[{"href":"https:\/\/worldpoint.eu\/hu\/wp-json\/wp\/v2\/posts"}],"about":[{"href":"https:\/\/worldpoint.eu\/hu\/wp-json\/wp\/v2\/types\/post"}],"author":[{"embeddable":true,"href":"https:\/\/worldpoint.eu\/hu\/wp-json\/wp\/v2\/users\/2"}],"replies":[{"embeddable":true,"href":"https:\/\/worldpoint.eu\/hu\/wp-json\/wp\/v2\/comments?post=139"}],"version-history":[{"count":0,"href":"https:\/\/worldpoint.eu\/hu\/wp-json\/wp\/v2\/posts\/139\/revisions"}],"wp:attachment":[{"href":"https:\/\/worldpoint.eu\/hu\/wp-json\/wp\/v2\/media?parent=139"}],"wp:term":[{"taxonomy":"category","embeddable":true,"href":"https:\/\/worldpoint.eu\/hu\/wp-json\/wp\/v2\/categories?post=139"},{"taxonomy":"post_tag","embeddable":true,"href":"https:\/\/worldpoint.eu\/hu\/wp-json\/wp\/v2\/tags?post=139"}],"curies":[{"name":"wp","href":"https:\/\/api.w.org\/{rel}","templated":true}]}}