{"id":136,"date":"2025-10-14T22:28:16","date_gmt":"2025-10-14T20:28:16","guid":{"rendered":"https:\/\/worldpoint.eu\/hu\/il-divo-carlos-marin-elete\/"},"modified":"2025-10-14T22:28:16","modified_gmt":"2025-10-14T20:28:16","slug":"il-divo-carlos-marin-elete","status":"publish","type":"post","link":"https:\/\/worldpoint.eu\/hu\/il-divo-carlos-marin-elete\/","title":{"rendered":"Il Divo Carlos Marin \u00e9lete &#8211; A hang, ami \u00f6r\u00f6kk\u00e9 \u00e9l"},"content":{"rendered":"<p>Vannak hangok, amelyek egyszer\u0171en vel\u00fcnk maradnak. Be\u00e9gnek az eml\u00e9kezet\u00fcnkbe, \u00e9s egy-egy dallam hallat\u00e1n azonnal libab\u0151r\u00f6s\u00f6k lesz\u00fcnk. Carlos Mar\u00edn hangja pont ilyen volt. Amikor a h\u00edre bej\u00e1rta a vil\u00e1got, a rajong\u00f3k milli\u00f3i, k\u00f6zt\u00fck \u00e9n is, egyszer\u0171en nem akartuk elhinni. T\u00fal korai volt. T\u00fal hirtelen. De a d\u00f6bbenet mellett ott volt a h\u00e1la is, hogy egy\u00e1ltal\u00e1n hallhattuk. Ez a cikk nem csak egy nekrol\u00f3g; ez egy utaz\u00e1s, amely bemutatja, milyen is volt val\u00f3j\u00e1ban <b>Il Divo Carlos Marin \u00e9lete<\/b>, a sz\u00ednpadon innen \u00e9s t\u00fal. Megpr\u00f3b\u00e1ljuk meg\u00e9rteni az embert a hang m\u00f6g\u00f6tt, akinek a mosolya \u00e9s karizm\u00e1ja legal\u00e1bb annyira v\u00e9djegye volt, mint er\u0151teljes baritonja. A t\u00e9ma teh\u00e1t nem m\u00e1s, mint <b>Il Divo Carlos Marin \u00e9lete<\/b>, annak minden csod\u00e1j\u00e1val \u00e9s trag\u00e9di\u00e1j\u00e1val.<\/p>\n<h2>Ki volt Carlos Mar\u00edn?<\/h2>\n<p>A legt\u00f6bben \u00fagy ismert\u00e9k, mint az Il Divo s\u00e1rmos baritonj\u00e1t, a spanyol h\u0151st, akinek hangja k\u00e9pes volt bet\u00f6lteni a legnagyobb ar\u00e9n\u00e1kat is. De <b>ki volt Carlos Mar\u00edn az Il Divob\u00f3l<\/b> val\u00f3j\u00e1ban? \u0150 volt a csoport lelke, a ragaszt\u00f3, aki a klasszikus komolys\u00e1got \u00f6tv\u00f6zte a latinos szenved\u00e9llyel. Egy igazi showman. Soha nem f\u00e9lt fl\u00f6rt\u00f6lni a k\u00f6z\u00f6ns\u00e9ggel, egy pillanat alatt k\u00e9pes volt a legmerevebb n\u00e9z\u0151t is mosolyra fakasztani. A sz\u00ednpadon sz\u00fcletett, ez nem is volt k\u00e9rd\u00e9s. <b>Il Divo Carlos Marin \u00e9lete<\/b> a zen\u00e9r\u0151l, a szenved\u00e9lyr\u0151l \u00e9s a k\u00f6z\u00f6ns\u00e9g ir\u00e1nti v\u00e9gtelen szeretetr\u0151l sz\u00f3lt. \u00c9s ezt minden egyes fell\u00e9p\u00e9s\u00e9n \u00e9rezni lehetett. Nem csak el\u00e9nekelt egy dalt, hanem \u00e1t\u00e9lte azt. Ez tette \u0151t felejthetetlenn\u00e9. <b>Il Divo Carlos Marin \u00e9lete<\/b> egy igazi sikert\u00f6rt\u00e9net.<\/p>\n<h3>Egy hang, amely megh\u00f3d\u00edtotta a vil\u00e1got<\/h3>\n<p>Mar\u00edn hangja egyszer\u0171en els\u00f6pr\u0151 erej\u0171 volt. Technikailag k\u00e9pzett, operai m\u00e9lys\u00e9gekkel rendelkezett, m\u00e9gis volt benne egyfajta popzenei k\u00f6nnyeds\u00e9g, ami annyira k\u00fcl\u00f6nlegess\u00e9 tette. Nem volt mesterk\u00e9lt. Val\u00f3di volt. A hangj\u00e1ban ott volt a dr\u00e1ma, a romantika, a f\u00e1jdalom \u00e9s az \u00f6r\u00f6m. Mindent ki tudott fejezni vele. Bevallom, sz\u00e1momra <b>Il Divo Carlos Marin \u00e9lete<\/b> legink\u00e1bb a hangj\u00e1n kereszt\u00fcl \u00e9rthet\u0151 meg. Hallgasd meg az \u201eUnbreak My Heart\u201d vagy a \u201eMy Way\u201d verzi\u00f3jukat; Carlos hangja az, ami a gerinceden futkos\u00f3 hideget okozza. Ez a hang h\u00f3d\u00edtotta meg a vil\u00e1got, \u00e9s ez az, ami \u00f6r\u00f6kre hi\u00e1nyozni fog. A zenei vil\u00e1g sz\u00e1m\u00e1ra <b>Il Divo Carlos Marin \u00e9lete<\/b> egy olyan fejezet, amely t\u00fal hamar \u00e9rt v\u00e9get.<\/p>\n<h2>A korai \u00e9vek \u00e9s zenei k\u00e9pz\u00e9s<\/h2>\n<p>Minden legenda elindul valahonnan. Carlos \u00fatja sem a Wembley Stadionban kezd\u0151d\u00f6tt. Az \u0151 t\u00f6rt\u00e9nete egy kisfi\u00far\u00f3l sz\u00f3l, aki beleszeretett a zen\u00e9be, \u00e9s mindent feltett egy lapra, hogy val\u00f3ra v\u00e1ltsa az \u00e1lmait. Vizsg\u00e1ljuk meg <b>Il Divo Carlos Marin \u00e9lete<\/b> korai szakasz\u00e1t, mert a gy\u00f6kerek meg\u00e9rt\u00e9se n\u00e9lk\u00fcl a teljes k\u00e9p sem lehet tiszta.<\/p>\n<h3>Gyermekkor Spanyolorsz\u00e1gban \u00e9s N\u00e9metorsz\u00e1gban<\/h3>\n<p>B\u00e1r a sz\u00edve mindig spanyol maradt, Carlos N\u00e9metorsz\u00e1gban, R\u00fcsselsheimben sz\u00fcletett, de Madridban n\u0151tt fel. Ez a kett\u0151ss\u00e9g, a n\u00e9met precizit\u00e1s \u00e9s a spanyol szenved\u00e9ly valahogy mindig jelen volt a jellem\u00e9ben. <b>Il Divo Carlos Mar\u00edn gyermekkora \u00e9s csal\u00e1dja<\/b> m\u00e9lyen a zene k\u00f6r\u00e9 \u00e9p\u00fclt. M\u00e1r eg\u00e9szen kicsi kor\u00e1ban felfigyeltek a tehets\u00e9g\u00e9re. Nem egy \u00e1tlagos k\u00f6ly\u00f6k volt, aki a focip\u00e1ly\u00e1n r\u00fagta a b\u0151rt; \u0151t a dallamok vonzott\u00e1k. Csal\u00e1dja mindenben t\u00e1mogatta, felismert\u00e9k, hogy valami k\u00fcl\u00f6nleges van a birtok\u00e1ban. Ez a korai t\u00e1mogat\u00e1s alapozta meg <b>Il Divo Carlos Marin \u00e9lete<\/b> k\u00e9s\u0151bbi sikereit.<\/p>\n<h3>A klasszikus zene ir\u00e1nti szenved\u00e9ly<\/h3>\n<p>M\u00edg a kort\u00e1rsai a leg\u00fajabb popsl\u00e1gerek\u00e9rt rajongtak, Carlost Mario Lanza \u00e9s Alfredo Kraus felv\u00e9telei b\u0171v\u00f6lt\u00e9k el. Tizen\u00e9vesen m\u00e1r oper\u00e1kat hallgatott. K\u00e9pzeld el! Egy tin\u00e9dzser, aki a Traviat\u00e1t d\u00fadolja. Abszurdnak t\u0171nhet, de ez volt az \u0151 vil\u00e1ga. Ez a szenved\u00e9ly vezette v\u00e9gig a p\u00e1ly\u00e1j\u00e1n, \u00e9s ez k\u00fcl\u00f6nb\u00f6ztette meg sok m\u00e1s \u00e9nekest\u0151l. <b>Carlos Mar\u00edn zenei tanulm\u00e1nyai \u00e9s fejl\u0151d\u00e9se<\/b> m\u00e1r ekkor elkezd\u0151d\u00f6tt, j\u00f3val a form\u00e1lis k\u00e9pz\u00e9s el\u0151tt. <b>Il Divo Carlos Marin \u00e9lete<\/b> m\u00e1r a kezdetekt\u0151l a magas kult\u00fara jegy\u00e9ben telt.<\/p>\n<h3>Tanulm\u00e1nyok \u00e9s els\u0151 sikerek<\/h3>\n<p>A szenved\u00e9ly persze nem el\u00e9g. Tehets\u00e9g kell, \u00e9s rengeteg, rengeteg munka. Beiratkozott a Madridi Kir\u00e1lyi Konzervat\u00f3riumba, ahol \u00e9neket \u00e9s zongor\u00e1t tanult. A legnagyobb mesterekt\u0151l leshette el a szakma cs\u00ednj\u00e1t-b\u00ednj\u00e1t. Nem volt lusta, s\u0151t. Maximalista volt, aki addig csiszolta a technik\u00e1j\u00e1t, am\u00edg az t\u00f6k\u00e9letes nem lett. Az els\u0151 sikerek sem v\u00e1rattak magukra: sz\u00e1mos spanyol zenei versenyen (zarzuela) nyert d\u00edjakat, \u00e9s m\u00e1r fiatalon elismert\u00e9k tehets\u00e9g\u00e9t a szakm\u00e1ban. A korai sikerek fontos m\u00e9rf\u00f6ldk\u00f6vek voltak, hiszen ezek igazolt\u00e1k, hogy <b>Il Divo Carlos Marin \u00e9lete<\/b> a helyes v\u00e1g\u00e1nyon halad.<\/p>\n<h2>Az opera sz\u00ednpad\u00e1t\u00f3l a popzene vil\u00e1g\u00e1ig<\/h2>\n<p>Miel\u0151tt a vil\u00e1g az Il Divo tagjak\u00e9nt ismerte meg, Carlos m\u00e1r befutott \u00e9s elismert opera\u00e9nekes volt. Ez a klasszikus alap adta meg azt a stabilit\u00e1st \u00e9s technik\u00e1t, amire a k\u00e9s\u0151bbi, crossover karrierj\u00e9t \u00e9p\u00edthette. Ez a fejezet <b>Il Divo Carlos Mar\u00edn sz\u00f3l\u00f3 karrierje el\u0151tt<\/b> zajlott, \u00e9s kulcsfontoss\u00e1g\u00fa a meg\u00e9rt\u00e9s\u00e9hez.<\/p>\n<h3>Szerepl\u00e9sek neves oper\u00e1kban<\/h3>\n<p>\u00c9s hogy <b>milyen oper\u00e1kban \u00e9nekelt Carlos Mar\u00edn<\/b>? A lista leny\u0171g\u00f6z\u0151. Szerepelt a Traviat\u00e1ban, a Sevillai borb\u00e9lyban, a Boh\u00e9m\u00e9letben, a Lammermoori Luci\u00e1ban \u00e9s a Madame Butterflyban is. A legh\u00edresebb spanyol operah\u00e1zak sz\u00ednpad\u00e1n l\u00e9pett fel, \u00e9s a kritikusok im\u00e1dt\u00e1k. Er\u0151teljes baritonja \u00e9s sz\u00ednpadi jelenl\u00e9te predesztin\u00e1lta a nagy dr\u00e1mai szerepekre. Egy\u00e9rtelm\u0171 volt, hogy <b>Il Divo Carlos Marin \u00e9lete<\/b> m\u00e1r a popzene el\u0151tt is a sikerekr\u0151l sz\u00f3lt.<\/p>\n<h3>Az els\u0151 sz\u00f3l\u00f3 projektek<\/h3>\n<p>M\u00e1r az Il Divo el\u0151tt is k\u00eds\u00e9rletezett sz\u00f3l\u00f3ban. 1976-ban, mind\u00f6ssze nyolc\u00e9vesen adta ki els\u0151 lemez\u00e9t \u201eEl peque\u00f1o Caruso\u201d (A kis Caruso) c\u00edmmel. T\u00edz\u00e9vesen m\u00e1r a m\u00e1sodik is megjelent. Feln\u0151ttk\u00e9nt is folytatta, musicalekben (Grease, A nyomorultak) \u00e9s zarzuel\u00e1kban szerepelt. Mindig kereste az \u00faj kih\u00edv\u00e1sokat, nem el\u00e9gedett meg az opera adta keretekkel. Ez a k\u00eds\u00e9rletez\u0151 kedv kulcsfontoss\u00e1g\u00fa volt abban, hogy <b>Il Divo Carlos Marin \u00e9lete<\/b> v\u00e9g\u00fcl a crossover m\u0171fajban teljesedett ki.<\/p>\n<h3>A crossover m\u0171faj vonzereje<\/h3>\n<p>Mi\u00e9rt vonzotta a popzene? Mert Carlos im\u00e1dta a nagy k\u00f6z\u00f6ns\u00e9get, az energi\u00e1t, a show-t. Az opera vil\u00e1ga n\u00e9ha t\u00fal merev, t\u00fal szigor\u00fa. A crossover, vagyis a pop \u00e9s a klasszikus zene \u00f6tv\u00f6z\u00e9se, lehet\u0151s\u00e9get adott neki, hogy mindk\u00e9t vil\u00e1gb\u00f3l a legjobbat hozza ki: a klasszikus zene eleganci\u00e1j\u00e1t \u00e9s a popzene els\u00f6pr\u0151 erej\u00e9t. <b>Carlos Mar\u00edn hat\u00e1sa a crossover m\u0171fajra<\/b> vitathatatlan, seg\u00edtett elfogadtatni \u00e9s n\u00e9pszer\u0171s\u00edteni azt. Ez a vonzalom alapozta meg <b>Il Divo Carlos Marin \u00e9lete<\/b> legf\u00e9nyesebb korszak\u00e1t.<\/p>\n<h2>Az Il Divo felemelked\u00e9se \u00e9s Carlos szerepe<\/h2>\n<p>\u00c9s akkor j\u00f6tt Simon Cowell. A f\u00e9rfi, aki megl\u00e1tta a piaci r\u00e9st: egy multinacion\u00e1lis, j\u00f3k\u00e9p\u0171 f\u00e9rfiakb\u00f3l \u00e1ll\u00f3 klasszikus vok\u00e1legy\u00fcttes. A t\u00f6bbi m\u00e1r, ahogy mondani szok\u00e1s, t\u00f6rt\u00e9nelem. Ez a szakasz mutatja be <b>Il Divo Carlos Marin \u00e9lete<\/b> cs\u00facspontj\u00e1t.<\/p>\n<h3>Hogyan alakult meg az Il Divo?<\/h3>\n<p>A folyamat t\u00f6bb mint k\u00e9t \u00e9vig tartott. Cowell \u00fcgyn\u00f6kei a vil\u00e1g minden t\u00e1j\u00e1n kerest\u00e9k a t\u00f6k\u00e9letes hangokat. Carlosra egy musical-el\u0151ad\u00e1s k\u00f6zben figyeltek fel. Azonnal tudt\u00e1k, hogy \u0151 kell a csapatba. A k\u00e9rd\u00e9s, hogy <b>hogyan lett Carlos Mar\u00edn az Il Divo tagja<\/b>, val\u00f3j\u00e1ban egyszer\u0171: a tehets\u00e9ge \u00e9s a karizm\u00e1ja megk\u00e9rd\u0151jelezhetetlen volt. Amikor a n\u00e9gy tag \u2013 a spanyol Carlos, a sv\u00e1jci Urs, az amerikai David \u00e9s a francia S\u00e9bastien \u2013 el\u0151sz\u00f6r \u00e9nekelt egy\u00fctt, valami m\u00e1gikus t\u00f6rt\u00e9nt. Ha t\u00f6bbet szeretn\u00e9l megtudni arr\u00f3l, hogyan \u00e1llt \u00f6ssze a csapat, olvasd el az <a href=\"https:\/\/worldpoint.eu\/hu\/il-divo-zenekar-tortenete-tagok-dalok\/\">Il Divo zenekar t\u00f6rt\u00e9net\u00e9r\u0151l sz\u00f3l\u00f3 cikk\u00fcnket<\/a>. <b>Il Divo Carlos Marin \u00e9lete<\/b> ezzel egy \u00faj, \u00e9s elk\u00e9peszt\u0151 fejezetbe l\u00e9pett.<\/p>\n<h3>A csoport tagja \u00e9s a \\&#8221;bariton\\&#8221; hang<\/h3>\n<p>Carlos volt a csoportban a szenved\u00e9lyes, t\u00fczes spanyol. A baritonja adta a hangz\u00e1s alapj\u00e1t, a m\u00e9lys\u00e9get \u00e9s a dr\u00e1m\u00e1t. M\u00edg a t\u00f6bbiek a l\u00edraibb, magasabb regiszterekben mozogtak, \u0151 hozta a s\u00falyt, a f\u00e9rfias er\u0151t. <b>Carlos Mar\u00edn hozz\u00e1j\u00e1rul\u00e1sa az Il Divo siker\u00e9hez<\/b> felbecs\u00fclhetetlen. Nemcsak a hangja, hanem a sz\u00ednpadi jelenl\u00e9te is elengedhetetlen volt. \u0150 volt az, aki a legt\u00f6bbet kommunik\u00e1lt a k\u00f6z\u00f6ns\u00e9ggel. <b>Il Divo Carlos Marin \u00e9lete<\/b> az Il Div\u00f3val v\u00e1lt teljess\u00e9.<\/p>\n<h3>Vil\u00e1gsiker \u00e9s lemezkiad\u00e1sok<\/h3>\n<p>Az els\u0151 albumuk 2004-ben robbant, \u00e9s onnant\u00f3l nem volt meg\u00e1ll\u00e1s. T\u00f6bb mint 30 milli\u00f3 eladott lemez, arany- \u00e9s platinalemezek tucatjai. A siker\u00fck titka az volt, hogy hidat k\u00e9peztek a k\u00fcl\u00f6nb\u00f6z\u0151 zenei \u00edzl\u00e9sek k\u00f6z\u00f6tt. Az operarajong\u00f3k \u00e9s a popzene kedvel\u0151i is megtal\u00e1lt\u00e1k benn\u00fck a sz\u00e1m\u00edt\u00e1sukat. Az olyan dalok, mint a \u201eRegresa a M\u00ed\u201d vagy a \u201eHallelujah\u201d feldolgoz\u00e1sa milli\u00f3k sz\u00edv\u00e9be lopt\u00e1k be magukat. A <b>legjobb Il Divo dalok Carlos Mar\u00ednnal<\/b> \u00f6r\u00f6k klasszikusokk\u00e1 v\u00e1ltak. A vil\u00e1gsiker <b>Il Divo Carlos Marin \u00e9lete<\/b> megkoron\u00e1z\u00e1sa volt.<\/p>\n<h3>Il Divo koncertek \u00e9s turn\u00e9k<\/h3>\n<p>A lemezek csak a kezdetet jelentett\u00e9k. Az igazi var\u00e1zslat a koncerteken t\u00f6rt\u00e9nt. Bej\u00e1rt\u00e1k az eg\u00e9sz vil\u00e1got, a legnagyobb ar\u00e9n\u00e1kban l\u00e9ptek fel. Elk\u00e9peszt\u0151 l\u00e1tv\u00e1ny, t\u00f6k\u00e9letes hangz\u00e1s \u00e9s n\u00e9gy karizmatikus f\u00e9rfi. Mi kell m\u00e9g? Szerencs\u00e9re Magyarorsz\u00e1got sem ker\u00fclt\u00e9k el, \u00e9s felejthetetlen <a href=\"https:\/\/worldpoint.eu\/hu\/il-divo-koncertek-szegeden\/\">Il Divo koncertek voltak Szegeden<\/a> is, amelyek \u00f6r\u00f6kre bev\u00e9s\u0151dtek a rajong\u00f3k eml\u00e9kezet\u00e9be. Ezek a turn\u00e9k form\u00e1lt\u00e1k igaz\u00e1n egys\u00e9gg\u00e9 a zenekart, \u00e9s itt l\u00e1tszott, mennyire fontos r\u00e9sze volt a g\u00e9pezetnek Carlos. Sz\u00e1m\u00e1ra <b>Il Divo Carlos Marin \u00e9lete<\/b> a sz\u00ednpadon teljesedett ki.<\/p>\n<h2>Mar\u00edn \u00f6r\u00f6ks\u00e9ge \u00e9s a zenei vil\u00e1gra gyakorolt hat\u00e1sa<\/h2>\n<p>Carlos Mar\u00edn hal\u00e1la p\u00f3tolhatatlan \u0171rt hagyott maga ut\u00e1n. Nemcsak az Il Divo, hanem az eg\u00e9sz zenei vil\u00e1g lett szeg\u00e9nyebb. A hal\u00e1lh\u00edre sokkolta a vil\u00e1got, \u00e9s felmer\u00fclt a k\u00e9rd\u00e9s: mi lesz most? <b>Carlos Mar\u00edn hal\u00e1l\u00e1nak pontos oka<\/b> a COVID-19 v\u00edrus okozta sz\u00f6v\u0151dm\u00e9ny volt, ami csak m\u00e9g tragikusabb\u00e1 teszi a t\u00f6rt\u00e9netet. A teljes <b>Carlos Mar\u00edn Il Divo \u00e9letrajz<\/b> azonban nem \u00e9rhet v\u00e9get a hal\u00e1l\u00e1val, mert az \u00f6r\u00f6ks\u00e9ge tov\u00e1bb \u00e9l. A reflektorf\u00e9nyben t\u00f6lt\u00f6tt \u00e9vek, vagyis <b>Carlos Mar\u00edn \u00e9lete a reflektorf\u00e9nyben<\/b>, m\u00e9ly nyomot hagyott. Az <b>Il Divo Carlos Mar\u00edn \u00e9let\u00e9nek fordul\u00f3pontjai<\/b> mind hozz\u00e1j\u00e1rultak ehhez az \u00f6r\u00f6ks\u00e9ghez.<\/p>\n<h3>Egy egyed\u00fcl\u00e1ll\u00f3 hang a zenei palett\u00e1n<\/h3>\n<p><b>Carlos Mar\u00edn eml\u00e9ke \u00e9s \u00f6r\u00f6ks\u00e9ge<\/b> els\u0151sorban a hangja. Egy olyan bariton, amihez foghat\u00f3t ritk\u00e1n hallani. Er\u0151teljes, de m\u00e9gis b\u00e1rsonyos. Dr\u00e1mai, de m\u00e9gis gyeng\u00e9d. <b>Carlos Mar\u00edn m\u0171v\u00e9szi fejl\u0151d\u00e9se \u00e9s st\u00edlusa<\/b> egyed\u00fcl\u00e1ll\u00f3 volt a maga nem\u00e9ben. \u0150 testes\u00edtette meg a t\u00f6k\u00e9letes crossover \u00e9nekest. <b>Il Divo Carlos Marin \u00e9lete<\/b> egy p\u00e9lda arra, hogyan lehet a klasszikus k\u00e9pzetts\u00e9get a modern k\u00f6z\u00f6ns\u00e9g sz\u00e1m\u00e1ra is vonz\u00f3v\u00e1 tenni. A zenei palett\u00e1n hagyott nyoma kit\u00f6r\u00f6lhetetlen, \u00e9s ez teszi halhatatlann\u00e1 <b>Il Divo Carlos Marin \u00e9lete<\/b> m\u0171v\u00e9t.<\/p>\n<h3>Befoly\u00e1sa az \u00faj gener\u00e1ci\u00f3kra<\/h3>\n<p>Sok fiatal \u00e9nekesnek mutatott utat. Megmutatta, hogy nem kell v\u00e1lasztani a klasszikus \u00e9s a popzene k\u00f6z\u00f6tt. Lehet mindkett\u0151t szeretni \u00e9s m\u0171velni, r\u00e1ad\u00e1sul magas szinten. Inspir\u00e1ci\u00f3t adott, hogy merjenek k\u00eds\u00e9rletezni, merj\u00e9k \u00e1tl\u00e9pni a m\u0171faji hat\u00e1rokat. Az \u0151 sikere nyitott kapukat sok m\u00e1s crossover el\u0151ad\u00f3 sz\u00e1m\u00e1ra. <b>Il Divo Carlos Marin \u00e9lete<\/b> egyfajta \u00fatt\u00f6r\u0151 szerep is volt.<\/p>\n<h3>Eml\u00e9ke \u00e9s a rajong\u00f3i k\u00f6z\u00f6ss\u00e9g<\/h3>\n<p>A rajong\u00f3k reakci\u00f3ja a hal\u00e1lh\u00edr\u00e9re mindent elmondott. Az <b>Il Divo Carlos Mar\u00edn hal\u00e1la ut\u00e1ni reakci\u00f3k<\/b> a vil\u00e1g minden t\u00e1j\u00e1r\u00f3l \u00e9rkez\u0151 gy\u00e1sz \u00e9s szeretet \u00fczenetei voltak. Az <b>Il Divo rajong\u00f3i v\u00e9lem\u00e9nyek Carlos Mar\u00ednr\u00f3l<\/b> egy\u00f6ntet\u0171en arr\u00f3l tan\u00faskodtak, hogy nemcsak a hangj\u00e1t, hanem az emberi oldal\u00e1t, a humor\u00e1t, a kedvess\u00e9g\u00e9t is im\u00e1dt\u00e1k. \u00c9lete sor\u00e1n szoros kapcsolatot \u00e1polt feles\u00e9g\u00e9vel, majd exfeles\u00e9g\u00e9vel, Geraldine Larros\u00e1val. <b>Carlos Mar\u00edn \u00e9s Geraldine Larrosa kapcsolata<\/b> eg\u00e9szen hal\u00e1l\u00e1ig bar\u00e1ti maradt. A k\u00f6z\u00f6ss\u00e9gi m\u00e9dia tele volt \u00e9s van a mai napig megeml\u00e9kez\u00e9sekkel, vide\u00f3kkal, k\u00e9pekkel. A rajong\u00f3k nem felejtik. \u00c9s mi lesz a zenekarral? Az <b>Il Divo tagok Carlos Mar\u00edn n\u00e9lk\u00fcl<\/b> folytatj\u00e1k, egy vend\u00e9g\u00e9nekessel kieg\u00e9sz\u00fclve, de elmond\u00e1suk szerint Carlos mindig is a r\u00e9sz\u00fck marad. <b>Il Divo Carlos Marin \u00e9lete<\/b> \u00f6r\u00f6kre \u00f6sszefon\u00f3dott a zenekarral.<\/p>\n<h3>B\u00facs\u00fa egy legend\u00e1t\u00f3l<\/h3>\n<p>Lez\u00e1rult egy korszak. De a hangja itt marad vel\u00fcnk. A felv\u00e9teleken, a vide\u00f3kon, az eml\u00e9keinkben. B\u00e1r <b>Il Divo Carlos Marin \u00e9lete<\/b> tragikusan kor\u00e1n \u00e9rt v\u00e9get, az az \u00f6r\u00f6ks\u00e9g, amit h\u00e1trahagyott, \u00f6r\u00f6k. Egy utols\u00f3 interj\u00faj\u00e1ban arr\u00f3l besz\u00e9lt, mennyire v\u00e1rja a visszat\u00e9r\u00e9st a sz\u00ednpadra a pand\u00e9mia ut\u00e1n. Sajnos ez m\u00e1r nem val\u00f3sulhatott meg. De tal\u00e1n most egy sokkal nagyobb sz\u00ednpadon \u00e9nekel. K\u00f6sz\u00f6n\u00fcnk mindent, Maestro. A teljes <b>Carlos Mar\u00edn Il Divo \u00e9letrajz<\/b> egy inspir\u00e1l\u00f3 t\u00f6rt\u00e9net tehets\u00e9gr\u0151l \u00e9s szenved\u00e9lyr\u0151l. <b>Il Divo Carlos Marin \u00e9lete<\/b> \u00f6r\u00f6k p\u00e9lda marad. A zeneipar sokat vesztett, amikor <b>Il Divo Carlos Marin \u00e9lete<\/b> v\u00e9get \u00e9rt. De a legenda \u00f6r\u00f6kk\u00e9 \u00e9l, \u00e9s az \u0151 t\u00f6rt\u00e9nete, <b>Il Divo Carlos Marin \u00e9lete<\/b>, vel\u00fcnk marad. K\u00f6sz\u00f6nj\u00fck a zen\u00e9t. Az utols\u00f3 nyilatkozatok hi\u00e1nya miatt <b>Carlos Mar\u00edn utols\u00f3 interj\u00faja vagy nyilatkozata<\/b> rejt\u00e9ly marad. <b>Il Divo Carlos Marin \u00e9lete<\/b> egy befejezett, m\u00e9gis hi\u00e1nyos remekm\u0171. A bonyolult t\u00f6rt\u00e9net, <b>Il Divo Carlos Marin \u00e9lete<\/b>, sokakat meg\u00e9rintett. Az alapos vizsg\u00e1lat, melynek t\u00e1rgya <b>Il Divo Carlos Marin \u00e9lete<\/b>, sok tanuls\u00e1ggal szolg\u00e1l. A teljes k\u00e9phez hozz\u00e1tartozik, hogy <b>Il Divo Carlos Marin \u00e9lete<\/b> tele volt kih\u00edv\u00e1sokkal. A zene volt a minden, ez jellemezte <b>Il Divo Carlos Marin \u00e9lete<\/b> minden napj\u00e1t. V\u00e9g\u00fcl pedig, <b>Il Divo Carlos Marin \u00e9lete<\/b> egy felejthetetlen utaz\u00e1s volt a zene vil\u00e1g\u00e1ban.<\/p>\n","protected":false},"excerpt":{"rendered":"<p>Vannak hangok, amelyek egyszer\u0171en vel\u00fcnk maradnak. Be\u00e9gnek az eml\u00e9kezet\u00fcnkbe, \u00e9s egy-egy dallam hallat\u00e1n azonnal libab\u0151r\u00f6s\u00f6k lesz\u00fcnk. Carlos Mar\u00edn hangja pont ilyen volt. Amikor a h\u00edre bej\u00e1rta a vil\u00e1got, a rajong\u00f3k milli\u00f3i, k\u00f6zt\u00fck \u00e9n is, egyszer\u0171en nem akartuk elhinni. T\u00fal korai volt. T\u00fal hirtelen. De a d\u00f6bbenet mellett ott volt a h\u00e1la is, hogy egy\u00e1ltal\u00e1n hallhattuk. [&hellip;]<\/p>\n","protected":false},"author":2,"featured_media":0,"comment_status":"","ping_status":"","sticky":false,"template":"","format":"standard","meta":{"footnotes":""},"categories":[1],"tags":[],"class_list":["post-136","post","type-post","status-publish","format-standard","hentry","category-uzlet"],"_links":{"self":[{"href":"https:\/\/worldpoint.eu\/hu\/wp-json\/wp\/v2\/posts\/136","targetHints":{"allow":["GET"]}}],"collection":[{"href":"https:\/\/worldpoint.eu\/hu\/wp-json\/wp\/v2\/posts"}],"about":[{"href":"https:\/\/worldpoint.eu\/hu\/wp-json\/wp\/v2\/types\/post"}],"author":[{"embeddable":true,"href":"https:\/\/worldpoint.eu\/hu\/wp-json\/wp\/v2\/users\/2"}],"replies":[{"embeddable":true,"href":"https:\/\/worldpoint.eu\/hu\/wp-json\/wp\/v2\/comments?post=136"}],"version-history":[{"count":0,"href":"https:\/\/worldpoint.eu\/hu\/wp-json\/wp\/v2\/posts\/136\/revisions"}],"wp:attachment":[{"href":"https:\/\/worldpoint.eu\/hu\/wp-json\/wp\/v2\/media?parent=136"}],"wp:term":[{"taxonomy":"category","embeddable":true,"href":"https:\/\/worldpoint.eu\/hu\/wp-json\/wp\/v2\/categories?post=136"},{"taxonomy":"post_tag","embeddable":true,"href":"https:\/\/worldpoint.eu\/hu\/wp-json\/wp\/v2\/tags?post=136"}],"curies":[{"name":"wp","href":"https:\/\/api.w.org\/{rel}","templated":true}]}}